{"id":7914,"date":"2020-02-09T09:03:28","date_gmt":"2020-02-09T09:03:28","guid":{"rendered":"https:\/\/elcotarro.com\/?p=7914"},"modified":"2020-02-09T08:49:14","modified_gmt":"2020-02-09T08:49:14","slug":"premio-para-jose-antonio-pardellas","status":"publish","type":"post","link":"https:\/\/elcotarro.com\/?p=7914","title":{"rendered":"PREMIO PARA JOS\u00c9 ANTONIO PARDELLAS"},"content":{"rendered":"<p>Nunca es tarde si el recuerdo es bueno y el premio m\u00e1s que merecido. Me refiero al bueno de Jos\u00e9 Antonio Pardellas Casas, maestro de periodistas, que el d\u00eda 27 de enero, coincidiendo con su cumplea\u00f1os, recibi\u00f3 el premio Patricio Est\u00e9vanez, que anualmente entrega la Asociaci\u00f3n de la Prensa de Santa Cruz de Tenerife (APT) para distinguir la trayectoria de profesionales de la comunicaci\u00f3n. Abri\u00f3 el acto y present\u00f3 el premio nuestro compa\u00f1ero Salvador Garc\u00eda LLanos, presidente de la APT, y glos\u00f3 la trayectoria vital y profesional de Jos\u00e9 Antonio Pardellas, nuestra incombustible Maria Luisa \u201cChicha\u201d\u2008Arozarena. En medio de una gran ovaci\u00f3n por parte del p\u00fablico asistente, el gran Pardellas recibi\u00f3 el galard\u00f3n de manos de Salvador Garc\u00eda, y lo agradeci\u00f3, entre sabrosas an\u00e9cdotas y recuerdos, en presencia de sus hijos, Juan Manuel (periodista y actual director general de Comunicaci\u00f3n del Gobierno de Canarias) y Jos\u00e9 Felipe Pardellas Socas (t\u00e9cnico de radio) as\u00ed como de su esposa, Loli Socas, especialmente emocionada. Felicidades, maestro Pardellas. Larga vida con salud y que nunca la voz y las ma\u00f1as pierdas.<\/p>\n<p style=\"text-align: center\"><a href=\"https:\/\/elcotarro.com\/wp-content\/uploads\/2020\/02\/FOTO-8.-PARDELLAS.jpeg\"><img loading=\"lazy\" decoding=\"async\" class=\"aligncenter size-full wp-image-7915\" src=\"https:\/\/elcotarro.com\/wp-content\/uploads\/2020\/02\/FOTO-8.-PARDELLAS.jpeg\" alt=\"\" width=\"2048\" height=\"1536\" srcset=\"https:\/\/elcotarro.com\/wp-content\/uploads\/2020\/02\/FOTO-8.-PARDELLAS.jpeg 2048w, https:\/\/elcotarro.com\/wp-content\/uploads\/2020\/02\/FOTO-8.-PARDELLAS-300x225.jpeg 300w, https:\/\/elcotarro.com\/wp-content\/uploads\/2020\/02\/FOTO-8.-PARDELLAS-1024x768.jpeg 1024w, https:\/\/elcotarro.com\/wp-content\/uploads\/2020\/02\/FOTO-8.-PARDELLAS-768x576.jpeg 768w, https:\/\/elcotarro.com\/wp-content\/uploads\/2020\/02\/FOTO-8.-PARDELLAS-1536x1152.jpeg 1536w\" sizes=\"auto, (max-width: 2048px) 100vw, 2048px\" \/><\/a><\/p>\n<p style=\"text-align: center\"><em>Jos\u00e9 Antonio Pardellas recibe el galard\u00f3n que le entrega Salvador Garc\u00eda.<\/em><\/p>\n<p style=\"text-align: center\"><a href=\"http:\/\/www.careca.es\/\" target=\"_blank\" rel=\"noopener noreferrer\"><img loading=\"lazy\" decoding=\"async\" class=\"size-full wp-image-2216 aligncenter\" src=\"https:\/\/elcotarro.com\/wp-content\/uploads\/2016\/07\/InsulacafeElCotarro.jpg\" alt=\"Bnn_Careca\" width=\"750\" height=\"150\" \/><\/a><\/p>\n","protected":false},"excerpt":{"rendered":"<p>Nunca es tarde si el recuerdo es bueno y el premio m\u00e1s que merecido. Me refiero al bueno de Jos\u00e9 Antonio Pardellas Casas, maestro de periodistas, que el d\u00eda 27 de enero, coincidiendo con su cumplea\u00f1os, recibi\u00f3 el premio Patricio Est\u00e9vanez, que anualmente entrega la Asociaci\u00f3n de la Prensa de Santa Cruz de Tenerife (APT) &#8230; <a class=\"read-more\" href=\"https:\/\/elcotarro.com\/?p=7914\">Read more<\/a><\/p>\n","protected":false},"author":2,"featured_media":0,"comment_status":"open","ping_status":"open","sticky":false,"template":"","format":"standard","meta":{"_jetpack_memberships_contains_paid_content":false,"footnotes":""},"categories":[1],"tags":[],"class_list":["post-7914","post","type-post","status-publish","format-standard","hentry","category-sin-categoria"],"yoast_head":"<!-- This site is optimized with the Yoast SEO plugin v27.0 - https:\/\/yoast.com\/product\/yoast-seo-wordpress\/ -->\n<title>PREMIO PARA JOS\u00c9 ANTONIO PARDELLAS - El Cotarro<\/title>\n<meta name=\"robots\" content=\"index, follow, max-snippet:-1, max-image-preview:large, max-video-preview:-1\" \/>\n<link rel=\"canonical\" href=\"https:\/\/elcotarro.com\/?p=7914\" \/>\n<meta property=\"og:locale\" content=\"es_ES\" \/>\n<meta property=\"og:type\" content=\"article\" \/>\n<meta property=\"og:title\" content=\"PREMIO PARA JOS\u00c9 ANTONIO PARDELLAS - El Cotarro\" \/>\n<meta property=\"og:description\" content=\"Nunca es tarde si el recuerdo es bueno y el premio m\u00e1s que merecido. Me refiero al bueno de Jos\u00e9 Antonio Pardellas Casas, maestro de periodistas, que el d\u00eda 27 de enero, coincidiendo con su cumplea\u00f1os, recibi\u00f3 el premio Patricio Est\u00e9vanez, que anualmente entrega la Asociaci\u00f3n de la Prensa de Santa Cruz de Tenerife (APT) ... Read more\" \/>\n<meta property=\"og:url\" content=\"https:\/\/elcotarro.com\/?p=7914\" \/>\n<meta property=\"og:site_name\" content=\"El Cotarro\" \/>\n<meta property=\"article:publisher\" content=\"https:\/\/www.facebook.com\/ElCotarro.Tenerife\" \/>\n<meta property=\"article:published_time\" content=\"2020-02-09T09:03:28+00:00\" \/>\n<meta property=\"og:image\" content=\"https:\/\/elcotarro.com\/wp-content\/uploads\/2020\/02\/FOTO-8.-PARDELLAS.jpeg\" \/>\n<meta name=\"author\" content=\"Jos\u00e9 Carlos Marrero Gonz\u00e1lez\" \/>\n<meta name=\"twitter:label1\" content=\"Escrito por\" \/>\n\t<meta name=\"twitter:data1\" content=\"Jos\u00e9 Carlos Marrero Gonz\u00e1lez\" \/>\n\t<meta name=\"twitter:label2\" content=\"Tiempo de lectura\" \/>\n\t<meta name=\"twitter:data2\" content=\"1 minuto\" \/>\n<script type=\"application\/ld+json\" class=\"yoast-schema-graph\">{\"@context\":\"https:\/\/schema.org\",\"@graph\":[{\"@type\":\"Article\",\"@id\":\"https:\/\/elcotarro.com\/?p=7914#article\",\"isPartOf\":{\"@id\":\"https:\/\/elcotarro.com\/?p=7914\"},\"author\":{\"name\":\"Jos\u00e9 Carlos Marrero Gonz\u00e1lez\",\"@id\":\"https:\/\/elcotarro.com\/#\/schema\/person\/af537ee7d60d15984c7e0affcd8a918b\"},\"headline\":\"PREMIO PARA JOS\u00c9 ANTONIO PARDELLAS\",\"datePublished\":\"2020-02-09T09:03:28+00:00\",\"mainEntityOfPage\":{\"@id\":\"https:\/\/elcotarro.com\/?p=7914\"},\"wordCount\":211,\"commentCount\":1,\"publisher\":{\"@id\":\"https:\/\/elcotarro.com\/#organization\"},\"image\":{\"@id\":\"https:\/\/elcotarro.com\/?p=7914#primaryimage\"},\"thumbnailUrl\":\"https:\/\/elcotarro.com\/wp-content\/uploads\/2020\/02\/FOTO-8.-PARDELLAS.jpeg\",\"inLanguage\":\"es\",\"potentialAction\":[{\"@type\":\"CommentAction\",\"name\":\"Comment\",\"target\":[\"https:\/\/elcotarro.com\/?p=7914#respond\"]}]},{\"@type\":\"WebPage\",\"@id\":\"https:\/\/elcotarro.com\/?p=7914\",\"url\":\"https:\/\/elcotarro.com\/?p=7914\",\"name\":\"PREMIO PARA JOS\u00c9 ANTONIO PARDELLAS - El Cotarro\",\"isPartOf\":{\"@id\":\"https:\/\/elcotarro.com\/#website\"},\"primaryImageOfPage\":{\"@id\":\"https:\/\/elcotarro.com\/?p=7914#primaryimage\"},\"image\":{\"@id\":\"https:\/\/elcotarro.com\/?p=7914#primaryimage\"},\"thumbnailUrl\":\"https:\/\/elcotarro.com\/wp-content\/uploads\/2020\/02\/FOTO-8.-PARDELLAS.jpeg\",\"datePublished\":\"2020-02-09T09:03:28+00:00\",\"breadcrumb\":{\"@id\":\"https:\/\/elcotarro.com\/?p=7914#breadcrumb\"},\"inLanguage\":\"es\",\"potentialAction\":[{\"@type\":\"ReadAction\",\"target\":[\"https:\/\/elcotarro.com\/?p=7914\"]}]},{\"@type\":\"ImageObject\",\"inLanguage\":\"es\",\"@id\":\"https:\/\/elcotarro.com\/?p=7914#primaryimage\",\"url\":\"https:\/\/elcotarro.com\/wp-content\/uploads\/2020\/02\/FOTO-8.-PARDELLAS.jpeg\",\"contentUrl\":\"https:\/\/elcotarro.com\/wp-content\/uploads\/2020\/02\/FOTO-8.-PARDELLAS.jpeg\",\"width\":2048,\"height\":1536},{\"@type\":\"BreadcrumbList\",\"@id\":\"https:\/\/elcotarro.com\/?p=7914#breadcrumb\",\"itemListElement\":[{\"@type\":\"ListItem\",\"position\":1,\"name\":\"Portada\",\"item\":\"https:\/\/elcotarro.com\/\"},{\"@type\":\"ListItem\",\"position\":2,\"name\":\"PREMIO PARA JOS\u00c9 ANTONIO PARDELLAS\"}]},{\"@type\":\"WebSite\",\"@id\":\"https:\/\/elcotarro.com\/#website\",\"url\":\"https:\/\/elcotarro.com\/\",\"name\":\"El Cotarro\",\"description\":\"Peri\u00f3dico Digital Independiente dirigido por Jos\u00e9 Carlos Marrero\",\"publisher\":{\"@id\":\"https:\/\/elcotarro.com\/#organization\"},\"potentialAction\":[{\"@type\":\"SearchAction\",\"target\":{\"@type\":\"EntryPoint\",\"urlTemplate\":\"https:\/\/elcotarro.com\/?s={search_term_string}\"},\"query-input\":{\"@type\":\"PropertyValueSpecification\",\"valueRequired\":true,\"valueName\":\"search_term_string\"}}],\"inLanguage\":\"es\"},{\"@type\":\"Organization\",\"@id\":\"https:\/\/elcotarro.com\/#organization\",\"name\":\"El Cotarro\",\"url\":\"https:\/\/elcotarro.com\/\",\"logo\":{\"@type\":\"ImageObject\",\"inLanguage\":\"es\",\"@id\":\"https:\/\/elcotarro.com\/#\/schema\/logo\/image\/\",\"url\":\"https:\/\/elcotarro.com\/wp-content\/uploads\/2014\/09\/Cabecera_El_Cotarro_v2.jpg\",\"contentUrl\":\"https:\/\/elcotarro.com\/wp-content\/uploads\/2014\/09\/Cabecera_El_Cotarro_v2.jpg\",\"width\":3540,\"height\":441,\"caption\":\"El Cotarro\"},\"image\":{\"@id\":\"https:\/\/elcotarro.com\/#\/schema\/logo\/image\/\"},\"sameAs\":[\"https:\/\/www.facebook.com\/ElCotarro.Tenerife\"]},{\"@type\":\"Person\",\"@id\":\"https:\/\/elcotarro.com\/#\/schema\/person\/af537ee7d60d15984c7e0affcd8a918b\",\"name\":\"Jos\u00e9 Carlos Marrero Gonz\u00e1lez\",\"image\":{\"@type\":\"ImageObject\",\"inLanguage\":\"es\",\"@id\":\"https:\/\/elcotarro.com\/#\/schema\/person\/image\/\",\"url\":\"https:\/\/secure.gravatar.com\/avatar\/def4da036efb5d32c74d49c351f6dccc064dd69ad9f3aadc295c5a9a5391ca01?s=96&d=mm&r=g\",\"contentUrl\":\"https:\/\/secure.gravatar.com\/avatar\/def4da036efb5d32c74d49c351f6dccc064dd69ad9f3aadc295c5a9a5391ca01?s=96&d=mm&r=g\",\"caption\":\"Jos\u00e9 Carlos Marrero Gonz\u00e1lez\"},\"sameAs\":[\"https:\/\/elcotarro.com\"],\"url\":\"https:\/\/elcotarro.com\/?author=2\"}]}<\/script>\n<!-- \/ Yoast SEO plugin. -->","yoast_head_json":{"title":"PREMIO PARA JOS\u00c9 ANTONIO PARDELLAS - El Cotarro","robots":{"index":"index","follow":"follow","max-snippet":"max-snippet:-1","max-image-preview":"max-image-preview:large","max-video-preview":"max-video-preview:-1"},"canonical":"https:\/\/elcotarro.com\/?p=7914","og_locale":"es_ES","og_type":"article","og_title":"PREMIO PARA JOS\u00c9 ANTONIO PARDELLAS - El Cotarro","og_description":"Nunca es tarde si el recuerdo es bueno y el premio m\u00e1s que merecido. Me refiero al bueno de Jos\u00e9 Antonio Pardellas Casas, maestro de periodistas, que el d\u00eda 27 de enero, coincidiendo con su cumplea\u00f1os, recibi\u00f3 el premio Patricio Est\u00e9vanez, que anualmente entrega la Asociaci\u00f3n de la Prensa de Santa Cruz de Tenerife (APT) ... Read more","og_url":"https:\/\/elcotarro.com\/?p=7914","og_site_name":"El Cotarro","article_publisher":"https:\/\/www.facebook.com\/ElCotarro.Tenerife","article_published_time":"2020-02-09T09:03:28+00:00","og_image":[{"url":"https:\/\/elcotarro.com\/wp-content\/uploads\/2020\/02\/FOTO-8.-PARDELLAS.jpeg","type":"","width":"","height":""}],"author":"Jos\u00e9 Carlos Marrero Gonz\u00e1lez","twitter_misc":{"Escrito por":"Jos\u00e9 Carlos Marrero Gonz\u00e1lez","Tiempo de lectura":"1 minuto"},"schema":{"@context":"https:\/\/schema.org","@graph":[{"@type":"Article","@id":"https:\/\/elcotarro.com\/?p=7914#article","isPartOf":{"@id":"https:\/\/elcotarro.com\/?p=7914"},"author":{"name":"Jos\u00e9 Carlos Marrero Gonz\u00e1lez","@id":"https:\/\/elcotarro.com\/#\/schema\/person\/af537ee7d60d15984c7e0affcd8a918b"},"headline":"PREMIO PARA JOS\u00c9 ANTONIO PARDELLAS","datePublished":"2020-02-09T09:03:28+00:00","mainEntityOfPage":{"@id":"https:\/\/elcotarro.com\/?p=7914"},"wordCount":211,"commentCount":1,"publisher":{"@id":"https:\/\/elcotarro.com\/#organization"},"image":{"@id":"https:\/\/elcotarro.com\/?p=7914#primaryimage"},"thumbnailUrl":"https:\/\/elcotarro.com\/wp-content\/uploads\/2020\/02\/FOTO-8.-PARDELLAS.jpeg","inLanguage":"es","potentialAction":[{"@type":"CommentAction","name":"Comment","target":["https:\/\/elcotarro.com\/?p=7914#respond"]}]},{"@type":"WebPage","@id":"https:\/\/elcotarro.com\/?p=7914","url":"https:\/\/elcotarro.com\/?p=7914","name":"PREMIO PARA JOS\u00c9 ANTONIO PARDELLAS - El Cotarro","isPartOf":{"@id":"https:\/\/elcotarro.com\/#website"},"primaryImageOfPage":{"@id":"https:\/\/elcotarro.com\/?p=7914#primaryimage"},"image":{"@id":"https:\/\/elcotarro.com\/?p=7914#primaryimage"},"thumbnailUrl":"https:\/\/elcotarro.com\/wp-content\/uploads\/2020\/02\/FOTO-8.-PARDELLAS.jpeg","datePublished":"2020-02-09T09:03:28+00:00","breadcrumb":{"@id":"https:\/\/elcotarro.com\/?p=7914#breadcrumb"},"inLanguage":"es","potentialAction":[{"@type":"ReadAction","target":["https:\/\/elcotarro.com\/?p=7914"]}]},{"@type":"ImageObject","inLanguage":"es","@id":"https:\/\/elcotarro.com\/?p=7914#primaryimage","url":"https:\/\/elcotarro.com\/wp-content\/uploads\/2020\/02\/FOTO-8.-PARDELLAS.jpeg","contentUrl":"https:\/\/elcotarro.com\/wp-content\/uploads\/2020\/02\/FOTO-8.-PARDELLAS.jpeg","width":2048,"height":1536},{"@type":"BreadcrumbList","@id":"https:\/\/elcotarro.com\/?p=7914#breadcrumb","itemListElement":[{"@type":"ListItem","position":1,"name":"Portada","item":"https:\/\/elcotarro.com\/"},{"@type":"ListItem","position":2,"name":"PREMIO PARA JOS\u00c9 ANTONIO PARDELLAS"}]},{"@type":"WebSite","@id":"https:\/\/elcotarro.com\/#website","url":"https:\/\/elcotarro.com\/","name":"El Cotarro","description":"Peri\u00f3dico Digital Independiente dirigido por Jos\u00e9 Carlos Marrero","publisher":{"@id":"https:\/\/elcotarro.com\/#organization"},"potentialAction":[{"@type":"SearchAction","target":{"@type":"EntryPoint","urlTemplate":"https:\/\/elcotarro.com\/?s={search_term_string}"},"query-input":{"@type":"PropertyValueSpecification","valueRequired":true,"valueName":"search_term_string"}}],"inLanguage":"es"},{"@type":"Organization","@id":"https:\/\/elcotarro.com\/#organization","name":"El Cotarro","url":"https:\/\/elcotarro.com\/","logo":{"@type":"ImageObject","inLanguage":"es","@id":"https:\/\/elcotarro.com\/#\/schema\/logo\/image\/","url":"https:\/\/elcotarro.com\/wp-content\/uploads\/2014\/09\/Cabecera_El_Cotarro_v2.jpg","contentUrl":"https:\/\/elcotarro.com\/wp-content\/uploads\/2014\/09\/Cabecera_El_Cotarro_v2.jpg","width":3540,"height":441,"caption":"El Cotarro"},"image":{"@id":"https:\/\/elcotarro.com\/#\/schema\/logo\/image\/"},"sameAs":["https:\/\/www.facebook.com\/ElCotarro.Tenerife"]},{"@type":"Person","@id":"https:\/\/elcotarro.com\/#\/schema\/person\/af537ee7d60d15984c7e0affcd8a918b","name":"Jos\u00e9 Carlos Marrero Gonz\u00e1lez","image":{"@type":"ImageObject","inLanguage":"es","@id":"https:\/\/elcotarro.com\/#\/schema\/person\/image\/","url":"https:\/\/secure.gravatar.com\/avatar\/def4da036efb5d32c74d49c351f6dccc064dd69ad9f3aadc295c5a9a5391ca01?s=96&d=mm&r=g","contentUrl":"https:\/\/secure.gravatar.com\/avatar\/def4da036efb5d32c74d49c351f6dccc064dd69ad9f3aadc295c5a9a5391ca01?s=96&d=mm&r=g","caption":"Jos\u00e9 Carlos Marrero Gonz\u00e1lez"},"sameAs":["https:\/\/elcotarro.com"],"url":"https:\/\/elcotarro.com\/?author=2"}]}},"jetpack_featured_media_url":"","jetpack_sharing_enabled":true,"_links":{"self":[{"href":"https:\/\/elcotarro.com\/index.php?rest_route=\/wp\/v2\/posts\/7914","targetHints":{"allow":["GET"]}}],"collection":[{"href":"https:\/\/elcotarro.com\/index.php?rest_route=\/wp\/v2\/posts"}],"about":[{"href":"https:\/\/elcotarro.com\/index.php?rest_route=\/wp\/v2\/types\/post"}],"author":[{"embeddable":true,"href":"https:\/\/elcotarro.com\/index.php?rest_route=\/wp\/v2\/users\/2"}],"replies":[{"embeddable":true,"href":"https:\/\/elcotarro.com\/index.php?rest_route=%2Fwp%2Fv2%2Fcomments&post=7914"}],"version-history":[{"count":1,"href":"https:\/\/elcotarro.com\/index.php?rest_route=\/wp\/v2\/posts\/7914\/revisions"}],"predecessor-version":[{"id":7916,"href":"https:\/\/elcotarro.com\/index.php?rest_route=\/wp\/v2\/posts\/7914\/revisions\/7916"}],"wp:attachment":[{"href":"https:\/\/elcotarro.com\/index.php?rest_route=%2Fwp%2Fv2%2Fmedia&parent=7914"}],"wp:term":[{"taxonomy":"category","embeddable":true,"href":"https:\/\/elcotarro.com\/index.php?rest_route=%2Fwp%2Fv2%2Fcategories&post=7914"},{"taxonomy":"post_tag","embeddable":true,"href":"https:\/\/elcotarro.com\/index.php?rest_route=%2Fwp%2Fv2%2Ftags&post=7914"}],"curies":[{"name":"wp","href":"https:\/\/api.w.org\/{rel}","templated":true}]}}