{"id":7954,"date":"2020-02-23T09:10:55","date_gmt":"2020-02-23T09:10:55","guid":{"rendered":"https:\/\/elcotarro.com\/?p=7954"},"modified":"2020-02-23T08:31:29","modified_gmt":"2020-02-23T08:31:29","slug":"mirando-hacia-atras-con-humor-y-nostalgia","status":"publish","type":"post","link":"https:\/\/elcotarro.com\/?p=7954","title":{"rendered":"MIRANDO HACIA ATR\u00c1S CON HUMOR Y NOSTALGIA"},"content":{"rendered":"<p>All\u00e1 por el a\u00f1o 1969 y en mi recordado Barrio Nuevo de La Laguna, con tan solo 12 a\u00f1os, sal\u00ed en la murga infantil que ensayaba en los garajes de la constructora de don <strong>Jos\u00e9 Viera<\/strong>. Y a\u00f1os m\u00e1s tarde cant\u00e9 con el Orfe\u00f3n \u201cLa Paz\u201d, de La Laguna, bajo la direcci\u00f3n del recordado <strong>Manuel Hern\u00e1ndez<\/strong>. El a\u00f1o 1980 y vestido de \u201cHare Krishna\u201d, pis\u00e9 el escenario del Teatro Guimer\u00e1, ya transmitiendo para Radio Club Tenerife la gala de elecci\u00f3n de la Reina del Carnaval, que dirigi\u00f3 el gran <strong>Sergio Garc\u00eda<\/strong>. Aquel a\u00f1o, <strong>Sergio<\/strong> pidi\u00f3 que le permitieran gastar unas 12.000 pesetas de la \u00e9poca, para instalar un columpio que, al final de la gala, bajar\u00eda desde lo alto del escenario con un paje subido en \u00e9l, trayendo el cetro de la reina para entreg\u00e1rselo a la candidata ganadora. Result\u00f3 ser <strong>Consuelo Montero Santos<\/strong>, con la fantas\u00eda \u201cEncantadora de serpientes\u201d, dise\u00f1ada para ella por <strong>Justo Guti\u00e9rrez<\/strong>, pero al concejal de turno le pareci\u00f3 muy caro invertir 12.000 pesetas en un columpio m\u00f3vil, y el cetro termin\u00f3 llegando al escenario por el lateral del escenario, llev\u00e1ndolo en mano <strong>Manuel Hermoso<\/strong>, que ya era el alcalde aquel a\u00f1o por UCD.<\/p>\n<p style=\"text-align: center\"><a href=\"https:\/\/elcotarro.com\/wp-content\/uploads\/2020\/02\/FOTO-1.-MUSEO-CARNAVAL.jpg\"><img loading=\"lazy\" decoding=\"async\" class=\"aligncenter size-full wp-image-7955\" src=\"https:\/\/elcotarro.com\/wp-content\/uploads\/2020\/02\/FOTO-1.-MUSEO-CARNAVAL.jpg\" alt=\"\" width=\"800\" height=\"534\" srcset=\"https:\/\/elcotarro.com\/wp-content\/uploads\/2020\/02\/FOTO-1.-MUSEO-CARNAVAL.jpg 800w, https:\/\/elcotarro.com\/wp-content\/uploads\/2020\/02\/FOTO-1.-MUSEO-CARNAVAL-300x200.jpg 300w, https:\/\/elcotarro.com\/wp-content\/uploads\/2020\/02\/FOTO-1.-MUSEO-CARNAVAL-768x513.jpg 768w\" sizes=\"auto, (max-width: 800px) 100vw, 800px\" \/><\/a><\/p>\n<p style=\"text-align: center\"><em>Detalle de la \u201cCasa del Carnaval\u201d que deb\u00eda terminar de convertirse en el gran necesario (y m\u00e1s documentado) Museo del Carnaval de Santa Cruz de Tenerife.<\/em><\/p>\n","protected":false},"excerpt":{"rendered":"<p>All\u00e1 por el a\u00f1o 1969 y en mi recordado Barrio Nuevo de La Laguna, con tan solo 12 a\u00f1os, sal\u00ed en la murga infantil que ensayaba en los garajes de la constructora de don Jos\u00e9 Viera. Y a\u00f1os m\u00e1s tarde cant\u00e9 con el Orfe\u00f3n \u201cLa Paz\u201d, de La Laguna, bajo la direcci\u00f3n del recordado Manuel &#8230; <a class=\"read-more\" href=\"https:\/\/elcotarro.com\/?p=7954\">Read more<\/a><\/p>\n","protected":false},"author":2,"featured_media":0,"comment_status":"open","ping_status":"open","sticky":false,"template":"","format":"standard","meta":{"_jetpack_memberships_contains_paid_content":false,"footnotes":""},"categories":[1],"tags":[],"class_list":["post-7954","post","type-post","status-publish","format-standard","hentry","category-sin-categoria"],"yoast_head":"<!-- This site is optimized with the Yoast SEO plugin v27.0 - https:\/\/yoast.com\/product\/yoast-seo-wordpress\/ -->\n<title>MIRANDO HACIA ATR\u00c1S CON HUMOR Y NOSTALGIA - El Cotarro<\/title>\n<meta name=\"robots\" content=\"index, follow, max-snippet:-1, max-image-preview:large, max-video-preview:-1\" \/>\n<link rel=\"canonical\" href=\"https:\/\/elcotarro.com\/?p=7954\" \/>\n<meta property=\"og:locale\" content=\"es_ES\" \/>\n<meta property=\"og:type\" content=\"article\" \/>\n<meta property=\"og:title\" content=\"MIRANDO HACIA ATR\u00c1S CON HUMOR Y NOSTALGIA - El Cotarro\" \/>\n<meta property=\"og:description\" content=\"All\u00e1 por el a\u00f1o 1969 y en mi recordado Barrio Nuevo de La Laguna, con tan solo 12 a\u00f1os, sal\u00ed en la murga infantil que ensayaba en los garajes de la constructora de don Jos\u00e9 Viera. Y a\u00f1os m\u00e1s tarde cant\u00e9 con el Orfe\u00f3n \u201cLa Paz\u201d, de La Laguna, bajo la direcci\u00f3n del recordado Manuel ... Read more\" \/>\n<meta property=\"og:url\" content=\"https:\/\/elcotarro.com\/?p=7954\" \/>\n<meta property=\"og:site_name\" content=\"El Cotarro\" \/>\n<meta property=\"article:publisher\" content=\"https:\/\/www.facebook.com\/ElCotarro.Tenerife\" \/>\n<meta property=\"article:published_time\" content=\"2020-02-23T09:10:55+00:00\" \/>\n<meta property=\"og:image\" content=\"https:\/\/elcotarro.com\/wp-content\/uploads\/2020\/02\/FOTO-1.-MUSEO-CARNAVAL.jpg\" \/>\n<meta name=\"author\" content=\"Jos\u00e9 Carlos Marrero Gonz\u00e1lez\" \/>\n<meta name=\"twitter:label1\" content=\"Escrito por\" \/>\n\t<meta name=\"twitter:data1\" content=\"Jos\u00e9 Carlos Marrero Gonz\u00e1lez\" \/>\n\t<meta name=\"twitter:label2\" content=\"Tiempo de lectura\" \/>\n\t<meta name=\"twitter:data2\" content=\"1 minuto\" \/>\n<script type=\"application\/ld+json\" class=\"yoast-schema-graph\">{\"@context\":\"https:\/\/schema.org\",\"@graph\":[{\"@type\":\"Article\",\"@id\":\"https:\/\/elcotarro.com\/?p=7954#article\",\"isPartOf\":{\"@id\":\"https:\/\/elcotarro.com\/?p=7954\"},\"author\":{\"name\":\"Jos\u00e9 Carlos Marrero Gonz\u00e1lez\",\"@id\":\"https:\/\/elcotarro.com\/#\/schema\/person\/af537ee7d60d15984c7e0affcd8a918b\"},\"headline\":\"MIRANDO HACIA ATR\u00c1S CON HUMOR Y NOSTALGIA\",\"datePublished\":\"2020-02-23T09:10:55+00:00\",\"mainEntityOfPage\":{\"@id\":\"https:\/\/elcotarro.com\/?p=7954\"},\"wordCount\":248,\"commentCount\":0,\"publisher\":{\"@id\":\"https:\/\/elcotarro.com\/#organization\"},\"image\":{\"@id\":\"https:\/\/elcotarro.com\/?p=7954#primaryimage\"},\"thumbnailUrl\":\"https:\/\/elcotarro.com\/wp-content\/uploads\/2020\/02\/FOTO-1.-MUSEO-CARNAVAL.jpg\",\"inLanguage\":\"es\",\"potentialAction\":[{\"@type\":\"CommentAction\",\"name\":\"Comment\",\"target\":[\"https:\/\/elcotarro.com\/?p=7954#respond\"]}]},{\"@type\":\"WebPage\",\"@id\":\"https:\/\/elcotarro.com\/?p=7954\",\"url\":\"https:\/\/elcotarro.com\/?p=7954\",\"name\":\"MIRANDO HACIA ATR\u00c1S CON HUMOR Y NOSTALGIA - El Cotarro\",\"isPartOf\":{\"@id\":\"https:\/\/elcotarro.com\/#website\"},\"primaryImageOfPage\":{\"@id\":\"https:\/\/elcotarro.com\/?p=7954#primaryimage\"},\"image\":{\"@id\":\"https:\/\/elcotarro.com\/?p=7954#primaryimage\"},\"thumbnailUrl\":\"https:\/\/elcotarro.com\/wp-content\/uploads\/2020\/02\/FOTO-1.-MUSEO-CARNAVAL.jpg\",\"datePublished\":\"2020-02-23T09:10:55+00:00\",\"breadcrumb\":{\"@id\":\"https:\/\/elcotarro.com\/?p=7954#breadcrumb\"},\"inLanguage\":\"es\",\"potentialAction\":[{\"@type\":\"ReadAction\",\"target\":[\"https:\/\/elcotarro.com\/?p=7954\"]}]},{\"@type\":\"ImageObject\",\"inLanguage\":\"es\",\"@id\":\"https:\/\/elcotarro.com\/?p=7954#primaryimage\",\"url\":\"https:\/\/elcotarro.com\/wp-content\/uploads\/2020\/02\/FOTO-1.-MUSEO-CARNAVAL.jpg\",\"contentUrl\":\"https:\/\/elcotarro.com\/wp-content\/uploads\/2020\/02\/FOTO-1.-MUSEO-CARNAVAL.jpg\",\"width\":800,\"height\":534},{\"@type\":\"BreadcrumbList\",\"@id\":\"https:\/\/elcotarro.com\/?p=7954#breadcrumb\",\"itemListElement\":[{\"@type\":\"ListItem\",\"position\":1,\"name\":\"Portada\",\"item\":\"https:\/\/elcotarro.com\/\"},{\"@type\":\"ListItem\",\"position\":2,\"name\":\"MIRANDO HACIA ATR\u00c1S CON HUMOR Y NOSTALGIA\"}]},{\"@type\":\"WebSite\",\"@id\":\"https:\/\/elcotarro.com\/#website\",\"url\":\"https:\/\/elcotarro.com\/\",\"name\":\"El Cotarro\",\"description\":\"Peri\u00f3dico Digital Independiente dirigido por Jos\u00e9 Carlos Marrero\",\"publisher\":{\"@id\":\"https:\/\/elcotarro.com\/#organization\"},\"potentialAction\":[{\"@type\":\"SearchAction\",\"target\":{\"@type\":\"EntryPoint\",\"urlTemplate\":\"https:\/\/elcotarro.com\/?s={search_term_string}\"},\"query-input\":{\"@type\":\"PropertyValueSpecification\",\"valueRequired\":true,\"valueName\":\"search_term_string\"}}],\"inLanguage\":\"es\"},{\"@type\":\"Organization\",\"@id\":\"https:\/\/elcotarro.com\/#organization\",\"name\":\"El Cotarro\",\"url\":\"https:\/\/elcotarro.com\/\",\"logo\":{\"@type\":\"ImageObject\",\"inLanguage\":\"es\",\"@id\":\"https:\/\/elcotarro.com\/#\/schema\/logo\/image\/\",\"url\":\"https:\/\/elcotarro.com\/wp-content\/uploads\/2014\/09\/Cabecera_El_Cotarro_v2.jpg\",\"contentUrl\":\"https:\/\/elcotarro.com\/wp-content\/uploads\/2014\/09\/Cabecera_El_Cotarro_v2.jpg\",\"width\":3540,\"height\":441,\"caption\":\"El Cotarro\"},\"image\":{\"@id\":\"https:\/\/elcotarro.com\/#\/schema\/logo\/image\/\"},\"sameAs\":[\"https:\/\/www.facebook.com\/ElCotarro.Tenerife\"]},{\"@type\":\"Person\",\"@id\":\"https:\/\/elcotarro.com\/#\/schema\/person\/af537ee7d60d15984c7e0affcd8a918b\",\"name\":\"Jos\u00e9 Carlos Marrero Gonz\u00e1lez\",\"image\":{\"@type\":\"ImageObject\",\"inLanguage\":\"es\",\"@id\":\"https:\/\/elcotarro.com\/#\/schema\/person\/image\/\",\"url\":\"https:\/\/secure.gravatar.com\/avatar\/def4da036efb5d32c74d49c351f6dccc064dd69ad9f3aadc295c5a9a5391ca01?s=96&d=mm&r=g\",\"contentUrl\":\"https:\/\/secure.gravatar.com\/avatar\/def4da036efb5d32c74d49c351f6dccc064dd69ad9f3aadc295c5a9a5391ca01?s=96&d=mm&r=g\",\"caption\":\"Jos\u00e9 Carlos Marrero Gonz\u00e1lez\"},\"sameAs\":[\"https:\/\/elcotarro.com\"],\"url\":\"https:\/\/elcotarro.com\/?author=2\"}]}<\/script>\n<!-- \/ Yoast SEO plugin. -->","yoast_head_json":{"title":"MIRANDO HACIA ATR\u00c1S CON HUMOR Y NOSTALGIA - El Cotarro","robots":{"index":"index","follow":"follow","max-snippet":"max-snippet:-1","max-image-preview":"max-image-preview:large","max-video-preview":"max-video-preview:-1"},"canonical":"https:\/\/elcotarro.com\/?p=7954","og_locale":"es_ES","og_type":"article","og_title":"MIRANDO HACIA ATR\u00c1S CON HUMOR Y NOSTALGIA - El Cotarro","og_description":"All\u00e1 por el a\u00f1o 1969 y en mi recordado Barrio Nuevo de La Laguna, con tan solo 12 a\u00f1os, sal\u00ed en la murga infantil que ensayaba en los garajes de la constructora de don Jos\u00e9 Viera. Y a\u00f1os m\u00e1s tarde cant\u00e9 con el Orfe\u00f3n \u201cLa Paz\u201d, de La Laguna, bajo la direcci\u00f3n del recordado Manuel ... Read more","og_url":"https:\/\/elcotarro.com\/?p=7954","og_site_name":"El Cotarro","article_publisher":"https:\/\/www.facebook.com\/ElCotarro.Tenerife","article_published_time":"2020-02-23T09:10:55+00:00","og_image":[{"url":"https:\/\/elcotarro.com\/wp-content\/uploads\/2020\/02\/FOTO-1.-MUSEO-CARNAVAL.jpg","type":"","width":"","height":""}],"author":"Jos\u00e9 Carlos Marrero Gonz\u00e1lez","twitter_misc":{"Escrito por":"Jos\u00e9 Carlos Marrero Gonz\u00e1lez","Tiempo de lectura":"1 minuto"},"schema":{"@context":"https:\/\/schema.org","@graph":[{"@type":"Article","@id":"https:\/\/elcotarro.com\/?p=7954#article","isPartOf":{"@id":"https:\/\/elcotarro.com\/?p=7954"},"author":{"name":"Jos\u00e9 Carlos Marrero Gonz\u00e1lez","@id":"https:\/\/elcotarro.com\/#\/schema\/person\/af537ee7d60d15984c7e0affcd8a918b"},"headline":"MIRANDO HACIA ATR\u00c1S CON HUMOR Y NOSTALGIA","datePublished":"2020-02-23T09:10:55+00:00","mainEntityOfPage":{"@id":"https:\/\/elcotarro.com\/?p=7954"},"wordCount":248,"commentCount":0,"publisher":{"@id":"https:\/\/elcotarro.com\/#organization"},"image":{"@id":"https:\/\/elcotarro.com\/?p=7954#primaryimage"},"thumbnailUrl":"https:\/\/elcotarro.com\/wp-content\/uploads\/2020\/02\/FOTO-1.-MUSEO-CARNAVAL.jpg","inLanguage":"es","potentialAction":[{"@type":"CommentAction","name":"Comment","target":["https:\/\/elcotarro.com\/?p=7954#respond"]}]},{"@type":"WebPage","@id":"https:\/\/elcotarro.com\/?p=7954","url":"https:\/\/elcotarro.com\/?p=7954","name":"MIRANDO HACIA ATR\u00c1S CON HUMOR Y NOSTALGIA - El Cotarro","isPartOf":{"@id":"https:\/\/elcotarro.com\/#website"},"primaryImageOfPage":{"@id":"https:\/\/elcotarro.com\/?p=7954#primaryimage"},"image":{"@id":"https:\/\/elcotarro.com\/?p=7954#primaryimage"},"thumbnailUrl":"https:\/\/elcotarro.com\/wp-content\/uploads\/2020\/02\/FOTO-1.-MUSEO-CARNAVAL.jpg","datePublished":"2020-02-23T09:10:55+00:00","breadcrumb":{"@id":"https:\/\/elcotarro.com\/?p=7954#breadcrumb"},"inLanguage":"es","potentialAction":[{"@type":"ReadAction","target":["https:\/\/elcotarro.com\/?p=7954"]}]},{"@type":"ImageObject","inLanguage":"es","@id":"https:\/\/elcotarro.com\/?p=7954#primaryimage","url":"https:\/\/elcotarro.com\/wp-content\/uploads\/2020\/02\/FOTO-1.-MUSEO-CARNAVAL.jpg","contentUrl":"https:\/\/elcotarro.com\/wp-content\/uploads\/2020\/02\/FOTO-1.-MUSEO-CARNAVAL.jpg","width":800,"height":534},{"@type":"BreadcrumbList","@id":"https:\/\/elcotarro.com\/?p=7954#breadcrumb","itemListElement":[{"@type":"ListItem","position":1,"name":"Portada","item":"https:\/\/elcotarro.com\/"},{"@type":"ListItem","position":2,"name":"MIRANDO HACIA ATR\u00c1S CON HUMOR Y NOSTALGIA"}]},{"@type":"WebSite","@id":"https:\/\/elcotarro.com\/#website","url":"https:\/\/elcotarro.com\/","name":"El Cotarro","description":"Peri\u00f3dico Digital Independiente dirigido por Jos\u00e9 Carlos Marrero","publisher":{"@id":"https:\/\/elcotarro.com\/#organization"},"potentialAction":[{"@type":"SearchAction","target":{"@type":"EntryPoint","urlTemplate":"https:\/\/elcotarro.com\/?s={search_term_string}"},"query-input":{"@type":"PropertyValueSpecification","valueRequired":true,"valueName":"search_term_string"}}],"inLanguage":"es"},{"@type":"Organization","@id":"https:\/\/elcotarro.com\/#organization","name":"El Cotarro","url":"https:\/\/elcotarro.com\/","logo":{"@type":"ImageObject","inLanguage":"es","@id":"https:\/\/elcotarro.com\/#\/schema\/logo\/image\/","url":"https:\/\/elcotarro.com\/wp-content\/uploads\/2014\/09\/Cabecera_El_Cotarro_v2.jpg","contentUrl":"https:\/\/elcotarro.com\/wp-content\/uploads\/2014\/09\/Cabecera_El_Cotarro_v2.jpg","width":3540,"height":441,"caption":"El Cotarro"},"image":{"@id":"https:\/\/elcotarro.com\/#\/schema\/logo\/image\/"},"sameAs":["https:\/\/www.facebook.com\/ElCotarro.Tenerife"]},{"@type":"Person","@id":"https:\/\/elcotarro.com\/#\/schema\/person\/af537ee7d60d15984c7e0affcd8a918b","name":"Jos\u00e9 Carlos Marrero Gonz\u00e1lez","image":{"@type":"ImageObject","inLanguage":"es","@id":"https:\/\/elcotarro.com\/#\/schema\/person\/image\/","url":"https:\/\/secure.gravatar.com\/avatar\/def4da036efb5d32c74d49c351f6dccc064dd69ad9f3aadc295c5a9a5391ca01?s=96&d=mm&r=g","contentUrl":"https:\/\/secure.gravatar.com\/avatar\/def4da036efb5d32c74d49c351f6dccc064dd69ad9f3aadc295c5a9a5391ca01?s=96&d=mm&r=g","caption":"Jos\u00e9 Carlos Marrero Gonz\u00e1lez"},"sameAs":["https:\/\/elcotarro.com"],"url":"https:\/\/elcotarro.com\/?author=2"}]}},"jetpack_featured_media_url":"","jetpack_sharing_enabled":true,"_links":{"self":[{"href":"https:\/\/elcotarro.com\/index.php?rest_route=\/wp\/v2\/posts\/7954","targetHints":{"allow":["GET"]}}],"collection":[{"href":"https:\/\/elcotarro.com\/index.php?rest_route=\/wp\/v2\/posts"}],"about":[{"href":"https:\/\/elcotarro.com\/index.php?rest_route=\/wp\/v2\/types\/post"}],"author":[{"embeddable":true,"href":"https:\/\/elcotarro.com\/index.php?rest_route=\/wp\/v2\/users\/2"}],"replies":[{"embeddable":true,"href":"https:\/\/elcotarro.com\/index.php?rest_route=%2Fwp%2Fv2%2Fcomments&post=7954"}],"version-history":[{"count":1,"href":"https:\/\/elcotarro.com\/index.php?rest_route=\/wp\/v2\/posts\/7954\/revisions"}],"predecessor-version":[{"id":7956,"href":"https:\/\/elcotarro.com\/index.php?rest_route=\/wp\/v2\/posts\/7954\/revisions\/7956"}],"wp:attachment":[{"href":"https:\/\/elcotarro.com\/index.php?rest_route=%2Fwp%2Fv2%2Fmedia&parent=7954"}],"wp:term":[{"taxonomy":"category","embeddable":true,"href":"https:\/\/elcotarro.com\/index.php?rest_route=%2Fwp%2Fv2%2Fcategories&post=7954"},{"taxonomy":"post_tag","embeddable":true,"href":"https:\/\/elcotarro.com\/index.php?rest_route=%2Fwp%2Fv2%2Ftags&post=7954"}],"curies":[{"name":"wp","href":"https:\/\/api.w.org\/{rel}","templated":true}]}}