{"id":7969,"date":"2020-02-23T09:05:25","date_gmt":"2020-02-23T09:05:25","guid":{"rendered":"https:\/\/elcotarro.com\/?p=7969"},"modified":"2020-02-23T08:36:18","modified_gmt":"2020-02-23T08:36:18","slug":"arrastradoras-cargadoras-empujadoras","status":"publish","type":"post","link":"https:\/\/elcotarro.com\/?p=7969","title":{"rendered":"ARRASTRADORAS, CARGADORAS, EMPUJADORAS"},"content":{"rendered":"<p>Este \u201cDomingo de Carnaval\u201d vuelvo un a\u00f1o m\u00e1s a compartir con ustedes una reflexi\u00f3n que espero alg\u00fan d\u00eda alguien la haga suya (si procede y lo cree oportuno, claro). Igual ahora se monta con ello una pol\u00e9mica, pero as\u00ed entramos en calorcito&#8230; Otros a\u00f1os se lo dije a los anteriores regidores y responsables de la cosa, y este a\u00f1o vuelvo a dec\u00edrselo a la carnavalera alcaldesa santacrucera, <strong>Patricia Hern\u00e1ndez Guti\u00e9rrez,<\/strong> y a su concejal de la fiesta, <strong>Andr\u00e9s Mart\u00edn Casanova<\/strong>, que las candidatas a Reina del Carnaval chicharrero vienen siendo en cada gala unas muy guapas y simp\u00e1ticas arrastradoras, empujadoras, cargadoras y\/o soportadoras de una mole llamada \u201ctraje o fantas\u00eda\u201d, pero que, en verdad, son peque\u00f1as carrozas unipersonales. Las candidatas \u00abno se visten\u00bb con el traje, ya van vestidas (generalmente con un mini-traje o biquini de fantas\u00eda) y, cuando faltan cinco minutos para salir al escenario, se \u201cintroducen\u00bb en el verdadero, digamos \u201ctraje\u00bb, que viene a ser una fantas\u00eda sobre ruedas, una carrocita unipersonal.<\/p>\n<p><a href=\"https:\/\/elcotarro.com\/wp-content\/uploads\/2020\/02\/FOTO-6.-SARA-CRUZ.jpg\"><img loading=\"lazy\" decoding=\"async\" class=\"aligncenter wp-image-7970 size-full\" src=\"https:\/\/elcotarro.com\/wp-content\/uploads\/2020\/02\/FOTO-6.-SARA-CRUZ.jpg\" alt=\"\" width=\"1000\" height=\"567\" srcset=\"https:\/\/elcotarro.com\/wp-content\/uploads\/2020\/02\/FOTO-6.-SARA-CRUZ.jpg 1000w, https:\/\/elcotarro.com\/wp-content\/uploads\/2020\/02\/FOTO-6.-SARA-CRUZ-300x170.jpg 300w, https:\/\/elcotarro.com\/wp-content\/uploads\/2020\/02\/FOTO-6.-SARA-CRUZ-768x435.jpg 768w\" sizes=\"auto, (max-width: 1000px) 100vw, 1000px\" \/><\/a><\/p>\n<p style=\"text-align: center\"><em>Sara Cruz Teja, Reina del Carnaval 2020 de Santa Cruz de Tenerife.<\/em><\/p>\n<p>&nbsp;<\/p>\n","protected":false},"excerpt":{"rendered":"<p>Este \u201cDomingo de Carnaval\u201d vuelvo un a\u00f1o m\u00e1s a compartir con ustedes una reflexi\u00f3n que espero alg\u00fan d\u00eda alguien la haga suya (si procede y lo cree oportuno, claro). Igual ahora se monta con ello una pol\u00e9mica, pero as\u00ed entramos en calorcito&#8230; Otros a\u00f1os se lo dije a los anteriores regidores y responsables de la &#8230; <a class=\"read-more\" href=\"https:\/\/elcotarro.com\/?p=7969\">Read more<\/a><\/p>\n","protected":false},"author":2,"featured_media":0,"comment_status":"open","ping_status":"open","sticky":false,"template":"","format":"standard","meta":{"_jetpack_memberships_contains_paid_content":false,"footnotes":""},"categories":[1],"tags":[],"class_list":["post-7969","post","type-post","status-publish","format-standard","hentry","category-sin-categoria"],"yoast_head":"<!-- This site is optimized with the Yoast SEO plugin v27.0 - https:\/\/yoast.com\/product\/yoast-seo-wordpress\/ -->\n<title>ARRASTRADORAS, CARGADORAS, EMPUJADORAS - El Cotarro<\/title>\n<meta name=\"robots\" content=\"index, follow, max-snippet:-1, max-image-preview:large, max-video-preview:-1\" \/>\n<link rel=\"canonical\" href=\"https:\/\/elcotarro.com\/?p=7969\" \/>\n<meta property=\"og:locale\" content=\"es_ES\" \/>\n<meta property=\"og:type\" content=\"article\" \/>\n<meta property=\"og:title\" content=\"ARRASTRADORAS, CARGADORAS, EMPUJADORAS - El Cotarro\" \/>\n<meta property=\"og:description\" content=\"Este \u201cDomingo de Carnaval\u201d vuelvo un a\u00f1o m\u00e1s a compartir con ustedes una reflexi\u00f3n que espero alg\u00fan d\u00eda alguien la haga suya (si procede y lo cree oportuno, claro). Igual ahora se monta con ello una pol\u00e9mica, pero as\u00ed entramos en calorcito&#8230; Otros a\u00f1os se lo dije a los anteriores regidores y responsables de la ... Read more\" \/>\n<meta property=\"og:url\" content=\"https:\/\/elcotarro.com\/?p=7969\" \/>\n<meta property=\"og:site_name\" content=\"El Cotarro\" \/>\n<meta property=\"article:publisher\" content=\"https:\/\/www.facebook.com\/ElCotarro.Tenerife\" \/>\n<meta property=\"article:published_time\" content=\"2020-02-23T09:05:25+00:00\" \/>\n<meta property=\"og:image\" content=\"https:\/\/elcotarro.com\/wp-content\/uploads\/2020\/02\/FOTO-6.-SARA-CRUZ.jpg\" \/>\n<meta name=\"author\" content=\"Jos\u00e9 Carlos Marrero Gonz\u00e1lez\" \/>\n<meta name=\"twitter:label1\" content=\"Escrito por\" \/>\n\t<meta name=\"twitter:data1\" content=\"Jos\u00e9 Carlos Marrero Gonz\u00e1lez\" \/>\n\t<meta name=\"twitter:label2\" content=\"Tiempo de lectura\" \/>\n\t<meta name=\"twitter:data2\" content=\"1 minuto\" \/>\n<script type=\"application\/ld+json\" class=\"yoast-schema-graph\">{\"@context\":\"https:\/\/schema.org\",\"@graph\":[{\"@type\":\"Article\",\"@id\":\"https:\/\/elcotarro.com\/?p=7969#article\",\"isPartOf\":{\"@id\":\"https:\/\/elcotarro.com\/?p=7969\"},\"author\":{\"name\":\"Jos\u00e9 Carlos Marrero Gonz\u00e1lez\",\"@id\":\"https:\/\/elcotarro.com\/#\/schema\/person\/af537ee7d60d15984c7e0affcd8a918b\"},\"headline\":\"ARRASTRADORAS, CARGADORAS, EMPUJADORAS\",\"datePublished\":\"2020-02-23T09:05:25+00:00\",\"mainEntityOfPage\":{\"@id\":\"https:\/\/elcotarro.com\/?p=7969\"},\"wordCount\":198,\"commentCount\":0,\"publisher\":{\"@id\":\"https:\/\/elcotarro.com\/#organization\"},\"image\":{\"@id\":\"https:\/\/elcotarro.com\/?p=7969#primaryimage\"},\"thumbnailUrl\":\"https:\/\/elcotarro.com\/wp-content\/uploads\/2020\/02\/FOTO-6.-SARA-CRUZ.jpg\",\"inLanguage\":\"es\",\"potentialAction\":[{\"@type\":\"CommentAction\",\"name\":\"Comment\",\"target\":[\"https:\/\/elcotarro.com\/?p=7969#respond\"]}]},{\"@type\":\"WebPage\",\"@id\":\"https:\/\/elcotarro.com\/?p=7969\",\"url\":\"https:\/\/elcotarro.com\/?p=7969\",\"name\":\"ARRASTRADORAS, CARGADORAS, EMPUJADORAS - El Cotarro\",\"isPartOf\":{\"@id\":\"https:\/\/elcotarro.com\/#website\"},\"primaryImageOfPage\":{\"@id\":\"https:\/\/elcotarro.com\/?p=7969#primaryimage\"},\"image\":{\"@id\":\"https:\/\/elcotarro.com\/?p=7969#primaryimage\"},\"thumbnailUrl\":\"https:\/\/elcotarro.com\/wp-content\/uploads\/2020\/02\/FOTO-6.-SARA-CRUZ.jpg\",\"datePublished\":\"2020-02-23T09:05:25+00:00\",\"breadcrumb\":{\"@id\":\"https:\/\/elcotarro.com\/?p=7969#breadcrumb\"},\"inLanguage\":\"es\",\"potentialAction\":[{\"@type\":\"ReadAction\",\"target\":[\"https:\/\/elcotarro.com\/?p=7969\"]}]},{\"@type\":\"ImageObject\",\"inLanguage\":\"es\",\"@id\":\"https:\/\/elcotarro.com\/?p=7969#primaryimage\",\"url\":\"https:\/\/elcotarro.com\/wp-content\/uploads\/2020\/02\/FOTO-6.-SARA-CRUZ.jpg\",\"contentUrl\":\"https:\/\/elcotarro.com\/wp-content\/uploads\/2020\/02\/FOTO-6.-SARA-CRUZ.jpg\",\"width\":1000,\"height\":567,\"caption\":\"GRAF3212. SANTA CRUZ DE TENERIFE, 20\/02\/2020.- La candidata Sara Cruz Teja, con la fantas\u00eda \\\"Sentir\\\", dise\u00f1ada por Sedomir Rodr\u00edguez, ha resultado elegida Reina del Carnaval de Santa Cruz de Tenerife en el transcurso de la gala celebrada esta noche en el Recinto Ferial de la capital tinerfe\u00f1a. EFE\/Ram\u00f3n de la Rocha\"},{\"@type\":\"BreadcrumbList\",\"@id\":\"https:\/\/elcotarro.com\/?p=7969#breadcrumb\",\"itemListElement\":[{\"@type\":\"ListItem\",\"position\":1,\"name\":\"Portada\",\"item\":\"https:\/\/elcotarro.com\/\"},{\"@type\":\"ListItem\",\"position\":2,\"name\":\"ARRASTRADORAS, CARGADORAS, EMPUJADORAS\"}]},{\"@type\":\"WebSite\",\"@id\":\"https:\/\/elcotarro.com\/#website\",\"url\":\"https:\/\/elcotarro.com\/\",\"name\":\"El Cotarro\",\"description\":\"Peri\u00f3dico Digital Independiente dirigido por Jos\u00e9 Carlos Marrero\",\"publisher\":{\"@id\":\"https:\/\/elcotarro.com\/#organization\"},\"potentialAction\":[{\"@type\":\"SearchAction\",\"target\":{\"@type\":\"EntryPoint\",\"urlTemplate\":\"https:\/\/elcotarro.com\/?s={search_term_string}\"},\"query-input\":{\"@type\":\"PropertyValueSpecification\",\"valueRequired\":true,\"valueName\":\"search_term_string\"}}],\"inLanguage\":\"es\"},{\"@type\":\"Organization\",\"@id\":\"https:\/\/elcotarro.com\/#organization\",\"name\":\"El Cotarro\",\"url\":\"https:\/\/elcotarro.com\/\",\"logo\":{\"@type\":\"ImageObject\",\"inLanguage\":\"es\",\"@id\":\"https:\/\/elcotarro.com\/#\/schema\/logo\/image\/\",\"url\":\"https:\/\/elcotarro.com\/wp-content\/uploads\/2014\/09\/Cabecera_El_Cotarro_v2.jpg\",\"contentUrl\":\"https:\/\/elcotarro.com\/wp-content\/uploads\/2014\/09\/Cabecera_El_Cotarro_v2.jpg\",\"width\":3540,\"height\":441,\"caption\":\"El Cotarro\"},\"image\":{\"@id\":\"https:\/\/elcotarro.com\/#\/schema\/logo\/image\/\"},\"sameAs\":[\"https:\/\/www.facebook.com\/ElCotarro.Tenerife\"]},{\"@type\":\"Person\",\"@id\":\"https:\/\/elcotarro.com\/#\/schema\/person\/af537ee7d60d15984c7e0affcd8a918b\",\"name\":\"Jos\u00e9 Carlos Marrero Gonz\u00e1lez\",\"image\":{\"@type\":\"ImageObject\",\"inLanguage\":\"es\",\"@id\":\"https:\/\/elcotarro.com\/#\/schema\/person\/image\/\",\"url\":\"https:\/\/secure.gravatar.com\/avatar\/def4da036efb5d32c74d49c351f6dccc064dd69ad9f3aadc295c5a9a5391ca01?s=96&d=mm&r=g\",\"contentUrl\":\"https:\/\/secure.gravatar.com\/avatar\/def4da036efb5d32c74d49c351f6dccc064dd69ad9f3aadc295c5a9a5391ca01?s=96&d=mm&r=g\",\"caption\":\"Jos\u00e9 Carlos Marrero Gonz\u00e1lez\"},\"sameAs\":[\"https:\/\/elcotarro.com\"],\"url\":\"https:\/\/elcotarro.com\/?author=2\"}]}<\/script>\n<!-- \/ Yoast SEO plugin. -->","yoast_head_json":{"title":"ARRASTRADORAS, CARGADORAS, EMPUJADORAS - El Cotarro","robots":{"index":"index","follow":"follow","max-snippet":"max-snippet:-1","max-image-preview":"max-image-preview:large","max-video-preview":"max-video-preview:-1"},"canonical":"https:\/\/elcotarro.com\/?p=7969","og_locale":"es_ES","og_type":"article","og_title":"ARRASTRADORAS, CARGADORAS, EMPUJADORAS - El Cotarro","og_description":"Este \u201cDomingo de Carnaval\u201d vuelvo un a\u00f1o m\u00e1s a compartir con ustedes una reflexi\u00f3n que espero alg\u00fan d\u00eda alguien la haga suya (si procede y lo cree oportuno, claro). Igual ahora se monta con ello una pol\u00e9mica, pero as\u00ed entramos en calorcito&#8230; Otros a\u00f1os se lo dije a los anteriores regidores y responsables de la ... Read more","og_url":"https:\/\/elcotarro.com\/?p=7969","og_site_name":"El Cotarro","article_publisher":"https:\/\/www.facebook.com\/ElCotarro.Tenerife","article_published_time":"2020-02-23T09:05:25+00:00","og_image":[{"url":"https:\/\/elcotarro.com\/wp-content\/uploads\/2020\/02\/FOTO-6.-SARA-CRUZ.jpg","type":"","width":"","height":""}],"author":"Jos\u00e9 Carlos Marrero Gonz\u00e1lez","twitter_misc":{"Escrito por":"Jos\u00e9 Carlos Marrero Gonz\u00e1lez","Tiempo de lectura":"1 minuto"},"schema":{"@context":"https:\/\/schema.org","@graph":[{"@type":"Article","@id":"https:\/\/elcotarro.com\/?p=7969#article","isPartOf":{"@id":"https:\/\/elcotarro.com\/?p=7969"},"author":{"name":"Jos\u00e9 Carlos Marrero Gonz\u00e1lez","@id":"https:\/\/elcotarro.com\/#\/schema\/person\/af537ee7d60d15984c7e0affcd8a918b"},"headline":"ARRASTRADORAS, CARGADORAS, EMPUJADORAS","datePublished":"2020-02-23T09:05:25+00:00","mainEntityOfPage":{"@id":"https:\/\/elcotarro.com\/?p=7969"},"wordCount":198,"commentCount":0,"publisher":{"@id":"https:\/\/elcotarro.com\/#organization"},"image":{"@id":"https:\/\/elcotarro.com\/?p=7969#primaryimage"},"thumbnailUrl":"https:\/\/elcotarro.com\/wp-content\/uploads\/2020\/02\/FOTO-6.-SARA-CRUZ.jpg","inLanguage":"es","potentialAction":[{"@type":"CommentAction","name":"Comment","target":["https:\/\/elcotarro.com\/?p=7969#respond"]}]},{"@type":"WebPage","@id":"https:\/\/elcotarro.com\/?p=7969","url":"https:\/\/elcotarro.com\/?p=7969","name":"ARRASTRADORAS, CARGADORAS, EMPUJADORAS - El Cotarro","isPartOf":{"@id":"https:\/\/elcotarro.com\/#website"},"primaryImageOfPage":{"@id":"https:\/\/elcotarro.com\/?p=7969#primaryimage"},"image":{"@id":"https:\/\/elcotarro.com\/?p=7969#primaryimage"},"thumbnailUrl":"https:\/\/elcotarro.com\/wp-content\/uploads\/2020\/02\/FOTO-6.-SARA-CRUZ.jpg","datePublished":"2020-02-23T09:05:25+00:00","breadcrumb":{"@id":"https:\/\/elcotarro.com\/?p=7969#breadcrumb"},"inLanguage":"es","potentialAction":[{"@type":"ReadAction","target":["https:\/\/elcotarro.com\/?p=7969"]}]},{"@type":"ImageObject","inLanguage":"es","@id":"https:\/\/elcotarro.com\/?p=7969#primaryimage","url":"https:\/\/elcotarro.com\/wp-content\/uploads\/2020\/02\/FOTO-6.-SARA-CRUZ.jpg","contentUrl":"https:\/\/elcotarro.com\/wp-content\/uploads\/2020\/02\/FOTO-6.-SARA-CRUZ.jpg","width":1000,"height":567,"caption":"GRAF3212. SANTA CRUZ DE TENERIFE, 20\/02\/2020.- La candidata Sara Cruz Teja, con la fantas\u00eda \"Sentir\", dise\u00f1ada por Sedomir Rodr\u00edguez, ha resultado elegida Reina del Carnaval de Santa Cruz de Tenerife en el transcurso de la gala celebrada esta noche en el Recinto Ferial de la capital tinerfe\u00f1a. EFE\/Ram\u00f3n de la Rocha"},{"@type":"BreadcrumbList","@id":"https:\/\/elcotarro.com\/?p=7969#breadcrumb","itemListElement":[{"@type":"ListItem","position":1,"name":"Portada","item":"https:\/\/elcotarro.com\/"},{"@type":"ListItem","position":2,"name":"ARRASTRADORAS, CARGADORAS, EMPUJADORAS"}]},{"@type":"WebSite","@id":"https:\/\/elcotarro.com\/#website","url":"https:\/\/elcotarro.com\/","name":"El Cotarro","description":"Peri\u00f3dico Digital Independiente dirigido por Jos\u00e9 Carlos Marrero","publisher":{"@id":"https:\/\/elcotarro.com\/#organization"},"potentialAction":[{"@type":"SearchAction","target":{"@type":"EntryPoint","urlTemplate":"https:\/\/elcotarro.com\/?s={search_term_string}"},"query-input":{"@type":"PropertyValueSpecification","valueRequired":true,"valueName":"search_term_string"}}],"inLanguage":"es"},{"@type":"Organization","@id":"https:\/\/elcotarro.com\/#organization","name":"El Cotarro","url":"https:\/\/elcotarro.com\/","logo":{"@type":"ImageObject","inLanguage":"es","@id":"https:\/\/elcotarro.com\/#\/schema\/logo\/image\/","url":"https:\/\/elcotarro.com\/wp-content\/uploads\/2014\/09\/Cabecera_El_Cotarro_v2.jpg","contentUrl":"https:\/\/elcotarro.com\/wp-content\/uploads\/2014\/09\/Cabecera_El_Cotarro_v2.jpg","width":3540,"height":441,"caption":"El Cotarro"},"image":{"@id":"https:\/\/elcotarro.com\/#\/schema\/logo\/image\/"},"sameAs":["https:\/\/www.facebook.com\/ElCotarro.Tenerife"]},{"@type":"Person","@id":"https:\/\/elcotarro.com\/#\/schema\/person\/af537ee7d60d15984c7e0affcd8a918b","name":"Jos\u00e9 Carlos Marrero Gonz\u00e1lez","image":{"@type":"ImageObject","inLanguage":"es","@id":"https:\/\/elcotarro.com\/#\/schema\/person\/image\/","url":"https:\/\/secure.gravatar.com\/avatar\/def4da036efb5d32c74d49c351f6dccc064dd69ad9f3aadc295c5a9a5391ca01?s=96&d=mm&r=g","contentUrl":"https:\/\/secure.gravatar.com\/avatar\/def4da036efb5d32c74d49c351f6dccc064dd69ad9f3aadc295c5a9a5391ca01?s=96&d=mm&r=g","caption":"Jos\u00e9 Carlos Marrero Gonz\u00e1lez"},"sameAs":["https:\/\/elcotarro.com"],"url":"https:\/\/elcotarro.com\/?author=2"}]}},"jetpack_featured_media_url":"","jetpack_sharing_enabled":true,"_links":{"self":[{"href":"https:\/\/elcotarro.com\/index.php?rest_route=\/wp\/v2\/posts\/7969","targetHints":{"allow":["GET"]}}],"collection":[{"href":"https:\/\/elcotarro.com\/index.php?rest_route=\/wp\/v2\/posts"}],"about":[{"href":"https:\/\/elcotarro.com\/index.php?rest_route=\/wp\/v2\/types\/post"}],"author":[{"embeddable":true,"href":"https:\/\/elcotarro.com\/index.php?rest_route=\/wp\/v2\/users\/2"}],"replies":[{"embeddable":true,"href":"https:\/\/elcotarro.com\/index.php?rest_route=%2Fwp%2Fv2%2Fcomments&post=7969"}],"version-history":[{"count":1,"href":"https:\/\/elcotarro.com\/index.php?rest_route=\/wp\/v2\/posts\/7969\/revisions"}],"predecessor-version":[{"id":7971,"href":"https:\/\/elcotarro.com\/index.php?rest_route=\/wp\/v2\/posts\/7969\/revisions\/7971"}],"wp:attachment":[{"href":"https:\/\/elcotarro.com\/index.php?rest_route=%2Fwp%2Fv2%2Fmedia&parent=7969"}],"wp:term":[{"taxonomy":"category","embeddable":true,"href":"https:\/\/elcotarro.com\/index.php?rest_route=%2Fwp%2Fv2%2Fcategories&post=7969"},{"taxonomy":"post_tag","embeddable":true,"href":"https:\/\/elcotarro.com\/index.php?rest_route=%2Fwp%2Fv2%2Ftags&post=7969"}],"curies":[{"name":"wp","href":"https:\/\/api.w.org\/{rel}","templated":true}]}}