{"id":797,"date":"2015-02-08T12:06:23","date_gmt":"2015-02-08T12:06:23","guid":{"rendered":"https:\/\/elcotarro.com\/?p=797"},"modified":"2015-02-08T11:40:53","modified_gmt":"2015-02-08T11:40:53","slug":"tenerife-en-madridfusion-2015","status":"publish","type":"post","link":"https:\/\/elcotarro.com\/?p=797","title":{"rendered":"TENERIFE EN MADRIDFUSI\u00d3N 2015"},"content":{"rendered":"<p>\u2666 Este domingo van a permitir que me ponga sabrosamente gastron\u00f3mico, para celebrar el \u00e9xito de Tenerife en la XIII Cumbre Internacional de Gastronom\u00eda, MadridFusi\u00f3n 2015, que preside el colega periodista y amigo <strong>Jos\u00e9 Carlos Capel <\/strong>y que se ha celebrado esta pasada semana en la capital del reino&#8230; Nuestra isla ha estado de nuevo presente, este a\u00f1o dentro del stand del club de producto Saborea Espa\u00f1a, como uno de los importantes destinos gastron\u00f3micos de nuestro pa\u00eds&#8230; Ello fue posible de la mano del club de producto Saborea Tenerife, donde est\u00e1 incluido actualmente el Plan de Gastronom\u00eda de Tenerife&#8230; Detr\u00e1s est\u00e1 <strong>Miguel Becerra<\/strong>, coordinador general de Turismo y Proyectos Estrat\u00e9gicos del Cabildo de Tenerife, el nuevo consejero de Agricultura, Ganader\u00eda y Pesca, <strong>Jes\u00fas Morales Mart\u00ednez<\/strong> y el consejero delegado de Turismo de Tenerife, <strong>Miguel \u00c1ngel Santos<\/strong>.<\/p>\n<p><a href=\"https:\/\/elcotarro.com\/wp-content\/uploads\/2015\/02\/FOTO-1.-Tenerife-triunfa-en-MadridFusi\u00f3n-2015.jpg\"><img loading=\"lazy\" decoding=\"async\" class=\"aligncenter wp-image-799\" src=\"https:\/\/elcotarro.com\/wp-content\/uploads\/2015\/02\/FOTO-1.-Tenerife-triunfa-en-MadridFusi\u00f3n-2015-1024x547.jpg\" alt=\"FOTO 1.- Tenerife triunfa en MadridFusi\u00f3n 2015\" width=\"550\" height=\"294\" srcset=\"https:\/\/elcotarro.com\/wp-content\/uploads\/2015\/02\/FOTO-1.-Tenerife-triunfa-en-MadridFusi\u00f3n-2015-1024x547.jpg 1024w, https:\/\/elcotarro.com\/wp-content\/uploads\/2015\/02\/FOTO-1.-Tenerife-triunfa-en-MadridFusi\u00f3n-2015-300x160.jpg 300w, https:\/\/elcotarro.com\/wp-content\/uploads\/2015\/02\/FOTO-1.-Tenerife-triunfa-en-MadridFusi\u00f3n-2015.jpg 1620w\" sizes=\"auto, (max-width: 550px) 100vw, 550px\" \/><\/a><\/p>\n<p class=\"comentario\" style=\"text-align: center;\">Yoseba Llarena (i), Jes\u00fas Morales (c) y Jorge Pe\u00f1ate en el stand de Tenerife, con los vinos de las 5 D.O.<\/p>\n","protected":false},"excerpt":{"rendered":"<p>\u2666 Este domingo van a permitir que me ponga sabrosamente gastron\u00f3mico, para celebrar el \u00e9xito de Tenerife en la XIII Cumbre Internacional de Gastronom\u00eda, MadridFusi\u00f3n 2015, que preside el colega periodista y amigo Jos\u00e9 Carlos Capel y que se ha celebrado esta pasada semana en la capital del reino&#8230; Nuestra isla ha estado de nuevo &#8230; <a class=\"read-more\" href=\"https:\/\/elcotarro.com\/?p=797\">Read more<\/a><\/p>\n","protected":false},"author":2,"featured_media":0,"comment_status":"open","ping_status":"open","sticky":false,"template":"","format":"standard","meta":{"_jetpack_memberships_contains_paid_content":false,"footnotes":""},"categories":[62],"tags":[392,390,393,391],"class_list":["post-797","post","type-post","status-publish","format-standard","hentry","category-gastronomia","tag-jesus-morales-martinez","tag-jose-carlos-capel","tag-miguel-angel-santos","tag-miguel-becerra"],"yoast_head":"<!-- This site is optimized with the Yoast SEO plugin v27.0 - https:\/\/yoast.com\/product\/yoast-seo-wordpress\/ -->\n<title>TENERIFE EN MADRIDFUSI\u00d3N 2015 - El Cotarrro<\/title>\n<meta name=\"description\" content=\"Este domingo van a permitir que me ponga sabrosamente gastron\u00f3mico, para celebrar el \u00e9xito de Tenerife en la XIII Cumbre Internacional de Gastronom\u00eda, Mad\" \/>\n<meta name=\"robots\" content=\"index, follow, max-snippet:-1, max-image-preview:large, max-video-preview:-1\" \/>\n<link rel=\"canonical\" href=\"https:\/\/elcotarro.com\/?p=797\" \/>\n<meta property=\"og:locale\" content=\"es_ES\" \/>\n<meta property=\"og:type\" content=\"article\" \/>\n<meta property=\"og:title\" content=\"TENERIFE EN MADRIDFUSI\u00d3N 2015 - El Cotarrro\" \/>\n<meta property=\"og:description\" content=\"Este domingo van a permitir que me ponga sabrosamente gastron\u00f3mico, para celebrar el \u00e9xito de Tenerife en la XIII Cumbre Internacional de Gastronom\u00eda, Mad\" \/>\n<meta property=\"og:url\" content=\"https:\/\/elcotarro.com\/?p=797\" \/>\n<meta property=\"og:site_name\" content=\"El Cotarro\" \/>\n<meta property=\"article:publisher\" content=\"https:\/\/www.facebook.com\/ElCotarro.Tenerife\" \/>\n<meta property=\"article:published_time\" content=\"2015-02-08T12:06:23+00:00\" \/>\n<meta name=\"author\" content=\"Jos\u00e9 Carlos Marrero Gonz\u00e1lez\" \/>\n<meta name=\"twitter:label1\" content=\"Escrito por\" \/>\n\t<meta name=\"twitter:data1\" content=\"Jos\u00e9 Carlos Marrero Gonz\u00e1lez\" \/>\n\t<meta name=\"twitter:label2\" content=\"Tiempo de lectura\" \/>\n\t<meta name=\"twitter:data2\" content=\"1 minuto\" \/>\n<script type=\"application\/ld+json\" class=\"yoast-schema-graph\">{\"@context\":\"https:\/\/schema.org\",\"@graph\":[{\"@type\":\"Article\",\"@id\":\"https:\/\/elcotarro.com\/?p=797#article\",\"isPartOf\":{\"@id\":\"https:\/\/elcotarro.com\/?p=797\"},\"author\":{\"name\":\"Jos\u00e9 Carlos Marrero Gonz\u00e1lez\",\"@id\":\"https:\/\/elcotarro.com\/#\/schema\/person\/af537ee7d60d15984c7e0affcd8a918b\"},\"headline\":\"TENERIFE EN MADRIDFUSI\u00d3N 2015\",\"datePublished\":\"2015-02-08T12:06:23+00:00\",\"mainEntityOfPage\":{\"@id\":\"https:\/\/elcotarro.com\/?p=797\"},\"wordCount\":174,\"commentCount\":0,\"publisher\":{\"@id\":\"https:\/\/elcotarro.com\/#organization\"},\"keywords\":[\"Jes\u00fas Morales Mart\u00ednez\",\"Jos\u00e9 Carlos Capel\",\"Miguel \u00c1ngel Santos\",\"Miguel Becerra\"],\"articleSection\":[\"Gastronom\u00eda\"],\"inLanguage\":\"es\",\"potentialAction\":[{\"@type\":\"CommentAction\",\"name\":\"Comment\",\"target\":[\"https:\/\/elcotarro.com\/?p=797#respond\"]}]},{\"@type\":\"WebPage\",\"@id\":\"https:\/\/elcotarro.com\/?p=797\",\"url\":\"https:\/\/elcotarro.com\/?p=797\",\"name\":\"TENERIFE EN MADRIDFUSI\u00d3N 2015 - El Cotarrro\",\"isPartOf\":{\"@id\":\"https:\/\/elcotarro.com\/#website\"},\"datePublished\":\"2015-02-08T12:06:23+00:00\",\"description\":\"Este domingo van a permitir que me ponga sabrosamente gastron\u00f3mico, para celebrar el \u00e9xito de Tenerife en la XIII Cumbre Internacional de Gastronom\u00eda, Mad\",\"breadcrumb\":{\"@id\":\"https:\/\/elcotarro.com\/?p=797#breadcrumb\"},\"inLanguage\":\"es\",\"potentialAction\":[{\"@type\":\"ReadAction\",\"target\":[\"https:\/\/elcotarro.com\/?p=797\"]}]},{\"@type\":\"BreadcrumbList\",\"@id\":\"https:\/\/elcotarro.com\/?p=797#breadcrumb\",\"itemListElement\":[{\"@type\":\"ListItem\",\"position\":1,\"name\":\"Portada\",\"item\":\"https:\/\/elcotarro.com\/\"},{\"@type\":\"ListItem\",\"position\":2,\"name\":\"TENERIFE EN MADRIDFUSI\u00d3N 2015\"}]},{\"@type\":\"WebSite\",\"@id\":\"https:\/\/elcotarro.com\/#website\",\"url\":\"https:\/\/elcotarro.com\/\",\"name\":\"El Cotarro\",\"description\":\"Peri\u00f3dico Digital Independiente dirigido por Jos\u00e9 Carlos Marrero\",\"publisher\":{\"@id\":\"https:\/\/elcotarro.com\/#organization\"},\"potentialAction\":[{\"@type\":\"SearchAction\",\"target\":{\"@type\":\"EntryPoint\",\"urlTemplate\":\"https:\/\/elcotarro.com\/?s={search_term_string}\"},\"query-input\":{\"@type\":\"PropertyValueSpecification\",\"valueRequired\":true,\"valueName\":\"search_term_string\"}}],\"inLanguage\":\"es\"},{\"@type\":\"Organization\",\"@id\":\"https:\/\/elcotarro.com\/#organization\",\"name\":\"El Cotarro\",\"url\":\"https:\/\/elcotarro.com\/\",\"logo\":{\"@type\":\"ImageObject\",\"inLanguage\":\"es\",\"@id\":\"https:\/\/elcotarro.com\/#\/schema\/logo\/image\/\",\"url\":\"https:\/\/elcotarro.com\/wp-content\/uploads\/2014\/09\/Cabecera_El_Cotarro_v2.jpg\",\"contentUrl\":\"https:\/\/elcotarro.com\/wp-content\/uploads\/2014\/09\/Cabecera_El_Cotarro_v2.jpg\",\"width\":3540,\"height\":441,\"caption\":\"El Cotarro\"},\"image\":{\"@id\":\"https:\/\/elcotarro.com\/#\/schema\/logo\/image\/\"},\"sameAs\":[\"https:\/\/www.facebook.com\/ElCotarro.Tenerife\"]},{\"@type\":\"Person\",\"@id\":\"https:\/\/elcotarro.com\/#\/schema\/person\/af537ee7d60d15984c7e0affcd8a918b\",\"name\":\"Jos\u00e9 Carlos Marrero Gonz\u00e1lez\",\"image\":{\"@type\":\"ImageObject\",\"inLanguage\":\"es\",\"@id\":\"https:\/\/elcotarro.com\/#\/schema\/person\/image\/\",\"url\":\"https:\/\/secure.gravatar.com\/avatar\/def4da036efb5d32c74d49c351f6dccc064dd69ad9f3aadc295c5a9a5391ca01?s=96&d=mm&r=g\",\"contentUrl\":\"https:\/\/secure.gravatar.com\/avatar\/def4da036efb5d32c74d49c351f6dccc064dd69ad9f3aadc295c5a9a5391ca01?s=96&d=mm&r=g\",\"caption\":\"Jos\u00e9 Carlos Marrero Gonz\u00e1lez\"},\"sameAs\":[\"https:\/\/elcotarro.com\"],\"url\":\"https:\/\/elcotarro.com\/?author=2\"}]}<\/script>\n<!-- \/ Yoast SEO plugin. -->","yoast_head_json":{"title":"TENERIFE EN MADRIDFUSI\u00d3N 2015 - El Cotarrro","description":"Este domingo van a permitir que me ponga sabrosamente gastron\u00f3mico, para celebrar el \u00e9xito de Tenerife en la XIII Cumbre Internacional de Gastronom\u00eda, Mad","robots":{"index":"index","follow":"follow","max-snippet":"max-snippet:-1","max-image-preview":"max-image-preview:large","max-video-preview":"max-video-preview:-1"},"canonical":"https:\/\/elcotarro.com\/?p=797","og_locale":"es_ES","og_type":"article","og_title":"TENERIFE EN MADRIDFUSI\u00d3N 2015 - El Cotarrro","og_description":"Este domingo van a permitir que me ponga sabrosamente gastron\u00f3mico, para celebrar el \u00e9xito de Tenerife en la XIII Cumbre Internacional de Gastronom\u00eda, Mad","og_url":"https:\/\/elcotarro.com\/?p=797","og_site_name":"El Cotarro","article_publisher":"https:\/\/www.facebook.com\/ElCotarro.Tenerife","article_published_time":"2015-02-08T12:06:23+00:00","author":"Jos\u00e9 Carlos Marrero Gonz\u00e1lez","twitter_misc":{"Escrito por":"Jos\u00e9 Carlos Marrero Gonz\u00e1lez","Tiempo de lectura":"1 minuto"},"schema":{"@context":"https:\/\/schema.org","@graph":[{"@type":"Article","@id":"https:\/\/elcotarro.com\/?p=797#article","isPartOf":{"@id":"https:\/\/elcotarro.com\/?p=797"},"author":{"name":"Jos\u00e9 Carlos Marrero Gonz\u00e1lez","@id":"https:\/\/elcotarro.com\/#\/schema\/person\/af537ee7d60d15984c7e0affcd8a918b"},"headline":"TENERIFE EN MADRIDFUSI\u00d3N 2015","datePublished":"2015-02-08T12:06:23+00:00","mainEntityOfPage":{"@id":"https:\/\/elcotarro.com\/?p=797"},"wordCount":174,"commentCount":0,"publisher":{"@id":"https:\/\/elcotarro.com\/#organization"},"keywords":["Jes\u00fas Morales Mart\u00ednez","Jos\u00e9 Carlos Capel","Miguel \u00c1ngel Santos","Miguel Becerra"],"articleSection":["Gastronom\u00eda"],"inLanguage":"es","potentialAction":[{"@type":"CommentAction","name":"Comment","target":["https:\/\/elcotarro.com\/?p=797#respond"]}]},{"@type":"WebPage","@id":"https:\/\/elcotarro.com\/?p=797","url":"https:\/\/elcotarro.com\/?p=797","name":"TENERIFE EN MADRIDFUSI\u00d3N 2015 - El Cotarrro","isPartOf":{"@id":"https:\/\/elcotarro.com\/#website"},"datePublished":"2015-02-08T12:06:23+00:00","description":"Este domingo van a permitir que me ponga sabrosamente gastron\u00f3mico, para celebrar el \u00e9xito de Tenerife en la XIII Cumbre Internacional de Gastronom\u00eda, Mad","breadcrumb":{"@id":"https:\/\/elcotarro.com\/?p=797#breadcrumb"},"inLanguage":"es","potentialAction":[{"@type":"ReadAction","target":["https:\/\/elcotarro.com\/?p=797"]}]},{"@type":"BreadcrumbList","@id":"https:\/\/elcotarro.com\/?p=797#breadcrumb","itemListElement":[{"@type":"ListItem","position":1,"name":"Portada","item":"https:\/\/elcotarro.com\/"},{"@type":"ListItem","position":2,"name":"TENERIFE EN MADRIDFUSI\u00d3N 2015"}]},{"@type":"WebSite","@id":"https:\/\/elcotarro.com\/#website","url":"https:\/\/elcotarro.com\/","name":"El Cotarro","description":"Peri\u00f3dico Digital Independiente dirigido por Jos\u00e9 Carlos Marrero","publisher":{"@id":"https:\/\/elcotarro.com\/#organization"},"potentialAction":[{"@type":"SearchAction","target":{"@type":"EntryPoint","urlTemplate":"https:\/\/elcotarro.com\/?s={search_term_string}"},"query-input":{"@type":"PropertyValueSpecification","valueRequired":true,"valueName":"search_term_string"}}],"inLanguage":"es"},{"@type":"Organization","@id":"https:\/\/elcotarro.com\/#organization","name":"El Cotarro","url":"https:\/\/elcotarro.com\/","logo":{"@type":"ImageObject","inLanguage":"es","@id":"https:\/\/elcotarro.com\/#\/schema\/logo\/image\/","url":"https:\/\/elcotarro.com\/wp-content\/uploads\/2014\/09\/Cabecera_El_Cotarro_v2.jpg","contentUrl":"https:\/\/elcotarro.com\/wp-content\/uploads\/2014\/09\/Cabecera_El_Cotarro_v2.jpg","width":3540,"height":441,"caption":"El Cotarro"},"image":{"@id":"https:\/\/elcotarro.com\/#\/schema\/logo\/image\/"},"sameAs":["https:\/\/www.facebook.com\/ElCotarro.Tenerife"]},{"@type":"Person","@id":"https:\/\/elcotarro.com\/#\/schema\/person\/af537ee7d60d15984c7e0affcd8a918b","name":"Jos\u00e9 Carlos Marrero Gonz\u00e1lez","image":{"@type":"ImageObject","inLanguage":"es","@id":"https:\/\/elcotarro.com\/#\/schema\/person\/image\/","url":"https:\/\/secure.gravatar.com\/avatar\/def4da036efb5d32c74d49c351f6dccc064dd69ad9f3aadc295c5a9a5391ca01?s=96&d=mm&r=g","contentUrl":"https:\/\/secure.gravatar.com\/avatar\/def4da036efb5d32c74d49c351f6dccc064dd69ad9f3aadc295c5a9a5391ca01?s=96&d=mm&r=g","caption":"Jos\u00e9 Carlos Marrero Gonz\u00e1lez"},"sameAs":["https:\/\/elcotarro.com"],"url":"https:\/\/elcotarro.com\/?author=2"}]}},"jetpack_featured_media_url":"","jetpack_sharing_enabled":true,"_links":{"self":[{"href":"https:\/\/elcotarro.com\/index.php?rest_route=\/wp\/v2\/posts\/797","targetHints":{"allow":["GET"]}}],"collection":[{"href":"https:\/\/elcotarro.com\/index.php?rest_route=\/wp\/v2\/posts"}],"about":[{"href":"https:\/\/elcotarro.com\/index.php?rest_route=\/wp\/v2\/types\/post"}],"author":[{"embeddable":true,"href":"https:\/\/elcotarro.com\/index.php?rest_route=\/wp\/v2\/users\/2"}],"replies":[{"embeddable":true,"href":"https:\/\/elcotarro.com\/index.php?rest_route=%2Fwp%2Fv2%2Fcomments&post=797"}],"version-history":[{"count":2,"href":"https:\/\/elcotarro.com\/index.php?rest_route=\/wp\/v2\/posts\/797\/revisions"}],"predecessor-version":[{"id":800,"href":"https:\/\/elcotarro.com\/index.php?rest_route=\/wp\/v2\/posts\/797\/revisions\/800"}],"wp:attachment":[{"href":"https:\/\/elcotarro.com\/index.php?rest_route=%2Fwp%2Fv2%2Fmedia&parent=797"}],"wp:term":[{"taxonomy":"category","embeddable":true,"href":"https:\/\/elcotarro.com\/index.php?rest_route=%2Fwp%2Fv2%2Fcategories&post=797"},{"taxonomy":"post_tag","embeddable":true,"href":"https:\/\/elcotarro.com\/index.php?rest_route=%2Fwp%2Fv2%2Ftags&post=797"}],"curies":[{"name":"wp","href":"https:\/\/api.w.org\/{rel}","templated":true}]}}