{"id":7975,"date":"2020-02-23T09:03:11","date_gmt":"2020-02-23T09:03:11","guid":{"rendered":"https:\/\/elcotarro.com\/?p=7975"},"modified":"2020-02-23T08:38:02","modified_gmt":"2020-02-23T08:38:02","slug":"mucho-traje-para-muy-poco-uso-2","status":"publish","type":"post","link":"https:\/\/elcotarro.com\/?p=7975","title":{"rendered":"MUCHO TRAJE PARA MUY POCO USO"},"content":{"rendered":"<p>Como podr\u00e1n suponer, los trajes tienen mucha \u00abfantas\u00eda\u00bb pero poca \u00abfuncionalidad\u00bb. Si me apuran s\u00f3lo se mueven para subir y bajar del escenario (muchos precisan empujadores extra para ello) y luego los colocan (algunos de forma fija atornillados a las carrozas o plataformas) para as\u00ed salir solo en la cabalgata anunciadora y el coso. El resto del tiempo el traje de la reina, los de las damas y dem\u00e1s candidatas, se quedan muertos de risa en la gran nave del Recinto Ferial de Tenerife y alguno, incluso, abandonado para siempre tras la celebraci\u00f3n de la gala\u2026 Toda esta realidad que les cuento hace que la reina, <strong>Sara Cruz Teja<\/strong>, y sus damas, si tienen que asistir a alg\u00fan acto oficial, visitar alguna sociedad o ir al sitio que sea, nunca puedan ir con la fantas\u00eda ganadora al completo. Entre otras cosas porque no caben por la puerta. Creo que hay mucho que reflexionar sobre esto de cara a futuras ediciones de nuestro Carnaval, pero, en el caso de <strong>Sara Cruz<\/strong> (todo hay que decirlo y destacarlo) en su espectacular fantas\u00eda de <strong>Sedomir Rodr\u00edguez de la Sierra<\/strong> y su equipo de once personas, han trabajado m\u00e1s de tres meses, ha costado en torno a 30.000 euros y, entre otras cosas, cuenta con unas 12.500 plumas de fais\u00e1n.<\/p>\n<p style=\"text-align: center\"><a href=\"https:\/\/elcotarro.com\/wp-content\/uploads\/2020\/02\/FOTO-8.-ANCLAJE-REINA.jpeg\"><img loading=\"lazy\" decoding=\"async\" class=\"aligncenter size-full wp-image-7976\" src=\"https:\/\/elcotarro.com\/wp-content\/uploads\/2020\/02\/FOTO-8.-ANCLAJE-REINA.jpeg\" alt=\"\" width=\"2048\" height=\"1536\" srcset=\"https:\/\/elcotarro.com\/wp-content\/uploads\/2020\/02\/FOTO-8.-ANCLAJE-REINA.jpeg 2048w, https:\/\/elcotarro.com\/wp-content\/uploads\/2020\/02\/FOTO-8.-ANCLAJE-REINA-300x225.jpeg 300w, https:\/\/elcotarro.com\/wp-content\/uploads\/2020\/02\/FOTO-8.-ANCLAJE-REINA-1024x768.jpeg 1024w, https:\/\/elcotarro.com\/wp-content\/uploads\/2020\/02\/FOTO-8.-ANCLAJE-REINA-768x576.jpeg 768w, https:\/\/elcotarro.com\/wp-content\/uploads\/2020\/02\/FOTO-8.-ANCLAJE-REINA-1536x1152.jpeg 1536w\" sizes=\"auto, (max-width: 2048px) 100vw, 2048px\" \/><\/a><\/p>\n<p style=\"text-align: center\"><em>Las ruedas del traje\/fantas\u00eda de la Reina del Carnaval, Sara Cruz, debidamente atado y anclado en la plataforma que le llevar\u00e1 a las cabalgatas de nuestro carnaval 2020.<\/em><\/p>\n","protected":false},"excerpt":{"rendered":"<p>Como podr\u00e1n suponer, los trajes tienen mucha \u00abfantas\u00eda\u00bb pero poca \u00abfuncionalidad\u00bb. Si me apuran s\u00f3lo se mueven para subir y bajar del escenario (muchos precisan empujadores extra para ello) y luego los colocan (algunos de forma fija atornillados a las carrozas o plataformas) para as\u00ed salir solo en la cabalgata anunciadora y el coso. El &#8230; <a class=\"read-more\" href=\"https:\/\/elcotarro.com\/?p=7975\">Read more<\/a><\/p>\n","protected":false},"author":2,"featured_media":0,"comment_status":"open","ping_status":"open","sticky":false,"template":"","format":"standard","meta":{"_jetpack_memberships_contains_paid_content":false,"footnotes":""},"categories":[1],"tags":[],"class_list":["post-7975","post","type-post","status-publish","format-standard","hentry","category-sin-categoria"],"yoast_head":"<!-- This site is optimized with the Yoast SEO plugin v27.0 - https:\/\/yoast.com\/product\/yoast-seo-wordpress\/ -->\n<title>MUCHO TRAJE PARA MUY POCO USO - El Cotarro<\/title>\n<meta name=\"robots\" content=\"index, follow, max-snippet:-1, max-image-preview:large, max-video-preview:-1\" \/>\n<link rel=\"canonical\" href=\"https:\/\/elcotarro.com\/?p=7975\" \/>\n<meta property=\"og:locale\" content=\"es_ES\" \/>\n<meta property=\"og:type\" content=\"article\" \/>\n<meta property=\"og:title\" content=\"MUCHO TRAJE PARA MUY POCO USO - El Cotarro\" \/>\n<meta property=\"og:description\" content=\"Como podr\u00e1n suponer, los trajes tienen mucha \u00abfantas\u00eda\u00bb pero poca \u00abfuncionalidad\u00bb. Si me apuran s\u00f3lo se mueven para subir y bajar del escenario (muchos precisan empujadores extra para ello) y luego los colocan (algunos de forma fija atornillados a las carrozas o plataformas) para as\u00ed salir solo en la cabalgata anunciadora y el coso. El ... Read more\" \/>\n<meta property=\"og:url\" content=\"https:\/\/elcotarro.com\/?p=7975\" \/>\n<meta property=\"og:site_name\" content=\"El Cotarro\" \/>\n<meta property=\"article:publisher\" content=\"https:\/\/www.facebook.com\/ElCotarro.Tenerife\" \/>\n<meta property=\"article:published_time\" content=\"2020-02-23T09:03:11+00:00\" \/>\n<meta property=\"og:image\" content=\"https:\/\/elcotarro.com\/wp-content\/uploads\/2020\/02\/FOTO-8.-ANCLAJE-REINA.jpeg\" \/>\n<meta name=\"author\" content=\"Jos\u00e9 Carlos Marrero Gonz\u00e1lez\" \/>\n<meta name=\"twitter:label1\" content=\"Escrito por\" \/>\n\t<meta name=\"twitter:data1\" content=\"Jos\u00e9 Carlos Marrero Gonz\u00e1lez\" \/>\n\t<meta name=\"twitter:label2\" content=\"Tiempo de lectura\" \/>\n\t<meta name=\"twitter:data2\" content=\"1 minuto\" \/>\n<script type=\"application\/ld+json\" class=\"yoast-schema-graph\">{\"@context\":\"https:\/\/schema.org\",\"@graph\":[{\"@type\":\"Article\",\"@id\":\"https:\/\/elcotarro.com\/?p=7975#article\",\"isPartOf\":{\"@id\":\"https:\/\/elcotarro.com\/?p=7975\"},\"author\":{\"name\":\"Jos\u00e9 Carlos Marrero Gonz\u00e1lez\",\"@id\":\"https:\/\/elcotarro.com\/#\/schema\/person\/af537ee7d60d15984c7e0affcd8a918b\"},\"headline\":\"MUCHO TRAJE PARA MUY POCO USO\",\"datePublished\":\"2020-02-23T09:03:11+00:00\",\"mainEntityOfPage\":{\"@id\":\"https:\/\/elcotarro.com\/?p=7975\"},\"wordCount\":260,\"commentCount\":0,\"publisher\":{\"@id\":\"https:\/\/elcotarro.com\/#organization\"},\"image\":{\"@id\":\"https:\/\/elcotarro.com\/?p=7975#primaryimage\"},\"thumbnailUrl\":\"https:\/\/elcotarro.com\/wp-content\/uploads\/2020\/02\/FOTO-8.-ANCLAJE-REINA.jpeg\",\"inLanguage\":\"es\",\"potentialAction\":[{\"@type\":\"CommentAction\",\"name\":\"Comment\",\"target\":[\"https:\/\/elcotarro.com\/?p=7975#respond\"]}]},{\"@type\":\"WebPage\",\"@id\":\"https:\/\/elcotarro.com\/?p=7975\",\"url\":\"https:\/\/elcotarro.com\/?p=7975\",\"name\":\"MUCHO TRAJE PARA MUY POCO USO - El Cotarro\",\"isPartOf\":{\"@id\":\"https:\/\/elcotarro.com\/#website\"},\"primaryImageOfPage\":{\"@id\":\"https:\/\/elcotarro.com\/?p=7975#primaryimage\"},\"image\":{\"@id\":\"https:\/\/elcotarro.com\/?p=7975#primaryimage\"},\"thumbnailUrl\":\"https:\/\/elcotarro.com\/wp-content\/uploads\/2020\/02\/FOTO-8.-ANCLAJE-REINA.jpeg\",\"datePublished\":\"2020-02-23T09:03:11+00:00\",\"breadcrumb\":{\"@id\":\"https:\/\/elcotarro.com\/?p=7975#breadcrumb\"},\"inLanguage\":\"es\",\"potentialAction\":[{\"@type\":\"ReadAction\",\"target\":[\"https:\/\/elcotarro.com\/?p=7975\"]}]},{\"@type\":\"ImageObject\",\"inLanguage\":\"es\",\"@id\":\"https:\/\/elcotarro.com\/?p=7975#primaryimage\",\"url\":\"https:\/\/elcotarro.com\/wp-content\/uploads\/2020\/02\/FOTO-8.-ANCLAJE-REINA.jpeg\",\"contentUrl\":\"https:\/\/elcotarro.com\/wp-content\/uploads\/2020\/02\/FOTO-8.-ANCLAJE-REINA.jpeg\",\"width\":2048,\"height\":1536},{\"@type\":\"BreadcrumbList\",\"@id\":\"https:\/\/elcotarro.com\/?p=7975#breadcrumb\",\"itemListElement\":[{\"@type\":\"ListItem\",\"position\":1,\"name\":\"Portada\",\"item\":\"https:\/\/elcotarro.com\/\"},{\"@type\":\"ListItem\",\"position\":2,\"name\":\"MUCHO TRAJE PARA MUY POCO USO\"}]},{\"@type\":\"WebSite\",\"@id\":\"https:\/\/elcotarro.com\/#website\",\"url\":\"https:\/\/elcotarro.com\/\",\"name\":\"El Cotarro\",\"description\":\"Peri\u00f3dico Digital Independiente dirigido por Jos\u00e9 Carlos Marrero\",\"publisher\":{\"@id\":\"https:\/\/elcotarro.com\/#organization\"},\"potentialAction\":[{\"@type\":\"SearchAction\",\"target\":{\"@type\":\"EntryPoint\",\"urlTemplate\":\"https:\/\/elcotarro.com\/?s={search_term_string}\"},\"query-input\":{\"@type\":\"PropertyValueSpecification\",\"valueRequired\":true,\"valueName\":\"search_term_string\"}}],\"inLanguage\":\"es\"},{\"@type\":\"Organization\",\"@id\":\"https:\/\/elcotarro.com\/#organization\",\"name\":\"El Cotarro\",\"url\":\"https:\/\/elcotarro.com\/\",\"logo\":{\"@type\":\"ImageObject\",\"inLanguage\":\"es\",\"@id\":\"https:\/\/elcotarro.com\/#\/schema\/logo\/image\/\",\"url\":\"https:\/\/elcotarro.com\/wp-content\/uploads\/2014\/09\/Cabecera_El_Cotarro_v2.jpg\",\"contentUrl\":\"https:\/\/elcotarro.com\/wp-content\/uploads\/2014\/09\/Cabecera_El_Cotarro_v2.jpg\",\"width\":3540,\"height\":441,\"caption\":\"El Cotarro\"},\"image\":{\"@id\":\"https:\/\/elcotarro.com\/#\/schema\/logo\/image\/\"},\"sameAs\":[\"https:\/\/www.facebook.com\/ElCotarro.Tenerife\"]},{\"@type\":\"Person\",\"@id\":\"https:\/\/elcotarro.com\/#\/schema\/person\/af537ee7d60d15984c7e0affcd8a918b\",\"name\":\"Jos\u00e9 Carlos Marrero Gonz\u00e1lez\",\"image\":{\"@type\":\"ImageObject\",\"inLanguage\":\"es\",\"@id\":\"https:\/\/elcotarro.com\/#\/schema\/person\/image\/\",\"url\":\"https:\/\/secure.gravatar.com\/avatar\/def4da036efb5d32c74d49c351f6dccc064dd69ad9f3aadc295c5a9a5391ca01?s=96&d=mm&r=g\",\"contentUrl\":\"https:\/\/secure.gravatar.com\/avatar\/def4da036efb5d32c74d49c351f6dccc064dd69ad9f3aadc295c5a9a5391ca01?s=96&d=mm&r=g\",\"caption\":\"Jos\u00e9 Carlos Marrero Gonz\u00e1lez\"},\"sameAs\":[\"https:\/\/elcotarro.com\"],\"url\":\"https:\/\/elcotarro.com\/?author=2\"}]}<\/script>\n<!-- \/ Yoast SEO plugin. -->","yoast_head_json":{"title":"MUCHO TRAJE PARA MUY POCO USO - El Cotarro","robots":{"index":"index","follow":"follow","max-snippet":"max-snippet:-1","max-image-preview":"max-image-preview:large","max-video-preview":"max-video-preview:-1"},"canonical":"https:\/\/elcotarro.com\/?p=7975","og_locale":"es_ES","og_type":"article","og_title":"MUCHO TRAJE PARA MUY POCO USO - El Cotarro","og_description":"Como podr\u00e1n suponer, los trajes tienen mucha \u00abfantas\u00eda\u00bb pero poca \u00abfuncionalidad\u00bb. Si me apuran s\u00f3lo se mueven para subir y bajar del escenario (muchos precisan empujadores extra para ello) y luego los colocan (algunos de forma fija atornillados a las carrozas o plataformas) para as\u00ed salir solo en la cabalgata anunciadora y el coso. El ... Read more","og_url":"https:\/\/elcotarro.com\/?p=7975","og_site_name":"El Cotarro","article_publisher":"https:\/\/www.facebook.com\/ElCotarro.Tenerife","article_published_time":"2020-02-23T09:03:11+00:00","og_image":[{"url":"https:\/\/elcotarro.com\/wp-content\/uploads\/2020\/02\/FOTO-8.-ANCLAJE-REINA.jpeg","type":"","width":"","height":""}],"author":"Jos\u00e9 Carlos Marrero Gonz\u00e1lez","twitter_misc":{"Escrito por":"Jos\u00e9 Carlos Marrero Gonz\u00e1lez","Tiempo de lectura":"1 minuto"},"schema":{"@context":"https:\/\/schema.org","@graph":[{"@type":"Article","@id":"https:\/\/elcotarro.com\/?p=7975#article","isPartOf":{"@id":"https:\/\/elcotarro.com\/?p=7975"},"author":{"name":"Jos\u00e9 Carlos Marrero Gonz\u00e1lez","@id":"https:\/\/elcotarro.com\/#\/schema\/person\/af537ee7d60d15984c7e0affcd8a918b"},"headline":"MUCHO TRAJE PARA MUY POCO USO","datePublished":"2020-02-23T09:03:11+00:00","mainEntityOfPage":{"@id":"https:\/\/elcotarro.com\/?p=7975"},"wordCount":260,"commentCount":0,"publisher":{"@id":"https:\/\/elcotarro.com\/#organization"},"image":{"@id":"https:\/\/elcotarro.com\/?p=7975#primaryimage"},"thumbnailUrl":"https:\/\/elcotarro.com\/wp-content\/uploads\/2020\/02\/FOTO-8.-ANCLAJE-REINA.jpeg","inLanguage":"es","potentialAction":[{"@type":"CommentAction","name":"Comment","target":["https:\/\/elcotarro.com\/?p=7975#respond"]}]},{"@type":"WebPage","@id":"https:\/\/elcotarro.com\/?p=7975","url":"https:\/\/elcotarro.com\/?p=7975","name":"MUCHO TRAJE PARA MUY POCO USO - El Cotarro","isPartOf":{"@id":"https:\/\/elcotarro.com\/#website"},"primaryImageOfPage":{"@id":"https:\/\/elcotarro.com\/?p=7975#primaryimage"},"image":{"@id":"https:\/\/elcotarro.com\/?p=7975#primaryimage"},"thumbnailUrl":"https:\/\/elcotarro.com\/wp-content\/uploads\/2020\/02\/FOTO-8.-ANCLAJE-REINA.jpeg","datePublished":"2020-02-23T09:03:11+00:00","breadcrumb":{"@id":"https:\/\/elcotarro.com\/?p=7975#breadcrumb"},"inLanguage":"es","potentialAction":[{"@type":"ReadAction","target":["https:\/\/elcotarro.com\/?p=7975"]}]},{"@type":"ImageObject","inLanguage":"es","@id":"https:\/\/elcotarro.com\/?p=7975#primaryimage","url":"https:\/\/elcotarro.com\/wp-content\/uploads\/2020\/02\/FOTO-8.-ANCLAJE-REINA.jpeg","contentUrl":"https:\/\/elcotarro.com\/wp-content\/uploads\/2020\/02\/FOTO-8.-ANCLAJE-REINA.jpeg","width":2048,"height":1536},{"@type":"BreadcrumbList","@id":"https:\/\/elcotarro.com\/?p=7975#breadcrumb","itemListElement":[{"@type":"ListItem","position":1,"name":"Portada","item":"https:\/\/elcotarro.com\/"},{"@type":"ListItem","position":2,"name":"MUCHO TRAJE PARA MUY POCO USO"}]},{"@type":"WebSite","@id":"https:\/\/elcotarro.com\/#website","url":"https:\/\/elcotarro.com\/","name":"El Cotarro","description":"Peri\u00f3dico Digital Independiente dirigido por Jos\u00e9 Carlos Marrero","publisher":{"@id":"https:\/\/elcotarro.com\/#organization"},"potentialAction":[{"@type":"SearchAction","target":{"@type":"EntryPoint","urlTemplate":"https:\/\/elcotarro.com\/?s={search_term_string}"},"query-input":{"@type":"PropertyValueSpecification","valueRequired":true,"valueName":"search_term_string"}}],"inLanguage":"es"},{"@type":"Organization","@id":"https:\/\/elcotarro.com\/#organization","name":"El Cotarro","url":"https:\/\/elcotarro.com\/","logo":{"@type":"ImageObject","inLanguage":"es","@id":"https:\/\/elcotarro.com\/#\/schema\/logo\/image\/","url":"https:\/\/elcotarro.com\/wp-content\/uploads\/2014\/09\/Cabecera_El_Cotarro_v2.jpg","contentUrl":"https:\/\/elcotarro.com\/wp-content\/uploads\/2014\/09\/Cabecera_El_Cotarro_v2.jpg","width":3540,"height":441,"caption":"El Cotarro"},"image":{"@id":"https:\/\/elcotarro.com\/#\/schema\/logo\/image\/"},"sameAs":["https:\/\/www.facebook.com\/ElCotarro.Tenerife"]},{"@type":"Person","@id":"https:\/\/elcotarro.com\/#\/schema\/person\/af537ee7d60d15984c7e0affcd8a918b","name":"Jos\u00e9 Carlos Marrero Gonz\u00e1lez","image":{"@type":"ImageObject","inLanguage":"es","@id":"https:\/\/elcotarro.com\/#\/schema\/person\/image\/","url":"https:\/\/secure.gravatar.com\/avatar\/def4da036efb5d32c74d49c351f6dccc064dd69ad9f3aadc295c5a9a5391ca01?s=96&d=mm&r=g","contentUrl":"https:\/\/secure.gravatar.com\/avatar\/def4da036efb5d32c74d49c351f6dccc064dd69ad9f3aadc295c5a9a5391ca01?s=96&d=mm&r=g","caption":"Jos\u00e9 Carlos Marrero Gonz\u00e1lez"},"sameAs":["https:\/\/elcotarro.com"],"url":"https:\/\/elcotarro.com\/?author=2"}]}},"jetpack_featured_media_url":"","jetpack_sharing_enabled":true,"_links":{"self":[{"href":"https:\/\/elcotarro.com\/index.php?rest_route=\/wp\/v2\/posts\/7975","targetHints":{"allow":["GET"]}}],"collection":[{"href":"https:\/\/elcotarro.com\/index.php?rest_route=\/wp\/v2\/posts"}],"about":[{"href":"https:\/\/elcotarro.com\/index.php?rest_route=\/wp\/v2\/types\/post"}],"author":[{"embeddable":true,"href":"https:\/\/elcotarro.com\/index.php?rest_route=\/wp\/v2\/users\/2"}],"replies":[{"embeddable":true,"href":"https:\/\/elcotarro.com\/index.php?rest_route=%2Fwp%2Fv2%2Fcomments&post=7975"}],"version-history":[{"count":1,"href":"https:\/\/elcotarro.com\/index.php?rest_route=\/wp\/v2\/posts\/7975\/revisions"}],"predecessor-version":[{"id":7977,"href":"https:\/\/elcotarro.com\/index.php?rest_route=\/wp\/v2\/posts\/7975\/revisions\/7977"}],"wp:attachment":[{"href":"https:\/\/elcotarro.com\/index.php?rest_route=%2Fwp%2Fv2%2Fmedia&parent=7975"}],"wp:term":[{"taxonomy":"category","embeddable":true,"href":"https:\/\/elcotarro.com\/index.php?rest_route=%2Fwp%2Fv2%2Fcategories&post=7975"},{"taxonomy":"post_tag","embeddable":true,"href":"https:\/\/elcotarro.com\/index.php?rest_route=%2Fwp%2Fv2%2Ftags&post=7975"}],"curies":[{"name":"wp","href":"https:\/\/api.w.org\/{rel}","templated":true}]}}