{"id":8013,"date":"2020-03-08T09:09:22","date_gmt":"2020-03-08T09:09:22","guid":{"rendered":"https:\/\/elcotarro.com\/?p=8013"},"modified":"2020-03-08T07:49:37","modified_gmt":"2020-03-08T07:49:37","slug":"congreso-y-secretaria-general-de-cc","status":"publish","type":"post","link":"https:\/\/elcotarro.com\/?p=8013","title":{"rendered":"CONGRESO Y SECRETAR\u00cdA GENERAL DE CC"},"content":{"rendered":"<p>Entonces la foto que les adjunto tiene de nuevo vigencia porque \u201clos 4 mosqueteros\u201d que aparecen en ella, entran en juego y vuelven a cobrar protagonismo, desde un posible enfrentamiento entre ellos. Lo que al parecer se quiere forzar (por muchos motivos, entre ellos la imputaci\u00f3n de <strong>Fernando Clavijo<\/strong> en el llamado \u201cCaso Gr\u00faas\u201d) es que el exalcalde y expresidente d\u00e9 un paso a un lado y permita que otra persona ocupe la secretar\u00eda general de CC. As\u00ed las cosas, desde Nueva Canarias se ver\u00eda con muy buenos ojos que esa persona represente al, digamos, el centro izquierda de CC, y rezan para que pudiera ser el exalcalde de La Laguna, <strong>Jos\u00e9 Alberto D\u00edaz<\/strong>, hombre dialogante que podr\u00eda ser bien visto y aceptado en las siete islas de cara a una posible uni\u00f3n del nacionalismo canario (CC y NC).<\/p>\n<p style=\"text-align: center\"><a href=\"https:\/\/elcotarro.com\/wp-content\/uploads\/2020\/03\/FOTO-2.-MOSQUETEROS.jpg\"><img loading=\"lazy\" decoding=\"async\" class=\"aligncenter size-full wp-image-8014\" src=\"https:\/\/elcotarro.com\/wp-content\/uploads\/2020\/03\/FOTO-2.-MOSQUETEROS.jpg\" alt=\"\" width=\"1280\" height=\"960\" srcset=\"https:\/\/elcotarro.com\/wp-content\/uploads\/2020\/03\/FOTO-2.-MOSQUETEROS.jpg 1280w, https:\/\/elcotarro.com\/wp-content\/uploads\/2020\/03\/FOTO-2.-MOSQUETEROS-300x225.jpg 300w, https:\/\/elcotarro.com\/wp-content\/uploads\/2020\/03\/FOTO-2.-MOSQUETEROS-1024x768.jpg 1024w, https:\/\/elcotarro.com\/wp-content\/uploads\/2020\/03\/FOTO-2.-MOSQUETEROS-768x576.jpg 768w\" sizes=\"auto, (max-width: 1280px) 100vw, 1280px\" \/><\/a><\/p>\n<p style=\"text-align: center\"><em>Los \u201ccuatro mosqueteros\u201d de CC. De izquierda a derecha, Carlos Alonso, Jos\u00e9 Alberto D\u00edaz, Jos\u00e9 Manuel Berm\u00fadez y Fernando Clavijo.<\/em><\/p>\n","protected":false},"excerpt":{"rendered":"<p>Entonces la foto que les adjunto tiene de nuevo vigencia porque \u201clos 4 mosqueteros\u201d que aparecen en ella, entran en juego y vuelven a cobrar protagonismo, desde un posible enfrentamiento entre ellos. Lo que al parecer se quiere forzar (por muchos motivos, entre ellos la imputaci\u00f3n de Fernando Clavijo en el llamado \u201cCaso Gr\u00faas\u201d) es &#8230; <a class=\"read-more\" href=\"https:\/\/elcotarro.com\/?p=8013\">Read more<\/a><\/p>\n","protected":false},"author":2,"featured_media":0,"comment_status":"open","ping_status":"open","sticky":false,"template":"","format":"standard","meta":{"_jetpack_memberships_contains_paid_content":false,"footnotes":""},"categories":[1],"tags":[],"class_list":["post-8013","post","type-post","status-publish","format-standard","hentry","category-sin-categoria"],"yoast_head":"<!-- This site is optimized with the Yoast SEO plugin v27.0 - https:\/\/yoast.com\/product\/yoast-seo-wordpress\/ -->\n<title>CONGRESO Y SECRETAR\u00cdA GENERAL DE CC - El Cotarro<\/title>\n<meta name=\"robots\" content=\"index, follow, max-snippet:-1, max-image-preview:large, max-video-preview:-1\" \/>\n<link rel=\"canonical\" href=\"https:\/\/elcotarro.com\/?p=8013\" \/>\n<meta property=\"og:locale\" content=\"es_ES\" \/>\n<meta property=\"og:type\" content=\"article\" \/>\n<meta property=\"og:title\" content=\"CONGRESO Y SECRETAR\u00cdA GENERAL DE CC - El Cotarro\" \/>\n<meta property=\"og:description\" content=\"Entonces la foto que les adjunto tiene de nuevo vigencia porque \u201clos 4 mosqueteros\u201d que aparecen en ella, entran en juego y vuelven a cobrar protagonismo, desde un posible enfrentamiento entre ellos. Lo que al parecer se quiere forzar (por muchos motivos, entre ellos la imputaci\u00f3n de Fernando Clavijo en el llamado \u201cCaso Gr\u00faas\u201d) es ... Read more\" \/>\n<meta property=\"og:url\" content=\"https:\/\/elcotarro.com\/?p=8013\" \/>\n<meta property=\"og:site_name\" content=\"El Cotarro\" \/>\n<meta property=\"article:publisher\" content=\"https:\/\/www.facebook.com\/ElCotarro.Tenerife\" \/>\n<meta property=\"article:published_time\" content=\"2020-03-08T09:09:22+00:00\" \/>\n<meta property=\"og:image\" content=\"https:\/\/elcotarro.com\/wp-content\/uploads\/2020\/03\/FOTO-2.-MOSQUETEROS.jpg\" \/>\n<meta name=\"author\" content=\"Jos\u00e9 Carlos Marrero Gonz\u00e1lez\" \/>\n<meta name=\"twitter:label1\" content=\"Escrito por\" \/>\n\t<meta name=\"twitter:data1\" content=\"Jos\u00e9 Carlos Marrero Gonz\u00e1lez\" \/>\n\t<meta name=\"twitter:label2\" content=\"Tiempo de lectura\" \/>\n\t<meta name=\"twitter:data2\" content=\"1 minuto\" \/>\n<script type=\"application\/ld+json\" class=\"yoast-schema-graph\">{\"@context\":\"https:\/\/schema.org\",\"@graph\":[{\"@type\":\"Article\",\"@id\":\"https:\/\/elcotarro.com\/?p=8013#article\",\"isPartOf\":{\"@id\":\"https:\/\/elcotarro.com\/?p=8013\"},\"author\":{\"name\":\"Jos\u00e9 Carlos Marrero Gonz\u00e1lez\",\"@id\":\"https:\/\/elcotarro.com\/#\/schema\/person\/af537ee7d60d15984c7e0affcd8a918b\"},\"headline\":\"CONGRESO Y SECRETAR\u00cdA GENERAL DE CC\",\"datePublished\":\"2020-03-08T09:09:22+00:00\",\"mainEntityOfPage\":{\"@id\":\"https:\/\/elcotarro.com\/?p=8013\"},\"wordCount\":174,\"commentCount\":0,\"publisher\":{\"@id\":\"https:\/\/elcotarro.com\/#organization\"},\"image\":{\"@id\":\"https:\/\/elcotarro.com\/?p=8013#primaryimage\"},\"thumbnailUrl\":\"https:\/\/elcotarro.com\/wp-content\/uploads\/2020\/03\/FOTO-2.-MOSQUETEROS.jpg\",\"inLanguage\":\"es\",\"potentialAction\":[{\"@type\":\"CommentAction\",\"name\":\"Comment\",\"target\":[\"https:\/\/elcotarro.com\/?p=8013#respond\"]}]},{\"@type\":\"WebPage\",\"@id\":\"https:\/\/elcotarro.com\/?p=8013\",\"url\":\"https:\/\/elcotarro.com\/?p=8013\",\"name\":\"CONGRESO Y SECRETAR\u00cdA GENERAL DE CC - El Cotarro\",\"isPartOf\":{\"@id\":\"https:\/\/elcotarro.com\/#website\"},\"primaryImageOfPage\":{\"@id\":\"https:\/\/elcotarro.com\/?p=8013#primaryimage\"},\"image\":{\"@id\":\"https:\/\/elcotarro.com\/?p=8013#primaryimage\"},\"thumbnailUrl\":\"https:\/\/elcotarro.com\/wp-content\/uploads\/2020\/03\/FOTO-2.-MOSQUETEROS.jpg\",\"datePublished\":\"2020-03-08T09:09:22+00:00\",\"breadcrumb\":{\"@id\":\"https:\/\/elcotarro.com\/?p=8013#breadcrumb\"},\"inLanguage\":\"es\",\"potentialAction\":[{\"@type\":\"ReadAction\",\"target\":[\"https:\/\/elcotarro.com\/?p=8013\"]}]},{\"@type\":\"ImageObject\",\"inLanguage\":\"es\",\"@id\":\"https:\/\/elcotarro.com\/?p=8013#primaryimage\",\"url\":\"https:\/\/elcotarro.com\/wp-content\/uploads\/2020\/03\/FOTO-2.-MOSQUETEROS.jpg\",\"contentUrl\":\"https:\/\/elcotarro.com\/wp-content\/uploads\/2020\/03\/FOTO-2.-MOSQUETEROS.jpg\",\"width\":1280,\"height\":960},{\"@type\":\"BreadcrumbList\",\"@id\":\"https:\/\/elcotarro.com\/?p=8013#breadcrumb\",\"itemListElement\":[{\"@type\":\"ListItem\",\"position\":1,\"name\":\"Portada\",\"item\":\"https:\/\/elcotarro.com\/\"},{\"@type\":\"ListItem\",\"position\":2,\"name\":\"CONGRESO Y SECRETAR\u00cdA GENERAL DE CC\"}]},{\"@type\":\"WebSite\",\"@id\":\"https:\/\/elcotarro.com\/#website\",\"url\":\"https:\/\/elcotarro.com\/\",\"name\":\"El Cotarro\",\"description\":\"Peri\u00f3dico Digital Independiente dirigido por Jos\u00e9 Carlos Marrero\",\"publisher\":{\"@id\":\"https:\/\/elcotarro.com\/#organization\"},\"potentialAction\":[{\"@type\":\"SearchAction\",\"target\":{\"@type\":\"EntryPoint\",\"urlTemplate\":\"https:\/\/elcotarro.com\/?s={search_term_string}\"},\"query-input\":{\"@type\":\"PropertyValueSpecification\",\"valueRequired\":true,\"valueName\":\"search_term_string\"}}],\"inLanguage\":\"es\"},{\"@type\":\"Organization\",\"@id\":\"https:\/\/elcotarro.com\/#organization\",\"name\":\"El Cotarro\",\"url\":\"https:\/\/elcotarro.com\/\",\"logo\":{\"@type\":\"ImageObject\",\"inLanguage\":\"es\",\"@id\":\"https:\/\/elcotarro.com\/#\/schema\/logo\/image\/\",\"url\":\"https:\/\/elcotarro.com\/wp-content\/uploads\/2014\/09\/Cabecera_El_Cotarro_v2.jpg\",\"contentUrl\":\"https:\/\/elcotarro.com\/wp-content\/uploads\/2014\/09\/Cabecera_El_Cotarro_v2.jpg\",\"width\":3540,\"height\":441,\"caption\":\"El Cotarro\"},\"image\":{\"@id\":\"https:\/\/elcotarro.com\/#\/schema\/logo\/image\/\"},\"sameAs\":[\"https:\/\/www.facebook.com\/ElCotarro.Tenerife\"]},{\"@type\":\"Person\",\"@id\":\"https:\/\/elcotarro.com\/#\/schema\/person\/af537ee7d60d15984c7e0affcd8a918b\",\"name\":\"Jos\u00e9 Carlos Marrero Gonz\u00e1lez\",\"image\":{\"@type\":\"ImageObject\",\"inLanguage\":\"es\",\"@id\":\"https:\/\/elcotarro.com\/#\/schema\/person\/image\/\",\"url\":\"https:\/\/secure.gravatar.com\/avatar\/def4da036efb5d32c74d49c351f6dccc064dd69ad9f3aadc295c5a9a5391ca01?s=96&d=mm&r=g\",\"contentUrl\":\"https:\/\/secure.gravatar.com\/avatar\/def4da036efb5d32c74d49c351f6dccc064dd69ad9f3aadc295c5a9a5391ca01?s=96&d=mm&r=g\",\"caption\":\"Jos\u00e9 Carlos Marrero Gonz\u00e1lez\"},\"sameAs\":[\"https:\/\/elcotarro.com\"],\"url\":\"https:\/\/elcotarro.com\/?author=2\"}]}<\/script>\n<!-- \/ Yoast SEO plugin. -->","yoast_head_json":{"title":"CONGRESO Y SECRETAR\u00cdA GENERAL DE CC - El Cotarro","robots":{"index":"index","follow":"follow","max-snippet":"max-snippet:-1","max-image-preview":"max-image-preview:large","max-video-preview":"max-video-preview:-1"},"canonical":"https:\/\/elcotarro.com\/?p=8013","og_locale":"es_ES","og_type":"article","og_title":"CONGRESO Y SECRETAR\u00cdA GENERAL DE CC - El Cotarro","og_description":"Entonces la foto que les adjunto tiene de nuevo vigencia porque \u201clos 4 mosqueteros\u201d que aparecen en ella, entran en juego y vuelven a cobrar protagonismo, desde un posible enfrentamiento entre ellos. Lo que al parecer se quiere forzar (por muchos motivos, entre ellos la imputaci\u00f3n de Fernando Clavijo en el llamado \u201cCaso Gr\u00faas\u201d) es ... Read more","og_url":"https:\/\/elcotarro.com\/?p=8013","og_site_name":"El Cotarro","article_publisher":"https:\/\/www.facebook.com\/ElCotarro.Tenerife","article_published_time":"2020-03-08T09:09:22+00:00","og_image":[{"url":"https:\/\/elcotarro.com\/wp-content\/uploads\/2020\/03\/FOTO-2.-MOSQUETEROS.jpg","type":"","width":"","height":""}],"author":"Jos\u00e9 Carlos Marrero Gonz\u00e1lez","twitter_misc":{"Escrito por":"Jos\u00e9 Carlos Marrero Gonz\u00e1lez","Tiempo de lectura":"1 minuto"},"schema":{"@context":"https:\/\/schema.org","@graph":[{"@type":"Article","@id":"https:\/\/elcotarro.com\/?p=8013#article","isPartOf":{"@id":"https:\/\/elcotarro.com\/?p=8013"},"author":{"name":"Jos\u00e9 Carlos Marrero Gonz\u00e1lez","@id":"https:\/\/elcotarro.com\/#\/schema\/person\/af537ee7d60d15984c7e0affcd8a918b"},"headline":"CONGRESO Y SECRETAR\u00cdA GENERAL DE CC","datePublished":"2020-03-08T09:09:22+00:00","mainEntityOfPage":{"@id":"https:\/\/elcotarro.com\/?p=8013"},"wordCount":174,"commentCount":0,"publisher":{"@id":"https:\/\/elcotarro.com\/#organization"},"image":{"@id":"https:\/\/elcotarro.com\/?p=8013#primaryimage"},"thumbnailUrl":"https:\/\/elcotarro.com\/wp-content\/uploads\/2020\/03\/FOTO-2.-MOSQUETEROS.jpg","inLanguage":"es","potentialAction":[{"@type":"CommentAction","name":"Comment","target":["https:\/\/elcotarro.com\/?p=8013#respond"]}]},{"@type":"WebPage","@id":"https:\/\/elcotarro.com\/?p=8013","url":"https:\/\/elcotarro.com\/?p=8013","name":"CONGRESO Y SECRETAR\u00cdA GENERAL DE CC - El Cotarro","isPartOf":{"@id":"https:\/\/elcotarro.com\/#website"},"primaryImageOfPage":{"@id":"https:\/\/elcotarro.com\/?p=8013#primaryimage"},"image":{"@id":"https:\/\/elcotarro.com\/?p=8013#primaryimage"},"thumbnailUrl":"https:\/\/elcotarro.com\/wp-content\/uploads\/2020\/03\/FOTO-2.-MOSQUETEROS.jpg","datePublished":"2020-03-08T09:09:22+00:00","breadcrumb":{"@id":"https:\/\/elcotarro.com\/?p=8013#breadcrumb"},"inLanguage":"es","potentialAction":[{"@type":"ReadAction","target":["https:\/\/elcotarro.com\/?p=8013"]}]},{"@type":"ImageObject","inLanguage":"es","@id":"https:\/\/elcotarro.com\/?p=8013#primaryimage","url":"https:\/\/elcotarro.com\/wp-content\/uploads\/2020\/03\/FOTO-2.-MOSQUETEROS.jpg","contentUrl":"https:\/\/elcotarro.com\/wp-content\/uploads\/2020\/03\/FOTO-2.-MOSQUETEROS.jpg","width":1280,"height":960},{"@type":"BreadcrumbList","@id":"https:\/\/elcotarro.com\/?p=8013#breadcrumb","itemListElement":[{"@type":"ListItem","position":1,"name":"Portada","item":"https:\/\/elcotarro.com\/"},{"@type":"ListItem","position":2,"name":"CONGRESO Y SECRETAR\u00cdA GENERAL DE CC"}]},{"@type":"WebSite","@id":"https:\/\/elcotarro.com\/#website","url":"https:\/\/elcotarro.com\/","name":"El Cotarro","description":"Peri\u00f3dico Digital Independiente dirigido por Jos\u00e9 Carlos Marrero","publisher":{"@id":"https:\/\/elcotarro.com\/#organization"},"potentialAction":[{"@type":"SearchAction","target":{"@type":"EntryPoint","urlTemplate":"https:\/\/elcotarro.com\/?s={search_term_string}"},"query-input":{"@type":"PropertyValueSpecification","valueRequired":true,"valueName":"search_term_string"}}],"inLanguage":"es"},{"@type":"Organization","@id":"https:\/\/elcotarro.com\/#organization","name":"El Cotarro","url":"https:\/\/elcotarro.com\/","logo":{"@type":"ImageObject","inLanguage":"es","@id":"https:\/\/elcotarro.com\/#\/schema\/logo\/image\/","url":"https:\/\/elcotarro.com\/wp-content\/uploads\/2014\/09\/Cabecera_El_Cotarro_v2.jpg","contentUrl":"https:\/\/elcotarro.com\/wp-content\/uploads\/2014\/09\/Cabecera_El_Cotarro_v2.jpg","width":3540,"height":441,"caption":"El Cotarro"},"image":{"@id":"https:\/\/elcotarro.com\/#\/schema\/logo\/image\/"},"sameAs":["https:\/\/www.facebook.com\/ElCotarro.Tenerife"]},{"@type":"Person","@id":"https:\/\/elcotarro.com\/#\/schema\/person\/af537ee7d60d15984c7e0affcd8a918b","name":"Jos\u00e9 Carlos Marrero Gonz\u00e1lez","image":{"@type":"ImageObject","inLanguage":"es","@id":"https:\/\/elcotarro.com\/#\/schema\/person\/image\/","url":"https:\/\/secure.gravatar.com\/avatar\/def4da036efb5d32c74d49c351f6dccc064dd69ad9f3aadc295c5a9a5391ca01?s=96&d=mm&r=g","contentUrl":"https:\/\/secure.gravatar.com\/avatar\/def4da036efb5d32c74d49c351f6dccc064dd69ad9f3aadc295c5a9a5391ca01?s=96&d=mm&r=g","caption":"Jos\u00e9 Carlos Marrero Gonz\u00e1lez"},"sameAs":["https:\/\/elcotarro.com"],"url":"https:\/\/elcotarro.com\/?author=2"}]}},"jetpack_featured_media_url":"","jetpack_sharing_enabled":true,"_links":{"self":[{"href":"https:\/\/elcotarro.com\/index.php?rest_route=\/wp\/v2\/posts\/8013","targetHints":{"allow":["GET"]}}],"collection":[{"href":"https:\/\/elcotarro.com\/index.php?rest_route=\/wp\/v2\/posts"}],"about":[{"href":"https:\/\/elcotarro.com\/index.php?rest_route=\/wp\/v2\/types\/post"}],"author":[{"embeddable":true,"href":"https:\/\/elcotarro.com\/index.php?rest_route=\/wp\/v2\/users\/2"}],"replies":[{"embeddable":true,"href":"https:\/\/elcotarro.com\/index.php?rest_route=%2Fwp%2Fv2%2Fcomments&post=8013"}],"version-history":[{"count":1,"href":"https:\/\/elcotarro.com\/index.php?rest_route=\/wp\/v2\/posts\/8013\/revisions"}],"predecessor-version":[{"id":8015,"href":"https:\/\/elcotarro.com\/index.php?rest_route=\/wp\/v2\/posts\/8013\/revisions\/8015"}],"wp:attachment":[{"href":"https:\/\/elcotarro.com\/index.php?rest_route=%2Fwp%2Fv2%2Fmedia&parent=8013"}],"wp:term":[{"taxonomy":"category","embeddable":true,"href":"https:\/\/elcotarro.com\/index.php?rest_route=%2Fwp%2Fv2%2Fcategories&post=8013"},{"taxonomy":"post_tag","embeddable":true,"href":"https:\/\/elcotarro.com\/index.php?rest_route=%2Fwp%2Fv2%2Ftags&post=8013"}],"curies":[{"name":"wp","href":"https:\/\/api.w.org\/{rel}","templated":true}]}}