{"id":8065,"date":"2020-03-15T09:02:01","date_gmt":"2020-03-15T09:02:01","guid":{"rendered":"https:\/\/elcotarro.com\/?p=8065"},"modified":"2020-03-15T08:41:11","modified_gmt":"2020-03-15T08:41:11","slug":"roberto-ucelay-academico-de-honor","status":"publish","type":"post","link":"https:\/\/elcotarro.com\/?p=8065","title":{"rendered":"ROBERTO UCELAY, ACAD\u00c9MICO DE HONOR"},"content":{"rendered":"<p>Termino con una noticia en positivo que, adem\u00e1s es muy sabrosa y habla de un galard\u00f3n m\u00e1s que merecido. Y es que la Academia de Gastronom\u00eda de Tenerife, que actualmente preside muy bien <strong>Antonio De la Cruz Veguero<\/strong>, aprob\u00f3 en la \u00faltima reuni\u00f3n de su activa Junta Directiva el nombramiento del que en su d\u00eda fue uno de sus fundadores y primer presidente de la misma, <strong>Roberto Ucelay Sabina<\/strong>, como \u201cAcad\u00e9mico de Honor\u201d. Es la primera vez que la gastron\u00f3mica asociaci\u00f3n tinerfe\u00f1a otorga este t\u00edtulo, y lo hace en una persona como el gran <strong>Roberto Ucelay<\/strong>, siempre proactivo y <em>desinquieto<\/em>, que desde su fundaci\u00f3n y en todo momento luchando por la Academia, animando unas veces, llamando a la calma otras y, siempre, diciendo las cosas muy clarito, poniendo a cada persona en su sitio y trabajando por un mejor futuro para la asociaci\u00f3n. El merecido galard\u00f3n le fue entregado en el transcurso de la \u00faltima comida celebrada por la Academia, celebrada hace unos d\u00edas en el emblem\u00e1tico Mes\u00f3n \u201cEl Drago\u201d, que actualmente regenta en El Socorro (Tegueste) el magn\u00edfico chef <strong>Carlos Gamonal D\u00edaz <\/strong>y donde el propio <strong>Carlos Gamonal Jr.<\/strong> (hijo del gran Carlos <strong>Gamonal Jim\u00e9nez<\/strong>) dise\u00f1\u00f3, elabor\u00f3 y sirvi\u00f3 con todo su equipo de profesionales un magn\u00edfico men\u00fa, digno de honores.<\/p>\n<p style=\"text-align: center\"><a href=\"https:\/\/elcotarro.com\/wp-content\/uploads\/2020\/03\/FOTO-9.-ACADEMIA.jpg\"><img loading=\"lazy\" decoding=\"async\" class=\"aligncenter size-full wp-image-8066\" src=\"https:\/\/elcotarro.com\/wp-content\/uploads\/2020\/03\/FOTO-9.-ACADEMIA.jpg\" alt=\"\" width=\"1200\" height=\"1600\" srcset=\"https:\/\/elcotarro.com\/wp-content\/uploads\/2020\/03\/FOTO-9.-ACADEMIA.jpg 1200w, https:\/\/elcotarro.com\/wp-content\/uploads\/2020\/03\/FOTO-9.-ACADEMIA-225x300.jpg 225w, https:\/\/elcotarro.com\/wp-content\/uploads\/2020\/03\/FOTO-9.-ACADEMIA-768x1024.jpg 768w, https:\/\/elcotarro.com\/wp-content\/uploads\/2020\/03\/FOTO-9.-ACADEMIA-1152x1536.jpg 1152w\" sizes=\"auto, (max-width: 1200px) 100vw, 1200px\" \/><\/a><\/p>\n<p style=\"text-align: center\"><em>El presidente de la Academia de Gastronom\u00eda de Tenerife, Antonio De la Cruz Veguero (i) junto a Roberto Ucelay Sabina (d), tras la entrega del diploma que le acredita como primer \u201cAcad\u00e9mico de Honor\u201d de la gastron\u00f3mica entidad.<\/em><\/p>\n<p style=\"text-align: center\"><a href=\"http:\/\/www.careca.es\/\" target=\"_blank\" rel=\"noopener noreferrer\"><img loading=\"lazy\" decoding=\"async\" class=\"size-full wp-image-2216 aligncenter\" src=\"https:\/\/elcotarro.com\/wp-content\/uploads\/2016\/07\/InsulacafeElCotarro.jpg\" alt=\"Bnn_Careca\" width=\"750\" height=\"150\" \/><\/a><\/p>\n","protected":false},"excerpt":{"rendered":"<p>Termino con una noticia en positivo que, adem\u00e1s es muy sabrosa y habla de un galard\u00f3n m\u00e1s que merecido. Y es que la Academia de Gastronom\u00eda de Tenerife, que actualmente preside muy bien Antonio De la Cruz Veguero, aprob\u00f3 en la \u00faltima reuni\u00f3n de su activa Junta Directiva el nombramiento del que en su d\u00eda &#8230; <a class=\"read-more\" href=\"https:\/\/elcotarro.com\/?p=8065\">Read more<\/a><\/p>\n","protected":false},"author":2,"featured_media":0,"comment_status":"open","ping_status":"open","sticky":false,"template":"","format":"standard","meta":{"_jetpack_memberships_contains_paid_content":false,"footnotes":""},"categories":[1],"tags":[],"class_list":["post-8065","post","type-post","status-publish","format-standard","hentry","category-sin-categoria"],"yoast_head":"<!-- This site is optimized with the Yoast SEO plugin v27.0 - https:\/\/yoast.com\/product\/yoast-seo-wordpress\/ -->\n<title>ROBERTO UCELAY, ACAD\u00c9MICO DE HONOR - El Cotarro<\/title>\n<meta name=\"robots\" content=\"index, follow, max-snippet:-1, max-image-preview:large, max-video-preview:-1\" \/>\n<link rel=\"canonical\" href=\"https:\/\/elcotarro.com\/?p=8065\" \/>\n<meta property=\"og:locale\" content=\"es_ES\" \/>\n<meta property=\"og:type\" content=\"article\" \/>\n<meta property=\"og:title\" content=\"ROBERTO UCELAY, ACAD\u00c9MICO DE HONOR - El Cotarro\" \/>\n<meta property=\"og:description\" content=\"Termino con una noticia en positivo que, adem\u00e1s es muy sabrosa y habla de un galard\u00f3n m\u00e1s que merecido. Y es que la Academia de Gastronom\u00eda de Tenerife, que actualmente preside muy bien Antonio De la Cruz Veguero, aprob\u00f3 en la \u00faltima reuni\u00f3n de su activa Junta Directiva el nombramiento del que en su d\u00eda ... Read more\" \/>\n<meta property=\"og:url\" content=\"https:\/\/elcotarro.com\/?p=8065\" \/>\n<meta property=\"og:site_name\" content=\"El Cotarro\" \/>\n<meta property=\"article:publisher\" content=\"https:\/\/www.facebook.com\/ElCotarro.Tenerife\" \/>\n<meta property=\"article:published_time\" content=\"2020-03-15T09:02:01+00:00\" \/>\n<meta property=\"og:image\" content=\"https:\/\/elcotarro.com\/wp-content\/uploads\/2020\/03\/FOTO-9.-ACADEMIA.jpg\" \/>\n<meta name=\"author\" content=\"Jos\u00e9 Carlos Marrero Gonz\u00e1lez\" \/>\n<meta name=\"twitter:label1\" content=\"Escrito por\" \/>\n\t<meta name=\"twitter:data1\" content=\"Jos\u00e9 Carlos Marrero Gonz\u00e1lez\" \/>\n\t<meta name=\"twitter:label2\" content=\"Tiempo de lectura\" \/>\n\t<meta name=\"twitter:data2\" content=\"1 minuto\" \/>\n<script type=\"application\/ld+json\" class=\"yoast-schema-graph\">{\"@context\":\"https:\/\/schema.org\",\"@graph\":[{\"@type\":\"Article\",\"@id\":\"https:\/\/elcotarro.com\/?p=8065#article\",\"isPartOf\":{\"@id\":\"https:\/\/elcotarro.com\/?p=8065\"},\"author\":{\"name\":\"Jos\u00e9 Carlos Marrero Gonz\u00e1lez\",\"@id\":\"https:\/\/elcotarro.com\/#\/schema\/person\/af537ee7d60d15984c7e0affcd8a918b\"},\"headline\":\"ROBERTO UCELAY, ACAD\u00c9MICO DE HONOR\",\"datePublished\":\"2020-03-15T09:02:01+00:00\",\"mainEntityOfPage\":{\"@id\":\"https:\/\/elcotarro.com\/?p=8065\"},\"wordCount\":280,\"commentCount\":0,\"publisher\":{\"@id\":\"https:\/\/elcotarro.com\/#organization\"},\"image\":{\"@id\":\"https:\/\/elcotarro.com\/?p=8065#primaryimage\"},\"thumbnailUrl\":\"https:\/\/elcotarro.com\/wp-content\/uploads\/2020\/03\/FOTO-9.-ACADEMIA.jpg\",\"inLanguage\":\"es\",\"potentialAction\":[{\"@type\":\"CommentAction\",\"name\":\"Comment\",\"target\":[\"https:\/\/elcotarro.com\/?p=8065#respond\"]}]},{\"@type\":\"WebPage\",\"@id\":\"https:\/\/elcotarro.com\/?p=8065\",\"url\":\"https:\/\/elcotarro.com\/?p=8065\",\"name\":\"ROBERTO UCELAY, ACAD\u00c9MICO DE HONOR - El Cotarro\",\"isPartOf\":{\"@id\":\"https:\/\/elcotarro.com\/#website\"},\"primaryImageOfPage\":{\"@id\":\"https:\/\/elcotarro.com\/?p=8065#primaryimage\"},\"image\":{\"@id\":\"https:\/\/elcotarro.com\/?p=8065#primaryimage\"},\"thumbnailUrl\":\"https:\/\/elcotarro.com\/wp-content\/uploads\/2020\/03\/FOTO-9.-ACADEMIA.jpg\",\"datePublished\":\"2020-03-15T09:02:01+00:00\",\"breadcrumb\":{\"@id\":\"https:\/\/elcotarro.com\/?p=8065#breadcrumb\"},\"inLanguage\":\"es\",\"potentialAction\":[{\"@type\":\"ReadAction\",\"target\":[\"https:\/\/elcotarro.com\/?p=8065\"]}]},{\"@type\":\"ImageObject\",\"inLanguage\":\"es\",\"@id\":\"https:\/\/elcotarro.com\/?p=8065#primaryimage\",\"url\":\"https:\/\/elcotarro.com\/wp-content\/uploads\/2020\/03\/FOTO-9.-ACADEMIA.jpg\",\"contentUrl\":\"https:\/\/elcotarro.com\/wp-content\/uploads\/2020\/03\/FOTO-9.-ACADEMIA.jpg\",\"width\":1200,\"height\":1600},{\"@type\":\"BreadcrumbList\",\"@id\":\"https:\/\/elcotarro.com\/?p=8065#breadcrumb\",\"itemListElement\":[{\"@type\":\"ListItem\",\"position\":1,\"name\":\"Portada\",\"item\":\"https:\/\/elcotarro.com\/\"},{\"@type\":\"ListItem\",\"position\":2,\"name\":\"ROBERTO UCELAY, ACAD\u00c9MICO DE HONOR\"}]},{\"@type\":\"WebSite\",\"@id\":\"https:\/\/elcotarro.com\/#website\",\"url\":\"https:\/\/elcotarro.com\/\",\"name\":\"El Cotarro\",\"description\":\"Peri\u00f3dico Digital Independiente dirigido por Jos\u00e9 Carlos Marrero\",\"publisher\":{\"@id\":\"https:\/\/elcotarro.com\/#organization\"},\"potentialAction\":[{\"@type\":\"SearchAction\",\"target\":{\"@type\":\"EntryPoint\",\"urlTemplate\":\"https:\/\/elcotarro.com\/?s={search_term_string}\"},\"query-input\":{\"@type\":\"PropertyValueSpecification\",\"valueRequired\":true,\"valueName\":\"search_term_string\"}}],\"inLanguage\":\"es\"},{\"@type\":\"Organization\",\"@id\":\"https:\/\/elcotarro.com\/#organization\",\"name\":\"El Cotarro\",\"url\":\"https:\/\/elcotarro.com\/\",\"logo\":{\"@type\":\"ImageObject\",\"inLanguage\":\"es\",\"@id\":\"https:\/\/elcotarro.com\/#\/schema\/logo\/image\/\",\"url\":\"https:\/\/elcotarro.com\/wp-content\/uploads\/2014\/09\/Cabecera_El_Cotarro_v2.jpg\",\"contentUrl\":\"https:\/\/elcotarro.com\/wp-content\/uploads\/2014\/09\/Cabecera_El_Cotarro_v2.jpg\",\"width\":3540,\"height\":441,\"caption\":\"El Cotarro\"},\"image\":{\"@id\":\"https:\/\/elcotarro.com\/#\/schema\/logo\/image\/\"},\"sameAs\":[\"https:\/\/www.facebook.com\/ElCotarro.Tenerife\"]},{\"@type\":\"Person\",\"@id\":\"https:\/\/elcotarro.com\/#\/schema\/person\/af537ee7d60d15984c7e0affcd8a918b\",\"name\":\"Jos\u00e9 Carlos Marrero Gonz\u00e1lez\",\"image\":{\"@type\":\"ImageObject\",\"inLanguage\":\"es\",\"@id\":\"https:\/\/elcotarro.com\/#\/schema\/person\/image\/\",\"url\":\"https:\/\/secure.gravatar.com\/avatar\/def4da036efb5d32c74d49c351f6dccc064dd69ad9f3aadc295c5a9a5391ca01?s=96&d=mm&r=g\",\"contentUrl\":\"https:\/\/secure.gravatar.com\/avatar\/def4da036efb5d32c74d49c351f6dccc064dd69ad9f3aadc295c5a9a5391ca01?s=96&d=mm&r=g\",\"caption\":\"Jos\u00e9 Carlos Marrero Gonz\u00e1lez\"},\"sameAs\":[\"https:\/\/elcotarro.com\"],\"url\":\"https:\/\/elcotarro.com\/?author=2\"}]}<\/script>\n<!-- \/ Yoast SEO plugin. -->","yoast_head_json":{"title":"ROBERTO UCELAY, ACAD\u00c9MICO DE HONOR - El Cotarro","robots":{"index":"index","follow":"follow","max-snippet":"max-snippet:-1","max-image-preview":"max-image-preview:large","max-video-preview":"max-video-preview:-1"},"canonical":"https:\/\/elcotarro.com\/?p=8065","og_locale":"es_ES","og_type":"article","og_title":"ROBERTO UCELAY, ACAD\u00c9MICO DE HONOR - El Cotarro","og_description":"Termino con una noticia en positivo que, adem\u00e1s es muy sabrosa y habla de un galard\u00f3n m\u00e1s que merecido. Y es que la Academia de Gastronom\u00eda de Tenerife, que actualmente preside muy bien Antonio De la Cruz Veguero, aprob\u00f3 en la \u00faltima reuni\u00f3n de su activa Junta Directiva el nombramiento del que en su d\u00eda ... Read more","og_url":"https:\/\/elcotarro.com\/?p=8065","og_site_name":"El Cotarro","article_publisher":"https:\/\/www.facebook.com\/ElCotarro.Tenerife","article_published_time":"2020-03-15T09:02:01+00:00","og_image":[{"url":"https:\/\/elcotarro.com\/wp-content\/uploads\/2020\/03\/FOTO-9.-ACADEMIA.jpg","type":"","width":"","height":""}],"author":"Jos\u00e9 Carlos Marrero Gonz\u00e1lez","twitter_misc":{"Escrito por":"Jos\u00e9 Carlos Marrero Gonz\u00e1lez","Tiempo de lectura":"1 minuto"},"schema":{"@context":"https:\/\/schema.org","@graph":[{"@type":"Article","@id":"https:\/\/elcotarro.com\/?p=8065#article","isPartOf":{"@id":"https:\/\/elcotarro.com\/?p=8065"},"author":{"name":"Jos\u00e9 Carlos Marrero Gonz\u00e1lez","@id":"https:\/\/elcotarro.com\/#\/schema\/person\/af537ee7d60d15984c7e0affcd8a918b"},"headline":"ROBERTO UCELAY, ACAD\u00c9MICO DE HONOR","datePublished":"2020-03-15T09:02:01+00:00","mainEntityOfPage":{"@id":"https:\/\/elcotarro.com\/?p=8065"},"wordCount":280,"commentCount":0,"publisher":{"@id":"https:\/\/elcotarro.com\/#organization"},"image":{"@id":"https:\/\/elcotarro.com\/?p=8065#primaryimage"},"thumbnailUrl":"https:\/\/elcotarro.com\/wp-content\/uploads\/2020\/03\/FOTO-9.-ACADEMIA.jpg","inLanguage":"es","potentialAction":[{"@type":"CommentAction","name":"Comment","target":["https:\/\/elcotarro.com\/?p=8065#respond"]}]},{"@type":"WebPage","@id":"https:\/\/elcotarro.com\/?p=8065","url":"https:\/\/elcotarro.com\/?p=8065","name":"ROBERTO UCELAY, ACAD\u00c9MICO DE HONOR - El Cotarro","isPartOf":{"@id":"https:\/\/elcotarro.com\/#website"},"primaryImageOfPage":{"@id":"https:\/\/elcotarro.com\/?p=8065#primaryimage"},"image":{"@id":"https:\/\/elcotarro.com\/?p=8065#primaryimage"},"thumbnailUrl":"https:\/\/elcotarro.com\/wp-content\/uploads\/2020\/03\/FOTO-9.-ACADEMIA.jpg","datePublished":"2020-03-15T09:02:01+00:00","breadcrumb":{"@id":"https:\/\/elcotarro.com\/?p=8065#breadcrumb"},"inLanguage":"es","potentialAction":[{"@type":"ReadAction","target":["https:\/\/elcotarro.com\/?p=8065"]}]},{"@type":"ImageObject","inLanguage":"es","@id":"https:\/\/elcotarro.com\/?p=8065#primaryimage","url":"https:\/\/elcotarro.com\/wp-content\/uploads\/2020\/03\/FOTO-9.-ACADEMIA.jpg","contentUrl":"https:\/\/elcotarro.com\/wp-content\/uploads\/2020\/03\/FOTO-9.-ACADEMIA.jpg","width":1200,"height":1600},{"@type":"BreadcrumbList","@id":"https:\/\/elcotarro.com\/?p=8065#breadcrumb","itemListElement":[{"@type":"ListItem","position":1,"name":"Portada","item":"https:\/\/elcotarro.com\/"},{"@type":"ListItem","position":2,"name":"ROBERTO UCELAY, ACAD\u00c9MICO DE HONOR"}]},{"@type":"WebSite","@id":"https:\/\/elcotarro.com\/#website","url":"https:\/\/elcotarro.com\/","name":"El Cotarro","description":"Peri\u00f3dico Digital Independiente dirigido por Jos\u00e9 Carlos Marrero","publisher":{"@id":"https:\/\/elcotarro.com\/#organization"},"potentialAction":[{"@type":"SearchAction","target":{"@type":"EntryPoint","urlTemplate":"https:\/\/elcotarro.com\/?s={search_term_string}"},"query-input":{"@type":"PropertyValueSpecification","valueRequired":true,"valueName":"search_term_string"}}],"inLanguage":"es"},{"@type":"Organization","@id":"https:\/\/elcotarro.com\/#organization","name":"El Cotarro","url":"https:\/\/elcotarro.com\/","logo":{"@type":"ImageObject","inLanguage":"es","@id":"https:\/\/elcotarro.com\/#\/schema\/logo\/image\/","url":"https:\/\/elcotarro.com\/wp-content\/uploads\/2014\/09\/Cabecera_El_Cotarro_v2.jpg","contentUrl":"https:\/\/elcotarro.com\/wp-content\/uploads\/2014\/09\/Cabecera_El_Cotarro_v2.jpg","width":3540,"height":441,"caption":"El Cotarro"},"image":{"@id":"https:\/\/elcotarro.com\/#\/schema\/logo\/image\/"},"sameAs":["https:\/\/www.facebook.com\/ElCotarro.Tenerife"]},{"@type":"Person","@id":"https:\/\/elcotarro.com\/#\/schema\/person\/af537ee7d60d15984c7e0affcd8a918b","name":"Jos\u00e9 Carlos Marrero Gonz\u00e1lez","image":{"@type":"ImageObject","inLanguage":"es","@id":"https:\/\/elcotarro.com\/#\/schema\/person\/image\/","url":"https:\/\/secure.gravatar.com\/avatar\/def4da036efb5d32c74d49c351f6dccc064dd69ad9f3aadc295c5a9a5391ca01?s=96&d=mm&r=g","contentUrl":"https:\/\/secure.gravatar.com\/avatar\/def4da036efb5d32c74d49c351f6dccc064dd69ad9f3aadc295c5a9a5391ca01?s=96&d=mm&r=g","caption":"Jos\u00e9 Carlos Marrero Gonz\u00e1lez"},"sameAs":["https:\/\/elcotarro.com"],"url":"https:\/\/elcotarro.com\/?author=2"}]}},"jetpack_featured_media_url":"","jetpack_sharing_enabled":true,"_links":{"self":[{"href":"https:\/\/elcotarro.com\/index.php?rest_route=\/wp\/v2\/posts\/8065","targetHints":{"allow":["GET"]}}],"collection":[{"href":"https:\/\/elcotarro.com\/index.php?rest_route=\/wp\/v2\/posts"}],"about":[{"href":"https:\/\/elcotarro.com\/index.php?rest_route=\/wp\/v2\/types\/post"}],"author":[{"embeddable":true,"href":"https:\/\/elcotarro.com\/index.php?rest_route=\/wp\/v2\/users\/2"}],"replies":[{"embeddable":true,"href":"https:\/\/elcotarro.com\/index.php?rest_route=%2Fwp%2Fv2%2Fcomments&post=8065"}],"version-history":[{"count":1,"href":"https:\/\/elcotarro.com\/index.php?rest_route=\/wp\/v2\/posts\/8065\/revisions"}],"predecessor-version":[{"id":8067,"href":"https:\/\/elcotarro.com\/index.php?rest_route=\/wp\/v2\/posts\/8065\/revisions\/8067"}],"wp:attachment":[{"href":"https:\/\/elcotarro.com\/index.php?rest_route=%2Fwp%2Fv2%2Fmedia&parent=8065"}],"wp:term":[{"taxonomy":"category","embeddable":true,"href":"https:\/\/elcotarro.com\/index.php?rest_route=%2Fwp%2Fv2%2Fcategories&post=8065"},{"taxonomy":"post_tag","embeddable":true,"href":"https:\/\/elcotarro.com\/index.php?rest_route=%2Fwp%2Fv2%2Ftags&post=8065"}],"curies":[{"name":"wp","href":"https:\/\/api.w.org\/{rel}","templated":true}]}}