{"id":8105,"date":"2020-03-29T09:10:29","date_gmt":"2020-03-29T08:10:29","guid":{"rendered":"https:\/\/elcotarro.com\/?p=8105"},"modified":"2020-03-28T18:43:21","modified_gmt":"2020-03-28T18:43:21","slug":"5o-domingo-de-cuaresma-y-3o-de-confinamiento","status":"publish","type":"post","link":"https:\/\/elcotarro.com\/?p=8105","title":{"rendered":"5\u00ba DOMINGO DE CUARESMA Y 3\u00ba DE CONFINAMIENTO"},"content":{"rendered":"<p>Aqu\u00ed seguimos en el tercer domingo de confinamiento por el COVID-19, que coincide con el 5\u00ba de la Cuaresma de este <em>coronavinario<\/em> Lo repiti\u00f3 m\u00e1s de una vez el querido y recordado periodista y amigo <strong>Manuel Iglesias<\/strong>: <em>\u201cAqu\u00ed no hay soldado desconocido, porque nos conocemos todos\u201d<\/em>\u2026 Y aqu\u00ed todos sab\u00edamos lo que estaba pasando, desde quince d\u00edas despu\u00e9s de su toma de posesi\u00f3n. <strong>Teresa Cruz Oval<\/strong> podr\u00eda ser buena para otras cosas, pero no daba el perfil id\u00f3neo para ocupar el cargo de consejera de Sanidad del Gobierno de Canarias. Muchos en su partido, el PSOE, se alegraron (sobre todo en Tenerife) pero otros muchos dijeron (por lo bajini) que era mucho para ella. Y luego se rode\u00f3 de algunas otras personas, como <strong>Blanca M\u00e9ndez S\u00e1nchez<\/strong> (hasta el pasado viernes directora del Servicio Canario de la Salud) que, al igual que <strong>Teresa Cruz<\/strong>, coincid\u00edan en no tener la oportuna y necesaria preparaci\u00f3n para el sector y el cargo, a la vez que les faltaba mucha \u201cmano izquierda\u201d por mucho que ellas se dijeran ser \u201cde izquierda\u201d y puestas por el PSOE. Un PSOE, repito, (el de Tenerife sobre todo) que est\u00e1 dividido en este asunto, aunque algunos act\u00faen con dos caras.<\/p>\n<p style=\"text-align: center\"><a href=\"https:\/\/elcotarro.com\/wp-content\/uploads\/2020\/03\/FOTO-1.-TERESA-Y-BLANCA.jpg\"><img loading=\"lazy\" decoding=\"async\" class=\"aligncenter size-full wp-image-8106\" src=\"https:\/\/elcotarro.com\/wp-content\/uploads\/2020\/03\/FOTO-1.-TERESA-Y-BLANCA.jpg\" alt=\"\" width=\"643\" height=\"362\" srcset=\"https:\/\/elcotarro.com\/wp-content\/uploads\/2020\/03\/FOTO-1.-TERESA-Y-BLANCA.jpg 643w, https:\/\/elcotarro.com\/wp-content\/uploads\/2020\/03\/FOTO-1.-TERESA-Y-BLANCA-300x169.jpg 300w\" sizes=\"auto, (max-width: 643px) 100vw, 643px\" \/><\/a><\/p>\n<p style=\"text-align: center\"><i>Al frente, Teresa Cruz Oval (ya exconsejera), y al fondo Blanca M\u00e9ndez (ya exdirectora) <\/i><\/p>\n","protected":false},"excerpt":{"rendered":"<p>Aqu\u00ed seguimos en el tercer domingo de confinamiento por el COVID-19, que coincide con el 5\u00ba de la Cuaresma de este coronavinario Lo repiti\u00f3 m\u00e1s de una vez el querido y recordado periodista y amigo Manuel Iglesias: \u201cAqu\u00ed no hay soldado desconocido, porque nos conocemos todos\u201d\u2026 Y aqu\u00ed todos sab\u00edamos lo que estaba pasando, desde &#8230; <a class=\"read-more\" href=\"https:\/\/elcotarro.com\/?p=8105\">Read more<\/a><\/p>\n","protected":false},"author":2,"featured_media":0,"comment_status":"open","ping_status":"open","sticky":false,"template":"","format":"standard","meta":{"_jetpack_memberships_contains_paid_content":false,"footnotes":""},"categories":[1],"tags":[],"class_list":["post-8105","post","type-post","status-publish","format-standard","hentry","category-sin-categoria"],"yoast_head":"<!-- This site is optimized with the Yoast SEO plugin v27.0 - https:\/\/yoast.com\/product\/yoast-seo-wordpress\/ -->\n<title>5\u00ba DOMINGO DE CUARESMA Y 3\u00ba DE CONFINAMIENTO - El Cotarro<\/title>\n<meta name=\"robots\" content=\"index, follow, max-snippet:-1, max-image-preview:large, max-video-preview:-1\" \/>\n<link rel=\"canonical\" href=\"https:\/\/elcotarro.com\/?p=8105\" \/>\n<meta property=\"og:locale\" content=\"es_ES\" \/>\n<meta property=\"og:type\" content=\"article\" \/>\n<meta property=\"og:title\" content=\"5\u00ba DOMINGO DE CUARESMA Y 3\u00ba DE CONFINAMIENTO - El Cotarro\" \/>\n<meta property=\"og:description\" content=\"Aqu\u00ed seguimos en el tercer domingo de confinamiento por el COVID-19, que coincide con el 5\u00ba de la Cuaresma de este coronavinario Lo repiti\u00f3 m\u00e1s de una vez el querido y recordado periodista y amigo Manuel Iglesias: \u201cAqu\u00ed no hay soldado desconocido, porque nos conocemos todos\u201d\u2026 Y aqu\u00ed todos sab\u00edamos lo que estaba pasando, desde ... Read more\" \/>\n<meta property=\"og:url\" content=\"https:\/\/elcotarro.com\/?p=8105\" \/>\n<meta property=\"og:site_name\" content=\"El Cotarro\" \/>\n<meta property=\"article:publisher\" content=\"https:\/\/www.facebook.com\/ElCotarro.Tenerife\" \/>\n<meta property=\"article:published_time\" content=\"2020-03-29T08:10:29+00:00\" \/>\n<meta property=\"og:image\" content=\"https:\/\/elcotarro.com\/wp-content\/uploads\/2020\/03\/FOTO-1.-TERESA-Y-BLANCA.jpg\" \/>\n<meta name=\"author\" content=\"Jos\u00e9 Carlos Marrero Gonz\u00e1lez\" \/>\n<meta name=\"twitter:label1\" content=\"Escrito por\" \/>\n\t<meta name=\"twitter:data1\" content=\"Jos\u00e9 Carlos Marrero Gonz\u00e1lez\" \/>\n\t<meta name=\"twitter:label2\" content=\"Tiempo de lectura\" \/>\n\t<meta name=\"twitter:data2\" content=\"1 minuto\" \/>\n<script type=\"application\/ld+json\" class=\"yoast-schema-graph\">{\"@context\":\"https:\/\/schema.org\",\"@graph\":[{\"@type\":\"Article\",\"@id\":\"https:\/\/elcotarro.com\/?p=8105#article\",\"isPartOf\":{\"@id\":\"https:\/\/elcotarro.com\/?p=8105\"},\"author\":{\"name\":\"Jos\u00e9 Carlos Marrero Gonz\u00e1lez\",\"@id\":\"https:\/\/elcotarro.com\/#\/schema\/person\/af537ee7d60d15984c7e0affcd8a918b\"},\"headline\":\"5\u00ba DOMINGO DE CUARESMA Y 3\u00ba DE CONFINAMIENTO\",\"datePublished\":\"2020-03-29T08:10:29+00:00\",\"mainEntityOfPage\":{\"@id\":\"https:\/\/elcotarro.com\/?p=8105\"},\"wordCount\":233,\"commentCount\":0,\"publisher\":{\"@id\":\"https:\/\/elcotarro.com\/#organization\"},\"image\":{\"@id\":\"https:\/\/elcotarro.com\/?p=8105#primaryimage\"},\"thumbnailUrl\":\"https:\/\/elcotarro.com\/wp-content\/uploads\/2020\/03\/FOTO-1.-TERESA-Y-BLANCA.jpg\",\"inLanguage\":\"es\",\"potentialAction\":[{\"@type\":\"CommentAction\",\"name\":\"Comment\",\"target\":[\"https:\/\/elcotarro.com\/?p=8105#respond\"]}]},{\"@type\":\"WebPage\",\"@id\":\"https:\/\/elcotarro.com\/?p=8105\",\"url\":\"https:\/\/elcotarro.com\/?p=8105\",\"name\":\"5\u00ba DOMINGO DE CUARESMA Y 3\u00ba DE CONFINAMIENTO - El Cotarro\",\"isPartOf\":{\"@id\":\"https:\/\/elcotarro.com\/#website\"},\"primaryImageOfPage\":{\"@id\":\"https:\/\/elcotarro.com\/?p=8105#primaryimage\"},\"image\":{\"@id\":\"https:\/\/elcotarro.com\/?p=8105#primaryimage\"},\"thumbnailUrl\":\"https:\/\/elcotarro.com\/wp-content\/uploads\/2020\/03\/FOTO-1.-TERESA-Y-BLANCA.jpg\",\"datePublished\":\"2020-03-29T08:10:29+00:00\",\"breadcrumb\":{\"@id\":\"https:\/\/elcotarro.com\/?p=8105#breadcrumb\"},\"inLanguage\":\"es\",\"potentialAction\":[{\"@type\":\"ReadAction\",\"target\":[\"https:\/\/elcotarro.com\/?p=8105\"]}]},{\"@type\":\"ImageObject\",\"inLanguage\":\"es\",\"@id\":\"https:\/\/elcotarro.com\/?p=8105#primaryimage\",\"url\":\"https:\/\/elcotarro.com\/wp-content\/uploads\/2020\/03\/FOTO-1.-TERESA-Y-BLANCA.jpg\",\"contentUrl\":\"https:\/\/elcotarro.com\/wp-content\/uploads\/2020\/03\/FOTO-1.-TERESA-Y-BLANCA.jpg\",\"width\":643,\"height\":362},{\"@type\":\"BreadcrumbList\",\"@id\":\"https:\/\/elcotarro.com\/?p=8105#breadcrumb\",\"itemListElement\":[{\"@type\":\"ListItem\",\"position\":1,\"name\":\"Portada\",\"item\":\"https:\/\/elcotarro.com\/\"},{\"@type\":\"ListItem\",\"position\":2,\"name\":\"5\u00ba DOMINGO DE CUARESMA Y 3\u00ba DE CONFINAMIENTO\"}]},{\"@type\":\"WebSite\",\"@id\":\"https:\/\/elcotarro.com\/#website\",\"url\":\"https:\/\/elcotarro.com\/\",\"name\":\"El Cotarro\",\"description\":\"Peri\u00f3dico Digital Independiente dirigido por Jos\u00e9 Carlos Marrero\",\"publisher\":{\"@id\":\"https:\/\/elcotarro.com\/#organization\"},\"potentialAction\":[{\"@type\":\"SearchAction\",\"target\":{\"@type\":\"EntryPoint\",\"urlTemplate\":\"https:\/\/elcotarro.com\/?s={search_term_string}\"},\"query-input\":{\"@type\":\"PropertyValueSpecification\",\"valueRequired\":true,\"valueName\":\"search_term_string\"}}],\"inLanguage\":\"es\"},{\"@type\":\"Organization\",\"@id\":\"https:\/\/elcotarro.com\/#organization\",\"name\":\"El Cotarro\",\"url\":\"https:\/\/elcotarro.com\/\",\"logo\":{\"@type\":\"ImageObject\",\"inLanguage\":\"es\",\"@id\":\"https:\/\/elcotarro.com\/#\/schema\/logo\/image\/\",\"url\":\"https:\/\/elcotarro.com\/wp-content\/uploads\/2014\/09\/Cabecera_El_Cotarro_v2.jpg\",\"contentUrl\":\"https:\/\/elcotarro.com\/wp-content\/uploads\/2014\/09\/Cabecera_El_Cotarro_v2.jpg\",\"width\":3540,\"height\":441,\"caption\":\"El Cotarro\"},\"image\":{\"@id\":\"https:\/\/elcotarro.com\/#\/schema\/logo\/image\/\"},\"sameAs\":[\"https:\/\/www.facebook.com\/ElCotarro.Tenerife\"]},{\"@type\":\"Person\",\"@id\":\"https:\/\/elcotarro.com\/#\/schema\/person\/af537ee7d60d15984c7e0affcd8a918b\",\"name\":\"Jos\u00e9 Carlos Marrero Gonz\u00e1lez\",\"image\":{\"@type\":\"ImageObject\",\"inLanguage\":\"es\",\"@id\":\"https:\/\/elcotarro.com\/#\/schema\/person\/image\/\",\"url\":\"https:\/\/secure.gravatar.com\/avatar\/def4da036efb5d32c74d49c351f6dccc064dd69ad9f3aadc295c5a9a5391ca01?s=96&d=mm&r=g\",\"contentUrl\":\"https:\/\/secure.gravatar.com\/avatar\/def4da036efb5d32c74d49c351f6dccc064dd69ad9f3aadc295c5a9a5391ca01?s=96&d=mm&r=g\",\"caption\":\"Jos\u00e9 Carlos Marrero Gonz\u00e1lez\"},\"sameAs\":[\"https:\/\/elcotarro.com\"],\"url\":\"https:\/\/elcotarro.com\/?author=2\"}]}<\/script>\n<!-- \/ Yoast SEO plugin. -->","yoast_head_json":{"title":"5\u00ba DOMINGO DE CUARESMA Y 3\u00ba DE CONFINAMIENTO - El Cotarro","robots":{"index":"index","follow":"follow","max-snippet":"max-snippet:-1","max-image-preview":"max-image-preview:large","max-video-preview":"max-video-preview:-1"},"canonical":"https:\/\/elcotarro.com\/?p=8105","og_locale":"es_ES","og_type":"article","og_title":"5\u00ba DOMINGO DE CUARESMA Y 3\u00ba DE CONFINAMIENTO - El Cotarro","og_description":"Aqu\u00ed seguimos en el tercer domingo de confinamiento por el COVID-19, que coincide con el 5\u00ba de la Cuaresma de este coronavinario Lo repiti\u00f3 m\u00e1s de una vez el querido y recordado periodista y amigo Manuel Iglesias: \u201cAqu\u00ed no hay soldado desconocido, porque nos conocemos todos\u201d\u2026 Y aqu\u00ed todos sab\u00edamos lo que estaba pasando, desde ... Read more","og_url":"https:\/\/elcotarro.com\/?p=8105","og_site_name":"El Cotarro","article_publisher":"https:\/\/www.facebook.com\/ElCotarro.Tenerife","article_published_time":"2020-03-29T08:10:29+00:00","og_image":[{"url":"https:\/\/elcotarro.com\/wp-content\/uploads\/2020\/03\/FOTO-1.-TERESA-Y-BLANCA.jpg","type":"","width":"","height":""}],"author":"Jos\u00e9 Carlos Marrero Gonz\u00e1lez","twitter_misc":{"Escrito por":"Jos\u00e9 Carlos Marrero Gonz\u00e1lez","Tiempo de lectura":"1 minuto"},"schema":{"@context":"https:\/\/schema.org","@graph":[{"@type":"Article","@id":"https:\/\/elcotarro.com\/?p=8105#article","isPartOf":{"@id":"https:\/\/elcotarro.com\/?p=8105"},"author":{"name":"Jos\u00e9 Carlos Marrero Gonz\u00e1lez","@id":"https:\/\/elcotarro.com\/#\/schema\/person\/af537ee7d60d15984c7e0affcd8a918b"},"headline":"5\u00ba DOMINGO DE CUARESMA Y 3\u00ba DE CONFINAMIENTO","datePublished":"2020-03-29T08:10:29+00:00","mainEntityOfPage":{"@id":"https:\/\/elcotarro.com\/?p=8105"},"wordCount":233,"commentCount":0,"publisher":{"@id":"https:\/\/elcotarro.com\/#organization"},"image":{"@id":"https:\/\/elcotarro.com\/?p=8105#primaryimage"},"thumbnailUrl":"https:\/\/elcotarro.com\/wp-content\/uploads\/2020\/03\/FOTO-1.-TERESA-Y-BLANCA.jpg","inLanguage":"es","potentialAction":[{"@type":"CommentAction","name":"Comment","target":["https:\/\/elcotarro.com\/?p=8105#respond"]}]},{"@type":"WebPage","@id":"https:\/\/elcotarro.com\/?p=8105","url":"https:\/\/elcotarro.com\/?p=8105","name":"5\u00ba DOMINGO DE CUARESMA Y 3\u00ba DE CONFINAMIENTO - El Cotarro","isPartOf":{"@id":"https:\/\/elcotarro.com\/#website"},"primaryImageOfPage":{"@id":"https:\/\/elcotarro.com\/?p=8105#primaryimage"},"image":{"@id":"https:\/\/elcotarro.com\/?p=8105#primaryimage"},"thumbnailUrl":"https:\/\/elcotarro.com\/wp-content\/uploads\/2020\/03\/FOTO-1.-TERESA-Y-BLANCA.jpg","datePublished":"2020-03-29T08:10:29+00:00","breadcrumb":{"@id":"https:\/\/elcotarro.com\/?p=8105#breadcrumb"},"inLanguage":"es","potentialAction":[{"@type":"ReadAction","target":["https:\/\/elcotarro.com\/?p=8105"]}]},{"@type":"ImageObject","inLanguage":"es","@id":"https:\/\/elcotarro.com\/?p=8105#primaryimage","url":"https:\/\/elcotarro.com\/wp-content\/uploads\/2020\/03\/FOTO-1.-TERESA-Y-BLANCA.jpg","contentUrl":"https:\/\/elcotarro.com\/wp-content\/uploads\/2020\/03\/FOTO-1.-TERESA-Y-BLANCA.jpg","width":643,"height":362},{"@type":"BreadcrumbList","@id":"https:\/\/elcotarro.com\/?p=8105#breadcrumb","itemListElement":[{"@type":"ListItem","position":1,"name":"Portada","item":"https:\/\/elcotarro.com\/"},{"@type":"ListItem","position":2,"name":"5\u00ba DOMINGO DE CUARESMA Y 3\u00ba DE CONFINAMIENTO"}]},{"@type":"WebSite","@id":"https:\/\/elcotarro.com\/#website","url":"https:\/\/elcotarro.com\/","name":"El Cotarro","description":"Peri\u00f3dico Digital Independiente dirigido por Jos\u00e9 Carlos Marrero","publisher":{"@id":"https:\/\/elcotarro.com\/#organization"},"potentialAction":[{"@type":"SearchAction","target":{"@type":"EntryPoint","urlTemplate":"https:\/\/elcotarro.com\/?s={search_term_string}"},"query-input":{"@type":"PropertyValueSpecification","valueRequired":true,"valueName":"search_term_string"}}],"inLanguage":"es"},{"@type":"Organization","@id":"https:\/\/elcotarro.com\/#organization","name":"El Cotarro","url":"https:\/\/elcotarro.com\/","logo":{"@type":"ImageObject","inLanguage":"es","@id":"https:\/\/elcotarro.com\/#\/schema\/logo\/image\/","url":"https:\/\/elcotarro.com\/wp-content\/uploads\/2014\/09\/Cabecera_El_Cotarro_v2.jpg","contentUrl":"https:\/\/elcotarro.com\/wp-content\/uploads\/2014\/09\/Cabecera_El_Cotarro_v2.jpg","width":3540,"height":441,"caption":"El Cotarro"},"image":{"@id":"https:\/\/elcotarro.com\/#\/schema\/logo\/image\/"},"sameAs":["https:\/\/www.facebook.com\/ElCotarro.Tenerife"]},{"@type":"Person","@id":"https:\/\/elcotarro.com\/#\/schema\/person\/af537ee7d60d15984c7e0affcd8a918b","name":"Jos\u00e9 Carlos Marrero Gonz\u00e1lez","image":{"@type":"ImageObject","inLanguage":"es","@id":"https:\/\/elcotarro.com\/#\/schema\/person\/image\/","url":"https:\/\/secure.gravatar.com\/avatar\/def4da036efb5d32c74d49c351f6dccc064dd69ad9f3aadc295c5a9a5391ca01?s=96&d=mm&r=g","contentUrl":"https:\/\/secure.gravatar.com\/avatar\/def4da036efb5d32c74d49c351f6dccc064dd69ad9f3aadc295c5a9a5391ca01?s=96&d=mm&r=g","caption":"Jos\u00e9 Carlos Marrero Gonz\u00e1lez"},"sameAs":["https:\/\/elcotarro.com"],"url":"https:\/\/elcotarro.com\/?author=2"}]}},"jetpack_featured_media_url":"","jetpack_sharing_enabled":true,"_links":{"self":[{"href":"https:\/\/elcotarro.com\/index.php?rest_route=\/wp\/v2\/posts\/8105","targetHints":{"allow":["GET"]}}],"collection":[{"href":"https:\/\/elcotarro.com\/index.php?rest_route=\/wp\/v2\/posts"}],"about":[{"href":"https:\/\/elcotarro.com\/index.php?rest_route=\/wp\/v2\/types\/post"}],"author":[{"embeddable":true,"href":"https:\/\/elcotarro.com\/index.php?rest_route=\/wp\/v2\/users\/2"}],"replies":[{"embeddable":true,"href":"https:\/\/elcotarro.com\/index.php?rest_route=%2Fwp%2Fv2%2Fcomments&post=8105"}],"version-history":[{"count":1,"href":"https:\/\/elcotarro.com\/index.php?rest_route=\/wp\/v2\/posts\/8105\/revisions"}],"predecessor-version":[{"id":8107,"href":"https:\/\/elcotarro.com\/index.php?rest_route=\/wp\/v2\/posts\/8105\/revisions\/8107"}],"wp:attachment":[{"href":"https:\/\/elcotarro.com\/index.php?rest_route=%2Fwp%2Fv2%2Fmedia&parent=8105"}],"wp:term":[{"taxonomy":"category","embeddable":true,"href":"https:\/\/elcotarro.com\/index.php?rest_route=%2Fwp%2Fv2%2Fcategories&post=8105"},{"taxonomy":"post_tag","embeddable":true,"href":"https:\/\/elcotarro.com\/index.php?rest_route=%2Fwp%2Fv2%2Ftags&post=8105"}],"curies":[{"name":"wp","href":"https:\/\/api.w.org\/{rel}","templated":true}]}}