{"id":8114,"date":"2020-03-29T09:07:19","date_gmt":"2020-03-29T08:07:19","guid":{"rendered":"https:\/\/elcotarro.com\/?p=8114"},"modified":"2020-03-28T18:57:57","modified_gmt":"2020-03-28T18:57:57","slug":"poca-mano-izquierda-aun-siendo-de-izquierda","status":"publish","type":"post","link":"https:\/\/elcotarro.com\/?p=8114","title":{"rendered":"POCA MANO IZQUIERDA, A\u00daN SIENDO DE IZQUIERDA"},"content":{"rendered":"<p>Y esa poquita \u201cmano izquierda\u201d fue la que ya de entrada hizo ver que le costaba hasta formar equipo. La primera \u201clindeza\u201d fue el tremendo \u201cfeo\u201d que le hizo a su antecesor en el cargo y excelente consejero de Sanidad, <strong>Jos\u00e9 Manuel Baltar<\/strong>, cuando iba a recibirle en su despacho y dej\u00f3 pasar antes al otro anterior exconsejero socialista de Sanidad, <strong>Jes\u00fas Morera<\/strong>, en un gesto de mala educaci\u00f3n que <strong>Baltar<\/strong>, gran persona, aguant\u00f3 caballerosamente. Otra \u201cperla\u201d se produjo cuando intent\u00f3 que <strong>Conrado Dom\u00ednguez<\/strong>, otra gran persona y magn\u00edfico profesional continuara como director del Servicio Canario de la Salud. Despu\u00e9s de m\u00e1s de dos horas de di\u00e1logo (no s\u00e9 si de sordos) el bueno de <strong>Conrado<\/strong> declin\u00f3 la invitaci\u00f3n y se fue de secretario general t\u00e9cnico a la consejer\u00eda de Obras P\u00fablicas, Transportes y Viviendas. Como todo se filtra y se cuenta, al parecer m\u00e1s de uno ha afirmado que con <strong>Teresa Cruz<\/strong> era muy dif\u00edcil hablar y trabajar.<\/p>\n<p style=\"text-align: center\"><a href=\"https:\/\/elcotarro.com\/wp-content\/uploads\/2020\/03\/FOTO-5.-CONRADO-Y-BALTAR.jpg\"><img loading=\"lazy\" decoding=\"async\" class=\"aligncenter size-full wp-image-8115\" src=\"https:\/\/elcotarro.com\/wp-content\/uploads\/2020\/03\/FOTO-5.-CONRADO-Y-BALTAR.jpg\" alt=\"\" width=\"620\" height=\"368\" srcset=\"https:\/\/elcotarro.com\/wp-content\/uploads\/2020\/03\/FOTO-5.-CONRADO-Y-BALTAR.jpg 620w, https:\/\/elcotarro.com\/wp-content\/uploads\/2020\/03\/FOTO-5.-CONRADO-Y-BALTAR-300x178.jpg 300w\" sizes=\"auto, (max-width: 620px) 100vw, 620px\" \/><\/a><\/p>\n<p style=\"text-align: center\"><em>Jos\u00e9 Manuel Baltar (i) exconsejero de Sanidad y Conrado Dom\u00ednguez, exdirector del SCS<\/em><\/p>\n","protected":false},"excerpt":{"rendered":"<p>Y esa poquita \u201cmano izquierda\u201d fue la que ya de entrada hizo ver que le costaba hasta formar equipo. La primera \u201clindeza\u201d fue el tremendo \u201cfeo\u201d que le hizo a su antecesor en el cargo y excelente consejero de Sanidad, Jos\u00e9 Manuel Baltar, cuando iba a recibirle en su despacho y dej\u00f3 pasar antes al &#8230; <a class=\"read-more\" href=\"https:\/\/elcotarro.com\/?p=8114\">Read more<\/a><\/p>\n","protected":false},"author":2,"featured_media":0,"comment_status":"open","ping_status":"open","sticky":false,"template":"","format":"standard","meta":{"_jetpack_memberships_contains_paid_content":false,"footnotes":""},"categories":[1],"tags":[],"class_list":["post-8114","post","type-post","status-publish","format-standard","hentry","category-sin-categoria"],"yoast_head":"<!-- This site is optimized with the Yoast SEO plugin v27.0 - https:\/\/yoast.com\/product\/yoast-seo-wordpress\/ -->\n<title>POCA MANO IZQUIERDA, A\u00daN SIENDO DE IZQUIERDA - El Cotarro<\/title>\n<meta name=\"robots\" content=\"index, follow, max-snippet:-1, max-image-preview:large, max-video-preview:-1\" \/>\n<link rel=\"canonical\" href=\"https:\/\/elcotarro.com\/?p=8114\" \/>\n<meta property=\"og:locale\" content=\"es_ES\" \/>\n<meta property=\"og:type\" content=\"article\" \/>\n<meta property=\"og:title\" content=\"POCA MANO IZQUIERDA, A\u00daN SIENDO DE IZQUIERDA - El Cotarro\" \/>\n<meta property=\"og:description\" content=\"Y esa poquita \u201cmano izquierda\u201d fue la que ya de entrada hizo ver que le costaba hasta formar equipo. La primera \u201clindeza\u201d fue el tremendo \u201cfeo\u201d que le hizo a su antecesor en el cargo y excelente consejero de Sanidad, Jos\u00e9 Manuel Baltar, cuando iba a recibirle en su despacho y dej\u00f3 pasar antes al ... Read more\" \/>\n<meta property=\"og:url\" content=\"https:\/\/elcotarro.com\/?p=8114\" \/>\n<meta property=\"og:site_name\" content=\"El Cotarro\" \/>\n<meta property=\"article:publisher\" content=\"https:\/\/www.facebook.com\/ElCotarro.Tenerife\" \/>\n<meta property=\"article:published_time\" content=\"2020-03-29T08:07:19+00:00\" \/>\n<meta property=\"og:image\" content=\"https:\/\/elcotarro.com\/wp-content\/uploads\/2020\/03\/FOTO-5.-CONRADO-Y-BALTAR.jpg\" \/>\n<meta name=\"author\" content=\"Jos\u00e9 Carlos Marrero Gonz\u00e1lez\" \/>\n<meta name=\"twitter:label1\" content=\"Escrito por\" \/>\n\t<meta name=\"twitter:data1\" content=\"Jos\u00e9 Carlos Marrero Gonz\u00e1lez\" \/>\n\t<meta name=\"twitter:label2\" content=\"Tiempo de lectura\" \/>\n\t<meta name=\"twitter:data2\" content=\"1 minuto\" \/>\n<script type=\"application\/ld+json\" class=\"yoast-schema-graph\">{\"@context\":\"https:\/\/schema.org\",\"@graph\":[{\"@type\":\"Article\",\"@id\":\"https:\/\/elcotarro.com\/?p=8114#article\",\"isPartOf\":{\"@id\":\"https:\/\/elcotarro.com\/?p=8114\"},\"author\":{\"name\":\"Jos\u00e9 Carlos Marrero Gonz\u00e1lez\",\"@id\":\"https:\/\/elcotarro.com\/#\/schema\/person\/af537ee7d60d15984c7e0affcd8a918b\"},\"headline\":\"POCA MANO IZQUIERDA, A\u00daN SIENDO DE IZQUIERDA\",\"datePublished\":\"2020-03-29T08:07:19+00:00\",\"mainEntityOfPage\":{\"@id\":\"https:\/\/elcotarro.com\/?p=8114\"},\"wordCount\":194,\"commentCount\":0,\"publisher\":{\"@id\":\"https:\/\/elcotarro.com\/#organization\"},\"image\":{\"@id\":\"https:\/\/elcotarro.com\/?p=8114#primaryimage\"},\"thumbnailUrl\":\"https:\/\/elcotarro.com\/wp-content\/uploads\/2020\/03\/FOTO-5.-CONRADO-Y-BALTAR.jpg\",\"inLanguage\":\"es\",\"potentialAction\":[{\"@type\":\"CommentAction\",\"name\":\"Comment\",\"target\":[\"https:\/\/elcotarro.com\/?p=8114#respond\"]}]},{\"@type\":\"WebPage\",\"@id\":\"https:\/\/elcotarro.com\/?p=8114\",\"url\":\"https:\/\/elcotarro.com\/?p=8114\",\"name\":\"POCA MANO IZQUIERDA, A\u00daN SIENDO DE IZQUIERDA - El Cotarro\",\"isPartOf\":{\"@id\":\"https:\/\/elcotarro.com\/#website\"},\"primaryImageOfPage\":{\"@id\":\"https:\/\/elcotarro.com\/?p=8114#primaryimage\"},\"image\":{\"@id\":\"https:\/\/elcotarro.com\/?p=8114#primaryimage\"},\"thumbnailUrl\":\"https:\/\/elcotarro.com\/wp-content\/uploads\/2020\/03\/FOTO-5.-CONRADO-Y-BALTAR.jpg\",\"datePublished\":\"2020-03-29T08:07:19+00:00\",\"breadcrumb\":{\"@id\":\"https:\/\/elcotarro.com\/?p=8114#breadcrumb\"},\"inLanguage\":\"es\",\"potentialAction\":[{\"@type\":\"ReadAction\",\"target\":[\"https:\/\/elcotarro.com\/?p=8114\"]}]},{\"@type\":\"ImageObject\",\"inLanguage\":\"es\",\"@id\":\"https:\/\/elcotarro.com\/?p=8114#primaryimage\",\"url\":\"https:\/\/elcotarro.com\/wp-content\/uploads\/2020\/03\/FOTO-5.-CONRADO-Y-BALTAR.jpg\",\"contentUrl\":\"https:\/\/elcotarro.com\/wp-content\/uploads\/2020\/03\/FOTO-5.-CONRADO-Y-BALTAR.jpg\",\"width\":620,\"height\":368},{\"@type\":\"BreadcrumbList\",\"@id\":\"https:\/\/elcotarro.com\/?p=8114#breadcrumb\",\"itemListElement\":[{\"@type\":\"ListItem\",\"position\":1,\"name\":\"Portada\",\"item\":\"https:\/\/elcotarro.com\/\"},{\"@type\":\"ListItem\",\"position\":2,\"name\":\"POCA MANO IZQUIERDA, A\u00daN SIENDO DE IZQUIERDA\"}]},{\"@type\":\"WebSite\",\"@id\":\"https:\/\/elcotarro.com\/#website\",\"url\":\"https:\/\/elcotarro.com\/\",\"name\":\"El Cotarro\",\"description\":\"Peri\u00f3dico Digital Independiente dirigido por Jos\u00e9 Carlos Marrero\",\"publisher\":{\"@id\":\"https:\/\/elcotarro.com\/#organization\"},\"potentialAction\":[{\"@type\":\"SearchAction\",\"target\":{\"@type\":\"EntryPoint\",\"urlTemplate\":\"https:\/\/elcotarro.com\/?s={search_term_string}\"},\"query-input\":{\"@type\":\"PropertyValueSpecification\",\"valueRequired\":true,\"valueName\":\"search_term_string\"}}],\"inLanguage\":\"es\"},{\"@type\":\"Organization\",\"@id\":\"https:\/\/elcotarro.com\/#organization\",\"name\":\"El Cotarro\",\"url\":\"https:\/\/elcotarro.com\/\",\"logo\":{\"@type\":\"ImageObject\",\"inLanguage\":\"es\",\"@id\":\"https:\/\/elcotarro.com\/#\/schema\/logo\/image\/\",\"url\":\"https:\/\/elcotarro.com\/wp-content\/uploads\/2014\/09\/Cabecera_El_Cotarro_v2.jpg\",\"contentUrl\":\"https:\/\/elcotarro.com\/wp-content\/uploads\/2014\/09\/Cabecera_El_Cotarro_v2.jpg\",\"width\":3540,\"height\":441,\"caption\":\"El Cotarro\"},\"image\":{\"@id\":\"https:\/\/elcotarro.com\/#\/schema\/logo\/image\/\"},\"sameAs\":[\"https:\/\/www.facebook.com\/ElCotarro.Tenerife\"]},{\"@type\":\"Person\",\"@id\":\"https:\/\/elcotarro.com\/#\/schema\/person\/af537ee7d60d15984c7e0affcd8a918b\",\"name\":\"Jos\u00e9 Carlos Marrero Gonz\u00e1lez\",\"image\":{\"@type\":\"ImageObject\",\"inLanguage\":\"es\",\"@id\":\"https:\/\/elcotarro.com\/#\/schema\/person\/image\/\",\"url\":\"https:\/\/secure.gravatar.com\/avatar\/def4da036efb5d32c74d49c351f6dccc064dd69ad9f3aadc295c5a9a5391ca01?s=96&d=mm&r=g\",\"contentUrl\":\"https:\/\/secure.gravatar.com\/avatar\/def4da036efb5d32c74d49c351f6dccc064dd69ad9f3aadc295c5a9a5391ca01?s=96&d=mm&r=g\",\"caption\":\"Jos\u00e9 Carlos Marrero Gonz\u00e1lez\"},\"sameAs\":[\"https:\/\/elcotarro.com\"],\"url\":\"https:\/\/elcotarro.com\/?author=2\"}]}<\/script>\n<!-- \/ Yoast SEO plugin. -->","yoast_head_json":{"title":"POCA MANO IZQUIERDA, A\u00daN SIENDO DE IZQUIERDA - El Cotarro","robots":{"index":"index","follow":"follow","max-snippet":"max-snippet:-1","max-image-preview":"max-image-preview:large","max-video-preview":"max-video-preview:-1"},"canonical":"https:\/\/elcotarro.com\/?p=8114","og_locale":"es_ES","og_type":"article","og_title":"POCA MANO IZQUIERDA, A\u00daN SIENDO DE IZQUIERDA - El Cotarro","og_description":"Y esa poquita \u201cmano izquierda\u201d fue la que ya de entrada hizo ver que le costaba hasta formar equipo. La primera \u201clindeza\u201d fue el tremendo \u201cfeo\u201d que le hizo a su antecesor en el cargo y excelente consejero de Sanidad, Jos\u00e9 Manuel Baltar, cuando iba a recibirle en su despacho y dej\u00f3 pasar antes al ... Read more","og_url":"https:\/\/elcotarro.com\/?p=8114","og_site_name":"El Cotarro","article_publisher":"https:\/\/www.facebook.com\/ElCotarro.Tenerife","article_published_time":"2020-03-29T08:07:19+00:00","og_image":[{"url":"https:\/\/elcotarro.com\/wp-content\/uploads\/2020\/03\/FOTO-5.-CONRADO-Y-BALTAR.jpg","type":"","width":"","height":""}],"author":"Jos\u00e9 Carlos Marrero Gonz\u00e1lez","twitter_misc":{"Escrito por":"Jos\u00e9 Carlos Marrero Gonz\u00e1lez","Tiempo de lectura":"1 minuto"},"schema":{"@context":"https:\/\/schema.org","@graph":[{"@type":"Article","@id":"https:\/\/elcotarro.com\/?p=8114#article","isPartOf":{"@id":"https:\/\/elcotarro.com\/?p=8114"},"author":{"name":"Jos\u00e9 Carlos Marrero Gonz\u00e1lez","@id":"https:\/\/elcotarro.com\/#\/schema\/person\/af537ee7d60d15984c7e0affcd8a918b"},"headline":"POCA MANO IZQUIERDA, A\u00daN SIENDO DE IZQUIERDA","datePublished":"2020-03-29T08:07:19+00:00","mainEntityOfPage":{"@id":"https:\/\/elcotarro.com\/?p=8114"},"wordCount":194,"commentCount":0,"publisher":{"@id":"https:\/\/elcotarro.com\/#organization"},"image":{"@id":"https:\/\/elcotarro.com\/?p=8114#primaryimage"},"thumbnailUrl":"https:\/\/elcotarro.com\/wp-content\/uploads\/2020\/03\/FOTO-5.-CONRADO-Y-BALTAR.jpg","inLanguage":"es","potentialAction":[{"@type":"CommentAction","name":"Comment","target":["https:\/\/elcotarro.com\/?p=8114#respond"]}]},{"@type":"WebPage","@id":"https:\/\/elcotarro.com\/?p=8114","url":"https:\/\/elcotarro.com\/?p=8114","name":"POCA MANO IZQUIERDA, A\u00daN SIENDO DE IZQUIERDA - El Cotarro","isPartOf":{"@id":"https:\/\/elcotarro.com\/#website"},"primaryImageOfPage":{"@id":"https:\/\/elcotarro.com\/?p=8114#primaryimage"},"image":{"@id":"https:\/\/elcotarro.com\/?p=8114#primaryimage"},"thumbnailUrl":"https:\/\/elcotarro.com\/wp-content\/uploads\/2020\/03\/FOTO-5.-CONRADO-Y-BALTAR.jpg","datePublished":"2020-03-29T08:07:19+00:00","breadcrumb":{"@id":"https:\/\/elcotarro.com\/?p=8114#breadcrumb"},"inLanguage":"es","potentialAction":[{"@type":"ReadAction","target":["https:\/\/elcotarro.com\/?p=8114"]}]},{"@type":"ImageObject","inLanguage":"es","@id":"https:\/\/elcotarro.com\/?p=8114#primaryimage","url":"https:\/\/elcotarro.com\/wp-content\/uploads\/2020\/03\/FOTO-5.-CONRADO-Y-BALTAR.jpg","contentUrl":"https:\/\/elcotarro.com\/wp-content\/uploads\/2020\/03\/FOTO-5.-CONRADO-Y-BALTAR.jpg","width":620,"height":368},{"@type":"BreadcrumbList","@id":"https:\/\/elcotarro.com\/?p=8114#breadcrumb","itemListElement":[{"@type":"ListItem","position":1,"name":"Portada","item":"https:\/\/elcotarro.com\/"},{"@type":"ListItem","position":2,"name":"POCA MANO IZQUIERDA, A\u00daN SIENDO DE IZQUIERDA"}]},{"@type":"WebSite","@id":"https:\/\/elcotarro.com\/#website","url":"https:\/\/elcotarro.com\/","name":"El Cotarro","description":"Peri\u00f3dico Digital Independiente dirigido por Jos\u00e9 Carlos Marrero","publisher":{"@id":"https:\/\/elcotarro.com\/#organization"},"potentialAction":[{"@type":"SearchAction","target":{"@type":"EntryPoint","urlTemplate":"https:\/\/elcotarro.com\/?s={search_term_string}"},"query-input":{"@type":"PropertyValueSpecification","valueRequired":true,"valueName":"search_term_string"}}],"inLanguage":"es"},{"@type":"Organization","@id":"https:\/\/elcotarro.com\/#organization","name":"El Cotarro","url":"https:\/\/elcotarro.com\/","logo":{"@type":"ImageObject","inLanguage":"es","@id":"https:\/\/elcotarro.com\/#\/schema\/logo\/image\/","url":"https:\/\/elcotarro.com\/wp-content\/uploads\/2014\/09\/Cabecera_El_Cotarro_v2.jpg","contentUrl":"https:\/\/elcotarro.com\/wp-content\/uploads\/2014\/09\/Cabecera_El_Cotarro_v2.jpg","width":3540,"height":441,"caption":"El Cotarro"},"image":{"@id":"https:\/\/elcotarro.com\/#\/schema\/logo\/image\/"},"sameAs":["https:\/\/www.facebook.com\/ElCotarro.Tenerife"]},{"@type":"Person","@id":"https:\/\/elcotarro.com\/#\/schema\/person\/af537ee7d60d15984c7e0affcd8a918b","name":"Jos\u00e9 Carlos Marrero Gonz\u00e1lez","image":{"@type":"ImageObject","inLanguage":"es","@id":"https:\/\/elcotarro.com\/#\/schema\/person\/image\/","url":"https:\/\/secure.gravatar.com\/avatar\/def4da036efb5d32c74d49c351f6dccc064dd69ad9f3aadc295c5a9a5391ca01?s=96&d=mm&r=g","contentUrl":"https:\/\/secure.gravatar.com\/avatar\/def4da036efb5d32c74d49c351f6dccc064dd69ad9f3aadc295c5a9a5391ca01?s=96&d=mm&r=g","caption":"Jos\u00e9 Carlos Marrero Gonz\u00e1lez"},"sameAs":["https:\/\/elcotarro.com"],"url":"https:\/\/elcotarro.com\/?author=2"}]}},"jetpack_featured_media_url":"","jetpack_sharing_enabled":true,"_links":{"self":[{"href":"https:\/\/elcotarro.com\/index.php?rest_route=\/wp\/v2\/posts\/8114","targetHints":{"allow":["GET"]}}],"collection":[{"href":"https:\/\/elcotarro.com\/index.php?rest_route=\/wp\/v2\/posts"}],"about":[{"href":"https:\/\/elcotarro.com\/index.php?rest_route=\/wp\/v2\/types\/post"}],"author":[{"embeddable":true,"href":"https:\/\/elcotarro.com\/index.php?rest_route=\/wp\/v2\/users\/2"}],"replies":[{"embeddable":true,"href":"https:\/\/elcotarro.com\/index.php?rest_route=%2Fwp%2Fv2%2Fcomments&post=8114"}],"version-history":[{"count":1,"href":"https:\/\/elcotarro.com\/index.php?rest_route=\/wp\/v2\/posts\/8114\/revisions"}],"predecessor-version":[{"id":8116,"href":"https:\/\/elcotarro.com\/index.php?rest_route=\/wp\/v2\/posts\/8114\/revisions\/8116"}],"wp:attachment":[{"href":"https:\/\/elcotarro.com\/index.php?rest_route=%2Fwp%2Fv2%2Fmedia&parent=8114"}],"wp:term":[{"taxonomy":"category","embeddable":true,"href":"https:\/\/elcotarro.com\/index.php?rest_route=%2Fwp%2Fv2%2Fcategories&post=8114"},{"taxonomy":"post_tag","embeddable":true,"href":"https:\/\/elcotarro.com\/index.php?rest_route=%2Fwp%2Fv2%2Ftags&post=8114"}],"curies":[{"name":"wp","href":"https:\/\/api.w.org\/{rel}","templated":true}]}}