{"id":8157,"date":"2020-04-05T09:02:36","date_gmt":"2020-04-05T08:02:36","guid":{"rendered":"https:\/\/elcotarro.com\/?p=8157"},"modified":"2020-04-05T08:59:17","modified_gmt":"2020-04-05T07:59:17","slug":"china-en-10-ifema-en-7-y-el-recinto-ferial-en-3","status":"publish","type":"post","link":"https:\/\/elcotarro.com\/?p=8157","title":{"rendered":"CHINA EN 10, IFEMA EN 7 Y EL RECINTO FERIAL EN 3"},"content":{"rendered":"<p>Y termino en positivo. Hace unas semanas el presidente del Cabildo de Tenerife, Pedro Mart\u00edn, se adelant\u00f3 ofreciendo a <strong>\u00c1ngel V\u00edctor Torres<\/strong> (presidente canario) las instalaciones del Recinto Ferial de Tenerife, para el posible montaje de un hospital de campa\u00f1a tipo IFEMA. <strong>\u00c1ngel V\u00edctor<\/strong> pas\u00f3 el mensaje a la hoy ex-consejera de Sanidad, <strong>Teresa Cruz<\/strong>, quien a su vez contact\u00f3 con el presidente auton\u00f3mico de Cruz Roja, <strong>Antonio Rico<\/strong>. De acuerdo todos, Antonio puso el tema en manos de <strong>Domingo Luis Mart\u00edn Garc\u00eda<\/strong>, voluntario lagunero que ahora es Director Auton\u00f3mico del Centro Log\u00edstico de Emergencias de Canarias, con sede en Tenerife. <strong>Domingo<\/strong> habl\u00f3 con la directora m\u00e9dica de la Gerencia de Atenci\u00f3n Primaria de Tenerife, <strong>Clara Giron\u00e9s Bredy,<\/strong> y ambos con <strong>I\u00f1aki Dom\u00ednguez<\/strong>, gerente del Recinto Ferial de Tenerife. Juntos montaron en menos de tres d\u00edas lo que ven en la foto&#8230; y la incre\u00edble, asombrosa, apasionante y ejemplar historia de c\u00f3mo se forj\u00f3 y desarroll\u00f3 el montaje, se la contar\u00e9 con todo detalles el pr\u00f3ximo domingo con todo lujo de detalles. Entre tanto, felicidades a todos ellos.<\/p>\n<p style=\"text-align: center\"><a href=\"https:\/\/elcotarro.com\/wp-content\/uploads\/2020\/04\/FOTO-13.-HOSPITAL-IFTSA.jpeg\"><img loading=\"lazy\" decoding=\"async\" class=\"aligncenter size-full wp-image-8158\" src=\"https:\/\/elcotarro.com\/wp-content\/uploads\/2020\/04\/FOTO-13.-HOSPITAL-IFTSA.jpeg\" alt=\"\" width=\"1600\" height=\"1200\" srcset=\"https:\/\/elcotarro.com\/wp-content\/uploads\/2020\/04\/FOTO-13.-HOSPITAL-IFTSA.jpeg 1600w, https:\/\/elcotarro.com\/wp-content\/uploads\/2020\/04\/FOTO-13.-HOSPITAL-IFTSA-300x225.jpeg 300w, https:\/\/elcotarro.com\/wp-content\/uploads\/2020\/04\/FOTO-13.-HOSPITAL-IFTSA-1024x768.jpeg 1024w, https:\/\/elcotarro.com\/wp-content\/uploads\/2020\/04\/FOTO-13.-HOSPITAL-IFTSA-768x576.jpeg 768w, https:\/\/elcotarro.com\/wp-content\/uploads\/2020\/04\/FOTO-13.-HOSPITAL-IFTSA-1536x1152.jpeg 1536w\" sizes=\"auto, (max-width: 1600px) 100vw, 1600px\" \/><\/a><\/p>\n<p style=\"text-align: center\"><em>Hospital IFTSA para 180 camas, en el Recinto Ferial de Tenerife, preparado para comenzar a trabajar en cuando sea preciso (ojal\u00e1 que no) en menos de 24 horas.<\/em><\/p>\n<p style=\"text-align: center\"><a href=\"https:\/\/elcotarro.com\/wp-content\/uploads\/2020\/04\/FOTO-14.-HOSPITAL-RECINTO.jpeg\"><img loading=\"lazy\" decoding=\"async\" class=\"aligncenter size-full wp-image-8159\" src=\"https:\/\/elcotarro.com\/wp-content\/uploads\/2020\/04\/FOTO-14.-HOSPITAL-RECINTO.jpeg\" alt=\"\" width=\"1600\" height=\"1200\" srcset=\"https:\/\/elcotarro.com\/wp-content\/uploads\/2020\/04\/FOTO-14.-HOSPITAL-RECINTO.jpeg 1600w, https:\/\/elcotarro.com\/wp-content\/uploads\/2020\/04\/FOTO-14.-HOSPITAL-RECINTO-300x225.jpeg 300w, https:\/\/elcotarro.com\/wp-content\/uploads\/2020\/04\/FOTO-14.-HOSPITAL-RECINTO-1024x768.jpeg 1024w, https:\/\/elcotarro.com\/wp-content\/uploads\/2020\/04\/FOTO-14.-HOSPITAL-RECINTO-768x576.jpeg 768w, https:\/\/elcotarro.com\/wp-content\/uploads\/2020\/04\/FOTO-14.-HOSPITAL-RECINTO-1536x1152.jpeg 1536w\" sizes=\"auto, (max-width: 1600px) 100vw, 1600px\" \/><\/a><\/p>\n<p style=\"text-align: center\"><a href=\"http:\/\/www.careca.es\/\" target=\"_blank\" rel=\"noopener noreferrer\"><img loading=\"lazy\" decoding=\"async\" class=\"size-full wp-image-2216 aligncenter\" src=\"https:\/\/elcotarro.com\/wp-content\/uploads\/2016\/07\/InsulacafeElCotarro.jpg\" alt=\"Bnn_Careca\" width=\"750\" height=\"150\" \/><\/a><\/p>\n","protected":false},"excerpt":{"rendered":"<p>Y termino en positivo. Hace unas semanas el presidente del Cabildo de Tenerife, Pedro Mart\u00edn, se adelant\u00f3 ofreciendo a \u00c1ngel V\u00edctor Torres (presidente canario) las instalaciones del Recinto Ferial de Tenerife, para el posible montaje de un hospital de campa\u00f1a tipo IFEMA. \u00c1ngel V\u00edctor pas\u00f3 el mensaje a la hoy ex-consejera de Sanidad, Teresa Cruz, &#8230; <a class=\"read-more\" href=\"https:\/\/elcotarro.com\/?p=8157\">Read more<\/a><\/p>\n","protected":false},"author":2,"featured_media":0,"comment_status":"open","ping_status":"open","sticky":false,"template":"","format":"standard","meta":{"_jetpack_memberships_contains_paid_content":false,"footnotes":""},"categories":[1],"tags":[],"class_list":["post-8157","post","type-post","status-publish","format-standard","hentry","category-sin-categoria"],"yoast_head":"<!-- This site is optimized with the Yoast SEO plugin v27.0 - https:\/\/yoast.com\/product\/yoast-seo-wordpress\/ -->\n<title>CHINA EN 10, IFEMA EN 7 Y EL RECINTO FERIAL EN 3 - El Cotarro<\/title>\n<meta name=\"robots\" content=\"index, follow, max-snippet:-1, max-image-preview:large, max-video-preview:-1\" \/>\n<link rel=\"canonical\" href=\"https:\/\/elcotarro.com\/?p=8157\" \/>\n<meta property=\"og:locale\" content=\"es_ES\" \/>\n<meta property=\"og:type\" content=\"article\" \/>\n<meta property=\"og:title\" content=\"CHINA EN 10, IFEMA EN 7 Y EL RECINTO FERIAL EN 3 - El Cotarro\" \/>\n<meta property=\"og:description\" content=\"Y termino en positivo. Hace unas semanas el presidente del Cabildo de Tenerife, Pedro Mart\u00edn, se adelant\u00f3 ofreciendo a \u00c1ngel V\u00edctor Torres (presidente canario) las instalaciones del Recinto Ferial de Tenerife, para el posible montaje de un hospital de campa\u00f1a tipo IFEMA. \u00c1ngel V\u00edctor pas\u00f3 el mensaje a la hoy ex-consejera de Sanidad, Teresa Cruz, ... Read more\" \/>\n<meta property=\"og:url\" content=\"https:\/\/elcotarro.com\/?p=8157\" \/>\n<meta property=\"og:site_name\" content=\"El Cotarro\" \/>\n<meta property=\"article:publisher\" content=\"https:\/\/www.facebook.com\/ElCotarro.Tenerife\" \/>\n<meta property=\"article:published_time\" content=\"2020-04-05T08:02:36+00:00\" \/>\n<meta property=\"og:image\" content=\"https:\/\/elcotarro.com\/wp-content\/uploads\/2020\/04\/FOTO-13.-HOSPITAL-IFTSA.jpeg\" \/>\n<meta name=\"author\" content=\"Jos\u00e9 Carlos Marrero Gonz\u00e1lez\" \/>\n<meta name=\"twitter:label1\" content=\"Escrito por\" \/>\n\t<meta name=\"twitter:data1\" content=\"Jos\u00e9 Carlos Marrero Gonz\u00e1lez\" \/>\n\t<meta name=\"twitter:label2\" content=\"Tiempo de lectura\" \/>\n\t<meta name=\"twitter:data2\" content=\"1 minuto\" \/>\n<script type=\"application\/ld+json\" class=\"yoast-schema-graph\">{\"@context\":\"https:\/\/schema.org\",\"@graph\":[{\"@type\":\"Article\",\"@id\":\"https:\/\/elcotarro.com\/?p=8157#article\",\"isPartOf\":{\"@id\":\"https:\/\/elcotarro.com\/?p=8157\"},\"author\":{\"name\":\"Jos\u00e9 Carlos Marrero Gonz\u00e1lez\",\"@id\":\"https:\/\/elcotarro.com\/#\/schema\/person\/af537ee7d60d15984c7e0affcd8a918b\"},\"headline\":\"CHINA EN 10, IFEMA EN 7 Y EL RECINTO FERIAL EN 3\",\"datePublished\":\"2020-04-05T08:02:36+00:00\",\"mainEntityOfPage\":{\"@id\":\"https:\/\/elcotarro.com\/?p=8157\"},\"wordCount\":231,\"commentCount\":0,\"publisher\":{\"@id\":\"https:\/\/elcotarro.com\/#organization\"},\"image\":{\"@id\":\"https:\/\/elcotarro.com\/?p=8157#primaryimage\"},\"thumbnailUrl\":\"https:\/\/elcotarro.com\/wp-content\/uploads\/2020\/04\/FOTO-13.-HOSPITAL-IFTSA.jpeg\",\"inLanguage\":\"es\",\"potentialAction\":[{\"@type\":\"CommentAction\",\"name\":\"Comment\",\"target\":[\"https:\/\/elcotarro.com\/?p=8157#respond\"]}]},{\"@type\":\"WebPage\",\"@id\":\"https:\/\/elcotarro.com\/?p=8157\",\"url\":\"https:\/\/elcotarro.com\/?p=8157\",\"name\":\"CHINA EN 10, IFEMA EN 7 Y EL RECINTO FERIAL EN 3 - El Cotarro\",\"isPartOf\":{\"@id\":\"https:\/\/elcotarro.com\/#website\"},\"primaryImageOfPage\":{\"@id\":\"https:\/\/elcotarro.com\/?p=8157#primaryimage\"},\"image\":{\"@id\":\"https:\/\/elcotarro.com\/?p=8157#primaryimage\"},\"thumbnailUrl\":\"https:\/\/elcotarro.com\/wp-content\/uploads\/2020\/04\/FOTO-13.-HOSPITAL-IFTSA.jpeg\",\"datePublished\":\"2020-04-05T08:02:36+00:00\",\"breadcrumb\":{\"@id\":\"https:\/\/elcotarro.com\/?p=8157#breadcrumb\"},\"inLanguage\":\"es\",\"potentialAction\":[{\"@type\":\"ReadAction\",\"target\":[\"https:\/\/elcotarro.com\/?p=8157\"]}]},{\"@type\":\"ImageObject\",\"inLanguage\":\"es\",\"@id\":\"https:\/\/elcotarro.com\/?p=8157#primaryimage\",\"url\":\"https:\/\/elcotarro.com\/wp-content\/uploads\/2020\/04\/FOTO-13.-HOSPITAL-IFTSA.jpeg\",\"contentUrl\":\"https:\/\/elcotarro.com\/wp-content\/uploads\/2020\/04\/FOTO-13.-HOSPITAL-IFTSA.jpeg\",\"width\":1600,\"height\":1200},{\"@type\":\"BreadcrumbList\",\"@id\":\"https:\/\/elcotarro.com\/?p=8157#breadcrumb\",\"itemListElement\":[{\"@type\":\"ListItem\",\"position\":1,\"name\":\"Portada\",\"item\":\"https:\/\/elcotarro.com\/\"},{\"@type\":\"ListItem\",\"position\":2,\"name\":\"CHINA EN 10, IFEMA EN 7 Y EL RECINTO FERIAL EN 3\"}]},{\"@type\":\"WebSite\",\"@id\":\"https:\/\/elcotarro.com\/#website\",\"url\":\"https:\/\/elcotarro.com\/\",\"name\":\"El Cotarro\",\"description\":\"Peri\u00f3dico Digital Independiente dirigido por Jos\u00e9 Carlos Marrero\",\"publisher\":{\"@id\":\"https:\/\/elcotarro.com\/#organization\"},\"potentialAction\":[{\"@type\":\"SearchAction\",\"target\":{\"@type\":\"EntryPoint\",\"urlTemplate\":\"https:\/\/elcotarro.com\/?s={search_term_string}\"},\"query-input\":{\"@type\":\"PropertyValueSpecification\",\"valueRequired\":true,\"valueName\":\"search_term_string\"}}],\"inLanguage\":\"es\"},{\"@type\":\"Organization\",\"@id\":\"https:\/\/elcotarro.com\/#organization\",\"name\":\"El Cotarro\",\"url\":\"https:\/\/elcotarro.com\/\",\"logo\":{\"@type\":\"ImageObject\",\"inLanguage\":\"es\",\"@id\":\"https:\/\/elcotarro.com\/#\/schema\/logo\/image\/\",\"url\":\"https:\/\/elcotarro.com\/wp-content\/uploads\/2014\/09\/Cabecera_El_Cotarro_v2.jpg\",\"contentUrl\":\"https:\/\/elcotarro.com\/wp-content\/uploads\/2014\/09\/Cabecera_El_Cotarro_v2.jpg\",\"width\":3540,\"height\":441,\"caption\":\"El Cotarro\"},\"image\":{\"@id\":\"https:\/\/elcotarro.com\/#\/schema\/logo\/image\/\"},\"sameAs\":[\"https:\/\/www.facebook.com\/ElCotarro.Tenerife\"]},{\"@type\":\"Person\",\"@id\":\"https:\/\/elcotarro.com\/#\/schema\/person\/af537ee7d60d15984c7e0affcd8a918b\",\"name\":\"Jos\u00e9 Carlos Marrero Gonz\u00e1lez\",\"image\":{\"@type\":\"ImageObject\",\"inLanguage\":\"es\",\"@id\":\"https:\/\/elcotarro.com\/#\/schema\/person\/image\/\",\"url\":\"https:\/\/secure.gravatar.com\/avatar\/def4da036efb5d32c74d49c351f6dccc064dd69ad9f3aadc295c5a9a5391ca01?s=96&d=mm&r=g\",\"contentUrl\":\"https:\/\/secure.gravatar.com\/avatar\/def4da036efb5d32c74d49c351f6dccc064dd69ad9f3aadc295c5a9a5391ca01?s=96&d=mm&r=g\",\"caption\":\"Jos\u00e9 Carlos Marrero Gonz\u00e1lez\"},\"sameAs\":[\"https:\/\/elcotarro.com\"],\"url\":\"https:\/\/elcotarro.com\/?author=2\"}]}<\/script>\n<!-- \/ Yoast SEO plugin. -->","yoast_head_json":{"title":"CHINA EN 10, IFEMA EN 7 Y EL RECINTO FERIAL EN 3 - El Cotarro","robots":{"index":"index","follow":"follow","max-snippet":"max-snippet:-1","max-image-preview":"max-image-preview:large","max-video-preview":"max-video-preview:-1"},"canonical":"https:\/\/elcotarro.com\/?p=8157","og_locale":"es_ES","og_type":"article","og_title":"CHINA EN 10, IFEMA EN 7 Y EL RECINTO FERIAL EN 3 - El Cotarro","og_description":"Y termino en positivo. Hace unas semanas el presidente del Cabildo de Tenerife, Pedro Mart\u00edn, se adelant\u00f3 ofreciendo a \u00c1ngel V\u00edctor Torres (presidente canario) las instalaciones del Recinto Ferial de Tenerife, para el posible montaje de un hospital de campa\u00f1a tipo IFEMA. \u00c1ngel V\u00edctor pas\u00f3 el mensaje a la hoy ex-consejera de Sanidad, Teresa Cruz, ... Read more","og_url":"https:\/\/elcotarro.com\/?p=8157","og_site_name":"El Cotarro","article_publisher":"https:\/\/www.facebook.com\/ElCotarro.Tenerife","article_published_time":"2020-04-05T08:02:36+00:00","og_image":[{"url":"https:\/\/elcotarro.com\/wp-content\/uploads\/2020\/04\/FOTO-13.-HOSPITAL-IFTSA.jpeg","type":"","width":"","height":""}],"author":"Jos\u00e9 Carlos Marrero Gonz\u00e1lez","twitter_misc":{"Escrito por":"Jos\u00e9 Carlos Marrero Gonz\u00e1lez","Tiempo de lectura":"1 minuto"},"schema":{"@context":"https:\/\/schema.org","@graph":[{"@type":"Article","@id":"https:\/\/elcotarro.com\/?p=8157#article","isPartOf":{"@id":"https:\/\/elcotarro.com\/?p=8157"},"author":{"name":"Jos\u00e9 Carlos Marrero Gonz\u00e1lez","@id":"https:\/\/elcotarro.com\/#\/schema\/person\/af537ee7d60d15984c7e0affcd8a918b"},"headline":"CHINA EN 10, IFEMA EN 7 Y EL RECINTO FERIAL EN 3","datePublished":"2020-04-05T08:02:36+00:00","mainEntityOfPage":{"@id":"https:\/\/elcotarro.com\/?p=8157"},"wordCount":231,"commentCount":0,"publisher":{"@id":"https:\/\/elcotarro.com\/#organization"},"image":{"@id":"https:\/\/elcotarro.com\/?p=8157#primaryimage"},"thumbnailUrl":"https:\/\/elcotarro.com\/wp-content\/uploads\/2020\/04\/FOTO-13.-HOSPITAL-IFTSA.jpeg","inLanguage":"es","potentialAction":[{"@type":"CommentAction","name":"Comment","target":["https:\/\/elcotarro.com\/?p=8157#respond"]}]},{"@type":"WebPage","@id":"https:\/\/elcotarro.com\/?p=8157","url":"https:\/\/elcotarro.com\/?p=8157","name":"CHINA EN 10, IFEMA EN 7 Y EL RECINTO FERIAL EN 3 - El Cotarro","isPartOf":{"@id":"https:\/\/elcotarro.com\/#website"},"primaryImageOfPage":{"@id":"https:\/\/elcotarro.com\/?p=8157#primaryimage"},"image":{"@id":"https:\/\/elcotarro.com\/?p=8157#primaryimage"},"thumbnailUrl":"https:\/\/elcotarro.com\/wp-content\/uploads\/2020\/04\/FOTO-13.-HOSPITAL-IFTSA.jpeg","datePublished":"2020-04-05T08:02:36+00:00","breadcrumb":{"@id":"https:\/\/elcotarro.com\/?p=8157#breadcrumb"},"inLanguage":"es","potentialAction":[{"@type":"ReadAction","target":["https:\/\/elcotarro.com\/?p=8157"]}]},{"@type":"ImageObject","inLanguage":"es","@id":"https:\/\/elcotarro.com\/?p=8157#primaryimage","url":"https:\/\/elcotarro.com\/wp-content\/uploads\/2020\/04\/FOTO-13.-HOSPITAL-IFTSA.jpeg","contentUrl":"https:\/\/elcotarro.com\/wp-content\/uploads\/2020\/04\/FOTO-13.-HOSPITAL-IFTSA.jpeg","width":1600,"height":1200},{"@type":"BreadcrumbList","@id":"https:\/\/elcotarro.com\/?p=8157#breadcrumb","itemListElement":[{"@type":"ListItem","position":1,"name":"Portada","item":"https:\/\/elcotarro.com\/"},{"@type":"ListItem","position":2,"name":"CHINA EN 10, IFEMA EN 7 Y EL RECINTO FERIAL EN 3"}]},{"@type":"WebSite","@id":"https:\/\/elcotarro.com\/#website","url":"https:\/\/elcotarro.com\/","name":"El Cotarro","description":"Peri\u00f3dico Digital Independiente dirigido por Jos\u00e9 Carlos Marrero","publisher":{"@id":"https:\/\/elcotarro.com\/#organization"},"potentialAction":[{"@type":"SearchAction","target":{"@type":"EntryPoint","urlTemplate":"https:\/\/elcotarro.com\/?s={search_term_string}"},"query-input":{"@type":"PropertyValueSpecification","valueRequired":true,"valueName":"search_term_string"}}],"inLanguage":"es"},{"@type":"Organization","@id":"https:\/\/elcotarro.com\/#organization","name":"El Cotarro","url":"https:\/\/elcotarro.com\/","logo":{"@type":"ImageObject","inLanguage":"es","@id":"https:\/\/elcotarro.com\/#\/schema\/logo\/image\/","url":"https:\/\/elcotarro.com\/wp-content\/uploads\/2014\/09\/Cabecera_El_Cotarro_v2.jpg","contentUrl":"https:\/\/elcotarro.com\/wp-content\/uploads\/2014\/09\/Cabecera_El_Cotarro_v2.jpg","width":3540,"height":441,"caption":"El Cotarro"},"image":{"@id":"https:\/\/elcotarro.com\/#\/schema\/logo\/image\/"},"sameAs":["https:\/\/www.facebook.com\/ElCotarro.Tenerife"]},{"@type":"Person","@id":"https:\/\/elcotarro.com\/#\/schema\/person\/af537ee7d60d15984c7e0affcd8a918b","name":"Jos\u00e9 Carlos Marrero Gonz\u00e1lez","image":{"@type":"ImageObject","inLanguage":"es","@id":"https:\/\/elcotarro.com\/#\/schema\/person\/image\/","url":"https:\/\/secure.gravatar.com\/avatar\/def4da036efb5d32c74d49c351f6dccc064dd69ad9f3aadc295c5a9a5391ca01?s=96&d=mm&r=g","contentUrl":"https:\/\/secure.gravatar.com\/avatar\/def4da036efb5d32c74d49c351f6dccc064dd69ad9f3aadc295c5a9a5391ca01?s=96&d=mm&r=g","caption":"Jos\u00e9 Carlos Marrero Gonz\u00e1lez"},"sameAs":["https:\/\/elcotarro.com"],"url":"https:\/\/elcotarro.com\/?author=2"}]}},"jetpack_featured_media_url":"","jetpack_sharing_enabled":true,"_links":{"self":[{"href":"https:\/\/elcotarro.com\/index.php?rest_route=\/wp\/v2\/posts\/8157","targetHints":{"allow":["GET"]}}],"collection":[{"href":"https:\/\/elcotarro.com\/index.php?rest_route=\/wp\/v2\/posts"}],"about":[{"href":"https:\/\/elcotarro.com\/index.php?rest_route=\/wp\/v2\/types\/post"}],"author":[{"embeddable":true,"href":"https:\/\/elcotarro.com\/index.php?rest_route=\/wp\/v2\/users\/2"}],"replies":[{"embeddable":true,"href":"https:\/\/elcotarro.com\/index.php?rest_route=%2Fwp%2Fv2%2Fcomments&post=8157"}],"version-history":[{"count":1,"href":"https:\/\/elcotarro.com\/index.php?rest_route=\/wp\/v2\/posts\/8157\/revisions"}],"predecessor-version":[{"id":8160,"href":"https:\/\/elcotarro.com\/index.php?rest_route=\/wp\/v2\/posts\/8157\/revisions\/8160"}],"wp:attachment":[{"href":"https:\/\/elcotarro.com\/index.php?rest_route=%2Fwp%2Fv2%2Fmedia&parent=8157"}],"wp:term":[{"taxonomy":"category","embeddable":true,"href":"https:\/\/elcotarro.com\/index.php?rest_route=%2Fwp%2Fv2%2Fcategories&post=8157"},{"taxonomy":"post_tag","embeddable":true,"href":"https:\/\/elcotarro.com\/index.php?rest_route=%2Fwp%2Fv2%2Ftags&post=8157"}],"curies":[{"name":"wp","href":"https:\/\/api.w.org\/{rel}","templated":true}]}}