{"id":819,"date":"2015-02-15T12:05:10","date_gmt":"2015-02-15T12:05:10","guid":{"rendered":"https:\/\/elcotarro.com\/?p=819"},"modified":"2015-02-15T11:10:40","modified_gmt":"2015-02-15T11:10:40","slug":"grupo-canario-en-madrid","status":"publish","type":"post","link":"https:\/\/elcotarro.com\/?p=819","title":{"rendered":"GRUPO CANARIO EN MADRID"},"content":{"rendered":"<p>\u2666 Saben ustedes aquello de \u201clos peque\u00f1os detalles que hacen feliz una vida\u201d&#8230; y lo bien que sientan?&#8230; Pues yo le dir\u00eda a <strong>Jos\u00e9 Manuel Soria<\/strong> que estos peque\u00f1os detalles, como la verg\u00fcenza de dudar de la honradez de los canarios y canarias, oblig\u00e1ndonos cada vez que salimos de nuestra tierra a llevar \u201cen la boca\u201d el certificado de residencia, es lo que justifica que mucha gente piense en la necesidad y conveniencia de volver a contar con un propio grupo parlamentario canario en el Congreso de los Diputados&#8230; Como, por cierto, ya se tuvo en un momento determinado con magn\u00edfica rentabilidad (le duela a quien le duela)&#8230; Creo que <strong>Ani Oramas<\/strong> est\u00e1 haciendo todo lo que puede (y m\u00e1s) casi solita ella en los madriles, y creo que <strong>Fernando Clavijo<\/strong> tiene claro que, m\u00e1s all\u00e1 de conseguir ganar las pr\u00f3ximas locales (que tambi\u00e9n) el futuro de Coalici\u00f3n Canaria pasa por tener el \u201cpeso pol\u00edtico\u201d que en su d\u00eda se tuvo (y se perdi\u00f3) en Madrid&#8230; \u00bfRecuerdan aquel grupo donde tanta \u201cguerra\u201d dieron (y rentabilidad consiguieron) los diputados <strong>Maria del Mar Julios<\/strong>, <strong>Luis Mardones<\/strong>, <strong>Jos\u00e9 Carlos Mauricio, Mar\u00eda Soledad Monz\u00f3n, \u00c1ngel P\u00e9rez Tabares<\/strong> y el propio <strong>Paulino Rivero<\/strong> (sin duda su mejor etapa)?<\/p>\n<p><a href=\"https:\/\/elcotarro.com\/wp-content\/uploads\/2015\/02\/FOTO-3.-Paulino-Rivero-con-Ana-Oramas.jpg\"><img loading=\"lazy\" decoding=\"async\" class=\"aligncenter wp-image-820 size-full\" src=\"https:\/\/elcotarro.com\/wp-content\/uploads\/2015\/02\/FOTO-3.-Paulino-Rivero-con-Ana-Oramas.jpg\" alt=\"FOTO 3.- Paulino Rivero con Ana Oramas\" width=\"268\" height=\"188\" \/><\/a><\/p>\n<p class=\"comentario\" style=\"text-align: center;\">Ana Oramas, cuando Paulino la aplaud\u00eda\u2026 Cuando estaban juntos en el Grupo Parlamentario Canario en Madrid, las cosas cantaban de otra manera\u2026<\/p>\n","protected":false},"excerpt":{"rendered":"<p>\u2666 Saben ustedes aquello de \u201clos peque\u00f1os detalles que hacen feliz una vida\u201d&#8230; y lo bien que sientan?&#8230; Pues yo le dir\u00eda a Jos\u00e9 Manuel Soria que estos peque\u00f1os detalles, como la verg\u00fcenza de dudar de la honradez de los canarios y canarias, oblig\u00e1ndonos cada vez que salimos de nuestra tierra a llevar \u201cen la &#8230; <a class=\"read-more\" href=\"https:\/\/elcotarro.com\/?p=819\">Read more<\/a><\/p>\n","protected":false},"author":2,"featured_media":0,"comment_status":"open","ping_status":"open","sticky":false,"template":"","format":"standard","meta":{"_jetpack_memberships_contains_paid_content":false,"footnotes":""},"categories":[7],"tags":[406,401,10,404,168,403,402,405,100],"class_list":["post-819","post","type-post","status-publish","format-standard","hentry","category-politica","tag-angel-perez-tabares","tag-ani-oramas","tag-fernando-clavijo","tag-jose-carlos-mauricio","tag-jose-manuel-soria","tag-luis-mardones","tag-maria-del-mar-julios","tag-maria-soledad-monzon","tag-paulino-rivero"],"yoast_head":"<!-- This site is optimized with the Yoast SEO plugin v27.0 - https:\/\/yoast.com\/product\/yoast-seo-wordpress\/ -->\n<title>GRUPO CANARIO EN MADRID - El Cotarrro<\/title>\n<meta name=\"description\" content=\"\u2666 Saben ustedes aquello de \u201clos peque\u00f1os detalles que hacen feliz una vida\u201d... y lo bien que sientan?... Pues yo le dir\u00eda a Jos\u00e9 Manuel Soria que estos pequ\" \/>\n<meta name=\"robots\" content=\"index, follow, max-snippet:-1, max-image-preview:large, max-video-preview:-1\" \/>\n<link rel=\"canonical\" href=\"https:\/\/elcotarro.com\/?p=819\" \/>\n<meta property=\"og:locale\" content=\"es_ES\" \/>\n<meta property=\"og:type\" content=\"article\" \/>\n<meta property=\"og:title\" content=\"GRUPO CANARIO EN MADRID - El Cotarrro\" \/>\n<meta property=\"og:description\" content=\"\u2666 Saben ustedes aquello de \u201clos peque\u00f1os detalles que hacen feliz una vida\u201d... y lo bien que sientan?... Pues yo le dir\u00eda a Jos\u00e9 Manuel Soria que estos pequ\" \/>\n<meta property=\"og:url\" content=\"https:\/\/elcotarro.com\/?p=819\" \/>\n<meta property=\"og:site_name\" content=\"El Cotarro\" \/>\n<meta property=\"article:publisher\" content=\"https:\/\/www.facebook.com\/ElCotarro.Tenerife\" \/>\n<meta property=\"article:published_time\" content=\"2015-02-15T12:05:10+00:00\" \/>\n<meta property=\"og:image\" content=\"https:\/\/elcotarro.com\/wp-content\/uploads\/2015\/02\/FOTO-3.-Paulino-Rivero-con-Ana-Oramas.jpg\" \/>\n<meta name=\"author\" content=\"Jos\u00e9 Carlos Marrero Gonz\u00e1lez\" \/>\n<meta name=\"twitter:label1\" content=\"Escrito por\" \/>\n\t<meta name=\"twitter:data1\" content=\"Jos\u00e9 Carlos Marrero Gonz\u00e1lez\" \/>\n\t<meta name=\"twitter:label2\" content=\"Tiempo de lectura\" \/>\n\t<meta name=\"twitter:data2\" content=\"1 minuto\" \/>\n<script type=\"application\/ld+json\" class=\"yoast-schema-graph\">{\"@context\":\"https:\/\/schema.org\",\"@graph\":[{\"@type\":\"Article\",\"@id\":\"https:\/\/elcotarro.com\/?p=819#article\",\"isPartOf\":{\"@id\":\"https:\/\/elcotarro.com\/?p=819\"},\"author\":{\"name\":\"Jos\u00e9 Carlos Marrero Gonz\u00e1lez\",\"@id\":\"https:\/\/elcotarro.com\/#\/schema\/person\/af537ee7d60d15984c7e0affcd8a918b\"},\"headline\":\"GRUPO CANARIO EN MADRID\",\"datePublished\":\"2015-02-15T12:05:10+00:00\",\"mainEntityOfPage\":{\"@id\":\"https:\/\/elcotarro.com\/?p=819\"},\"wordCount\":245,\"commentCount\":0,\"publisher\":{\"@id\":\"https:\/\/elcotarro.com\/#organization\"},\"image\":{\"@id\":\"https:\/\/elcotarro.com\/?p=819#primaryimage\"},\"thumbnailUrl\":\"https:\/\/elcotarro.com\/wp-content\/uploads\/2015\/02\/FOTO-3.-Paulino-Rivero-con-Ana-Oramas.jpg\",\"keywords\":[\"\u00c1ngel P\u00e9rez Tabares\",\"Ani Oramas\",\"Fernando Clavijo\",\"Jos\u00e9 Carlos Mauricio\",\"Jos\u00e9 Manuel Soria\",\"Luis Mardones\",\"Maria del Mar Julios\",\"Mar\u00eda Soledad Monz\u00f3n\",\"Paulino Rivero\"],\"articleSection\":[\"Pol\u00edtica\"],\"inLanguage\":\"es\",\"potentialAction\":[{\"@type\":\"CommentAction\",\"name\":\"Comment\",\"target\":[\"https:\/\/elcotarro.com\/?p=819#respond\"]}]},{\"@type\":\"WebPage\",\"@id\":\"https:\/\/elcotarro.com\/?p=819\",\"url\":\"https:\/\/elcotarro.com\/?p=819\",\"name\":\"GRUPO CANARIO EN MADRID - El Cotarrro\",\"isPartOf\":{\"@id\":\"https:\/\/elcotarro.com\/#website\"},\"primaryImageOfPage\":{\"@id\":\"https:\/\/elcotarro.com\/?p=819#primaryimage\"},\"image\":{\"@id\":\"https:\/\/elcotarro.com\/?p=819#primaryimage\"},\"thumbnailUrl\":\"https:\/\/elcotarro.com\/wp-content\/uploads\/2015\/02\/FOTO-3.-Paulino-Rivero-con-Ana-Oramas.jpg\",\"datePublished\":\"2015-02-15T12:05:10+00:00\",\"description\":\"\u2666 Saben ustedes aquello de \u201clos peque\u00f1os detalles que hacen feliz una vida\u201d... y lo bien que sientan?... Pues yo le dir\u00eda a Jos\u00e9 Manuel Soria que estos pequ\",\"breadcrumb\":{\"@id\":\"https:\/\/elcotarro.com\/?p=819#breadcrumb\"},\"inLanguage\":\"es\",\"potentialAction\":[{\"@type\":\"ReadAction\",\"target\":[\"https:\/\/elcotarro.com\/?p=819\"]}]},{\"@type\":\"ImageObject\",\"inLanguage\":\"es\",\"@id\":\"https:\/\/elcotarro.com\/?p=819#primaryimage\",\"url\":\"https:\/\/elcotarro.com\/wp-content\/uploads\/2015\/02\/FOTO-3.-Paulino-Rivero-con-Ana-Oramas.jpg\",\"contentUrl\":\"https:\/\/elcotarro.com\/wp-content\/uploads\/2015\/02\/FOTO-3.-Paulino-Rivero-con-Ana-Oramas.jpg\",\"width\":268,\"height\":188},{\"@type\":\"BreadcrumbList\",\"@id\":\"https:\/\/elcotarro.com\/?p=819#breadcrumb\",\"itemListElement\":[{\"@type\":\"ListItem\",\"position\":1,\"name\":\"Portada\",\"item\":\"https:\/\/elcotarro.com\/\"},{\"@type\":\"ListItem\",\"position\":2,\"name\":\"GRUPO CANARIO EN MADRID\"}]},{\"@type\":\"WebSite\",\"@id\":\"https:\/\/elcotarro.com\/#website\",\"url\":\"https:\/\/elcotarro.com\/\",\"name\":\"El Cotarro\",\"description\":\"Peri\u00f3dico Digital Independiente dirigido por Jos\u00e9 Carlos Marrero\",\"publisher\":{\"@id\":\"https:\/\/elcotarro.com\/#organization\"},\"potentialAction\":[{\"@type\":\"SearchAction\",\"target\":{\"@type\":\"EntryPoint\",\"urlTemplate\":\"https:\/\/elcotarro.com\/?s={search_term_string}\"},\"query-input\":{\"@type\":\"PropertyValueSpecification\",\"valueRequired\":true,\"valueName\":\"search_term_string\"}}],\"inLanguage\":\"es\"},{\"@type\":\"Organization\",\"@id\":\"https:\/\/elcotarro.com\/#organization\",\"name\":\"El Cotarro\",\"url\":\"https:\/\/elcotarro.com\/\",\"logo\":{\"@type\":\"ImageObject\",\"inLanguage\":\"es\",\"@id\":\"https:\/\/elcotarro.com\/#\/schema\/logo\/image\/\",\"url\":\"https:\/\/elcotarro.com\/wp-content\/uploads\/2014\/09\/Cabecera_El_Cotarro_v2.jpg\",\"contentUrl\":\"https:\/\/elcotarro.com\/wp-content\/uploads\/2014\/09\/Cabecera_El_Cotarro_v2.jpg\",\"width\":3540,\"height\":441,\"caption\":\"El Cotarro\"},\"image\":{\"@id\":\"https:\/\/elcotarro.com\/#\/schema\/logo\/image\/\"},\"sameAs\":[\"https:\/\/www.facebook.com\/ElCotarro.Tenerife\"]},{\"@type\":\"Person\",\"@id\":\"https:\/\/elcotarro.com\/#\/schema\/person\/af537ee7d60d15984c7e0affcd8a918b\",\"name\":\"Jos\u00e9 Carlos Marrero Gonz\u00e1lez\",\"image\":{\"@type\":\"ImageObject\",\"inLanguage\":\"es\",\"@id\":\"https:\/\/elcotarro.com\/#\/schema\/person\/image\/\",\"url\":\"https:\/\/secure.gravatar.com\/avatar\/def4da036efb5d32c74d49c351f6dccc064dd69ad9f3aadc295c5a9a5391ca01?s=96&d=mm&r=g\",\"contentUrl\":\"https:\/\/secure.gravatar.com\/avatar\/def4da036efb5d32c74d49c351f6dccc064dd69ad9f3aadc295c5a9a5391ca01?s=96&d=mm&r=g\",\"caption\":\"Jos\u00e9 Carlos Marrero Gonz\u00e1lez\"},\"sameAs\":[\"https:\/\/elcotarro.com\"],\"url\":\"https:\/\/elcotarro.com\/?author=2\"}]}<\/script>\n<!-- \/ Yoast SEO plugin. -->","yoast_head_json":{"title":"GRUPO CANARIO EN MADRID - El Cotarrro","description":"\u2666 Saben ustedes aquello de \u201clos peque\u00f1os detalles que hacen feliz una vida\u201d... y lo bien que sientan?... Pues yo le dir\u00eda a Jos\u00e9 Manuel Soria que estos pequ","robots":{"index":"index","follow":"follow","max-snippet":"max-snippet:-1","max-image-preview":"max-image-preview:large","max-video-preview":"max-video-preview:-1"},"canonical":"https:\/\/elcotarro.com\/?p=819","og_locale":"es_ES","og_type":"article","og_title":"GRUPO CANARIO EN MADRID - El Cotarrro","og_description":"\u2666 Saben ustedes aquello de \u201clos peque\u00f1os detalles que hacen feliz una vida\u201d... y lo bien que sientan?... Pues yo le dir\u00eda a Jos\u00e9 Manuel Soria que estos pequ","og_url":"https:\/\/elcotarro.com\/?p=819","og_site_name":"El Cotarro","article_publisher":"https:\/\/www.facebook.com\/ElCotarro.Tenerife","article_published_time":"2015-02-15T12:05:10+00:00","og_image":[{"url":"https:\/\/elcotarro.com\/wp-content\/uploads\/2015\/02\/FOTO-3.-Paulino-Rivero-con-Ana-Oramas.jpg","type":"","width":"","height":""}],"author":"Jos\u00e9 Carlos Marrero Gonz\u00e1lez","twitter_misc":{"Escrito por":"Jos\u00e9 Carlos Marrero Gonz\u00e1lez","Tiempo de lectura":"1 minuto"},"schema":{"@context":"https:\/\/schema.org","@graph":[{"@type":"Article","@id":"https:\/\/elcotarro.com\/?p=819#article","isPartOf":{"@id":"https:\/\/elcotarro.com\/?p=819"},"author":{"name":"Jos\u00e9 Carlos Marrero Gonz\u00e1lez","@id":"https:\/\/elcotarro.com\/#\/schema\/person\/af537ee7d60d15984c7e0affcd8a918b"},"headline":"GRUPO CANARIO EN MADRID","datePublished":"2015-02-15T12:05:10+00:00","mainEntityOfPage":{"@id":"https:\/\/elcotarro.com\/?p=819"},"wordCount":245,"commentCount":0,"publisher":{"@id":"https:\/\/elcotarro.com\/#organization"},"image":{"@id":"https:\/\/elcotarro.com\/?p=819#primaryimage"},"thumbnailUrl":"https:\/\/elcotarro.com\/wp-content\/uploads\/2015\/02\/FOTO-3.-Paulino-Rivero-con-Ana-Oramas.jpg","keywords":["\u00c1ngel P\u00e9rez Tabares","Ani Oramas","Fernando Clavijo","Jos\u00e9 Carlos Mauricio","Jos\u00e9 Manuel Soria","Luis Mardones","Maria del Mar Julios","Mar\u00eda Soledad Monz\u00f3n","Paulino Rivero"],"articleSection":["Pol\u00edtica"],"inLanguage":"es","potentialAction":[{"@type":"CommentAction","name":"Comment","target":["https:\/\/elcotarro.com\/?p=819#respond"]}]},{"@type":"WebPage","@id":"https:\/\/elcotarro.com\/?p=819","url":"https:\/\/elcotarro.com\/?p=819","name":"GRUPO CANARIO EN MADRID - El Cotarrro","isPartOf":{"@id":"https:\/\/elcotarro.com\/#website"},"primaryImageOfPage":{"@id":"https:\/\/elcotarro.com\/?p=819#primaryimage"},"image":{"@id":"https:\/\/elcotarro.com\/?p=819#primaryimage"},"thumbnailUrl":"https:\/\/elcotarro.com\/wp-content\/uploads\/2015\/02\/FOTO-3.-Paulino-Rivero-con-Ana-Oramas.jpg","datePublished":"2015-02-15T12:05:10+00:00","description":"\u2666 Saben ustedes aquello de \u201clos peque\u00f1os detalles que hacen feliz una vida\u201d... y lo bien que sientan?... Pues yo le dir\u00eda a Jos\u00e9 Manuel Soria que estos pequ","breadcrumb":{"@id":"https:\/\/elcotarro.com\/?p=819#breadcrumb"},"inLanguage":"es","potentialAction":[{"@type":"ReadAction","target":["https:\/\/elcotarro.com\/?p=819"]}]},{"@type":"ImageObject","inLanguage":"es","@id":"https:\/\/elcotarro.com\/?p=819#primaryimage","url":"https:\/\/elcotarro.com\/wp-content\/uploads\/2015\/02\/FOTO-3.-Paulino-Rivero-con-Ana-Oramas.jpg","contentUrl":"https:\/\/elcotarro.com\/wp-content\/uploads\/2015\/02\/FOTO-3.-Paulino-Rivero-con-Ana-Oramas.jpg","width":268,"height":188},{"@type":"BreadcrumbList","@id":"https:\/\/elcotarro.com\/?p=819#breadcrumb","itemListElement":[{"@type":"ListItem","position":1,"name":"Portada","item":"https:\/\/elcotarro.com\/"},{"@type":"ListItem","position":2,"name":"GRUPO CANARIO EN MADRID"}]},{"@type":"WebSite","@id":"https:\/\/elcotarro.com\/#website","url":"https:\/\/elcotarro.com\/","name":"El Cotarro","description":"Peri\u00f3dico Digital Independiente dirigido por Jos\u00e9 Carlos Marrero","publisher":{"@id":"https:\/\/elcotarro.com\/#organization"},"potentialAction":[{"@type":"SearchAction","target":{"@type":"EntryPoint","urlTemplate":"https:\/\/elcotarro.com\/?s={search_term_string}"},"query-input":{"@type":"PropertyValueSpecification","valueRequired":true,"valueName":"search_term_string"}}],"inLanguage":"es"},{"@type":"Organization","@id":"https:\/\/elcotarro.com\/#organization","name":"El Cotarro","url":"https:\/\/elcotarro.com\/","logo":{"@type":"ImageObject","inLanguage":"es","@id":"https:\/\/elcotarro.com\/#\/schema\/logo\/image\/","url":"https:\/\/elcotarro.com\/wp-content\/uploads\/2014\/09\/Cabecera_El_Cotarro_v2.jpg","contentUrl":"https:\/\/elcotarro.com\/wp-content\/uploads\/2014\/09\/Cabecera_El_Cotarro_v2.jpg","width":3540,"height":441,"caption":"El Cotarro"},"image":{"@id":"https:\/\/elcotarro.com\/#\/schema\/logo\/image\/"},"sameAs":["https:\/\/www.facebook.com\/ElCotarro.Tenerife"]},{"@type":"Person","@id":"https:\/\/elcotarro.com\/#\/schema\/person\/af537ee7d60d15984c7e0affcd8a918b","name":"Jos\u00e9 Carlos Marrero Gonz\u00e1lez","image":{"@type":"ImageObject","inLanguage":"es","@id":"https:\/\/elcotarro.com\/#\/schema\/person\/image\/","url":"https:\/\/secure.gravatar.com\/avatar\/def4da036efb5d32c74d49c351f6dccc064dd69ad9f3aadc295c5a9a5391ca01?s=96&d=mm&r=g","contentUrl":"https:\/\/secure.gravatar.com\/avatar\/def4da036efb5d32c74d49c351f6dccc064dd69ad9f3aadc295c5a9a5391ca01?s=96&d=mm&r=g","caption":"Jos\u00e9 Carlos Marrero Gonz\u00e1lez"},"sameAs":["https:\/\/elcotarro.com"],"url":"https:\/\/elcotarro.com\/?author=2"}]}},"jetpack_featured_media_url":"","jetpack_sharing_enabled":true,"_links":{"self":[{"href":"https:\/\/elcotarro.com\/index.php?rest_route=\/wp\/v2\/posts\/819","targetHints":{"allow":["GET"]}}],"collection":[{"href":"https:\/\/elcotarro.com\/index.php?rest_route=\/wp\/v2\/posts"}],"about":[{"href":"https:\/\/elcotarro.com\/index.php?rest_route=\/wp\/v2\/types\/post"}],"author":[{"embeddable":true,"href":"https:\/\/elcotarro.com\/index.php?rest_route=\/wp\/v2\/users\/2"}],"replies":[{"embeddable":true,"href":"https:\/\/elcotarro.com\/index.php?rest_route=%2Fwp%2Fv2%2Fcomments&post=819"}],"version-history":[{"count":1,"href":"https:\/\/elcotarro.com\/index.php?rest_route=\/wp\/v2\/posts\/819\/revisions"}],"predecessor-version":[{"id":821,"href":"https:\/\/elcotarro.com\/index.php?rest_route=\/wp\/v2\/posts\/819\/revisions\/821"}],"wp:attachment":[{"href":"https:\/\/elcotarro.com\/index.php?rest_route=%2Fwp%2Fv2%2Fmedia&parent=819"}],"wp:term":[{"taxonomy":"category","embeddable":true,"href":"https:\/\/elcotarro.com\/index.php?rest_route=%2Fwp%2Fv2%2Fcategories&post=819"},{"taxonomy":"post_tag","embeddable":true,"href":"https:\/\/elcotarro.com\/index.php?rest_route=%2Fwp%2Fv2%2Ftags&post=819"}],"curies":[{"name":"wp","href":"https:\/\/api.w.org\/{rel}","templated":true}]}}