{"id":8259,"date":"2020-05-03T09:10:15","date_gmt":"2020-05-03T08:10:15","guid":{"rendered":"https:\/\/elcotarro.com\/?p=8259"},"modified":"2020-05-02T14:08:51","modified_gmt":"2020-05-02T13:08:51","slug":"8o-domingo-de-confinamiento-y-desescalada","status":"publish","type":"post","link":"https:\/\/elcotarro.com\/?p=8259","title":{"rendered":"8\u00ba DOMINGO DE CONFINAMIENTO Y DESESCALADA"},"content":{"rendered":"<p>Este domingo, comienzo con <strong><em>El Cotarro<\/em><\/strong> de forma \u201cmusical\u201d, haci\u00e9ndome eco del tremendo exitazo que un sencillo pero impresionante coro de g\u00f3spel de Tenerife est\u00e1 teniendo en YouTube\u2026Como ya he repetido en otras ocasiones, muchas veces se valora m\u00e1s lo de fuera que a los nuestros y, respetando al \u201cResistir\u00e9\u201d del <strong>D\u00fao Din\u00e1mico<\/strong>; al \u201cSobrevivir\u00e9\u201d de <strong>M\u00f3nica Naranjo<\/strong>; al \u201cPrisi\u00f3n esperanza\u201d, de <strong>Manuel Carrasco<\/strong>; al \u201cCodo con codo\u201d de <strong>Jorge Drexler<\/strong>; y hasta \u201cEl mundo fuera\u201d de <strong>Alejandro Sanz<\/strong>\u2026 y a otros muchos. Yo, con mi respeto a todos ellos, me quedo hoy con una agrupaci\u00f3n musical \u201cde las nuestras\u201d, un impresionante coro tinerfe\u00f1o que se llama <strong><em>Gospel Shine Voices<\/em><\/strong> y que dirige <strong>Gustavo Campos<\/strong>, todo un puntal que siente y vive la m\u00fasica de una forma que contagia y anima a todo el mundo.<\/p>\n<p style=\"text-align: center\"><a href=\"https:\/\/elcotarro.com\/wp-content\/uploads\/2020\/05\/FOTO-1.-GUSTAVO-CAMPOS.jpg\"><img loading=\"lazy\" decoding=\"async\" class=\"aligncenter size-full wp-image-8260\" src=\"https:\/\/elcotarro.com\/wp-content\/uploads\/2020\/05\/FOTO-1.-GUSTAVO-CAMPOS.jpg\" alt=\"\" width=\"765\" height=\"559\" srcset=\"https:\/\/elcotarro.com\/wp-content\/uploads\/2020\/05\/FOTO-1.-GUSTAVO-CAMPOS.jpg 765w, https:\/\/elcotarro.com\/wp-content\/uploads\/2020\/05\/FOTO-1.-GUSTAVO-CAMPOS-300x219.jpg 300w\" sizes=\"auto, (max-width: 765px) 100vw, 765px\" \/><\/a><\/p>\n<p style=\"text-align: center\"><em>Gustavo Campos, director del coro Gospel Shine Voices<\/em><\/p>\n","protected":false},"excerpt":{"rendered":"<p>Este domingo, comienzo con El Cotarro de forma \u201cmusical\u201d, haci\u00e9ndome eco del tremendo exitazo que un sencillo pero impresionante coro de g\u00f3spel de Tenerife est\u00e1 teniendo en YouTube\u2026Como ya he repetido en otras ocasiones, muchas veces se valora m\u00e1s lo de fuera que a los nuestros y, respetando al \u201cResistir\u00e9\u201d del D\u00fao Din\u00e1mico; al \u201cSobrevivir\u00e9\u201d &#8230; <a class=\"read-more\" href=\"https:\/\/elcotarro.com\/?p=8259\">Read more<\/a><\/p>\n","protected":false},"author":2,"featured_media":0,"comment_status":"open","ping_status":"open","sticky":false,"template":"","format":"standard","meta":{"_jetpack_memberships_contains_paid_content":false,"footnotes":""},"categories":[1],"tags":[],"class_list":["post-8259","post","type-post","status-publish","format-standard","hentry","category-sin-categoria"],"yoast_head":"<!-- This site is optimized with the Yoast SEO plugin v27.0 - https:\/\/yoast.com\/product\/yoast-seo-wordpress\/ -->\n<title>8\u00ba DOMINGO DE CONFINAMIENTO Y DESESCALADA - El Cotarro<\/title>\n<meta name=\"robots\" content=\"index, follow, max-snippet:-1, max-image-preview:large, max-video-preview:-1\" \/>\n<link rel=\"canonical\" href=\"https:\/\/elcotarro.com\/?p=8259\" \/>\n<meta property=\"og:locale\" content=\"es_ES\" \/>\n<meta property=\"og:type\" content=\"article\" \/>\n<meta property=\"og:title\" content=\"8\u00ba DOMINGO DE CONFINAMIENTO Y DESESCALADA - El Cotarro\" \/>\n<meta property=\"og:description\" content=\"Este domingo, comienzo con El Cotarro de forma \u201cmusical\u201d, haci\u00e9ndome eco del tremendo exitazo que un sencillo pero impresionante coro de g\u00f3spel de Tenerife est\u00e1 teniendo en YouTube\u2026Como ya he repetido en otras ocasiones, muchas veces se valora m\u00e1s lo de fuera que a los nuestros y, respetando al \u201cResistir\u00e9\u201d del D\u00fao Din\u00e1mico; al \u201cSobrevivir\u00e9\u201d ... Read more\" \/>\n<meta property=\"og:url\" content=\"https:\/\/elcotarro.com\/?p=8259\" \/>\n<meta property=\"og:site_name\" content=\"El Cotarro\" \/>\n<meta property=\"article:publisher\" content=\"https:\/\/www.facebook.com\/ElCotarro.Tenerife\" \/>\n<meta property=\"article:published_time\" content=\"2020-05-03T08:10:15+00:00\" \/>\n<meta property=\"og:image\" content=\"https:\/\/elcotarro.com\/wp-content\/uploads\/2020\/05\/FOTO-1.-GUSTAVO-CAMPOS.jpg\" \/>\n<meta name=\"author\" content=\"Jos\u00e9 Carlos Marrero Gonz\u00e1lez\" \/>\n<meta name=\"twitter:label1\" content=\"Escrito por\" \/>\n\t<meta name=\"twitter:data1\" content=\"Jos\u00e9 Carlos Marrero Gonz\u00e1lez\" \/>\n\t<meta name=\"twitter:label2\" content=\"Tiempo de lectura\" \/>\n\t<meta name=\"twitter:data2\" content=\"1 minuto\" \/>\n<script type=\"application\/ld+json\" class=\"yoast-schema-graph\">{\"@context\":\"https:\/\/schema.org\",\"@graph\":[{\"@type\":\"Article\",\"@id\":\"https:\/\/elcotarro.com\/?p=8259#article\",\"isPartOf\":{\"@id\":\"https:\/\/elcotarro.com\/?p=8259\"},\"author\":{\"name\":\"Jos\u00e9 Carlos Marrero Gonz\u00e1lez\",\"@id\":\"https:\/\/elcotarro.com\/#\/schema\/person\/af537ee7d60d15984c7e0affcd8a918b\"},\"headline\":\"8\u00ba DOMINGO DE CONFINAMIENTO Y DESESCALADA\",\"datePublished\":\"2020-05-03T08:10:15+00:00\",\"mainEntityOfPage\":{\"@id\":\"https:\/\/elcotarro.com\/?p=8259\"},\"wordCount\":159,\"commentCount\":0,\"publisher\":{\"@id\":\"https:\/\/elcotarro.com\/#organization\"},\"image\":{\"@id\":\"https:\/\/elcotarro.com\/?p=8259#primaryimage\"},\"thumbnailUrl\":\"https:\/\/elcotarro.com\/wp-content\/uploads\/2020\/05\/FOTO-1.-GUSTAVO-CAMPOS.jpg\",\"inLanguage\":\"es\",\"potentialAction\":[{\"@type\":\"CommentAction\",\"name\":\"Comment\",\"target\":[\"https:\/\/elcotarro.com\/?p=8259#respond\"]}]},{\"@type\":\"WebPage\",\"@id\":\"https:\/\/elcotarro.com\/?p=8259\",\"url\":\"https:\/\/elcotarro.com\/?p=8259\",\"name\":\"8\u00ba DOMINGO DE CONFINAMIENTO Y DESESCALADA - El Cotarro\",\"isPartOf\":{\"@id\":\"https:\/\/elcotarro.com\/#website\"},\"primaryImageOfPage\":{\"@id\":\"https:\/\/elcotarro.com\/?p=8259#primaryimage\"},\"image\":{\"@id\":\"https:\/\/elcotarro.com\/?p=8259#primaryimage\"},\"thumbnailUrl\":\"https:\/\/elcotarro.com\/wp-content\/uploads\/2020\/05\/FOTO-1.-GUSTAVO-CAMPOS.jpg\",\"datePublished\":\"2020-05-03T08:10:15+00:00\",\"breadcrumb\":{\"@id\":\"https:\/\/elcotarro.com\/?p=8259#breadcrumb\"},\"inLanguage\":\"es\",\"potentialAction\":[{\"@type\":\"ReadAction\",\"target\":[\"https:\/\/elcotarro.com\/?p=8259\"]}]},{\"@type\":\"ImageObject\",\"inLanguage\":\"es\",\"@id\":\"https:\/\/elcotarro.com\/?p=8259#primaryimage\",\"url\":\"https:\/\/elcotarro.com\/wp-content\/uploads\/2020\/05\/FOTO-1.-GUSTAVO-CAMPOS.jpg\",\"contentUrl\":\"https:\/\/elcotarro.com\/wp-content\/uploads\/2020\/05\/FOTO-1.-GUSTAVO-CAMPOS.jpg\",\"width\":765,\"height\":559},{\"@type\":\"BreadcrumbList\",\"@id\":\"https:\/\/elcotarro.com\/?p=8259#breadcrumb\",\"itemListElement\":[{\"@type\":\"ListItem\",\"position\":1,\"name\":\"Portada\",\"item\":\"https:\/\/elcotarro.com\/\"},{\"@type\":\"ListItem\",\"position\":2,\"name\":\"8\u00ba DOMINGO DE CONFINAMIENTO Y DESESCALADA\"}]},{\"@type\":\"WebSite\",\"@id\":\"https:\/\/elcotarro.com\/#website\",\"url\":\"https:\/\/elcotarro.com\/\",\"name\":\"El Cotarro\",\"description\":\"Peri\u00f3dico Digital Independiente dirigido por Jos\u00e9 Carlos Marrero\",\"publisher\":{\"@id\":\"https:\/\/elcotarro.com\/#organization\"},\"potentialAction\":[{\"@type\":\"SearchAction\",\"target\":{\"@type\":\"EntryPoint\",\"urlTemplate\":\"https:\/\/elcotarro.com\/?s={search_term_string}\"},\"query-input\":{\"@type\":\"PropertyValueSpecification\",\"valueRequired\":true,\"valueName\":\"search_term_string\"}}],\"inLanguage\":\"es\"},{\"@type\":\"Organization\",\"@id\":\"https:\/\/elcotarro.com\/#organization\",\"name\":\"El Cotarro\",\"url\":\"https:\/\/elcotarro.com\/\",\"logo\":{\"@type\":\"ImageObject\",\"inLanguage\":\"es\",\"@id\":\"https:\/\/elcotarro.com\/#\/schema\/logo\/image\/\",\"url\":\"https:\/\/elcotarro.com\/wp-content\/uploads\/2014\/09\/Cabecera_El_Cotarro_v2.jpg\",\"contentUrl\":\"https:\/\/elcotarro.com\/wp-content\/uploads\/2014\/09\/Cabecera_El_Cotarro_v2.jpg\",\"width\":3540,\"height\":441,\"caption\":\"El Cotarro\"},\"image\":{\"@id\":\"https:\/\/elcotarro.com\/#\/schema\/logo\/image\/\"},\"sameAs\":[\"https:\/\/www.facebook.com\/ElCotarro.Tenerife\"]},{\"@type\":\"Person\",\"@id\":\"https:\/\/elcotarro.com\/#\/schema\/person\/af537ee7d60d15984c7e0affcd8a918b\",\"name\":\"Jos\u00e9 Carlos Marrero Gonz\u00e1lez\",\"image\":{\"@type\":\"ImageObject\",\"inLanguage\":\"es\",\"@id\":\"https:\/\/elcotarro.com\/#\/schema\/person\/image\/\",\"url\":\"https:\/\/secure.gravatar.com\/avatar\/def4da036efb5d32c74d49c351f6dccc064dd69ad9f3aadc295c5a9a5391ca01?s=96&d=mm&r=g\",\"contentUrl\":\"https:\/\/secure.gravatar.com\/avatar\/def4da036efb5d32c74d49c351f6dccc064dd69ad9f3aadc295c5a9a5391ca01?s=96&d=mm&r=g\",\"caption\":\"Jos\u00e9 Carlos Marrero Gonz\u00e1lez\"},\"sameAs\":[\"https:\/\/elcotarro.com\"],\"url\":\"https:\/\/elcotarro.com\/?author=2\"}]}<\/script>\n<!-- \/ Yoast SEO plugin. -->","yoast_head_json":{"title":"8\u00ba DOMINGO DE CONFINAMIENTO Y DESESCALADA - El Cotarro","robots":{"index":"index","follow":"follow","max-snippet":"max-snippet:-1","max-image-preview":"max-image-preview:large","max-video-preview":"max-video-preview:-1"},"canonical":"https:\/\/elcotarro.com\/?p=8259","og_locale":"es_ES","og_type":"article","og_title":"8\u00ba DOMINGO DE CONFINAMIENTO Y DESESCALADA - El Cotarro","og_description":"Este domingo, comienzo con El Cotarro de forma \u201cmusical\u201d, haci\u00e9ndome eco del tremendo exitazo que un sencillo pero impresionante coro de g\u00f3spel de Tenerife est\u00e1 teniendo en YouTube\u2026Como ya he repetido en otras ocasiones, muchas veces se valora m\u00e1s lo de fuera que a los nuestros y, respetando al \u201cResistir\u00e9\u201d del D\u00fao Din\u00e1mico; al \u201cSobrevivir\u00e9\u201d ... Read more","og_url":"https:\/\/elcotarro.com\/?p=8259","og_site_name":"El Cotarro","article_publisher":"https:\/\/www.facebook.com\/ElCotarro.Tenerife","article_published_time":"2020-05-03T08:10:15+00:00","og_image":[{"url":"https:\/\/elcotarro.com\/wp-content\/uploads\/2020\/05\/FOTO-1.-GUSTAVO-CAMPOS.jpg","type":"","width":"","height":""}],"author":"Jos\u00e9 Carlos Marrero Gonz\u00e1lez","twitter_misc":{"Escrito por":"Jos\u00e9 Carlos Marrero Gonz\u00e1lez","Tiempo de lectura":"1 minuto"},"schema":{"@context":"https:\/\/schema.org","@graph":[{"@type":"Article","@id":"https:\/\/elcotarro.com\/?p=8259#article","isPartOf":{"@id":"https:\/\/elcotarro.com\/?p=8259"},"author":{"name":"Jos\u00e9 Carlos Marrero Gonz\u00e1lez","@id":"https:\/\/elcotarro.com\/#\/schema\/person\/af537ee7d60d15984c7e0affcd8a918b"},"headline":"8\u00ba DOMINGO DE CONFINAMIENTO Y DESESCALADA","datePublished":"2020-05-03T08:10:15+00:00","mainEntityOfPage":{"@id":"https:\/\/elcotarro.com\/?p=8259"},"wordCount":159,"commentCount":0,"publisher":{"@id":"https:\/\/elcotarro.com\/#organization"},"image":{"@id":"https:\/\/elcotarro.com\/?p=8259#primaryimage"},"thumbnailUrl":"https:\/\/elcotarro.com\/wp-content\/uploads\/2020\/05\/FOTO-1.-GUSTAVO-CAMPOS.jpg","inLanguage":"es","potentialAction":[{"@type":"CommentAction","name":"Comment","target":["https:\/\/elcotarro.com\/?p=8259#respond"]}]},{"@type":"WebPage","@id":"https:\/\/elcotarro.com\/?p=8259","url":"https:\/\/elcotarro.com\/?p=8259","name":"8\u00ba DOMINGO DE CONFINAMIENTO Y DESESCALADA - El Cotarro","isPartOf":{"@id":"https:\/\/elcotarro.com\/#website"},"primaryImageOfPage":{"@id":"https:\/\/elcotarro.com\/?p=8259#primaryimage"},"image":{"@id":"https:\/\/elcotarro.com\/?p=8259#primaryimage"},"thumbnailUrl":"https:\/\/elcotarro.com\/wp-content\/uploads\/2020\/05\/FOTO-1.-GUSTAVO-CAMPOS.jpg","datePublished":"2020-05-03T08:10:15+00:00","breadcrumb":{"@id":"https:\/\/elcotarro.com\/?p=8259#breadcrumb"},"inLanguage":"es","potentialAction":[{"@type":"ReadAction","target":["https:\/\/elcotarro.com\/?p=8259"]}]},{"@type":"ImageObject","inLanguage":"es","@id":"https:\/\/elcotarro.com\/?p=8259#primaryimage","url":"https:\/\/elcotarro.com\/wp-content\/uploads\/2020\/05\/FOTO-1.-GUSTAVO-CAMPOS.jpg","contentUrl":"https:\/\/elcotarro.com\/wp-content\/uploads\/2020\/05\/FOTO-1.-GUSTAVO-CAMPOS.jpg","width":765,"height":559},{"@type":"BreadcrumbList","@id":"https:\/\/elcotarro.com\/?p=8259#breadcrumb","itemListElement":[{"@type":"ListItem","position":1,"name":"Portada","item":"https:\/\/elcotarro.com\/"},{"@type":"ListItem","position":2,"name":"8\u00ba DOMINGO DE CONFINAMIENTO Y DESESCALADA"}]},{"@type":"WebSite","@id":"https:\/\/elcotarro.com\/#website","url":"https:\/\/elcotarro.com\/","name":"El Cotarro","description":"Peri\u00f3dico Digital Independiente dirigido por Jos\u00e9 Carlos Marrero","publisher":{"@id":"https:\/\/elcotarro.com\/#organization"},"potentialAction":[{"@type":"SearchAction","target":{"@type":"EntryPoint","urlTemplate":"https:\/\/elcotarro.com\/?s={search_term_string}"},"query-input":{"@type":"PropertyValueSpecification","valueRequired":true,"valueName":"search_term_string"}}],"inLanguage":"es"},{"@type":"Organization","@id":"https:\/\/elcotarro.com\/#organization","name":"El Cotarro","url":"https:\/\/elcotarro.com\/","logo":{"@type":"ImageObject","inLanguage":"es","@id":"https:\/\/elcotarro.com\/#\/schema\/logo\/image\/","url":"https:\/\/elcotarro.com\/wp-content\/uploads\/2014\/09\/Cabecera_El_Cotarro_v2.jpg","contentUrl":"https:\/\/elcotarro.com\/wp-content\/uploads\/2014\/09\/Cabecera_El_Cotarro_v2.jpg","width":3540,"height":441,"caption":"El Cotarro"},"image":{"@id":"https:\/\/elcotarro.com\/#\/schema\/logo\/image\/"},"sameAs":["https:\/\/www.facebook.com\/ElCotarro.Tenerife"]},{"@type":"Person","@id":"https:\/\/elcotarro.com\/#\/schema\/person\/af537ee7d60d15984c7e0affcd8a918b","name":"Jos\u00e9 Carlos Marrero Gonz\u00e1lez","image":{"@type":"ImageObject","inLanguage":"es","@id":"https:\/\/elcotarro.com\/#\/schema\/person\/image\/","url":"https:\/\/secure.gravatar.com\/avatar\/def4da036efb5d32c74d49c351f6dccc064dd69ad9f3aadc295c5a9a5391ca01?s=96&d=mm&r=g","contentUrl":"https:\/\/secure.gravatar.com\/avatar\/def4da036efb5d32c74d49c351f6dccc064dd69ad9f3aadc295c5a9a5391ca01?s=96&d=mm&r=g","caption":"Jos\u00e9 Carlos Marrero Gonz\u00e1lez"},"sameAs":["https:\/\/elcotarro.com"],"url":"https:\/\/elcotarro.com\/?author=2"}]}},"jetpack_featured_media_url":"","jetpack_sharing_enabled":true,"_links":{"self":[{"href":"https:\/\/elcotarro.com\/index.php?rest_route=\/wp\/v2\/posts\/8259","targetHints":{"allow":["GET"]}}],"collection":[{"href":"https:\/\/elcotarro.com\/index.php?rest_route=\/wp\/v2\/posts"}],"about":[{"href":"https:\/\/elcotarro.com\/index.php?rest_route=\/wp\/v2\/types\/post"}],"author":[{"embeddable":true,"href":"https:\/\/elcotarro.com\/index.php?rest_route=\/wp\/v2\/users\/2"}],"replies":[{"embeddable":true,"href":"https:\/\/elcotarro.com\/index.php?rest_route=%2Fwp%2Fv2%2Fcomments&post=8259"}],"version-history":[{"count":1,"href":"https:\/\/elcotarro.com\/index.php?rest_route=\/wp\/v2\/posts\/8259\/revisions"}],"predecessor-version":[{"id":8261,"href":"https:\/\/elcotarro.com\/index.php?rest_route=\/wp\/v2\/posts\/8259\/revisions\/8261"}],"wp:attachment":[{"href":"https:\/\/elcotarro.com\/index.php?rest_route=%2Fwp%2Fv2%2Fmedia&parent=8259"}],"wp:term":[{"taxonomy":"category","embeddable":true,"href":"https:\/\/elcotarro.com\/index.php?rest_route=%2Fwp%2Fv2%2Fcategories&post=8259"},{"taxonomy":"post_tag","embeddable":true,"href":"https:\/\/elcotarro.com\/index.php?rest_route=%2Fwp%2Fv2%2Ftags&post=8259"}],"curies":[{"name":"wp","href":"https:\/\/api.w.org\/{rel}","templated":true}]}}