{"id":8341,"date":"2020-05-24T09:09:40","date_gmt":"2020-05-24T08:09:40","guid":{"rendered":"https:\/\/elcotarro.com\/?p=8341"},"modified":"2020-05-24T07:56:21","modified_gmt":"2020-05-24T06:56:21","slug":"encuestas-incluso-en-tiempos-de-pandemia","status":"publish","type":"post","link":"https:\/\/elcotarro.com\/?p=8341","title":{"rendered":"ENCUESTAS, INCLUSO EN TIEMPOS DE PANDEMIA"},"content":{"rendered":"<p>Mientras la gran mayor\u00eda del personal est\u00e1 obsesionado (con raz\u00f3n) por ver cu\u00e1nto tiempo ha de pasar para salir de esta pu\u00f1etera pandemia y, sobre todo, c\u00f3mo vamos a quedar despu\u00e9s de ella, hay quien, al parecer, ha ocupado parte del tiempo de su confinamiento en hacer encuestas locales sobre intenci\u00f3n de voto y, en su caso, barruntar c\u00f3mo quedar\u00eda la distribuci\u00f3n de esca\u00f1os (l\u00e9ase reparto de concejales) si hoy se realizaran elecciones municipales en los \u201ccuatro principales\u201d municipios canarios. Y entre tanto, parece que sigue coci\u00e9ndose (lentamente y pasito <em>tun-t\u00fan<\/em>) el \u201cpotaje pol\u00edtico\u201d de cara a una posible moci\u00f3n de censura en el ayuntamiento de Santa Cruz de Tenerife, con la alcaldesa <strong>Patricia Hern\u00e1ndez<\/strong> que sigue <em>p\u2019alante<\/em> como si nada (aunque no s\u00e9 si lleva una procesi\u00f3n por dentro) y quien la sustituir\u00eda (en caso de producirse esa moci\u00f3n y ganarla) o sea, <strong>Jos\u00e9 Manuel Berm\u00fadez<\/strong>, calladito como un tuso.<\/p>\n<p style=\"text-align: center\"><a href=\"https:\/\/elcotarro.com\/wp-content\/uploads\/2020\/05\/FOTO-2.-SALUDO.jpg\"><img loading=\"lazy\" decoding=\"async\" class=\"aligncenter size-full wp-image-8342\" src=\"https:\/\/elcotarro.com\/wp-content\/uploads\/2020\/05\/FOTO-2.-SALUDO.jpg\" alt=\"\" width=\"690\" height=\"400\" srcset=\"https:\/\/elcotarro.com\/wp-content\/uploads\/2020\/05\/FOTO-2.-SALUDO.jpg 690w, https:\/\/elcotarro.com\/wp-content\/uploads\/2020\/05\/FOTO-2.-SALUDO-300x174.jpg 300w\" sizes=\"auto, (max-width: 690px) 100vw, 690px\" \/><\/a><\/p>\n<p style=\"text-align: center\"><em>De nuevo la misma foto de hace un par de semanas. Un saludo del exalcalde a la alcaldesa, que no sabemos si se producir\u00e1 de nuevo, pero en sentido contrario<\/em><\/p>\n","protected":false},"excerpt":{"rendered":"<p>Mientras la gran mayor\u00eda del personal est\u00e1 obsesionado (con raz\u00f3n) por ver cu\u00e1nto tiempo ha de pasar para salir de esta pu\u00f1etera pandemia y, sobre todo, c\u00f3mo vamos a quedar despu\u00e9s de ella, hay quien, al parecer, ha ocupado parte del tiempo de su confinamiento en hacer encuestas locales sobre intenci\u00f3n de voto y, en &#8230; <a class=\"read-more\" href=\"https:\/\/elcotarro.com\/?p=8341\">Read more<\/a><\/p>\n","protected":false},"author":2,"featured_media":0,"comment_status":"open","ping_status":"open","sticky":false,"template":"","format":"standard","meta":{"_jetpack_memberships_contains_paid_content":false,"footnotes":""},"categories":[1],"tags":[],"class_list":["post-8341","post","type-post","status-publish","format-standard","hentry","category-sin-categoria"],"yoast_head":"<!-- This site is optimized with the Yoast SEO plugin v27.0 - https:\/\/yoast.com\/product\/yoast-seo-wordpress\/ -->\n<title>ENCUESTAS, INCLUSO EN TIEMPOS DE PANDEMIA - El Cotarro<\/title>\n<meta name=\"robots\" content=\"index, follow, max-snippet:-1, max-image-preview:large, max-video-preview:-1\" \/>\n<link rel=\"canonical\" href=\"https:\/\/elcotarro.com\/?p=8341\" \/>\n<meta property=\"og:locale\" content=\"es_ES\" \/>\n<meta property=\"og:type\" content=\"article\" \/>\n<meta property=\"og:title\" content=\"ENCUESTAS, INCLUSO EN TIEMPOS DE PANDEMIA - El Cotarro\" \/>\n<meta property=\"og:description\" content=\"Mientras la gran mayor\u00eda del personal est\u00e1 obsesionado (con raz\u00f3n) por ver cu\u00e1nto tiempo ha de pasar para salir de esta pu\u00f1etera pandemia y, sobre todo, c\u00f3mo vamos a quedar despu\u00e9s de ella, hay quien, al parecer, ha ocupado parte del tiempo de su confinamiento en hacer encuestas locales sobre intenci\u00f3n de voto y, en ... Read more\" \/>\n<meta property=\"og:url\" content=\"https:\/\/elcotarro.com\/?p=8341\" \/>\n<meta property=\"og:site_name\" content=\"El Cotarro\" \/>\n<meta property=\"article:publisher\" content=\"https:\/\/www.facebook.com\/ElCotarro.Tenerife\" \/>\n<meta property=\"article:published_time\" content=\"2020-05-24T08:09:40+00:00\" \/>\n<meta property=\"og:image\" content=\"https:\/\/elcotarro.com\/wp-content\/uploads\/2020\/05\/FOTO-2.-SALUDO.jpg\" \/>\n<meta name=\"author\" content=\"Jos\u00e9 Carlos Marrero Gonz\u00e1lez\" \/>\n<meta name=\"twitter:label1\" content=\"Escrito por\" \/>\n\t<meta name=\"twitter:data1\" content=\"Jos\u00e9 Carlos Marrero Gonz\u00e1lez\" \/>\n\t<meta name=\"twitter:label2\" content=\"Tiempo de lectura\" \/>\n\t<meta name=\"twitter:data2\" content=\"1 minuto\" \/>\n<script type=\"application\/ld+json\" class=\"yoast-schema-graph\">{\"@context\":\"https:\/\/schema.org\",\"@graph\":[{\"@type\":\"Article\",\"@id\":\"https:\/\/elcotarro.com\/?p=8341#article\",\"isPartOf\":{\"@id\":\"https:\/\/elcotarro.com\/?p=8341\"},\"author\":{\"name\":\"Jos\u00e9 Carlos Marrero Gonz\u00e1lez\",\"@id\":\"https:\/\/elcotarro.com\/#\/schema\/person\/af537ee7d60d15984c7e0affcd8a918b\"},\"headline\":\"ENCUESTAS, INCLUSO EN TIEMPOS DE PANDEMIA\",\"datePublished\":\"2020-05-24T08:09:40+00:00\",\"mainEntityOfPage\":{\"@id\":\"https:\/\/elcotarro.com\/?p=8341\"},\"wordCount\":209,\"commentCount\":0,\"publisher\":{\"@id\":\"https:\/\/elcotarro.com\/#organization\"},\"image\":{\"@id\":\"https:\/\/elcotarro.com\/?p=8341#primaryimage\"},\"thumbnailUrl\":\"https:\/\/elcotarro.com\/wp-content\/uploads\/2020\/05\/FOTO-2.-SALUDO.jpg\",\"inLanguage\":\"es\",\"potentialAction\":[{\"@type\":\"CommentAction\",\"name\":\"Comment\",\"target\":[\"https:\/\/elcotarro.com\/?p=8341#respond\"]}]},{\"@type\":\"WebPage\",\"@id\":\"https:\/\/elcotarro.com\/?p=8341\",\"url\":\"https:\/\/elcotarro.com\/?p=8341\",\"name\":\"ENCUESTAS, INCLUSO EN TIEMPOS DE PANDEMIA - El Cotarro\",\"isPartOf\":{\"@id\":\"https:\/\/elcotarro.com\/#website\"},\"primaryImageOfPage\":{\"@id\":\"https:\/\/elcotarro.com\/?p=8341#primaryimage\"},\"image\":{\"@id\":\"https:\/\/elcotarro.com\/?p=8341#primaryimage\"},\"thumbnailUrl\":\"https:\/\/elcotarro.com\/wp-content\/uploads\/2020\/05\/FOTO-2.-SALUDO.jpg\",\"datePublished\":\"2020-05-24T08:09:40+00:00\",\"breadcrumb\":{\"@id\":\"https:\/\/elcotarro.com\/?p=8341#breadcrumb\"},\"inLanguage\":\"es\",\"potentialAction\":[{\"@type\":\"ReadAction\",\"target\":[\"https:\/\/elcotarro.com\/?p=8341\"]}]},{\"@type\":\"ImageObject\",\"inLanguage\":\"es\",\"@id\":\"https:\/\/elcotarro.com\/?p=8341#primaryimage\",\"url\":\"https:\/\/elcotarro.com\/wp-content\/uploads\/2020\/05\/FOTO-2.-SALUDO.jpg\",\"contentUrl\":\"https:\/\/elcotarro.com\/wp-content\/uploads\/2020\/05\/FOTO-2.-SALUDO.jpg\",\"width\":690,\"height\":400},{\"@type\":\"BreadcrumbList\",\"@id\":\"https:\/\/elcotarro.com\/?p=8341#breadcrumb\",\"itemListElement\":[{\"@type\":\"ListItem\",\"position\":1,\"name\":\"Portada\",\"item\":\"https:\/\/elcotarro.com\/\"},{\"@type\":\"ListItem\",\"position\":2,\"name\":\"ENCUESTAS, INCLUSO EN TIEMPOS DE PANDEMIA\"}]},{\"@type\":\"WebSite\",\"@id\":\"https:\/\/elcotarro.com\/#website\",\"url\":\"https:\/\/elcotarro.com\/\",\"name\":\"El Cotarro\",\"description\":\"Peri\u00f3dico Digital Independiente dirigido por Jos\u00e9 Carlos Marrero\",\"publisher\":{\"@id\":\"https:\/\/elcotarro.com\/#organization\"},\"potentialAction\":[{\"@type\":\"SearchAction\",\"target\":{\"@type\":\"EntryPoint\",\"urlTemplate\":\"https:\/\/elcotarro.com\/?s={search_term_string}\"},\"query-input\":{\"@type\":\"PropertyValueSpecification\",\"valueRequired\":true,\"valueName\":\"search_term_string\"}}],\"inLanguage\":\"es\"},{\"@type\":\"Organization\",\"@id\":\"https:\/\/elcotarro.com\/#organization\",\"name\":\"El Cotarro\",\"url\":\"https:\/\/elcotarro.com\/\",\"logo\":{\"@type\":\"ImageObject\",\"inLanguage\":\"es\",\"@id\":\"https:\/\/elcotarro.com\/#\/schema\/logo\/image\/\",\"url\":\"https:\/\/elcotarro.com\/wp-content\/uploads\/2014\/09\/Cabecera_El_Cotarro_v2.jpg\",\"contentUrl\":\"https:\/\/elcotarro.com\/wp-content\/uploads\/2014\/09\/Cabecera_El_Cotarro_v2.jpg\",\"width\":3540,\"height\":441,\"caption\":\"El Cotarro\"},\"image\":{\"@id\":\"https:\/\/elcotarro.com\/#\/schema\/logo\/image\/\"},\"sameAs\":[\"https:\/\/www.facebook.com\/ElCotarro.Tenerife\"]},{\"@type\":\"Person\",\"@id\":\"https:\/\/elcotarro.com\/#\/schema\/person\/af537ee7d60d15984c7e0affcd8a918b\",\"name\":\"Jos\u00e9 Carlos Marrero Gonz\u00e1lez\",\"image\":{\"@type\":\"ImageObject\",\"inLanguage\":\"es\",\"@id\":\"https:\/\/elcotarro.com\/#\/schema\/person\/image\/\",\"url\":\"https:\/\/secure.gravatar.com\/avatar\/def4da036efb5d32c74d49c351f6dccc064dd69ad9f3aadc295c5a9a5391ca01?s=96&d=mm&r=g\",\"contentUrl\":\"https:\/\/secure.gravatar.com\/avatar\/def4da036efb5d32c74d49c351f6dccc064dd69ad9f3aadc295c5a9a5391ca01?s=96&d=mm&r=g\",\"caption\":\"Jos\u00e9 Carlos Marrero Gonz\u00e1lez\"},\"sameAs\":[\"https:\/\/elcotarro.com\"],\"url\":\"https:\/\/elcotarro.com\/?author=2\"}]}<\/script>\n<!-- \/ Yoast SEO plugin. -->","yoast_head_json":{"title":"ENCUESTAS, INCLUSO EN TIEMPOS DE PANDEMIA - El Cotarro","robots":{"index":"index","follow":"follow","max-snippet":"max-snippet:-1","max-image-preview":"max-image-preview:large","max-video-preview":"max-video-preview:-1"},"canonical":"https:\/\/elcotarro.com\/?p=8341","og_locale":"es_ES","og_type":"article","og_title":"ENCUESTAS, INCLUSO EN TIEMPOS DE PANDEMIA - El Cotarro","og_description":"Mientras la gran mayor\u00eda del personal est\u00e1 obsesionado (con raz\u00f3n) por ver cu\u00e1nto tiempo ha de pasar para salir de esta pu\u00f1etera pandemia y, sobre todo, c\u00f3mo vamos a quedar despu\u00e9s de ella, hay quien, al parecer, ha ocupado parte del tiempo de su confinamiento en hacer encuestas locales sobre intenci\u00f3n de voto y, en ... Read more","og_url":"https:\/\/elcotarro.com\/?p=8341","og_site_name":"El Cotarro","article_publisher":"https:\/\/www.facebook.com\/ElCotarro.Tenerife","article_published_time":"2020-05-24T08:09:40+00:00","og_image":[{"url":"https:\/\/elcotarro.com\/wp-content\/uploads\/2020\/05\/FOTO-2.-SALUDO.jpg","type":"","width":"","height":""}],"author":"Jos\u00e9 Carlos Marrero Gonz\u00e1lez","twitter_misc":{"Escrito por":"Jos\u00e9 Carlos Marrero Gonz\u00e1lez","Tiempo de lectura":"1 minuto"},"schema":{"@context":"https:\/\/schema.org","@graph":[{"@type":"Article","@id":"https:\/\/elcotarro.com\/?p=8341#article","isPartOf":{"@id":"https:\/\/elcotarro.com\/?p=8341"},"author":{"name":"Jos\u00e9 Carlos Marrero Gonz\u00e1lez","@id":"https:\/\/elcotarro.com\/#\/schema\/person\/af537ee7d60d15984c7e0affcd8a918b"},"headline":"ENCUESTAS, INCLUSO EN TIEMPOS DE PANDEMIA","datePublished":"2020-05-24T08:09:40+00:00","mainEntityOfPage":{"@id":"https:\/\/elcotarro.com\/?p=8341"},"wordCount":209,"commentCount":0,"publisher":{"@id":"https:\/\/elcotarro.com\/#organization"},"image":{"@id":"https:\/\/elcotarro.com\/?p=8341#primaryimage"},"thumbnailUrl":"https:\/\/elcotarro.com\/wp-content\/uploads\/2020\/05\/FOTO-2.-SALUDO.jpg","inLanguage":"es","potentialAction":[{"@type":"CommentAction","name":"Comment","target":["https:\/\/elcotarro.com\/?p=8341#respond"]}]},{"@type":"WebPage","@id":"https:\/\/elcotarro.com\/?p=8341","url":"https:\/\/elcotarro.com\/?p=8341","name":"ENCUESTAS, INCLUSO EN TIEMPOS DE PANDEMIA - El Cotarro","isPartOf":{"@id":"https:\/\/elcotarro.com\/#website"},"primaryImageOfPage":{"@id":"https:\/\/elcotarro.com\/?p=8341#primaryimage"},"image":{"@id":"https:\/\/elcotarro.com\/?p=8341#primaryimage"},"thumbnailUrl":"https:\/\/elcotarro.com\/wp-content\/uploads\/2020\/05\/FOTO-2.-SALUDO.jpg","datePublished":"2020-05-24T08:09:40+00:00","breadcrumb":{"@id":"https:\/\/elcotarro.com\/?p=8341#breadcrumb"},"inLanguage":"es","potentialAction":[{"@type":"ReadAction","target":["https:\/\/elcotarro.com\/?p=8341"]}]},{"@type":"ImageObject","inLanguage":"es","@id":"https:\/\/elcotarro.com\/?p=8341#primaryimage","url":"https:\/\/elcotarro.com\/wp-content\/uploads\/2020\/05\/FOTO-2.-SALUDO.jpg","contentUrl":"https:\/\/elcotarro.com\/wp-content\/uploads\/2020\/05\/FOTO-2.-SALUDO.jpg","width":690,"height":400},{"@type":"BreadcrumbList","@id":"https:\/\/elcotarro.com\/?p=8341#breadcrumb","itemListElement":[{"@type":"ListItem","position":1,"name":"Portada","item":"https:\/\/elcotarro.com\/"},{"@type":"ListItem","position":2,"name":"ENCUESTAS, INCLUSO EN TIEMPOS DE PANDEMIA"}]},{"@type":"WebSite","@id":"https:\/\/elcotarro.com\/#website","url":"https:\/\/elcotarro.com\/","name":"El Cotarro","description":"Peri\u00f3dico Digital Independiente dirigido por Jos\u00e9 Carlos Marrero","publisher":{"@id":"https:\/\/elcotarro.com\/#organization"},"potentialAction":[{"@type":"SearchAction","target":{"@type":"EntryPoint","urlTemplate":"https:\/\/elcotarro.com\/?s={search_term_string}"},"query-input":{"@type":"PropertyValueSpecification","valueRequired":true,"valueName":"search_term_string"}}],"inLanguage":"es"},{"@type":"Organization","@id":"https:\/\/elcotarro.com\/#organization","name":"El Cotarro","url":"https:\/\/elcotarro.com\/","logo":{"@type":"ImageObject","inLanguage":"es","@id":"https:\/\/elcotarro.com\/#\/schema\/logo\/image\/","url":"https:\/\/elcotarro.com\/wp-content\/uploads\/2014\/09\/Cabecera_El_Cotarro_v2.jpg","contentUrl":"https:\/\/elcotarro.com\/wp-content\/uploads\/2014\/09\/Cabecera_El_Cotarro_v2.jpg","width":3540,"height":441,"caption":"El Cotarro"},"image":{"@id":"https:\/\/elcotarro.com\/#\/schema\/logo\/image\/"},"sameAs":["https:\/\/www.facebook.com\/ElCotarro.Tenerife"]},{"@type":"Person","@id":"https:\/\/elcotarro.com\/#\/schema\/person\/af537ee7d60d15984c7e0affcd8a918b","name":"Jos\u00e9 Carlos Marrero Gonz\u00e1lez","image":{"@type":"ImageObject","inLanguage":"es","@id":"https:\/\/elcotarro.com\/#\/schema\/person\/image\/","url":"https:\/\/secure.gravatar.com\/avatar\/def4da036efb5d32c74d49c351f6dccc064dd69ad9f3aadc295c5a9a5391ca01?s=96&d=mm&r=g","contentUrl":"https:\/\/secure.gravatar.com\/avatar\/def4da036efb5d32c74d49c351f6dccc064dd69ad9f3aadc295c5a9a5391ca01?s=96&d=mm&r=g","caption":"Jos\u00e9 Carlos Marrero Gonz\u00e1lez"},"sameAs":["https:\/\/elcotarro.com"],"url":"https:\/\/elcotarro.com\/?author=2"}]}},"jetpack_featured_media_url":"","jetpack_sharing_enabled":true,"_links":{"self":[{"href":"https:\/\/elcotarro.com\/index.php?rest_route=\/wp\/v2\/posts\/8341","targetHints":{"allow":["GET"]}}],"collection":[{"href":"https:\/\/elcotarro.com\/index.php?rest_route=\/wp\/v2\/posts"}],"about":[{"href":"https:\/\/elcotarro.com\/index.php?rest_route=\/wp\/v2\/types\/post"}],"author":[{"embeddable":true,"href":"https:\/\/elcotarro.com\/index.php?rest_route=\/wp\/v2\/users\/2"}],"replies":[{"embeddable":true,"href":"https:\/\/elcotarro.com\/index.php?rest_route=%2Fwp%2Fv2%2Fcomments&post=8341"}],"version-history":[{"count":1,"href":"https:\/\/elcotarro.com\/index.php?rest_route=\/wp\/v2\/posts\/8341\/revisions"}],"predecessor-version":[{"id":8343,"href":"https:\/\/elcotarro.com\/index.php?rest_route=\/wp\/v2\/posts\/8341\/revisions\/8343"}],"wp:attachment":[{"href":"https:\/\/elcotarro.com\/index.php?rest_route=%2Fwp%2Fv2%2Fmedia&parent=8341"}],"wp:term":[{"taxonomy":"category","embeddable":true,"href":"https:\/\/elcotarro.com\/index.php?rest_route=%2Fwp%2Fv2%2Fcategories&post=8341"},{"taxonomy":"post_tag","embeddable":true,"href":"https:\/\/elcotarro.com\/index.php?rest_route=%2Fwp%2Fv2%2Ftags&post=8341"}],"curies":[{"name":"wp","href":"https:\/\/api.w.org\/{rel}","templated":true}]}}