{"id":8347,"date":"2020-05-24T09:07:57","date_gmt":"2020-05-24T08:07:57","guid":{"rendered":"https:\/\/elcotarro.com\/?p=8347"},"modified":"2020-05-24T10:45:52","modified_gmt":"2020-05-24T09:45:52","slug":"y-los-datos-de-una-lagunera-encuesta","status":"publish","type":"post","link":"https:\/\/elcotarro.com\/?p=8347","title":{"rendered":"Y LOS DATOS DE UNA LAGUNERA ENCUESTA"},"content":{"rendered":"<p>En lo que se refiere al ayuntamiento de La Laguna (hoy tambi\u00e9n con 27 concejales), la cosa (siempre seg\u00fan lo que se ha filtrado del curioso sondeo) quedar\u00eda, a estas alturas de la pel\u00edcula y seg\u00fan los datos del mismo, de la siguiente manera: ascender\u00eda el PSOE (se supone que con una lista encabezada nuevamente por el hoy alcalde <strong>Luis Yeray Guti\u00e9rrez<\/strong>) subiendo un esca\u00f1o y pasando de 7 a 8 concejales; a Coalici\u00f3n Canaria (se supone que con el hoy ex alcalde lagunero, <strong>Jos\u00e9 Alberto D\u00edaz<\/strong>, encabezando nuevamente la lista) le pasar\u00eda lo mismo que a sus colegas chicharreros y, en este caso, repetir\u00edan resultado consiguiendo 9 concejales; el Partido Popular (no se sabe sin con <strong>Manuel G\u00f3mez<\/strong> encabezando la lista) protagonizar\u00eda una gran subida doblando el resultado del 2019 y pasar\u00eda de 2 a 4 concejales; Unidas Podemos (se entiende que con <strong>Rubens Ascanio<\/strong> como cabeza de lista) perder\u00eda dos esca\u00f1os y pasar\u00eda de 5 a 3 concejales; Ciudadanos (tambi\u00e9n en este caso con lista misteriosa) bajar\u00eda y pasar\u00eda de 2 a 1 concejal; Avante La Laguna (formaci\u00f3n que hoy lidera <strong>Santiago P\u00e9rez<\/strong>) perder\u00eda sus actuales 2 concejales y se quedar\u00eda sin representaci\u00f3n; y, por \u00faltimo, tambi\u00e9n en el ayuntamiento Lagunero se estrenar\u00eda VOX, entrando con dos concejales.<\/p>\n<p style=\"text-align: center\"><a href=\"https:\/\/elcotarro.com\/wp-content\/uploads\/2020\/05\/foto6-1.jpg\"><img loading=\"lazy\" decoding=\"async\" class=\"aligncenter size-full wp-image-8348\" src=\"https:\/\/elcotarro.com\/wp-content\/uploads\/2020\/05\/foto6-1.jpg\" alt=\"\" width=\"1370\" height=\"265\" srcset=\"https:\/\/elcotarro.com\/wp-content\/uploads\/2020\/05\/foto6-1.jpg 1370w, https:\/\/elcotarro.com\/wp-content\/uploads\/2020\/05\/foto6-1-300x58.jpg 300w, https:\/\/elcotarro.com\/wp-content\/uploads\/2020\/05\/foto6-1-1024x198.jpg 1024w, https:\/\/elcotarro.com\/wp-content\/uploads\/2020\/05\/foto6-1-768x149.jpg 768w\" sizes=\"auto, (max-width: 1370px) 100vw, 1370px\" \/><\/a><\/p>\n<p style=\"text-align: center\"><em>De izquierda a derecha: Luis Yeray Guti\u00e9rrez (PSOE), Jos\u00e9 Alberto D\u00edaz (CC), Manuel G\u00f3mez (PP), Santiago P\u00e9rez (Avante) y Rubens Ascanio (USP)<\/em><\/p>\n","protected":false},"excerpt":{"rendered":"<p>En lo que se refiere al ayuntamiento de La Laguna (hoy tambi\u00e9n con 27 concejales), la cosa (siempre seg\u00fan lo que se ha filtrado del curioso sondeo) quedar\u00eda, a estas alturas de la pel\u00edcula y seg\u00fan los datos del mismo, de la siguiente manera: ascender\u00eda el PSOE (se supone que con una lista encabezada nuevamente &#8230; <a class=\"read-more\" href=\"https:\/\/elcotarro.com\/?p=8347\">Read more<\/a><\/p>\n","protected":false},"author":2,"featured_media":0,"comment_status":"open","ping_status":"open","sticky":false,"template":"","format":"standard","meta":{"_jetpack_memberships_contains_paid_content":false,"footnotes":""},"categories":[1],"tags":[],"class_list":["post-8347","post","type-post","status-publish","format-standard","hentry","category-sin-categoria"],"yoast_head":"<!-- This site is optimized with the Yoast SEO plugin v27.0 - https:\/\/yoast.com\/product\/yoast-seo-wordpress\/ -->\n<title>Y LOS DATOS DE UNA LAGUNERA ENCUESTA - El Cotarro<\/title>\n<meta name=\"robots\" content=\"index, follow, max-snippet:-1, max-image-preview:large, max-video-preview:-1\" \/>\n<link rel=\"canonical\" href=\"https:\/\/elcotarro.com\/?p=8347\" \/>\n<meta property=\"og:locale\" content=\"es_ES\" \/>\n<meta property=\"og:type\" content=\"article\" \/>\n<meta property=\"og:title\" content=\"Y LOS DATOS DE UNA LAGUNERA ENCUESTA - El Cotarro\" \/>\n<meta property=\"og:description\" content=\"En lo que se refiere al ayuntamiento de La Laguna (hoy tambi\u00e9n con 27 concejales), la cosa (siempre seg\u00fan lo que se ha filtrado del curioso sondeo) quedar\u00eda, a estas alturas de la pel\u00edcula y seg\u00fan los datos del mismo, de la siguiente manera: ascender\u00eda el PSOE (se supone que con una lista encabezada nuevamente ... Read more\" \/>\n<meta property=\"og:url\" content=\"https:\/\/elcotarro.com\/?p=8347\" \/>\n<meta property=\"og:site_name\" content=\"El Cotarro\" \/>\n<meta property=\"article:publisher\" content=\"https:\/\/www.facebook.com\/ElCotarro.Tenerife\" \/>\n<meta property=\"article:published_time\" content=\"2020-05-24T08:07:57+00:00\" \/>\n<meta property=\"article:modified_time\" content=\"2020-05-24T09:45:52+00:00\" \/>\n<meta property=\"og:image\" content=\"https:\/\/elcotarro.com\/wp-content\/uploads\/2020\/05\/foto6-1.jpg\" \/>\n<meta name=\"author\" content=\"Jos\u00e9 Carlos Marrero Gonz\u00e1lez\" \/>\n<meta name=\"twitter:label1\" content=\"Escrito por\" \/>\n\t<meta name=\"twitter:data1\" content=\"Jos\u00e9 Carlos Marrero Gonz\u00e1lez\" \/>\n\t<meta name=\"twitter:label2\" content=\"Tiempo de lectura\" \/>\n\t<meta name=\"twitter:data2\" content=\"1 minuto\" \/>\n<script type=\"application\/ld+json\" class=\"yoast-schema-graph\">{\"@context\":\"https:\/\/schema.org\",\"@graph\":[{\"@type\":\"Article\",\"@id\":\"https:\/\/elcotarro.com\/?p=8347#article\",\"isPartOf\":{\"@id\":\"https:\/\/elcotarro.com\/?p=8347\"},\"author\":{\"name\":\"Jos\u00e9 Carlos Marrero Gonz\u00e1lez\",\"@id\":\"https:\/\/elcotarro.com\/#\/schema\/person\/af537ee7d60d15984c7e0affcd8a918b\"},\"headline\":\"Y LOS DATOS DE UNA LAGUNERA ENCUESTA\",\"datePublished\":\"2020-05-24T08:07:57+00:00\",\"dateModified\":\"2020-05-24T09:45:52+00:00\",\"mainEntityOfPage\":{\"@id\":\"https:\/\/elcotarro.com\/?p=8347\"},\"wordCount\":259,\"commentCount\":0,\"publisher\":{\"@id\":\"https:\/\/elcotarro.com\/#organization\"},\"image\":{\"@id\":\"https:\/\/elcotarro.com\/?p=8347#primaryimage\"},\"thumbnailUrl\":\"https:\/\/elcotarro.com\/wp-content\/uploads\/2020\/05\/foto6-1.jpg\",\"inLanguage\":\"es\",\"potentialAction\":[{\"@type\":\"CommentAction\",\"name\":\"Comment\",\"target\":[\"https:\/\/elcotarro.com\/?p=8347#respond\"]}]},{\"@type\":\"WebPage\",\"@id\":\"https:\/\/elcotarro.com\/?p=8347\",\"url\":\"https:\/\/elcotarro.com\/?p=8347\",\"name\":\"Y LOS DATOS DE UNA LAGUNERA ENCUESTA - El Cotarro\",\"isPartOf\":{\"@id\":\"https:\/\/elcotarro.com\/#website\"},\"primaryImageOfPage\":{\"@id\":\"https:\/\/elcotarro.com\/?p=8347#primaryimage\"},\"image\":{\"@id\":\"https:\/\/elcotarro.com\/?p=8347#primaryimage\"},\"thumbnailUrl\":\"https:\/\/elcotarro.com\/wp-content\/uploads\/2020\/05\/foto6-1.jpg\",\"datePublished\":\"2020-05-24T08:07:57+00:00\",\"dateModified\":\"2020-05-24T09:45:52+00:00\",\"breadcrumb\":{\"@id\":\"https:\/\/elcotarro.com\/?p=8347#breadcrumb\"},\"inLanguage\":\"es\",\"potentialAction\":[{\"@type\":\"ReadAction\",\"target\":[\"https:\/\/elcotarro.com\/?p=8347\"]}]},{\"@type\":\"ImageObject\",\"inLanguage\":\"es\",\"@id\":\"https:\/\/elcotarro.com\/?p=8347#primaryimage\",\"url\":\"https:\/\/elcotarro.com\/wp-content\/uploads\/2020\/05\/foto6-1.jpg\",\"contentUrl\":\"https:\/\/elcotarro.com\/wp-content\/uploads\/2020\/05\/foto6-1.jpg\",\"width\":1370,\"height\":265},{\"@type\":\"BreadcrumbList\",\"@id\":\"https:\/\/elcotarro.com\/?p=8347#breadcrumb\",\"itemListElement\":[{\"@type\":\"ListItem\",\"position\":1,\"name\":\"Portada\",\"item\":\"https:\/\/elcotarro.com\/\"},{\"@type\":\"ListItem\",\"position\":2,\"name\":\"Y LOS DATOS DE UNA LAGUNERA ENCUESTA\"}]},{\"@type\":\"WebSite\",\"@id\":\"https:\/\/elcotarro.com\/#website\",\"url\":\"https:\/\/elcotarro.com\/\",\"name\":\"El Cotarro\",\"description\":\"Peri\u00f3dico Digital Independiente dirigido por Jos\u00e9 Carlos Marrero\",\"publisher\":{\"@id\":\"https:\/\/elcotarro.com\/#organization\"},\"potentialAction\":[{\"@type\":\"SearchAction\",\"target\":{\"@type\":\"EntryPoint\",\"urlTemplate\":\"https:\/\/elcotarro.com\/?s={search_term_string}\"},\"query-input\":{\"@type\":\"PropertyValueSpecification\",\"valueRequired\":true,\"valueName\":\"search_term_string\"}}],\"inLanguage\":\"es\"},{\"@type\":\"Organization\",\"@id\":\"https:\/\/elcotarro.com\/#organization\",\"name\":\"El Cotarro\",\"url\":\"https:\/\/elcotarro.com\/\",\"logo\":{\"@type\":\"ImageObject\",\"inLanguage\":\"es\",\"@id\":\"https:\/\/elcotarro.com\/#\/schema\/logo\/image\/\",\"url\":\"https:\/\/elcotarro.com\/wp-content\/uploads\/2014\/09\/Cabecera_El_Cotarro_v2.jpg\",\"contentUrl\":\"https:\/\/elcotarro.com\/wp-content\/uploads\/2014\/09\/Cabecera_El_Cotarro_v2.jpg\",\"width\":3540,\"height\":441,\"caption\":\"El Cotarro\"},\"image\":{\"@id\":\"https:\/\/elcotarro.com\/#\/schema\/logo\/image\/\"},\"sameAs\":[\"https:\/\/www.facebook.com\/ElCotarro.Tenerife\"]},{\"@type\":\"Person\",\"@id\":\"https:\/\/elcotarro.com\/#\/schema\/person\/af537ee7d60d15984c7e0affcd8a918b\",\"name\":\"Jos\u00e9 Carlos Marrero Gonz\u00e1lez\",\"image\":{\"@type\":\"ImageObject\",\"inLanguage\":\"es\",\"@id\":\"https:\/\/elcotarro.com\/#\/schema\/person\/image\/\",\"url\":\"https:\/\/secure.gravatar.com\/avatar\/def4da036efb5d32c74d49c351f6dccc064dd69ad9f3aadc295c5a9a5391ca01?s=96&d=mm&r=g\",\"contentUrl\":\"https:\/\/secure.gravatar.com\/avatar\/def4da036efb5d32c74d49c351f6dccc064dd69ad9f3aadc295c5a9a5391ca01?s=96&d=mm&r=g\",\"caption\":\"Jos\u00e9 Carlos Marrero Gonz\u00e1lez\"},\"sameAs\":[\"https:\/\/elcotarro.com\"],\"url\":\"https:\/\/elcotarro.com\/?author=2\"}]}<\/script>\n<!-- \/ Yoast SEO plugin. -->","yoast_head_json":{"title":"Y LOS DATOS DE UNA LAGUNERA ENCUESTA - El Cotarro","robots":{"index":"index","follow":"follow","max-snippet":"max-snippet:-1","max-image-preview":"max-image-preview:large","max-video-preview":"max-video-preview:-1"},"canonical":"https:\/\/elcotarro.com\/?p=8347","og_locale":"es_ES","og_type":"article","og_title":"Y LOS DATOS DE UNA LAGUNERA ENCUESTA - El Cotarro","og_description":"En lo que se refiere al ayuntamiento de La Laguna (hoy tambi\u00e9n con 27 concejales), la cosa (siempre seg\u00fan lo que se ha filtrado del curioso sondeo) quedar\u00eda, a estas alturas de la pel\u00edcula y seg\u00fan los datos del mismo, de la siguiente manera: ascender\u00eda el PSOE (se supone que con una lista encabezada nuevamente ... Read more","og_url":"https:\/\/elcotarro.com\/?p=8347","og_site_name":"El Cotarro","article_publisher":"https:\/\/www.facebook.com\/ElCotarro.Tenerife","article_published_time":"2020-05-24T08:07:57+00:00","article_modified_time":"2020-05-24T09:45:52+00:00","og_image":[{"url":"https:\/\/elcotarro.com\/wp-content\/uploads\/2020\/05\/foto6-1.jpg","type":"","width":"","height":""}],"author":"Jos\u00e9 Carlos Marrero Gonz\u00e1lez","twitter_misc":{"Escrito por":"Jos\u00e9 Carlos Marrero Gonz\u00e1lez","Tiempo de lectura":"1 minuto"},"schema":{"@context":"https:\/\/schema.org","@graph":[{"@type":"Article","@id":"https:\/\/elcotarro.com\/?p=8347#article","isPartOf":{"@id":"https:\/\/elcotarro.com\/?p=8347"},"author":{"name":"Jos\u00e9 Carlos Marrero Gonz\u00e1lez","@id":"https:\/\/elcotarro.com\/#\/schema\/person\/af537ee7d60d15984c7e0affcd8a918b"},"headline":"Y LOS DATOS DE UNA LAGUNERA ENCUESTA","datePublished":"2020-05-24T08:07:57+00:00","dateModified":"2020-05-24T09:45:52+00:00","mainEntityOfPage":{"@id":"https:\/\/elcotarro.com\/?p=8347"},"wordCount":259,"commentCount":0,"publisher":{"@id":"https:\/\/elcotarro.com\/#organization"},"image":{"@id":"https:\/\/elcotarro.com\/?p=8347#primaryimage"},"thumbnailUrl":"https:\/\/elcotarro.com\/wp-content\/uploads\/2020\/05\/foto6-1.jpg","inLanguage":"es","potentialAction":[{"@type":"CommentAction","name":"Comment","target":["https:\/\/elcotarro.com\/?p=8347#respond"]}]},{"@type":"WebPage","@id":"https:\/\/elcotarro.com\/?p=8347","url":"https:\/\/elcotarro.com\/?p=8347","name":"Y LOS DATOS DE UNA LAGUNERA ENCUESTA - El Cotarro","isPartOf":{"@id":"https:\/\/elcotarro.com\/#website"},"primaryImageOfPage":{"@id":"https:\/\/elcotarro.com\/?p=8347#primaryimage"},"image":{"@id":"https:\/\/elcotarro.com\/?p=8347#primaryimage"},"thumbnailUrl":"https:\/\/elcotarro.com\/wp-content\/uploads\/2020\/05\/foto6-1.jpg","datePublished":"2020-05-24T08:07:57+00:00","dateModified":"2020-05-24T09:45:52+00:00","breadcrumb":{"@id":"https:\/\/elcotarro.com\/?p=8347#breadcrumb"},"inLanguage":"es","potentialAction":[{"@type":"ReadAction","target":["https:\/\/elcotarro.com\/?p=8347"]}]},{"@type":"ImageObject","inLanguage":"es","@id":"https:\/\/elcotarro.com\/?p=8347#primaryimage","url":"https:\/\/elcotarro.com\/wp-content\/uploads\/2020\/05\/foto6-1.jpg","contentUrl":"https:\/\/elcotarro.com\/wp-content\/uploads\/2020\/05\/foto6-1.jpg","width":1370,"height":265},{"@type":"BreadcrumbList","@id":"https:\/\/elcotarro.com\/?p=8347#breadcrumb","itemListElement":[{"@type":"ListItem","position":1,"name":"Portada","item":"https:\/\/elcotarro.com\/"},{"@type":"ListItem","position":2,"name":"Y LOS DATOS DE UNA LAGUNERA ENCUESTA"}]},{"@type":"WebSite","@id":"https:\/\/elcotarro.com\/#website","url":"https:\/\/elcotarro.com\/","name":"El Cotarro","description":"Peri\u00f3dico Digital Independiente dirigido por Jos\u00e9 Carlos Marrero","publisher":{"@id":"https:\/\/elcotarro.com\/#organization"},"potentialAction":[{"@type":"SearchAction","target":{"@type":"EntryPoint","urlTemplate":"https:\/\/elcotarro.com\/?s={search_term_string}"},"query-input":{"@type":"PropertyValueSpecification","valueRequired":true,"valueName":"search_term_string"}}],"inLanguage":"es"},{"@type":"Organization","@id":"https:\/\/elcotarro.com\/#organization","name":"El Cotarro","url":"https:\/\/elcotarro.com\/","logo":{"@type":"ImageObject","inLanguage":"es","@id":"https:\/\/elcotarro.com\/#\/schema\/logo\/image\/","url":"https:\/\/elcotarro.com\/wp-content\/uploads\/2014\/09\/Cabecera_El_Cotarro_v2.jpg","contentUrl":"https:\/\/elcotarro.com\/wp-content\/uploads\/2014\/09\/Cabecera_El_Cotarro_v2.jpg","width":3540,"height":441,"caption":"El Cotarro"},"image":{"@id":"https:\/\/elcotarro.com\/#\/schema\/logo\/image\/"},"sameAs":["https:\/\/www.facebook.com\/ElCotarro.Tenerife"]},{"@type":"Person","@id":"https:\/\/elcotarro.com\/#\/schema\/person\/af537ee7d60d15984c7e0affcd8a918b","name":"Jos\u00e9 Carlos Marrero Gonz\u00e1lez","image":{"@type":"ImageObject","inLanguage":"es","@id":"https:\/\/elcotarro.com\/#\/schema\/person\/image\/","url":"https:\/\/secure.gravatar.com\/avatar\/def4da036efb5d32c74d49c351f6dccc064dd69ad9f3aadc295c5a9a5391ca01?s=96&d=mm&r=g","contentUrl":"https:\/\/secure.gravatar.com\/avatar\/def4da036efb5d32c74d49c351f6dccc064dd69ad9f3aadc295c5a9a5391ca01?s=96&d=mm&r=g","caption":"Jos\u00e9 Carlos Marrero Gonz\u00e1lez"},"sameAs":["https:\/\/elcotarro.com"],"url":"https:\/\/elcotarro.com\/?author=2"}]}},"jetpack_featured_media_url":"","jetpack_sharing_enabled":true,"_links":{"self":[{"href":"https:\/\/elcotarro.com\/index.php?rest_route=\/wp\/v2\/posts\/8347","targetHints":{"allow":["GET"]}}],"collection":[{"href":"https:\/\/elcotarro.com\/index.php?rest_route=\/wp\/v2\/posts"}],"about":[{"href":"https:\/\/elcotarro.com\/index.php?rest_route=\/wp\/v2\/types\/post"}],"author":[{"embeddable":true,"href":"https:\/\/elcotarro.com\/index.php?rest_route=\/wp\/v2\/users\/2"}],"replies":[{"embeddable":true,"href":"https:\/\/elcotarro.com\/index.php?rest_route=%2Fwp%2Fv2%2Fcomments&post=8347"}],"version-history":[{"count":2,"href":"https:\/\/elcotarro.com\/index.php?rest_route=\/wp\/v2\/posts\/8347\/revisions"}],"predecessor-version":[{"id":8361,"href":"https:\/\/elcotarro.com\/index.php?rest_route=\/wp\/v2\/posts\/8347\/revisions\/8361"}],"wp:attachment":[{"href":"https:\/\/elcotarro.com\/index.php?rest_route=%2Fwp%2Fv2%2Fmedia&parent=8347"}],"wp:term":[{"taxonomy":"category","embeddable":true,"href":"https:\/\/elcotarro.com\/index.php?rest_route=%2Fwp%2Fv2%2Fcategories&post=8347"},{"taxonomy":"post_tag","embeddable":true,"href":"https:\/\/elcotarro.com\/index.php?rest_route=%2Fwp%2Fv2%2Ftags&post=8347"}],"curies":[{"name":"wp","href":"https:\/\/api.w.org\/{rel}","templated":true}]}}