{"id":848,"date":"2015-02-22T12:07:08","date_gmt":"2015-02-22T12:07:08","guid":{"rendered":"https:\/\/elcotarro.com\/?p=848"},"modified":"2015-02-21T21:09:46","modified_gmt":"2015-02-21T21:09:46","slug":"lagunerada-en-domingo-de-pinata","status":"publish","type":"post","link":"https:\/\/elcotarro.com\/?p=848","title":{"rendered":"LAGUNERADA EN DOMINGO DE PI\u00d1ATA"},"content":{"rendered":"<p>\u2666 Si les digo que los carnavales se \u201cinventaron\u201d en La Laguna y que desde la ciudad de Aguere bajaron para Santa Cruz, me van a decir que soy un lagunero profundo, por no decir recalcitrante&#8230; Pero como lo tengo asumido, hoy les voy a dejar un par de laguneradas que no vienen mal en este Domingo de Pi\u00f1ata&#8230; La primera de ellas con un respetuoso recuerdo al querido y recordado obispo, don <strong>Domingo P\u00e9rez C\u00e1ceres<\/strong>, quien comprendi\u00f3 tanto el sano esp\u00edritu carnavalero en la \u00e9poca franquista, que lo toler\u00f3 y hasta lo defendi\u00f3 dici\u00e9ndole a la autoridad competente: \u201c<em>Usted deje a los tinerfe\u00f1os celebrar los carnavales, que despu\u00e9s nosotros los confesaremos\u201d<\/em>&#8230; Luego vendr\u00eda la copla cantada por <strong>Elfidio Alonso<\/strong> y Los Sabande\u00f1os: <em>\u201cYa se van los carnavales, cosa buena poco dura, ahora viene la Cuaresma, el carnaval de los curas\u201d<\/em>&#8230; Y cuando menos lo esperemos estaremos en septiembre y en ese mes vamos a tener todo un congreso mundial en La Laguna.<\/p>\n<p><a href=\"https:\/\/elcotarro.com\/wp-content\/uploads\/2015\/02\/FOTO-1.-Domingo-P\u00e9rez-C\u00e1ceres.jpg\"><img loading=\"lazy\" decoding=\"async\" class=\"aligncenter size-full wp-image-849\" src=\"https:\/\/elcotarro.com\/wp-content\/uploads\/2015\/02\/FOTO-1.-Domingo-P\u00e9rez-C\u00e1ceres.jpg\" alt=\"FOTO 1.- Domingo P\u00e9rez C\u00e1ceres\" width=\"170\" height=\"289\" \/><\/a><\/p>\n<p class=\"comentario\" style=\"text-align: center;\">Mons. Domingo P\u00e9rez C\u00e1ceres (Ex-Obispo de la Di\u00f3cesis Nivariense)<\/p>\n","protected":false},"excerpt":{"rendered":"<p>\u2666 Si les digo que los carnavales se \u201cinventaron\u201d en La Laguna y que desde la ciudad de Aguere bajaron para Santa Cruz, me van a decir que soy un lagunero profundo, por no decir recalcitrante&#8230; Pero como lo tengo asumido, hoy les voy a dejar un par de laguneradas que no vienen mal en &#8230; <a class=\"read-more\" href=\"https:\/\/elcotarro.com\/?p=848\">Read more<\/a><\/p>\n","protected":false},"author":2,"featured_media":0,"comment_status":"open","ping_status":"open","sticky":false,"template":"","format":"standard","meta":{"_jetpack_memberships_contains_paid_content":false,"footnotes":""},"categories":[43],"tags":[424,425],"class_list":["post-848","post","type-post","status-publish","format-standard","hentry","category-sociedad","tag-domingo-perez-caceres","tag-elfidio-alonso"],"yoast_head":"<!-- This site is optimized with the Yoast SEO plugin v27.0 - https:\/\/yoast.com\/product\/yoast-seo-wordpress\/ -->\n<title>LAGUNERADA EN DOMINGO DE PI\u00d1ATA - El Cotarrro<\/title>\n<meta name=\"description\" content=\"La Laguna y que desde la ciudad de Aguere bajaron para Santa Cruz, me van a decir que soy un lagunero ...\" \/>\n<meta name=\"robots\" content=\"index, follow, max-snippet:-1, max-image-preview:large, max-video-preview:-1\" \/>\n<link rel=\"canonical\" href=\"https:\/\/elcotarro.com\/?p=848\" \/>\n<meta property=\"og:locale\" content=\"es_ES\" \/>\n<meta property=\"og:type\" content=\"article\" \/>\n<meta property=\"og:title\" content=\"LAGUNERADA EN DOMINGO DE PI\u00d1ATA - El Cotarrro\" \/>\n<meta property=\"og:description\" content=\"La Laguna y que desde la ciudad de Aguere bajaron para Santa Cruz, me van a decir que soy un lagunero ...\" \/>\n<meta property=\"og:url\" content=\"https:\/\/elcotarro.com\/?p=848\" \/>\n<meta property=\"og:site_name\" content=\"El Cotarro\" \/>\n<meta property=\"article:publisher\" content=\"https:\/\/www.facebook.com\/ElCotarro.Tenerife\" \/>\n<meta property=\"article:published_time\" content=\"2015-02-22T12:07:08+00:00\" \/>\n<meta name=\"author\" content=\"Jos\u00e9 Carlos Marrero Gonz\u00e1lez\" \/>\n<meta name=\"twitter:label1\" content=\"Escrito por\" \/>\n\t<meta name=\"twitter:data1\" content=\"Jos\u00e9 Carlos Marrero Gonz\u00e1lez\" \/>\n\t<meta name=\"twitter:label2\" content=\"Tiempo de lectura\" \/>\n\t<meta name=\"twitter:data2\" content=\"1 minuto\" \/>\n<script type=\"application\/ld+json\" class=\"yoast-schema-graph\">{\"@context\":\"https:\/\/schema.org\",\"@graph\":[{\"@type\":\"Article\",\"@id\":\"https:\/\/elcotarro.com\/?p=848#article\",\"isPartOf\":{\"@id\":\"https:\/\/elcotarro.com\/?p=848\"},\"author\":{\"name\":\"Jos\u00e9 Carlos Marrero Gonz\u00e1lez\",\"@id\":\"https:\/\/elcotarro.com\/#\/schema\/person\/af537ee7d60d15984c7e0affcd8a918b\"},\"headline\":\"LAGUNERADA EN DOMINGO DE PI\u00d1ATA\",\"datePublished\":\"2015-02-22T12:07:08+00:00\",\"mainEntityOfPage\":{\"@id\":\"https:\/\/elcotarro.com\/?p=848\"},\"wordCount\":189,\"commentCount\":0,\"publisher\":{\"@id\":\"https:\/\/elcotarro.com\/#organization\"},\"keywords\":[\"Domingo P\u00e9rez C\u00e1ceres\",\"Elfidio Alonso\"],\"articleSection\":[\"Sociedad\"],\"inLanguage\":\"es\",\"potentialAction\":[{\"@type\":\"CommentAction\",\"name\":\"Comment\",\"target\":[\"https:\/\/elcotarro.com\/?p=848#respond\"]}]},{\"@type\":\"WebPage\",\"@id\":\"https:\/\/elcotarro.com\/?p=848\",\"url\":\"https:\/\/elcotarro.com\/?p=848\",\"name\":\"LAGUNERADA EN DOMINGO DE PI\u00d1ATA - El Cotarrro\",\"isPartOf\":{\"@id\":\"https:\/\/elcotarro.com\/#website\"},\"datePublished\":\"2015-02-22T12:07:08+00:00\",\"description\":\"La Laguna y que desde la ciudad de Aguere bajaron para Santa Cruz, me van a decir que soy un lagunero ...\",\"breadcrumb\":{\"@id\":\"https:\/\/elcotarro.com\/?p=848#breadcrumb\"},\"inLanguage\":\"es\",\"potentialAction\":[{\"@type\":\"ReadAction\",\"target\":[\"https:\/\/elcotarro.com\/?p=848\"]}]},{\"@type\":\"BreadcrumbList\",\"@id\":\"https:\/\/elcotarro.com\/?p=848#breadcrumb\",\"itemListElement\":[{\"@type\":\"ListItem\",\"position\":1,\"name\":\"Portada\",\"item\":\"https:\/\/elcotarro.com\/\"},{\"@type\":\"ListItem\",\"position\":2,\"name\":\"LAGUNERADA EN DOMINGO DE PI\u00d1ATA\"}]},{\"@type\":\"WebSite\",\"@id\":\"https:\/\/elcotarro.com\/#website\",\"url\":\"https:\/\/elcotarro.com\/\",\"name\":\"El Cotarro\",\"description\":\"Peri\u00f3dico Digital Independiente dirigido por Jos\u00e9 Carlos Marrero\",\"publisher\":{\"@id\":\"https:\/\/elcotarro.com\/#organization\"},\"potentialAction\":[{\"@type\":\"SearchAction\",\"target\":{\"@type\":\"EntryPoint\",\"urlTemplate\":\"https:\/\/elcotarro.com\/?s={search_term_string}\"},\"query-input\":{\"@type\":\"PropertyValueSpecification\",\"valueRequired\":true,\"valueName\":\"search_term_string\"}}],\"inLanguage\":\"es\"},{\"@type\":\"Organization\",\"@id\":\"https:\/\/elcotarro.com\/#organization\",\"name\":\"El Cotarro\",\"url\":\"https:\/\/elcotarro.com\/\",\"logo\":{\"@type\":\"ImageObject\",\"inLanguage\":\"es\",\"@id\":\"https:\/\/elcotarro.com\/#\/schema\/logo\/image\/\",\"url\":\"https:\/\/elcotarro.com\/wp-content\/uploads\/2014\/09\/Cabecera_El_Cotarro_v2.jpg\",\"contentUrl\":\"https:\/\/elcotarro.com\/wp-content\/uploads\/2014\/09\/Cabecera_El_Cotarro_v2.jpg\",\"width\":3540,\"height\":441,\"caption\":\"El Cotarro\"},\"image\":{\"@id\":\"https:\/\/elcotarro.com\/#\/schema\/logo\/image\/\"},\"sameAs\":[\"https:\/\/www.facebook.com\/ElCotarro.Tenerife\"]},{\"@type\":\"Person\",\"@id\":\"https:\/\/elcotarro.com\/#\/schema\/person\/af537ee7d60d15984c7e0affcd8a918b\",\"name\":\"Jos\u00e9 Carlos Marrero Gonz\u00e1lez\",\"image\":{\"@type\":\"ImageObject\",\"inLanguage\":\"es\",\"@id\":\"https:\/\/elcotarro.com\/#\/schema\/person\/image\/\",\"url\":\"https:\/\/secure.gravatar.com\/avatar\/def4da036efb5d32c74d49c351f6dccc064dd69ad9f3aadc295c5a9a5391ca01?s=96&d=mm&r=g\",\"contentUrl\":\"https:\/\/secure.gravatar.com\/avatar\/def4da036efb5d32c74d49c351f6dccc064dd69ad9f3aadc295c5a9a5391ca01?s=96&d=mm&r=g\",\"caption\":\"Jos\u00e9 Carlos Marrero Gonz\u00e1lez\"},\"sameAs\":[\"https:\/\/elcotarro.com\"],\"url\":\"https:\/\/elcotarro.com\/?author=2\"}]}<\/script>\n<!-- \/ Yoast SEO plugin. -->","yoast_head_json":{"title":"LAGUNERADA EN DOMINGO DE PI\u00d1ATA - El Cotarrro","description":"La Laguna y que desde la ciudad de Aguere bajaron para Santa Cruz, me van a decir que soy un lagunero ...","robots":{"index":"index","follow":"follow","max-snippet":"max-snippet:-1","max-image-preview":"max-image-preview:large","max-video-preview":"max-video-preview:-1"},"canonical":"https:\/\/elcotarro.com\/?p=848","og_locale":"es_ES","og_type":"article","og_title":"LAGUNERADA EN DOMINGO DE PI\u00d1ATA - El Cotarrro","og_description":"La Laguna y que desde la ciudad de Aguere bajaron para Santa Cruz, me van a decir que soy un lagunero ...","og_url":"https:\/\/elcotarro.com\/?p=848","og_site_name":"El Cotarro","article_publisher":"https:\/\/www.facebook.com\/ElCotarro.Tenerife","article_published_time":"2015-02-22T12:07:08+00:00","author":"Jos\u00e9 Carlos Marrero Gonz\u00e1lez","twitter_misc":{"Escrito por":"Jos\u00e9 Carlos Marrero Gonz\u00e1lez","Tiempo de lectura":"1 minuto"},"schema":{"@context":"https:\/\/schema.org","@graph":[{"@type":"Article","@id":"https:\/\/elcotarro.com\/?p=848#article","isPartOf":{"@id":"https:\/\/elcotarro.com\/?p=848"},"author":{"name":"Jos\u00e9 Carlos Marrero Gonz\u00e1lez","@id":"https:\/\/elcotarro.com\/#\/schema\/person\/af537ee7d60d15984c7e0affcd8a918b"},"headline":"LAGUNERADA EN DOMINGO DE PI\u00d1ATA","datePublished":"2015-02-22T12:07:08+00:00","mainEntityOfPage":{"@id":"https:\/\/elcotarro.com\/?p=848"},"wordCount":189,"commentCount":0,"publisher":{"@id":"https:\/\/elcotarro.com\/#organization"},"keywords":["Domingo P\u00e9rez C\u00e1ceres","Elfidio Alonso"],"articleSection":["Sociedad"],"inLanguage":"es","potentialAction":[{"@type":"CommentAction","name":"Comment","target":["https:\/\/elcotarro.com\/?p=848#respond"]}]},{"@type":"WebPage","@id":"https:\/\/elcotarro.com\/?p=848","url":"https:\/\/elcotarro.com\/?p=848","name":"LAGUNERADA EN DOMINGO DE PI\u00d1ATA - El Cotarrro","isPartOf":{"@id":"https:\/\/elcotarro.com\/#website"},"datePublished":"2015-02-22T12:07:08+00:00","description":"La Laguna y que desde la ciudad de Aguere bajaron para Santa Cruz, me van a decir que soy un lagunero ...","breadcrumb":{"@id":"https:\/\/elcotarro.com\/?p=848#breadcrumb"},"inLanguage":"es","potentialAction":[{"@type":"ReadAction","target":["https:\/\/elcotarro.com\/?p=848"]}]},{"@type":"BreadcrumbList","@id":"https:\/\/elcotarro.com\/?p=848#breadcrumb","itemListElement":[{"@type":"ListItem","position":1,"name":"Portada","item":"https:\/\/elcotarro.com\/"},{"@type":"ListItem","position":2,"name":"LAGUNERADA EN DOMINGO DE PI\u00d1ATA"}]},{"@type":"WebSite","@id":"https:\/\/elcotarro.com\/#website","url":"https:\/\/elcotarro.com\/","name":"El Cotarro","description":"Peri\u00f3dico Digital Independiente dirigido por Jos\u00e9 Carlos Marrero","publisher":{"@id":"https:\/\/elcotarro.com\/#organization"},"potentialAction":[{"@type":"SearchAction","target":{"@type":"EntryPoint","urlTemplate":"https:\/\/elcotarro.com\/?s={search_term_string}"},"query-input":{"@type":"PropertyValueSpecification","valueRequired":true,"valueName":"search_term_string"}}],"inLanguage":"es"},{"@type":"Organization","@id":"https:\/\/elcotarro.com\/#organization","name":"El Cotarro","url":"https:\/\/elcotarro.com\/","logo":{"@type":"ImageObject","inLanguage":"es","@id":"https:\/\/elcotarro.com\/#\/schema\/logo\/image\/","url":"https:\/\/elcotarro.com\/wp-content\/uploads\/2014\/09\/Cabecera_El_Cotarro_v2.jpg","contentUrl":"https:\/\/elcotarro.com\/wp-content\/uploads\/2014\/09\/Cabecera_El_Cotarro_v2.jpg","width":3540,"height":441,"caption":"El Cotarro"},"image":{"@id":"https:\/\/elcotarro.com\/#\/schema\/logo\/image\/"},"sameAs":["https:\/\/www.facebook.com\/ElCotarro.Tenerife"]},{"@type":"Person","@id":"https:\/\/elcotarro.com\/#\/schema\/person\/af537ee7d60d15984c7e0affcd8a918b","name":"Jos\u00e9 Carlos Marrero Gonz\u00e1lez","image":{"@type":"ImageObject","inLanguage":"es","@id":"https:\/\/elcotarro.com\/#\/schema\/person\/image\/","url":"https:\/\/secure.gravatar.com\/avatar\/def4da036efb5d32c74d49c351f6dccc064dd69ad9f3aadc295c5a9a5391ca01?s=96&d=mm&r=g","contentUrl":"https:\/\/secure.gravatar.com\/avatar\/def4da036efb5d32c74d49c351f6dccc064dd69ad9f3aadc295c5a9a5391ca01?s=96&d=mm&r=g","caption":"Jos\u00e9 Carlos Marrero Gonz\u00e1lez"},"sameAs":["https:\/\/elcotarro.com"],"url":"https:\/\/elcotarro.com\/?author=2"}]}},"jetpack_featured_media_url":"","jetpack_sharing_enabled":true,"_links":{"self":[{"href":"https:\/\/elcotarro.com\/index.php?rest_route=\/wp\/v2\/posts\/848","targetHints":{"allow":["GET"]}}],"collection":[{"href":"https:\/\/elcotarro.com\/index.php?rest_route=\/wp\/v2\/posts"}],"about":[{"href":"https:\/\/elcotarro.com\/index.php?rest_route=\/wp\/v2\/types\/post"}],"author":[{"embeddable":true,"href":"https:\/\/elcotarro.com\/index.php?rest_route=\/wp\/v2\/users\/2"}],"replies":[{"embeddable":true,"href":"https:\/\/elcotarro.com\/index.php?rest_route=%2Fwp%2Fv2%2Fcomments&post=848"}],"version-history":[{"count":1,"href":"https:\/\/elcotarro.com\/index.php?rest_route=\/wp\/v2\/posts\/848\/revisions"}],"predecessor-version":[{"id":850,"href":"https:\/\/elcotarro.com\/index.php?rest_route=\/wp\/v2\/posts\/848\/revisions\/850"}],"wp:attachment":[{"href":"https:\/\/elcotarro.com\/index.php?rest_route=%2Fwp%2Fv2%2Fmedia&parent=848"}],"wp:term":[{"taxonomy":"category","embeddable":true,"href":"https:\/\/elcotarro.com\/index.php?rest_route=%2Fwp%2Fv2%2Fcategories&post=848"},{"taxonomy":"post_tag","embeddable":true,"href":"https:\/\/elcotarro.com\/index.php?rest_route=%2Fwp%2Fv2%2Ftags&post=848"}],"curies":[{"name":"wp","href":"https:\/\/api.w.org\/{rel}","templated":true}]}}