{"id":8483,"date":"2020-07-05T09:10:11","date_gmt":"2020-07-05T08:10:11","guid":{"rendered":"https:\/\/elcotarro.com\/?p=8483"},"modified":"2020-07-04T19:41:00","modified_gmt":"2020-07-04T18:41:00","slug":"adios-emocionado-a-un-fantastico-amigo","status":"publish","type":"post","link":"https:\/\/elcotarro.com\/?p=8483","title":{"rendered":"ADI\u00d3S EMOCIONADO A UN \u201cFANT\u00c1STICO\u201d AMIGO"},"content":{"rendered":"<p>Hay d\u00edas en los que, cuando un amigo se va, quien escribe y lo que escribe se supone que debe estar impregnado de tristeza y nostalgia. En el caso de hoy, y dicho sea con total y absoluto respeto y cari\u00f1o, la tristeza se convierte en agradecimiento y la nostalgia en permanente recuerdo. Hace unos d\u00edas muri\u00f3 en Madrid una persona muy especial<strong>, Guillermo Jos\u00e9 Manuel Gonz\u00e1lez Regalado<\/strong>. Un gran amigo, canario de nacimiento, venezolano de adopci\u00f3n, amante de Tenerife y uno de los personajes m\u00e1s espectaculares (nunca mejor dicho) que he tenido el honor y el privilegio de conocer, y que todo el mundo conoc\u00eda popularmente como <strong>Guillermito \u201cFant\u00e1stico\u201d Gonz\u00e1lez<\/strong>. Ten\u00eda 75 a\u00f1os y una r\u00e1pida y pu\u00f1etera enfermedad nos lo arrebat\u00f3 el pasado 30 de junio, despu\u00e9s de casi siete meses luchando con ella desde el optimismo, como hizo con todo durante su intensa vida. En casos como \u00e9ste y dentro de la l\u00f3gica tristeza y el emocionado recuerdo, tengo que dar gracias a Dios por haberme permitido conocer a una persona irrepetible y aprender de \u00e9l la importancia de vivir intensamente sin molestar a nadie, haciendo el bien y disfrutando de la vida siempre con una sonrisa. Descansa en paz, amigo.<\/p>\n<p style=\"text-align: center\"><a href=\"https:\/\/elcotarro.com\/wp-content\/uploads\/2020\/07\/FOTO-1.-GUILLERMO-FANT\u00c1STICO.jpeg\"><img loading=\"lazy\" decoding=\"async\" class=\"aligncenter size-full wp-image-8484\" src=\"https:\/\/elcotarro.com\/wp-content\/uploads\/2020\/07\/FOTO-1.-GUILLERMO-FANT\u00c1STICO.jpeg\" alt=\"\" width=\"1200\" height=\"700\" srcset=\"https:\/\/elcotarro.com\/wp-content\/uploads\/2020\/07\/FOTO-1.-GUILLERMO-FANT\u00c1STICO.jpeg 1200w, https:\/\/elcotarro.com\/wp-content\/uploads\/2020\/07\/FOTO-1.-GUILLERMO-FANT\u00c1STICO-300x175.jpeg 300w, https:\/\/elcotarro.com\/wp-content\/uploads\/2020\/07\/FOTO-1.-GUILLERMO-FANT\u00c1STICO-1024x597.jpeg 1024w, https:\/\/elcotarro.com\/wp-content\/uploads\/2020\/07\/FOTO-1.-GUILLERMO-FANT\u00c1STICO-768x448.jpeg 768w\" sizes=\"auto, (max-width: 1200px) 100vw, 1200px\" \/><\/a><\/p>\n<p style=\"text-align: center\"><em>Guillermo \u201cFant\u00e1stico\u201d Gonz\u00e1lez: \u201cNo me recuerdes con tristeza, que nunca fui amigo de ella. Fui siempre el alma de la fiesta, porque de fiesta siempre estar\u00e1 mi alma\u201d.<\/em><\/p>\n","protected":false},"excerpt":{"rendered":"<p>Hay d\u00edas en los que, cuando un amigo se va, quien escribe y lo que escribe se supone que debe estar impregnado de tristeza y nostalgia. En el caso de hoy, y dicho sea con total y absoluto respeto y cari\u00f1o, la tristeza se convierte en agradecimiento y la nostalgia en permanente recuerdo. Hace unos &#8230; <a class=\"read-more\" href=\"https:\/\/elcotarro.com\/?p=8483\">Read more<\/a><\/p>\n","protected":false},"author":2,"featured_media":0,"comment_status":"open","ping_status":"open","sticky":false,"template":"","format":"standard","meta":{"_jetpack_memberships_contains_paid_content":false,"footnotes":""},"categories":[1],"tags":[],"class_list":["post-8483","post","type-post","status-publish","format-standard","hentry","category-sin-categoria"],"yoast_head":"<!-- This site is optimized with the Yoast SEO plugin v27.0 - https:\/\/yoast.com\/product\/yoast-seo-wordpress\/ -->\n<title>ADI\u00d3S EMOCIONADO A UN \u201cFANT\u00c1STICO\u201d AMIGO - El Cotarro<\/title>\n<meta name=\"robots\" content=\"index, follow, max-snippet:-1, max-image-preview:large, max-video-preview:-1\" \/>\n<link rel=\"canonical\" href=\"https:\/\/elcotarro.com\/?p=8483\" \/>\n<meta property=\"og:locale\" content=\"es_ES\" \/>\n<meta property=\"og:type\" content=\"article\" \/>\n<meta property=\"og:title\" content=\"ADI\u00d3S EMOCIONADO A UN \u201cFANT\u00c1STICO\u201d AMIGO - El Cotarro\" \/>\n<meta property=\"og:description\" content=\"Hay d\u00edas en los que, cuando un amigo se va, quien escribe y lo que escribe se supone que debe estar impregnado de tristeza y nostalgia. En el caso de hoy, y dicho sea con total y absoluto respeto y cari\u00f1o, la tristeza se convierte en agradecimiento y la nostalgia en permanente recuerdo. Hace unos ... Read more\" \/>\n<meta property=\"og:url\" content=\"https:\/\/elcotarro.com\/?p=8483\" \/>\n<meta property=\"og:site_name\" content=\"El Cotarro\" \/>\n<meta property=\"article:publisher\" content=\"https:\/\/www.facebook.com\/ElCotarro.Tenerife\" \/>\n<meta property=\"article:published_time\" content=\"2020-07-05T08:10:11+00:00\" \/>\n<meta name=\"author\" content=\"Jos\u00e9 Carlos Marrero Gonz\u00e1lez\" \/>\n<meta name=\"twitter:label1\" content=\"Escrito por\" \/>\n\t<meta name=\"twitter:data1\" content=\"Jos\u00e9 Carlos Marrero Gonz\u00e1lez\" \/>\n\t<meta name=\"twitter:label2\" content=\"Tiempo de lectura\" \/>\n\t<meta name=\"twitter:data2\" content=\"1 minuto\" \/>\n<script type=\"application\/ld+json\" class=\"yoast-schema-graph\">{\"@context\":\"https:\/\/schema.org\",\"@graph\":[{\"@type\":\"Article\",\"@id\":\"https:\/\/elcotarro.com\/?p=8483#article\",\"isPartOf\":{\"@id\":\"https:\/\/elcotarro.com\/?p=8483\"},\"author\":{\"name\":\"Jos\u00e9 Carlos Marrero Gonz\u00e1lez\",\"@id\":\"https:\/\/elcotarro.com\/#\/schema\/person\/af537ee7d60d15984c7e0affcd8a918b\"},\"headline\":\"ADI\u00d3S EMOCIONADO A UN \u201cFANT\u00c1STICO\u201d AMIGO\",\"datePublished\":\"2020-07-05T08:10:11+00:00\",\"mainEntityOfPage\":{\"@id\":\"https:\/\/elcotarro.com\/?p=8483\"},\"wordCount\":255,\"commentCount\":0,\"publisher\":{\"@id\":\"https:\/\/elcotarro.com\/#organization\"},\"inLanguage\":\"es\",\"potentialAction\":[{\"@type\":\"CommentAction\",\"name\":\"Comment\",\"target\":[\"https:\/\/elcotarro.com\/?p=8483#respond\"]}]},{\"@type\":\"WebPage\",\"@id\":\"https:\/\/elcotarro.com\/?p=8483\",\"url\":\"https:\/\/elcotarro.com\/?p=8483\",\"name\":\"ADI\u00d3S EMOCIONADO A UN \u201cFANT\u00c1STICO\u201d AMIGO - El Cotarro\",\"isPartOf\":{\"@id\":\"https:\/\/elcotarro.com\/#website\"},\"datePublished\":\"2020-07-05T08:10:11+00:00\",\"breadcrumb\":{\"@id\":\"https:\/\/elcotarro.com\/?p=8483#breadcrumb\"},\"inLanguage\":\"es\",\"potentialAction\":[{\"@type\":\"ReadAction\",\"target\":[\"https:\/\/elcotarro.com\/?p=8483\"]}]},{\"@type\":\"BreadcrumbList\",\"@id\":\"https:\/\/elcotarro.com\/?p=8483#breadcrumb\",\"itemListElement\":[{\"@type\":\"ListItem\",\"position\":1,\"name\":\"Portada\",\"item\":\"https:\/\/elcotarro.com\/\"},{\"@type\":\"ListItem\",\"position\":2,\"name\":\"ADI\u00d3S EMOCIONADO A UN \u201cFANT\u00c1STICO\u201d AMIGO\"}]},{\"@type\":\"WebSite\",\"@id\":\"https:\/\/elcotarro.com\/#website\",\"url\":\"https:\/\/elcotarro.com\/\",\"name\":\"El Cotarro\",\"description\":\"Peri\u00f3dico Digital Independiente dirigido por Jos\u00e9 Carlos Marrero\",\"publisher\":{\"@id\":\"https:\/\/elcotarro.com\/#organization\"},\"potentialAction\":[{\"@type\":\"SearchAction\",\"target\":{\"@type\":\"EntryPoint\",\"urlTemplate\":\"https:\/\/elcotarro.com\/?s={search_term_string}\"},\"query-input\":{\"@type\":\"PropertyValueSpecification\",\"valueRequired\":true,\"valueName\":\"search_term_string\"}}],\"inLanguage\":\"es\"},{\"@type\":\"Organization\",\"@id\":\"https:\/\/elcotarro.com\/#organization\",\"name\":\"El Cotarro\",\"url\":\"https:\/\/elcotarro.com\/\",\"logo\":{\"@type\":\"ImageObject\",\"inLanguage\":\"es\",\"@id\":\"https:\/\/elcotarro.com\/#\/schema\/logo\/image\/\",\"url\":\"https:\/\/elcotarro.com\/wp-content\/uploads\/2014\/09\/Cabecera_El_Cotarro_v2.jpg\",\"contentUrl\":\"https:\/\/elcotarro.com\/wp-content\/uploads\/2014\/09\/Cabecera_El_Cotarro_v2.jpg\",\"width\":3540,\"height\":441,\"caption\":\"El Cotarro\"},\"image\":{\"@id\":\"https:\/\/elcotarro.com\/#\/schema\/logo\/image\/\"},\"sameAs\":[\"https:\/\/www.facebook.com\/ElCotarro.Tenerife\"]},{\"@type\":\"Person\",\"@id\":\"https:\/\/elcotarro.com\/#\/schema\/person\/af537ee7d60d15984c7e0affcd8a918b\",\"name\":\"Jos\u00e9 Carlos Marrero Gonz\u00e1lez\",\"image\":{\"@type\":\"ImageObject\",\"inLanguage\":\"es\",\"@id\":\"https:\/\/elcotarro.com\/#\/schema\/person\/image\/\",\"url\":\"https:\/\/secure.gravatar.com\/avatar\/def4da036efb5d32c74d49c351f6dccc064dd69ad9f3aadc295c5a9a5391ca01?s=96&d=mm&r=g\",\"contentUrl\":\"https:\/\/secure.gravatar.com\/avatar\/def4da036efb5d32c74d49c351f6dccc064dd69ad9f3aadc295c5a9a5391ca01?s=96&d=mm&r=g\",\"caption\":\"Jos\u00e9 Carlos Marrero Gonz\u00e1lez\"},\"sameAs\":[\"https:\/\/elcotarro.com\"],\"url\":\"https:\/\/elcotarro.com\/?author=2\"}]}<\/script>\n<!-- \/ Yoast SEO plugin. -->","yoast_head_json":{"title":"ADI\u00d3S EMOCIONADO A UN \u201cFANT\u00c1STICO\u201d AMIGO - El Cotarro","robots":{"index":"index","follow":"follow","max-snippet":"max-snippet:-1","max-image-preview":"max-image-preview:large","max-video-preview":"max-video-preview:-1"},"canonical":"https:\/\/elcotarro.com\/?p=8483","og_locale":"es_ES","og_type":"article","og_title":"ADI\u00d3S EMOCIONADO A UN \u201cFANT\u00c1STICO\u201d AMIGO - El Cotarro","og_description":"Hay d\u00edas en los que, cuando un amigo se va, quien escribe y lo que escribe se supone que debe estar impregnado de tristeza y nostalgia. En el caso de hoy, y dicho sea con total y absoluto respeto y cari\u00f1o, la tristeza se convierte en agradecimiento y la nostalgia en permanente recuerdo. Hace unos ... Read more","og_url":"https:\/\/elcotarro.com\/?p=8483","og_site_name":"El Cotarro","article_publisher":"https:\/\/www.facebook.com\/ElCotarro.Tenerife","article_published_time":"2020-07-05T08:10:11+00:00","author":"Jos\u00e9 Carlos Marrero Gonz\u00e1lez","twitter_misc":{"Escrito por":"Jos\u00e9 Carlos Marrero Gonz\u00e1lez","Tiempo de lectura":"1 minuto"},"schema":{"@context":"https:\/\/schema.org","@graph":[{"@type":"Article","@id":"https:\/\/elcotarro.com\/?p=8483#article","isPartOf":{"@id":"https:\/\/elcotarro.com\/?p=8483"},"author":{"name":"Jos\u00e9 Carlos Marrero Gonz\u00e1lez","@id":"https:\/\/elcotarro.com\/#\/schema\/person\/af537ee7d60d15984c7e0affcd8a918b"},"headline":"ADI\u00d3S EMOCIONADO A UN \u201cFANT\u00c1STICO\u201d AMIGO","datePublished":"2020-07-05T08:10:11+00:00","mainEntityOfPage":{"@id":"https:\/\/elcotarro.com\/?p=8483"},"wordCount":255,"commentCount":0,"publisher":{"@id":"https:\/\/elcotarro.com\/#organization"},"inLanguage":"es","potentialAction":[{"@type":"CommentAction","name":"Comment","target":["https:\/\/elcotarro.com\/?p=8483#respond"]}]},{"@type":"WebPage","@id":"https:\/\/elcotarro.com\/?p=8483","url":"https:\/\/elcotarro.com\/?p=8483","name":"ADI\u00d3S EMOCIONADO A UN \u201cFANT\u00c1STICO\u201d AMIGO - El Cotarro","isPartOf":{"@id":"https:\/\/elcotarro.com\/#website"},"datePublished":"2020-07-05T08:10:11+00:00","breadcrumb":{"@id":"https:\/\/elcotarro.com\/?p=8483#breadcrumb"},"inLanguage":"es","potentialAction":[{"@type":"ReadAction","target":["https:\/\/elcotarro.com\/?p=8483"]}]},{"@type":"BreadcrumbList","@id":"https:\/\/elcotarro.com\/?p=8483#breadcrumb","itemListElement":[{"@type":"ListItem","position":1,"name":"Portada","item":"https:\/\/elcotarro.com\/"},{"@type":"ListItem","position":2,"name":"ADI\u00d3S EMOCIONADO A UN \u201cFANT\u00c1STICO\u201d AMIGO"}]},{"@type":"WebSite","@id":"https:\/\/elcotarro.com\/#website","url":"https:\/\/elcotarro.com\/","name":"El Cotarro","description":"Peri\u00f3dico Digital Independiente dirigido por Jos\u00e9 Carlos Marrero","publisher":{"@id":"https:\/\/elcotarro.com\/#organization"},"potentialAction":[{"@type":"SearchAction","target":{"@type":"EntryPoint","urlTemplate":"https:\/\/elcotarro.com\/?s={search_term_string}"},"query-input":{"@type":"PropertyValueSpecification","valueRequired":true,"valueName":"search_term_string"}}],"inLanguage":"es"},{"@type":"Organization","@id":"https:\/\/elcotarro.com\/#organization","name":"El Cotarro","url":"https:\/\/elcotarro.com\/","logo":{"@type":"ImageObject","inLanguage":"es","@id":"https:\/\/elcotarro.com\/#\/schema\/logo\/image\/","url":"https:\/\/elcotarro.com\/wp-content\/uploads\/2014\/09\/Cabecera_El_Cotarro_v2.jpg","contentUrl":"https:\/\/elcotarro.com\/wp-content\/uploads\/2014\/09\/Cabecera_El_Cotarro_v2.jpg","width":3540,"height":441,"caption":"El Cotarro"},"image":{"@id":"https:\/\/elcotarro.com\/#\/schema\/logo\/image\/"},"sameAs":["https:\/\/www.facebook.com\/ElCotarro.Tenerife"]},{"@type":"Person","@id":"https:\/\/elcotarro.com\/#\/schema\/person\/af537ee7d60d15984c7e0affcd8a918b","name":"Jos\u00e9 Carlos Marrero Gonz\u00e1lez","image":{"@type":"ImageObject","inLanguage":"es","@id":"https:\/\/elcotarro.com\/#\/schema\/person\/image\/","url":"https:\/\/secure.gravatar.com\/avatar\/def4da036efb5d32c74d49c351f6dccc064dd69ad9f3aadc295c5a9a5391ca01?s=96&d=mm&r=g","contentUrl":"https:\/\/secure.gravatar.com\/avatar\/def4da036efb5d32c74d49c351f6dccc064dd69ad9f3aadc295c5a9a5391ca01?s=96&d=mm&r=g","caption":"Jos\u00e9 Carlos Marrero Gonz\u00e1lez"},"sameAs":["https:\/\/elcotarro.com"],"url":"https:\/\/elcotarro.com\/?author=2"}]}},"jetpack_featured_media_url":"","jetpack_sharing_enabled":true,"_links":{"self":[{"href":"https:\/\/elcotarro.com\/index.php?rest_route=\/wp\/v2\/posts\/8483","targetHints":{"allow":["GET"]}}],"collection":[{"href":"https:\/\/elcotarro.com\/index.php?rest_route=\/wp\/v2\/posts"}],"about":[{"href":"https:\/\/elcotarro.com\/index.php?rest_route=\/wp\/v2\/types\/post"}],"author":[{"embeddable":true,"href":"https:\/\/elcotarro.com\/index.php?rest_route=\/wp\/v2\/users\/2"}],"replies":[{"embeddable":true,"href":"https:\/\/elcotarro.com\/index.php?rest_route=%2Fwp%2Fv2%2Fcomments&post=8483"}],"version-history":[{"count":1,"href":"https:\/\/elcotarro.com\/index.php?rest_route=\/wp\/v2\/posts\/8483\/revisions"}],"predecessor-version":[{"id":8485,"href":"https:\/\/elcotarro.com\/index.php?rest_route=\/wp\/v2\/posts\/8483\/revisions\/8485"}],"wp:attachment":[{"href":"https:\/\/elcotarro.com\/index.php?rest_route=%2Fwp%2Fv2%2Fmedia&parent=8483"}],"wp:term":[{"taxonomy":"category","embeddable":true,"href":"https:\/\/elcotarro.com\/index.php?rest_route=%2Fwp%2Fv2%2Fcategories&post=8483"},{"taxonomy":"post_tag","embeddable":true,"href":"https:\/\/elcotarro.com\/index.php?rest_route=%2Fwp%2Fv2%2Ftags&post=8483"}],"curies":[{"name":"wp","href":"https:\/\/api.w.org\/{rel}","templated":true}]}}