{"id":8511,"date":"2020-07-12T09:10:03","date_gmt":"2020-07-12T08:10:03","guid":{"rendered":"https:\/\/elcotarro.com\/?p=8511"},"modified":"2020-07-12T08:37:02","modified_gmt":"2020-07-12T07:37:02","slug":"nostalgica-semana-de-la-bajada-de-la-virgen","status":"publish","type":"post","link":"https:\/\/elcotarro.com\/?p=8511","title":{"rendered":"NOST\u00c1LGICA SEMANA DE LA BAJADA DE LA VIRGEN"},"content":{"rendered":"<p>Comienzo <strong>El Cotarro <\/strong>de este domingo recordando que, precisamente esta semana, todos deber\u00edamos haber estado en la querida isla de La Palma, disfrutando de la esperada LXIX Bajada de la <strong>Virgen de las Nieves<\/strong> Todos tendr\u00edamos que haber estado disfrutando de la \u201cLoa\u201d y recordando al irrepetible <strong>Luis Cobiella Cuevas<\/strong> en el \u201cMinu\u00e9\u201d y en el \u201cCarro Aleg\u00f3rico y Triunfal\u201d. Deber\u00edamos haber estado compartiendo con el gran <strong>\u201cSos\u00f3\u201d <\/strong>la cabalgata anunciadora con los gigantes y cabezudos, y el paso de \u201cLa Pandorga\u201d. Tendr\u00edamos que haber estado evocando al incansable <strong>Julio Hern\u00e1ndez G\u00f3mez<\/strong> dirigiendo la banda de m\u00fasica San Miguel en la danza de \u201cLos Acr\u00f3batas\u201d y a\u00f1orando al peque\u00f1o gran <strong>Antonio M\u00e9ndez<\/strong> en la danza de \u201cLos Enanos\u201d (que este a\u00f1o, por primera vez en la historia, iba a contar con mujeres dentro de la magia).<\/p>\n<p style=\"text-align: center\"><a href=\"https:\/\/elcotarro.com\/wp-content\/uploads\/2020\/07\/FOTO-1.-ENANOS.jpg\"><img loading=\"lazy\" decoding=\"async\" class=\"aligncenter size-full wp-image-8512\" src=\"https:\/\/elcotarro.com\/wp-content\/uploads\/2020\/07\/FOTO-1.-ENANOS.jpg\" alt=\"\" width=\"900\" height=\"650\" srcset=\"https:\/\/elcotarro.com\/wp-content\/uploads\/2020\/07\/FOTO-1.-ENANOS.jpg 900w, https:\/\/elcotarro.com\/wp-content\/uploads\/2020\/07\/FOTO-1.-ENANOS-300x217.jpg 300w, https:\/\/elcotarro.com\/wp-content\/uploads\/2020\/07\/FOTO-1.-ENANOS-768x555.jpg 768w\" sizes=\"auto, (max-width: 900px) 100vw, 900px\" \/><\/a><\/p>\n<p style=\"text-align: center\"><em>La tradicional y m\u00e1gica Danza de Enanos de La Palma, tendr\u00e1 que esperar por ahora.<\/em><\/p>\n","protected":false},"excerpt":{"rendered":"<p>Comienzo El Cotarro de este domingo recordando que, precisamente esta semana, todos deber\u00edamos haber estado en la querida isla de La Palma, disfrutando de la esperada LXIX Bajada de la Virgen de las Nieves Todos tendr\u00edamos que haber estado disfrutando de la \u201cLoa\u201d y recordando al irrepetible Luis Cobiella Cuevas en el \u201cMinu\u00e9\u201d y en &#8230; <a class=\"read-more\" href=\"https:\/\/elcotarro.com\/?p=8511\">Read more<\/a><\/p>\n","protected":false},"author":2,"featured_media":0,"comment_status":"open","ping_status":"open","sticky":false,"template":"","format":"standard","meta":{"_jetpack_memberships_contains_paid_content":false,"footnotes":""},"categories":[1],"tags":[],"class_list":["post-8511","post","type-post","status-publish","format-standard","hentry","category-sin-categoria"],"yoast_head":"<!-- This site is optimized with the Yoast SEO plugin v27.0 - https:\/\/yoast.com\/product\/yoast-seo-wordpress\/ -->\n<title>NOST\u00c1LGICA SEMANA DE LA BAJADA DE LA VIRGEN - El Cotarro<\/title>\n<meta name=\"robots\" content=\"index, follow, max-snippet:-1, max-image-preview:large, max-video-preview:-1\" \/>\n<link rel=\"canonical\" href=\"https:\/\/elcotarro.com\/?p=8511\" \/>\n<meta property=\"og:locale\" content=\"es_ES\" \/>\n<meta property=\"og:type\" content=\"article\" \/>\n<meta property=\"og:title\" content=\"NOST\u00c1LGICA SEMANA DE LA BAJADA DE LA VIRGEN - El Cotarro\" \/>\n<meta property=\"og:description\" content=\"Comienzo El Cotarro de este domingo recordando que, precisamente esta semana, todos deber\u00edamos haber estado en la querida isla de La Palma, disfrutando de la esperada LXIX Bajada de la Virgen de las Nieves Todos tendr\u00edamos que haber estado disfrutando de la \u201cLoa\u201d y recordando al irrepetible Luis Cobiella Cuevas en el \u201cMinu\u00e9\u201d y en ... Read more\" \/>\n<meta property=\"og:url\" content=\"https:\/\/elcotarro.com\/?p=8511\" \/>\n<meta property=\"og:site_name\" content=\"El Cotarro\" \/>\n<meta property=\"article:publisher\" content=\"https:\/\/www.facebook.com\/ElCotarro.Tenerife\" \/>\n<meta property=\"article:published_time\" content=\"2020-07-12T08:10:03+00:00\" \/>\n<meta property=\"og:image\" content=\"https:\/\/elcotarro.com\/wp-content\/uploads\/2020\/07\/FOTO-1.-ENANOS.jpg\" \/>\n<meta name=\"author\" content=\"Jos\u00e9 Carlos Marrero Gonz\u00e1lez\" \/>\n<meta name=\"twitter:label1\" content=\"Escrito por\" \/>\n\t<meta name=\"twitter:data1\" content=\"Jos\u00e9 Carlos Marrero Gonz\u00e1lez\" \/>\n\t<meta name=\"twitter:label2\" content=\"Tiempo de lectura\" \/>\n\t<meta name=\"twitter:data2\" content=\"1 minuto\" \/>\n<script type=\"application\/ld+json\" class=\"yoast-schema-graph\">{\"@context\":\"https:\/\/schema.org\",\"@graph\":[{\"@type\":\"Article\",\"@id\":\"https:\/\/elcotarro.com\/?p=8511#article\",\"isPartOf\":{\"@id\":\"https:\/\/elcotarro.com\/?p=8511\"},\"author\":{\"name\":\"Jos\u00e9 Carlos Marrero Gonz\u00e1lez\",\"@id\":\"https:\/\/elcotarro.com\/#\/schema\/person\/af537ee7d60d15984c7e0affcd8a918b\"},\"headline\":\"NOST\u00c1LGICA SEMANA DE LA BAJADA DE LA VIRGEN\",\"datePublished\":\"2020-07-12T08:10:03+00:00\",\"mainEntityOfPage\":{\"@id\":\"https:\/\/elcotarro.com\/?p=8511\"},\"wordCount\":174,\"commentCount\":1,\"publisher\":{\"@id\":\"https:\/\/elcotarro.com\/#organization\"},\"image\":{\"@id\":\"https:\/\/elcotarro.com\/?p=8511#primaryimage\"},\"thumbnailUrl\":\"https:\/\/elcotarro.com\/wp-content\/uploads\/2020\/07\/FOTO-1.-ENANOS.jpg\",\"inLanguage\":\"es\",\"potentialAction\":[{\"@type\":\"CommentAction\",\"name\":\"Comment\",\"target\":[\"https:\/\/elcotarro.com\/?p=8511#respond\"]}]},{\"@type\":\"WebPage\",\"@id\":\"https:\/\/elcotarro.com\/?p=8511\",\"url\":\"https:\/\/elcotarro.com\/?p=8511\",\"name\":\"NOST\u00c1LGICA SEMANA DE LA BAJADA DE LA VIRGEN - El Cotarro\",\"isPartOf\":{\"@id\":\"https:\/\/elcotarro.com\/#website\"},\"primaryImageOfPage\":{\"@id\":\"https:\/\/elcotarro.com\/?p=8511#primaryimage\"},\"image\":{\"@id\":\"https:\/\/elcotarro.com\/?p=8511#primaryimage\"},\"thumbnailUrl\":\"https:\/\/elcotarro.com\/wp-content\/uploads\/2020\/07\/FOTO-1.-ENANOS.jpg\",\"datePublished\":\"2020-07-12T08:10:03+00:00\",\"breadcrumb\":{\"@id\":\"https:\/\/elcotarro.com\/?p=8511#breadcrumb\"},\"inLanguage\":\"es\",\"potentialAction\":[{\"@type\":\"ReadAction\",\"target\":[\"https:\/\/elcotarro.com\/?p=8511\"]}]},{\"@type\":\"ImageObject\",\"inLanguage\":\"es\",\"@id\":\"https:\/\/elcotarro.com\/?p=8511#primaryimage\",\"url\":\"https:\/\/elcotarro.com\/wp-content\/uploads\/2020\/07\/FOTO-1.-ENANOS.jpg\",\"contentUrl\":\"https:\/\/elcotarro.com\/wp-content\/uploads\/2020\/07\/FOTO-1.-ENANOS.jpg\",\"width\":900,\"height\":650},{\"@type\":\"BreadcrumbList\",\"@id\":\"https:\/\/elcotarro.com\/?p=8511#breadcrumb\",\"itemListElement\":[{\"@type\":\"ListItem\",\"position\":1,\"name\":\"Portada\",\"item\":\"https:\/\/elcotarro.com\/\"},{\"@type\":\"ListItem\",\"position\":2,\"name\":\"NOST\u00c1LGICA SEMANA DE LA BAJADA DE LA VIRGEN\"}]},{\"@type\":\"WebSite\",\"@id\":\"https:\/\/elcotarro.com\/#website\",\"url\":\"https:\/\/elcotarro.com\/\",\"name\":\"El Cotarro\",\"description\":\"Peri\u00f3dico Digital Independiente dirigido por Jos\u00e9 Carlos Marrero\",\"publisher\":{\"@id\":\"https:\/\/elcotarro.com\/#organization\"},\"potentialAction\":[{\"@type\":\"SearchAction\",\"target\":{\"@type\":\"EntryPoint\",\"urlTemplate\":\"https:\/\/elcotarro.com\/?s={search_term_string}\"},\"query-input\":{\"@type\":\"PropertyValueSpecification\",\"valueRequired\":true,\"valueName\":\"search_term_string\"}}],\"inLanguage\":\"es\"},{\"@type\":\"Organization\",\"@id\":\"https:\/\/elcotarro.com\/#organization\",\"name\":\"El Cotarro\",\"url\":\"https:\/\/elcotarro.com\/\",\"logo\":{\"@type\":\"ImageObject\",\"inLanguage\":\"es\",\"@id\":\"https:\/\/elcotarro.com\/#\/schema\/logo\/image\/\",\"url\":\"https:\/\/elcotarro.com\/wp-content\/uploads\/2014\/09\/Cabecera_El_Cotarro_v2.jpg\",\"contentUrl\":\"https:\/\/elcotarro.com\/wp-content\/uploads\/2014\/09\/Cabecera_El_Cotarro_v2.jpg\",\"width\":3540,\"height\":441,\"caption\":\"El Cotarro\"},\"image\":{\"@id\":\"https:\/\/elcotarro.com\/#\/schema\/logo\/image\/\"},\"sameAs\":[\"https:\/\/www.facebook.com\/ElCotarro.Tenerife\"]},{\"@type\":\"Person\",\"@id\":\"https:\/\/elcotarro.com\/#\/schema\/person\/af537ee7d60d15984c7e0affcd8a918b\",\"name\":\"Jos\u00e9 Carlos Marrero Gonz\u00e1lez\",\"image\":{\"@type\":\"ImageObject\",\"inLanguage\":\"es\",\"@id\":\"https:\/\/elcotarro.com\/#\/schema\/person\/image\/\",\"url\":\"https:\/\/secure.gravatar.com\/avatar\/def4da036efb5d32c74d49c351f6dccc064dd69ad9f3aadc295c5a9a5391ca01?s=96&d=mm&r=g\",\"contentUrl\":\"https:\/\/secure.gravatar.com\/avatar\/def4da036efb5d32c74d49c351f6dccc064dd69ad9f3aadc295c5a9a5391ca01?s=96&d=mm&r=g\",\"caption\":\"Jos\u00e9 Carlos Marrero Gonz\u00e1lez\"},\"sameAs\":[\"https:\/\/elcotarro.com\"],\"url\":\"https:\/\/elcotarro.com\/?author=2\"}]}<\/script>\n<!-- \/ Yoast SEO plugin. -->","yoast_head_json":{"title":"NOST\u00c1LGICA SEMANA DE LA BAJADA DE LA VIRGEN - El Cotarro","robots":{"index":"index","follow":"follow","max-snippet":"max-snippet:-1","max-image-preview":"max-image-preview:large","max-video-preview":"max-video-preview:-1"},"canonical":"https:\/\/elcotarro.com\/?p=8511","og_locale":"es_ES","og_type":"article","og_title":"NOST\u00c1LGICA SEMANA DE LA BAJADA DE LA VIRGEN - El Cotarro","og_description":"Comienzo El Cotarro de este domingo recordando que, precisamente esta semana, todos deber\u00edamos haber estado en la querida isla de La Palma, disfrutando de la esperada LXIX Bajada de la Virgen de las Nieves Todos tendr\u00edamos que haber estado disfrutando de la \u201cLoa\u201d y recordando al irrepetible Luis Cobiella Cuevas en el \u201cMinu\u00e9\u201d y en ... Read more","og_url":"https:\/\/elcotarro.com\/?p=8511","og_site_name":"El Cotarro","article_publisher":"https:\/\/www.facebook.com\/ElCotarro.Tenerife","article_published_time":"2020-07-12T08:10:03+00:00","og_image":[{"url":"https:\/\/elcotarro.com\/wp-content\/uploads\/2020\/07\/FOTO-1.-ENANOS.jpg","type":"","width":"","height":""}],"author":"Jos\u00e9 Carlos Marrero Gonz\u00e1lez","twitter_misc":{"Escrito por":"Jos\u00e9 Carlos Marrero Gonz\u00e1lez","Tiempo de lectura":"1 minuto"},"schema":{"@context":"https:\/\/schema.org","@graph":[{"@type":"Article","@id":"https:\/\/elcotarro.com\/?p=8511#article","isPartOf":{"@id":"https:\/\/elcotarro.com\/?p=8511"},"author":{"name":"Jos\u00e9 Carlos Marrero Gonz\u00e1lez","@id":"https:\/\/elcotarro.com\/#\/schema\/person\/af537ee7d60d15984c7e0affcd8a918b"},"headline":"NOST\u00c1LGICA SEMANA DE LA BAJADA DE LA VIRGEN","datePublished":"2020-07-12T08:10:03+00:00","mainEntityOfPage":{"@id":"https:\/\/elcotarro.com\/?p=8511"},"wordCount":174,"commentCount":1,"publisher":{"@id":"https:\/\/elcotarro.com\/#organization"},"image":{"@id":"https:\/\/elcotarro.com\/?p=8511#primaryimage"},"thumbnailUrl":"https:\/\/elcotarro.com\/wp-content\/uploads\/2020\/07\/FOTO-1.-ENANOS.jpg","inLanguage":"es","potentialAction":[{"@type":"CommentAction","name":"Comment","target":["https:\/\/elcotarro.com\/?p=8511#respond"]}]},{"@type":"WebPage","@id":"https:\/\/elcotarro.com\/?p=8511","url":"https:\/\/elcotarro.com\/?p=8511","name":"NOST\u00c1LGICA SEMANA DE LA BAJADA DE LA VIRGEN - El Cotarro","isPartOf":{"@id":"https:\/\/elcotarro.com\/#website"},"primaryImageOfPage":{"@id":"https:\/\/elcotarro.com\/?p=8511#primaryimage"},"image":{"@id":"https:\/\/elcotarro.com\/?p=8511#primaryimage"},"thumbnailUrl":"https:\/\/elcotarro.com\/wp-content\/uploads\/2020\/07\/FOTO-1.-ENANOS.jpg","datePublished":"2020-07-12T08:10:03+00:00","breadcrumb":{"@id":"https:\/\/elcotarro.com\/?p=8511#breadcrumb"},"inLanguage":"es","potentialAction":[{"@type":"ReadAction","target":["https:\/\/elcotarro.com\/?p=8511"]}]},{"@type":"ImageObject","inLanguage":"es","@id":"https:\/\/elcotarro.com\/?p=8511#primaryimage","url":"https:\/\/elcotarro.com\/wp-content\/uploads\/2020\/07\/FOTO-1.-ENANOS.jpg","contentUrl":"https:\/\/elcotarro.com\/wp-content\/uploads\/2020\/07\/FOTO-1.-ENANOS.jpg","width":900,"height":650},{"@type":"BreadcrumbList","@id":"https:\/\/elcotarro.com\/?p=8511#breadcrumb","itemListElement":[{"@type":"ListItem","position":1,"name":"Portada","item":"https:\/\/elcotarro.com\/"},{"@type":"ListItem","position":2,"name":"NOST\u00c1LGICA SEMANA DE LA BAJADA DE LA VIRGEN"}]},{"@type":"WebSite","@id":"https:\/\/elcotarro.com\/#website","url":"https:\/\/elcotarro.com\/","name":"El Cotarro","description":"Peri\u00f3dico Digital Independiente dirigido por Jos\u00e9 Carlos Marrero","publisher":{"@id":"https:\/\/elcotarro.com\/#organization"},"potentialAction":[{"@type":"SearchAction","target":{"@type":"EntryPoint","urlTemplate":"https:\/\/elcotarro.com\/?s={search_term_string}"},"query-input":{"@type":"PropertyValueSpecification","valueRequired":true,"valueName":"search_term_string"}}],"inLanguage":"es"},{"@type":"Organization","@id":"https:\/\/elcotarro.com\/#organization","name":"El Cotarro","url":"https:\/\/elcotarro.com\/","logo":{"@type":"ImageObject","inLanguage":"es","@id":"https:\/\/elcotarro.com\/#\/schema\/logo\/image\/","url":"https:\/\/elcotarro.com\/wp-content\/uploads\/2014\/09\/Cabecera_El_Cotarro_v2.jpg","contentUrl":"https:\/\/elcotarro.com\/wp-content\/uploads\/2014\/09\/Cabecera_El_Cotarro_v2.jpg","width":3540,"height":441,"caption":"El Cotarro"},"image":{"@id":"https:\/\/elcotarro.com\/#\/schema\/logo\/image\/"},"sameAs":["https:\/\/www.facebook.com\/ElCotarro.Tenerife"]},{"@type":"Person","@id":"https:\/\/elcotarro.com\/#\/schema\/person\/af537ee7d60d15984c7e0affcd8a918b","name":"Jos\u00e9 Carlos Marrero Gonz\u00e1lez","image":{"@type":"ImageObject","inLanguage":"es","@id":"https:\/\/elcotarro.com\/#\/schema\/person\/image\/","url":"https:\/\/secure.gravatar.com\/avatar\/def4da036efb5d32c74d49c351f6dccc064dd69ad9f3aadc295c5a9a5391ca01?s=96&d=mm&r=g","contentUrl":"https:\/\/secure.gravatar.com\/avatar\/def4da036efb5d32c74d49c351f6dccc064dd69ad9f3aadc295c5a9a5391ca01?s=96&d=mm&r=g","caption":"Jos\u00e9 Carlos Marrero Gonz\u00e1lez"},"sameAs":["https:\/\/elcotarro.com"],"url":"https:\/\/elcotarro.com\/?author=2"}]}},"jetpack_featured_media_url":"","jetpack_sharing_enabled":true,"_links":{"self":[{"href":"https:\/\/elcotarro.com\/index.php?rest_route=\/wp\/v2\/posts\/8511","targetHints":{"allow":["GET"]}}],"collection":[{"href":"https:\/\/elcotarro.com\/index.php?rest_route=\/wp\/v2\/posts"}],"about":[{"href":"https:\/\/elcotarro.com\/index.php?rest_route=\/wp\/v2\/types\/post"}],"author":[{"embeddable":true,"href":"https:\/\/elcotarro.com\/index.php?rest_route=\/wp\/v2\/users\/2"}],"replies":[{"embeddable":true,"href":"https:\/\/elcotarro.com\/index.php?rest_route=%2Fwp%2Fv2%2Fcomments&post=8511"}],"version-history":[{"count":1,"href":"https:\/\/elcotarro.com\/index.php?rest_route=\/wp\/v2\/posts\/8511\/revisions"}],"predecessor-version":[{"id":8513,"href":"https:\/\/elcotarro.com\/index.php?rest_route=\/wp\/v2\/posts\/8511\/revisions\/8513"}],"wp:attachment":[{"href":"https:\/\/elcotarro.com\/index.php?rest_route=%2Fwp%2Fv2%2Fmedia&parent=8511"}],"wp:term":[{"taxonomy":"category","embeddable":true,"href":"https:\/\/elcotarro.com\/index.php?rest_route=%2Fwp%2Fv2%2Fcategories&post=8511"},{"taxonomy":"post_tag","embeddable":true,"href":"https:\/\/elcotarro.com\/index.php?rest_route=%2Fwp%2Fv2%2Ftags&post=8511"}],"curies":[{"name":"wp","href":"https:\/\/api.w.org\/{rel}","templated":true}]}}