{"id":8520,"date":"2020-07-12T09:07:27","date_gmt":"2020-07-12T08:07:27","guid":{"rendered":"https:\/\/elcotarro.com\/?p=8520"},"modified":"2020-07-12T08:39:05","modified_gmt":"2020-07-12T07:39:05","slug":"solidario-y-respetuoso-con-el-medio-ambiente","status":"publish","type":"post","link":"https:\/\/elcotarro.com\/?p=8520","title":{"rendered":"SOLIDARIO Y RESPETUOSO CON EL MEDIO AMBIENTE"},"content":{"rendered":"<p>Fiel al esp\u00edritu de respeto a la naturaleza y el medio ambiente, que siempre acompa\u00f1a a Juan Capote, el libro est\u00e1 impreso en papel reciclado, que ya se encuentra en las principales librer\u00edas de las islas, con pr\u00f3logo del tambi\u00e9n palmero, Dr. <strong>Antonio Fern\u00e1ndez<\/strong> <strong>Rodr\u00edguez<\/strong>, Catedr\u00e1tico de la Universidad de Las Palmas de Gran Canaria, premio Canarias de Investigaci\u00f3n, y adem\u00e1s, seg\u00fan me comentan, gran forofo del Mensajero (un perfecto caballero), quien, entre otras cosas, escribe lo siguiente: <em>\u201cJuan con muchos detalles en cada historia, est\u00e1 siempre, en mi opini\u00f3n, enviando el mismo mensaje, la importancia de lo humano, para que pueda existir una historia, que \u00e9l ha recogido, aqu\u00ed, ya para siempre, al transformarla en recuerdo escrito.\u201d <\/em>Los derechos de autor han sido cedidos por parte de <strong>Juan Capote<\/strong> a la Asociaci\u00f3n de Veterinarios de Peque\u00f1os Rumiantes de Canarias. Otro puntazo total del amigo <strong>Juan Capote,<\/strong> que nunca deja de sorprendernos. Por cierto, en el libro no faltan dos o tres fotograf\u00edas de <strong>Juan Capote<\/strong> en su reto de dar la vuelta al mundo con la camiseta del Tenisca, para mayor gloria del equipo blanco. Aun siendo del \u201cMensa\u201d, debo felicitar a <strong>Juan Capote<\/strong> y recomendarles a todos que compren y lean el libro.<\/p>\n<p style=\"text-align: center\"><a href=\"https:\/\/elcotarro.com\/wp-content\/uploads\/2020\/07\/FOTO-4.-JUAN-CAPOTE.jpeg\"><img loading=\"lazy\" decoding=\"async\" class=\"aligncenter size-full wp-image-8521\" src=\"https:\/\/elcotarro.com\/wp-content\/uploads\/2020\/07\/FOTO-4.-JUAN-CAPOTE.jpeg\" alt=\"\" width=\"1280\" height=\"960\" srcset=\"https:\/\/elcotarro.com\/wp-content\/uploads\/2020\/07\/FOTO-4.-JUAN-CAPOTE.jpeg 1280w, https:\/\/elcotarro.com\/wp-content\/uploads\/2020\/07\/FOTO-4.-JUAN-CAPOTE-300x225.jpeg 300w, https:\/\/elcotarro.com\/wp-content\/uploads\/2020\/07\/FOTO-4.-JUAN-CAPOTE-1024x768.jpeg 1024w, https:\/\/elcotarro.com\/wp-content\/uploads\/2020\/07\/FOTO-4.-JUAN-CAPOTE-768x576.jpeg 768w\" sizes=\"auto, (max-width: 1280px) 100vw, 1280px\" \/><\/a><\/p>\n<p style=\"text-align: center\"><em>Juan Capote con la camiseta del Tenisca, frente al Taj-Mahal, en India<\/em><\/p>\n","protected":false},"excerpt":{"rendered":"<p>Fiel al esp\u00edritu de respeto a la naturaleza y el medio ambiente, que siempre acompa\u00f1a a Juan Capote, el libro est\u00e1 impreso en papel reciclado, que ya se encuentra en las principales librer\u00edas de las islas, con pr\u00f3logo del tambi\u00e9n palmero, Dr. Antonio Fern\u00e1ndez Rodr\u00edguez, Catedr\u00e1tico de la Universidad de Las Palmas de Gran Canaria, &#8230; <a class=\"read-more\" href=\"https:\/\/elcotarro.com\/?p=8520\">Read more<\/a><\/p>\n","protected":false},"author":2,"featured_media":0,"comment_status":"open","ping_status":"open","sticky":false,"template":"","format":"standard","meta":{"_jetpack_memberships_contains_paid_content":false,"footnotes":""},"categories":[1],"tags":[],"class_list":["post-8520","post","type-post","status-publish","format-standard","hentry","category-sin-categoria"],"yoast_head":"<!-- This site is optimized with the Yoast SEO plugin v27.0 - https:\/\/yoast.com\/product\/yoast-seo-wordpress\/ -->\n<title>SOLIDARIO Y RESPETUOSO CON EL MEDIO AMBIENTE - El Cotarro<\/title>\n<meta name=\"robots\" content=\"index, follow, max-snippet:-1, max-image-preview:large, max-video-preview:-1\" \/>\n<link rel=\"canonical\" href=\"https:\/\/elcotarro.com\/?p=8520\" \/>\n<meta property=\"og:locale\" content=\"es_ES\" \/>\n<meta property=\"og:type\" content=\"article\" \/>\n<meta property=\"og:title\" content=\"SOLIDARIO Y RESPETUOSO CON EL MEDIO AMBIENTE - El Cotarro\" \/>\n<meta property=\"og:description\" content=\"Fiel al esp\u00edritu de respeto a la naturaleza y el medio ambiente, que siempre acompa\u00f1a a Juan Capote, el libro est\u00e1 impreso en papel reciclado, que ya se encuentra en las principales librer\u00edas de las islas, con pr\u00f3logo del tambi\u00e9n palmero, Dr. Antonio Fern\u00e1ndez Rodr\u00edguez, Catedr\u00e1tico de la Universidad de Las Palmas de Gran Canaria, ... Read more\" \/>\n<meta property=\"og:url\" content=\"https:\/\/elcotarro.com\/?p=8520\" \/>\n<meta property=\"og:site_name\" content=\"El Cotarro\" \/>\n<meta property=\"article:publisher\" content=\"https:\/\/www.facebook.com\/ElCotarro.Tenerife\" \/>\n<meta property=\"article:published_time\" content=\"2020-07-12T08:07:27+00:00\" \/>\n<meta property=\"og:image\" content=\"https:\/\/elcotarro.com\/wp-content\/uploads\/2020\/07\/FOTO-4.-JUAN-CAPOTE.jpeg\" \/>\n<meta name=\"author\" content=\"Jos\u00e9 Carlos Marrero Gonz\u00e1lez\" \/>\n<meta name=\"twitter:label1\" content=\"Escrito por\" \/>\n\t<meta name=\"twitter:data1\" content=\"Jos\u00e9 Carlos Marrero Gonz\u00e1lez\" \/>\n\t<meta name=\"twitter:label2\" content=\"Tiempo de lectura\" \/>\n\t<meta name=\"twitter:data2\" content=\"1 minuto\" \/>\n<script type=\"application\/ld+json\" class=\"yoast-schema-graph\">{\"@context\":\"https:\/\/schema.org\",\"@graph\":[{\"@type\":\"Article\",\"@id\":\"https:\/\/elcotarro.com\/?p=8520#article\",\"isPartOf\":{\"@id\":\"https:\/\/elcotarro.com\/?p=8520\"},\"author\":{\"name\":\"Jos\u00e9 Carlos Marrero Gonz\u00e1lez\",\"@id\":\"https:\/\/elcotarro.com\/#\/schema\/person\/af537ee7d60d15984c7e0affcd8a918b\"},\"headline\":\"SOLIDARIO Y RESPETUOSO CON EL MEDIO AMBIENTE\",\"datePublished\":\"2020-07-12T08:07:27+00:00\",\"mainEntityOfPage\":{\"@id\":\"https:\/\/elcotarro.com\/?p=8520\"},\"wordCount\":239,\"commentCount\":0,\"publisher\":{\"@id\":\"https:\/\/elcotarro.com\/#organization\"},\"image\":{\"@id\":\"https:\/\/elcotarro.com\/?p=8520#primaryimage\"},\"thumbnailUrl\":\"https:\/\/elcotarro.com\/wp-content\/uploads\/2020\/07\/FOTO-4.-JUAN-CAPOTE.jpeg\",\"inLanguage\":\"es\",\"potentialAction\":[{\"@type\":\"CommentAction\",\"name\":\"Comment\",\"target\":[\"https:\/\/elcotarro.com\/?p=8520#respond\"]}]},{\"@type\":\"WebPage\",\"@id\":\"https:\/\/elcotarro.com\/?p=8520\",\"url\":\"https:\/\/elcotarro.com\/?p=8520\",\"name\":\"SOLIDARIO Y RESPETUOSO CON EL MEDIO AMBIENTE - El Cotarro\",\"isPartOf\":{\"@id\":\"https:\/\/elcotarro.com\/#website\"},\"primaryImageOfPage\":{\"@id\":\"https:\/\/elcotarro.com\/?p=8520#primaryimage\"},\"image\":{\"@id\":\"https:\/\/elcotarro.com\/?p=8520#primaryimage\"},\"thumbnailUrl\":\"https:\/\/elcotarro.com\/wp-content\/uploads\/2020\/07\/FOTO-4.-JUAN-CAPOTE.jpeg\",\"datePublished\":\"2020-07-12T08:07:27+00:00\",\"breadcrumb\":{\"@id\":\"https:\/\/elcotarro.com\/?p=8520#breadcrumb\"},\"inLanguage\":\"es\",\"potentialAction\":[{\"@type\":\"ReadAction\",\"target\":[\"https:\/\/elcotarro.com\/?p=8520\"]}]},{\"@type\":\"ImageObject\",\"inLanguage\":\"es\",\"@id\":\"https:\/\/elcotarro.com\/?p=8520#primaryimage\",\"url\":\"https:\/\/elcotarro.com\/wp-content\/uploads\/2020\/07\/FOTO-4.-JUAN-CAPOTE.jpeg\",\"contentUrl\":\"https:\/\/elcotarro.com\/wp-content\/uploads\/2020\/07\/FOTO-4.-JUAN-CAPOTE.jpeg\",\"width\":1280,\"height\":960},{\"@type\":\"BreadcrumbList\",\"@id\":\"https:\/\/elcotarro.com\/?p=8520#breadcrumb\",\"itemListElement\":[{\"@type\":\"ListItem\",\"position\":1,\"name\":\"Portada\",\"item\":\"https:\/\/elcotarro.com\/\"},{\"@type\":\"ListItem\",\"position\":2,\"name\":\"SOLIDARIO Y RESPETUOSO CON EL MEDIO AMBIENTE\"}]},{\"@type\":\"WebSite\",\"@id\":\"https:\/\/elcotarro.com\/#website\",\"url\":\"https:\/\/elcotarro.com\/\",\"name\":\"El Cotarro\",\"description\":\"Peri\u00f3dico Digital Independiente dirigido por Jos\u00e9 Carlos Marrero\",\"publisher\":{\"@id\":\"https:\/\/elcotarro.com\/#organization\"},\"potentialAction\":[{\"@type\":\"SearchAction\",\"target\":{\"@type\":\"EntryPoint\",\"urlTemplate\":\"https:\/\/elcotarro.com\/?s={search_term_string}\"},\"query-input\":{\"@type\":\"PropertyValueSpecification\",\"valueRequired\":true,\"valueName\":\"search_term_string\"}}],\"inLanguage\":\"es\"},{\"@type\":\"Organization\",\"@id\":\"https:\/\/elcotarro.com\/#organization\",\"name\":\"El Cotarro\",\"url\":\"https:\/\/elcotarro.com\/\",\"logo\":{\"@type\":\"ImageObject\",\"inLanguage\":\"es\",\"@id\":\"https:\/\/elcotarro.com\/#\/schema\/logo\/image\/\",\"url\":\"https:\/\/elcotarro.com\/wp-content\/uploads\/2014\/09\/Cabecera_El_Cotarro_v2.jpg\",\"contentUrl\":\"https:\/\/elcotarro.com\/wp-content\/uploads\/2014\/09\/Cabecera_El_Cotarro_v2.jpg\",\"width\":3540,\"height\":441,\"caption\":\"El Cotarro\"},\"image\":{\"@id\":\"https:\/\/elcotarro.com\/#\/schema\/logo\/image\/\"},\"sameAs\":[\"https:\/\/www.facebook.com\/ElCotarro.Tenerife\"]},{\"@type\":\"Person\",\"@id\":\"https:\/\/elcotarro.com\/#\/schema\/person\/af537ee7d60d15984c7e0affcd8a918b\",\"name\":\"Jos\u00e9 Carlos Marrero Gonz\u00e1lez\",\"image\":{\"@type\":\"ImageObject\",\"inLanguage\":\"es\",\"@id\":\"https:\/\/elcotarro.com\/#\/schema\/person\/image\/\",\"url\":\"https:\/\/secure.gravatar.com\/avatar\/def4da036efb5d32c74d49c351f6dccc064dd69ad9f3aadc295c5a9a5391ca01?s=96&d=mm&r=g\",\"contentUrl\":\"https:\/\/secure.gravatar.com\/avatar\/def4da036efb5d32c74d49c351f6dccc064dd69ad9f3aadc295c5a9a5391ca01?s=96&d=mm&r=g\",\"caption\":\"Jos\u00e9 Carlos Marrero Gonz\u00e1lez\"},\"sameAs\":[\"https:\/\/elcotarro.com\"],\"url\":\"https:\/\/elcotarro.com\/?author=2\"}]}<\/script>\n<!-- \/ Yoast SEO plugin. -->","yoast_head_json":{"title":"SOLIDARIO Y RESPETUOSO CON EL MEDIO AMBIENTE - El Cotarro","robots":{"index":"index","follow":"follow","max-snippet":"max-snippet:-1","max-image-preview":"max-image-preview:large","max-video-preview":"max-video-preview:-1"},"canonical":"https:\/\/elcotarro.com\/?p=8520","og_locale":"es_ES","og_type":"article","og_title":"SOLIDARIO Y RESPETUOSO CON EL MEDIO AMBIENTE - El Cotarro","og_description":"Fiel al esp\u00edritu de respeto a la naturaleza y el medio ambiente, que siempre acompa\u00f1a a Juan Capote, el libro est\u00e1 impreso en papel reciclado, que ya se encuentra en las principales librer\u00edas de las islas, con pr\u00f3logo del tambi\u00e9n palmero, Dr. Antonio Fern\u00e1ndez Rodr\u00edguez, Catedr\u00e1tico de la Universidad de Las Palmas de Gran Canaria, ... Read more","og_url":"https:\/\/elcotarro.com\/?p=8520","og_site_name":"El Cotarro","article_publisher":"https:\/\/www.facebook.com\/ElCotarro.Tenerife","article_published_time":"2020-07-12T08:07:27+00:00","og_image":[{"url":"https:\/\/elcotarro.com\/wp-content\/uploads\/2020\/07\/FOTO-4.-JUAN-CAPOTE.jpeg","type":"","width":"","height":""}],"author":"Jos\u00e9 Carlos Marrero Gonz\u00e1lez","twitter_misc":{"Escrito por":"Jos\u00e9 Carlos Marrero Gonz\u00e1lez","Tiempo de lectura":"1 minuto"},"schema":{"@context":"https:\/\/schema.org","@graph":[{"@type":"Article","@id":"https:\/\/elcotarro.com\/?p=8520#article","isPartOf":{"@id":"https:\/\/elcotarro.com\/?p=8520"},"author":{"name":"Jos\u00e9 Carlos Marrero Gonz\u00e1lez","@id":"https:\/\/elcotarro.com\/#\/schema\/person\/af537ee7d60d15984c7e0affcd8a918b"},"headline":"SOLIDARIO Y RESPETUOSO CON EL MEDIO AMBIENTE","datePublished":"2020-07-12T08:07:27+00:00","mainEntityOfPage":{"@id":"https:\/\/elcotarro.com\/?p=8520"},"wordCount":239,"commentCount":0,"publisher":{"@id":"https:\/\/elcotarro.com\/#organization"},"image":{"@id":"https:\/\/elcotarro.com\/?p=8520#primaryimage"},"thumbnailUrl":"https:\/\/elcotarro.com\/wp-content\/uploads\/2020\/07\/FOTO-4.-JUAN-CAPOTE.jpeg","inLanguage":"es","potentialAction":[{"@type":"CommentAction","name":"Comment","target":["https:\/\/elcotarro.com\/?p=8520#respond"]}]},{"@type":"WebPage","@id":"https:\/\/elcotarro.com\/?p=8520","url":"https:\/\/elcotarro.com\/?p=8520","name":"SOLIDARIO Y RESPETUOSO CON EL MEDIO AMBIENTE - El Cotarro","isPartOf":{"@id":"https:\/\/elcotarro.com\/#website"},"primaryImageOfPage":{"@id":"https:\/\/elcotarro.com\/?p=8520#primaryimage"},"image":{"@id":"https:\/\/elcotarro.com\/?p=8520#primaryimage"},"thumbnailUrl":"https:\/\/elcotarro.com\/wp-content\/uploads\/2020\/07\/FOTO-4.-JUAN-CAPOTE.jpeg","datePublished":"2020-07-12T08:07:27+00:00","breadcrumb":{"@id":"https:\/\/elcotarro.com\/?p=8520#breadcrumb"},"inLanguage":"es","potentialAction":[{"@type":"ReadAction","target":["https:\/\/elcotarro.com\/?p=8520"]}]},{"@type":"ImageObject","inLanguage":"es","@id":"https:\/\/elcotarro.com\/?p=8520#primaryimage","url":"https:\/\/elcotarro.com\/wp-content\/uploads\/2020\/07\/FOTO-4.-JUAN-CAPOTE.jpeg","contentUrl":"https:\/\/elcotarro.com\/wp-content\/uploads\/2020\/07\/FOTO-4.-JUAN-CAPOTE.jpeg","width":1280,"height":960},{"@type":"BreadcrumbList","@id":"https:\/\/elcotarro.com\/?p=8520#breadcrumb","itemListElement":[{"@type":"ListItem","position":1,"name":"Portada","item":"https:\/\/elcotarro.com\/"},{"@type":"ListItem","position":2,"name":"SOLIDARIO Y RESPETUOSO CON EL MEDIO AMBIENTE"}]},{"@type":"WebSite","@id":"https:\/\/elcotarro.com\/#website","url":"https:\/\/elcotarro.com\/","name":"El Cotarro","description":"Peri\u00f3dico Digital Independiente dirigido por Jos\u00e9 Carlos Marrero","publisher":{"@id":"https:\/\/elcotarro.com\/#organization"},"potentialAction":[{"@type":"SearchAction","target":{"@type":"EntryPoint","urlTemplate":"https:\/\/elcotarro.com\/?s={search_term_string}"},"query-input":{"@type":"PropertyValueSpecification","valueRequired":true,"valueName":"search_term_string"}}],"inLanguage":"es"},{"@type":"Organization","@id":"https:\/\/elcotarro.com\/#organization","name":"El Cotarro","url":"https:\/\/elcotarro.com\/","logo":{"@type":"ImageObject","inLanguage":"es","@id":"https:\/\/elcotarro.com\/#\/schema\/logo\/image\/","url":"https:\/\/elcotarro.com\/wp-content\/uploads\/2014\/09\/Cabecera_El_Cotarro_v2.jpg","contentUrl":"https:\/\/elcotarro.com\/wp-content\/uploads\/2014\/09\/Cabecera_El_Cotarro_v2.jpg","width":3540,"height":441,"caption":"El Cotarro"},"image":{"@id":"https:\/\/elcotarro.com\/#\/schema\/logo\/image\/"},"sameAs":["https:\/\/www.facebook.com\/ElCotarro.Tenerife"]},{"@type":"Person","@id":"https:\/\/elcotarro.com\/#\/schema\/person\/af537ee7d60d15984c7e0affcd8a918b","name":"Jos\u00e9 Carlos Marrero Gonz\u00e1lez","image":{"@type":"ImageObject","inLanguage":"es","@id":"https:\/\/elcotarro.com\/#\/schema\/person\/image\/","url":"https:\/\/secure.gravatar.com\/avatar\/def4da036efb5d32c74d49c351f6dccc064dd69ad9f3aadc295c5a9a5391ca01?s=96&d=mm&r=g","contentUrl":"https:\/\/secure.gravatar.com\/avatar\/def4da036efb5d32c74d49c351f6dccc064dd69ad9f3aadc295c5a9a5391ca01?s=96&d=mm&r=g","caption":"Jos\u00e9 Carlos Marrero Gonz\u00e1lez"},"sameAs":["https:\/\/elcotarro.com"],"url":"https:\/\/elcotarro.com\/?author=2"}]}},"jetpack_featured_media_url":"","jetpack_sharing_enabled":true,"_links":{"self":[{"href":"https:\/\/elcotarro.com\/index.php?rest_route=\/wp\/v2\/posts\/8520","targetHints":{"allow":["GET"]}}],"collection":[{"href":"https:\/\/elcotarro.com\/index.php?rest_route=\/wp\/v2\/posts"}],"about":[{"href":"https:\/\/elcotarro.com\/index.php?rest_route=\/wp\/v2\/types\/post"}],"author":[{"embeddable":true,"href":"https:\/\/elcotarro.com\/index.php?rest_route=\/wp\/v2\/users\/2"}],"replies":[{"embeddable":true,"href":"https:\/\/elcotarro.com\/index.php?rest_route=%2Fwp%2Fv2%2Fcomments&post=8520"}],"version-history":[{"count":1,"href":"https:\/\/elcotarro.com\/index.php?rest_route=\/wp\/v2\/posts\/8520\/revisions"}],"predecessor-version":[{"id":8522,"href":"https:\/\/elcotarro.com\/index.php?rest_route=\/wp\/v2\/posts\/8520\/revisions\/8522"}],"wp:attachment":[{"href":"https:\/\/elcotarro.com\/index.php?rest_route=%2Fwp%2Fv2%2Fmedia&parent=8520"}],"wp:term":[{"taxonomy":"category","embeddable":true,"href":"https:\/\/elcotarro.com\/index.php?rest_route=%2Fwp%2Fv2%2Fcategories&post=8520"},{"taxonomy":"post_tag","embeddable":true,"href":"https:\/\/elcotarro.com\/index.php?rest_route=%2Fwp%2Fv2%2Ftags&post=8520"}],"curies":[{"name":"wp","href":"https:\/\/api.w.org\/{rel}","templated":true}]}}