{"id":8553,"date":"2020-07-19T09:06:27","date_gmt":"2020-07-19T08:06:27","guid":{"rendered":"https:\/\/elcotarro.com\/?p=8553"},"modified":"2020-07-18T20:55:11","modified_gmt":"2020-07-18T19:55:11","slug":"mascarillas-palmeras-del-mensa-y-tenisca","status":"publish","type":"post","link":"https:\/\/elcotarro.com\/?p=8553","title":{"rendered":"MASCARILLAS PALMERAS DEL \u201cMENSA\u201d Y TENISCA"},"content":{"rendered":"<p>Otros que no se quedan atr\u00e1s en esto de las mascarillas anti Covid-19 son los palmeros, aunque, en este caso, m\u00e1s que inclusivas son exclusivas, de cada uno de los dos principales equipos de f\u00fatbol palmeros, como son el glorioso y blanco Tenisca, y el celestial, rojillo y omnipotente Mensajero. Alguien, palmero hasta la m\u00e9dula, no ha dudado en dise\u00f1ar unas \u201cdiscretas\u201d mascarillas con los escudos y dem\u00e1s s\u00edmbolos representativos de los dos eternos rivales. Y, como no pod\u00eda ser de otra manera, le falt\u00f3 tiempo al ilustre veterinario <strong>Juan Francisco Capote \u00c1lvarez<\/strong>, para enfundarse la del su amado Tenisca. Y lo hizo, adem\u00e1s, junto con el amigo <strong>Leo Lorenzo<\/strong>, devoto a muerte del Mensajero. No se pierdan la foto que les ofrezco en primicia exclusiva, tomada en el restaurante El Coral, ubicado en el muellito pesquero de Santa Cruz de La Palma. En ella pueden ver a ambos personajes <strong>Leo Lorenzo<\/strong> y <strong>Juan Capote<\/strong>, debidamente \u201cenmascarillados\u201d a punto de echarse unos \u201csimones\u201d en El Coral durante la pasada semana de frustrada Bajada de la Virgen. Tristes por ello, pero con la caballerosidad y el sano sentido del humor de la ciudadan\u00eda palmera. \u00a1Viva el Mensajero!<\/p>\n<p style=\"text-align: center\"><a href=\"https:\/\/elcotarro.com\/wp-content\/uploads\/2020\/07\/FOTO-5.-TENISCA-Y-MENSA.jpg\"><img loading=\"lazy\" decoding=\"async\" class=\"aligncenter size-full wp-image-8554\" src=\"https:\/\/elcotarro.com\/wp-content\/uploads\/2020\/07\/FOTO-5.-TENISCA-Y-MENSA.jpg\" alt=\"\" width=\"1600\" height=\"900\" srcset=\"https:\/\/elcotarro.com\/wp-content\/uploads\/2020\/07\/FOTO-5.-TENISCA-Y-MENSA.jpg 1600w, https:\/\/elcotarro.com\/wp-content\/uploads\/2020\/07\/FOTO-5.-TENISCA-Y-MENSA-300x169.jpg 300w, https:\/\/elcotarro.com\/wp-content\/uploads\/2020\/07\/FOTO-5.-TENISCA-Y-MENSA-1024x576.jpg 1024w, https:\/\/elcotarro.com\/wp-content\/uploads\/2020\/07\/FOTO-5.-TENISCA-Y-MENSA-768x432.jpg 768w, https:\/\/elcotarro.com\/wp-content\/uploads\/2020\/07\/FOTO-5.-TENISCA-Y-MENSA-1536x864.jpg 1536w\" sizes=\"auto, (max-width: 1600px) 100vw, 1600px\" \/><\/a><\/p>\n<p style=\"text-align: center\"><em>Con sus respectivas mascarillas: Leo (i) del Mensajero y Juan Capote, del Tenisca<\/em><\/p>\n","protected":false},"excerpt":{"rendered":"<p>Otros que no se quedan atr\u00e1s en esto de las mascarillas anti Covid-19 son los palmeros, aunque, en este caso, m\u00e1s que inclusivas son exclusivas, de cada uno de los dos principales equipos de f\u00fatbol palmeros, como son el glorioso y blanco Tenisca, y el celestial, rojillo y omnipotente Mensajero. Alguien, palmero hasta la m\u00e9dula, &#8230; <a class=\"read-more\" href=\"https:\/\/elcotarro.com\/?p=8553\">Read more<\/a><\/p>\n","protected":false},"author":2,"featured_media":0,"comment_status":"open","ping_status":"open","sticky":false,"template":"","format":"standard","meta":{"_jetpack_memberships_contains_paid_content":false,"footnotes":""},"categories":[1],"tags":[],"class_list":["post-8553","post","type-post","status-publish","format-standard","hentry","category-sin-categoria"],"yoast_head":"<!-- This site is optimized with the Yoast SEO plugin v27.0 - https:\/\/yoast.com\/product\/yoast-seo-wordpress\/ -->\n<title>MASCARILLAS PALMERAS DEL \u201cMENSA\u201d Y TENISCA - El Cotarro<\/title>\n<meta name=\"robots\" content=\"index, follow, max-snippet:-1, max-image-preview:large, max-video-preview:-1\" \/>\n<link rel=\"canonical\" href=\"https:\/\/elcotarro.com\/?p=8553\" \/>\n<meta property=\"og:locale\" content=\"es_ES\" \/>\n<meta property=\"og:type\" content=\"article\" \/>\n<meta property=\"og:title\" content=\"MASCARILLAS PALMERAS DEL \u201cMENSA\u201d Y TENISCA - El Cotarro\" \/>\n<meta property=\"og:description\" content=\"Otros que no se quedan atr\u00e1s en esto de las mascarillas anti Covid-19 son los palmeros, aunque, en este caso, m\u00e1s que inclusivas son exclusivas, de cada uno de los dos principales equipos de f\u00fatbol palmeros, como son el glorioso y blanco Tenisca, y el celestial, rojillo y omnipotente Mensajero. Alguien, palmero hasta la m\u00e9dula, ... Read more\" \/>\n<meta property=\"og:url\" content=\"https:\/\/elcotarro.com\/?p=8553\" \/>\n<meta property=\"og:site_name\" content=\"El Cotarro\" \/>\n<meta property=\"article:publisher\" content=\"https:\/\/www.facebook.com\/ElCotarro.Tenerife\" \/>\n<meta property=\"article:published_time\" content=\"2020-07-19T08:06:27+00:00\" \/>\n<meta property=\"og:image\" content=\"https:\/\/elcotarro.com\/wp-content\/uploads\/2020\/07\/FOTO-5.-TENISCA-Y-MENSA.jpg\" \/>\n<meta name=\"author\" content=\"Jos\u00e9 Carlos Marrero Gonz\u00e1lez\" \/>\n<meta name=\"twitter:label1\" content=\"Escrito por\" \/>\n\t<meta name=\"twitter:data1\" content=\"Jos\u00e9 Carlos Marrero Gonz\u00e1lez\" \/>\n\t<meta name=\"twitter:label2\" content=\"Tiempo de lectura\" \/>\n\t<meta name=\"twitter:data2\" content=\"1 minuto\" \/>\n<script type=\"application\/ld+json\" class=\"yoast-schema-graph\">{\"@context\":\"https:\/\/schema.org\",\"@graph\":[{\"@type\":\"Article\",\"@id\":\"https:\/\/elcotarro.com\/?p=8553#article\",\"isPartOf\":{\"@id\":\"https:\/\/elcotarro.com\/?p=8553\"},\"author\":{\"name\":\"Jos\u00e9 Carlos Marrero Gonz\u00e1lez\",\"@id\":\"https:\/\/elcotarro.com\/#\/schema\/person\/af537ee7d60d15984c7e0affcd8a918b\"},\"headline\":\"MASCARILLAS PALMERAS DEL \u201cMENSA\u201d Y TENISCA\",\"datePublished\":\"2020-07-19T08:06:27+00:00\",\"mainEntityOfPage\":{\"@id\":\"https:\/\/elcotarro.com\/?p=8553\"},\"wordCount\":225,\"commentCount\":0,\"publisher\":{\"@id\":\"https:\/\/elcotarro.com\/#organization\"},\"image\":{\"@id\":\"https:\/\/elcotarro.com\/?p=8553#primaryimage\"},\"thumbnailUrl\":\"https:\/\/elcotarro.com\/wp-content\/uploads\/2020\/07\/FOTO-5.-TENISCA-Y-MENSA.jpg\",\"inLanguage\":\"es\",\"potentialAction\":[{\"@type\":\"CommentAction\",\"name\":\"Comment\",\"target\":[\"https:\/\/elcotarro.com\/?p=8553#respond\"]}]},{\"@type\":\"WebPage\",\"@id\":\"https:\/\/elcotarro.com\/?p=8553\",\"url\":\"https:\/\/elcotarro.com\/?p=8553\",\"name\":\"MASCARILLAS PALMERAS DEL \u201cMENSA\u201d Y TENISCA - El Cotarro\",\"isPartOf\":{\"@id\":\"https:\/\/elcotarro.com\/#website\"},\"primaryImageOfPage\":{\"@id\":\"https:\/\/elcotarro.com\/?p=8553#primaryimage\"},\"image\":{\"@id\":\"https:\/\/elcotarro.com\/?p=8553#primaryimage\"},\"thumbnailUrl\":\"https:\/\/elcotarro.com\/wp-content\/uploads\/2020\/07\/FOTO-5.-TENISCA-Y-MENSA.jpg\",\"datePublished\":\"2020-07-19T08:06:27+00:00\",\"breadcrumb\":{\"@id\":\"https:\/\/elcotarro.com\/?p=8553#breadcrumb\"},\"inLanguage\":\"es\",\"potentialAction\":[{\"@type\":\"ReadAction\",\"target\":[\"https:\/\/elcotarro.com\/?p=8553\"]}]},{\"@type\":\"ImageObject\",\"inLanguage\":\"es\",\"@id\":\"https:\/\/elcotarro.com\/?p=8553#primaryimage\",\"url\":\"https:\/\/elcotarro.com\/wp-content\/uploads\/2020\/07\/FOTO-5.-TENISCA-Y-MENSA.jpg\",\"contentUrl\":\"https:\/\/elcotarro.com\/wp-content\/uploads\/2020\/07\/FOTO-5.-TENISCA-Y-MENSA.jpg\",\"width\":1600,\"height\":900},{\"@type\":\"BreadcrumbList\",\"@id\":\"https:\/\/elcotarro.com\/?p=8553#breadcrumb\",\"itemListElement\":[{\"@type\":\"ListItem\",\"position\":1,\"name\":\"Portada\",\"item\":\"https:\/\/elcotarro.com\/\"},{\"@type\":\"ListItem\",\"position\":2,\"name\":\"MASCARILLAS PALMERAS DEL \u201cMENSA\u201d Y TENISCA\"}]},{\"@type\":\"WebSite\",\"@id\":\"https:\/\/elcotarro.com\/#website\",\"url\":\"https:\/\/elcotarro.com\/\",\"name\":\"El Cotarro\",\"description\":\"Peri\u00f3dico Digital Independiente dirigido por Jos\u00e9 Carlos Marrero\",\"publisher\":{\"@id\":\"https:\/\/elcotarro.com\/#organization\"},\"potentialAction\":[{\"@type\":\"SearchAction\",\"target\":{\"@type\":\"EntryPoint\",\"urlTemplate\":\"https:\/\/elcotarro.com\/?s={search_term_string}\"},\"query-input\":{\"@type\":\"PropertyValueSpecification\",\"valueRequired\":true,\"valueName\":\"search_term_string\"}}],\"inLanguage\":\"es\"},{\"@type\":\"Organization\",\"@id\":\"https:\/\/elcotarro.com\/#organization\",\"name\":\"El Cotarro\",\"url\":\"https:\/\/elcotarro.com\/\",\"logo\":{\"@type\":\"ImageObject\",\"inLanguage\":\"es\",\"@id\":\"https:\/\/elcotarro.com\/#\/schema\/logo\/image\/\",\"url\":\"https:\/\/elcotarro.com\/wp-content\/uploads\/2014\/09\/Cabecera_El_Cotarro_v2.jpg\",\"contentUrl\":\"https:\/\/elcotarro.com\/wp-content\/uploads\/2014\/09\/Cabecera_El_Cotarro_v2.jpg\",\"width\":3540,\"height\":441,\"caption\":\"El Cotarro\"},\"image\":{\"@id\":\"https:\/\/elcotarro.com\/#\/schema\/logo\/image\/\"},\"sameAs\":[\"https:\/\/www.facebook.com\/ElCotarro.Tenerife\"]},{\"@type\":\"Person\",\"@id\":\"https:\/\/elcotarro.com\/#\/schema\/person\/af537ee7d60d15984c7e0affcd8a918b\",\"name\":\"Jos\u00e9 Carlos Marrero Gonz\u00e1lez\",\"image\":{\"@type\":\"ImageObject\",\"inLanguage\":\"es\",\"@id\":\"https:\/\/elcotarro.com\/#\/schema\/person\/image\/\",\"url\":\"https:\/\/secure.gravatar.com\/avatar\/def4da036efb5d32c74d49c351f6dccc064dd69ad9f3aadc295c5a9a5391ca01?s=96&d=mm&r=g\",\"contentUrl\":\"https:\/\/secure.gravatar.com\/avatar\/def4da036efb5d32c74d49c351f6dccc064dd69ad9f3aadc295c5a9a5391ca01?s=96&d=mm&r=g\",\"caption\":\"Jos\u00e9 Carlos Marrero Gonz\u00e1lez\"},\"sameAs\":[\"https:\/\/elcotarro.com\"],\"url\":\"https:\/\/elcotarro.com\/?author=2\"}]}<\/script>\n<!-- \/ Yoast SEO plugin. -->","yoast_head_json":{"title":"MASCARILLAS PALMERAS DEL \u201cMENSA\u201d Y TENISCA - El Cotarro","robots":{"index":"index","follow":"follow","max-snippet":"max-snippet:-1","max-image-preview":"max-image-preview:large","max-video-preview":"max-video-preview:-1"},"canonical":"https:\/\/elcotarro.com\/?p=8553","og_locale":"es_ES","og_type":"article","og_title":"MASCARILLAS PALMERAS DEL \u201cMENSA\u201d Y TENISCA - El Cotarro","og_description":"Otros que no se quedan atr\u00e1s en esto de las mascarillas anti Covid-19 son los palmeros, aunque, en este caso, m\u00e1s que inclusivas son exclusivas, de cada uno de los dos principales equipos de f\u00fatbol palmeros, como son el glorioso y blanco Tenisca, y el celestial, rojillo y omnipotente Mensajero. Alguien, palmero hasta la m\u00e9dula, ... Read more","og_url":"https:\/\/elcotarro.com\/?p=8553","og_site_name":"El Cotarro","article_publisher":"https:\/\/www.facebook.com\/ElCotarro.Tenerife","article_published_time":"2020-07-19T08:06:27+00:00","og_image":[{"url":"https:\/\/elcotarro.com\/wp-content\/uploads\/2020\/07\/FOTO-5.-TENISCA-Y-MENSA.jpg","type":"","width":"","height":""}],"author":"Jos\u00e9 Carlos Marrero Gonz\u00e1lez","twitter_misc":{"Escrito por":"Jos\u00e9 Carlos Marrero Gonz\u00e1lez","Tiempo de lectura":"1 minuto"},"schema":{"@context":"https:\/\/schema.org","@graph":[{"@type":"Article","@id":"https:\/\/elcotarro.com\/?p=8553#article","isPartOf":{"@id":"https:\/\/elcotarro.com\/?p=8553"},"author":{"name":"Jos\u00e9 Carlos Marrero Gonz\u00e1lez","@id":"https:\/\/elcotarro.com\/#\/schema\/person\/af537ee7d60d15984c7e0affcd8a918b"},"headline":"MASCARILLAS PALMERAS DEL \u201cMENSA\u201d Y TENISCA","datePublished":"2020-07-19T08:06:27+00:00","mainEntityOfPage":{"@id":"https:\/\/elcotarro.com\/?p=8553"},"wordCount":225,"commentCount":0,"publisher":{"@id":"https:\/\/elcotarro.com\/#organization"},"image":{"@id":"https:\/\/elcotarro.com\/?p=8553#primaryimage"},"thumbnailUrl":"https:\/\/elcotarro.com\/wp-content\/uploads\/2020\/07\/FOTO-5.-TENISCA-Y-MENSA.jpg","inLanguage":"es","potentialAction":[{"@type":"CommentAction","name":"Comment","target":["https:\/\/elcotarro.com\/?p=8553#respond"]}]},{"@type":"WebPage","@id":"https:\/\/elcotarro.com\/?p=8553","url":"https:\/\/elcotarro.com\/?p=8553","name":"MASCARILLAS PALMERAS DEL \u201cMENSA\u201d Y TENISCA - El Cotarro","isPartOf":{"@id":"https:\/\/elcotarro.com\/#website"},"primaryImageOfPage":{"@id":"https:\/\/elcotarro.com\/?p=8553#primaryimage"},"image":{"@id":"https:\/\/elcotarro.com\/?p=8553#primaryimage"},"thumbnailUrl":"https:\/\/elcotarro.com\/wp-content\/uploads\/2020\/07\/FOTO-5.-TENISCA-Y-MENSA.jpg","datePublished":"2020-07-19T08:06:27+00:00","breadcrumb":{"@id":"https:\/\/elcotarro.com\/?p=8553#breadcrumb"},"inLanguage":"es","potentialAction":[{"@type":"ReadAction","target":["https:\/\/elcotarro.com\/?p=8553"]}]},{"@type":"ImageObject","inLanguage":"es","@id":"https:\/\/elcotarro.com\/?p=8553#primaryimage","url":"https:\/\/elcotarro.com\/wp-content\/uploads\/2020\/07\/FOTO-5.-TENISCA-Y-MENSA.jpg","contentUrl":"https:\/\/elcotarro.com\/wp-content\/uploads\/2020\/07\/FOTO-5.-TENISCA-Y-MENSA.jpg","width":1600,"height":900},{"@type":"BreadcrumbList","@id":"https:\/\/elcotarro.com\/?p=8553#breadcrumb","itemListElement":[{"@type":"ListItem","position":1,"name":"Portada","item":"https:\/\/elcotarro.com\/"},{"@type":"ListItem","position":2,"name":"MASCARILLAS PALMERAS DEL \u201cMENSA\u201d Y TENISCA"}]},{"@type":"WebSite","@id":"https:\/\/elcotarro.com\/#website","url":"https:\/\/elcotarro.com\/","name":"El Cotarro","description":"Peri\u00f3dico Digital Independiente dirigido por Jos\u00e9 Carlos Marrero","publisher":{"@id":"https:\/\/elcotarro.com\/#organization"},"potentialAction":[{"@type":"SearchAction","target":{"@type":"EntryPoint","urlTemplate":"https:\/\/elcotarro.com\/?s={search_term_string}"},"query-input":{"@type":"PropertyValueSpecification","valueRequired":true,"valueName":"search_term_string"}}],"inLanguage":"es"},{"@type":"Organization","@id":"https:\/\/elcotarro.com\/#organization","name":"El Cotarro","url":"https:\/\/elcotarro.com\/","logo":{"@type":"ImageObject","inLanguage":"es","@id":"https:\/\/elcotarro.com\/#\/schema\/logo\/image\/","url":"https:\/\/elcotarro.com\/wp-content\/uploads\/2014\/09\/Cabecera_El_Cotarro_v2.jpg","contentUrl":"https:\/\/elcotarro.com\/wp-content\/uploads\/2014\/09\/Cabecera_El_Cotarro_v2.jpg","width":3540,"height":441,"caption":"El Cotarro"},"image":{"@id":"https:\/\/elcotarro.com\/#\/schema\/logo\/image\/"},"sameAs":["https:\/\/www.facebook.com\/ElCotarro.Tenerife"]},{"@type":"Person","@id":"https:\/\/elcotarro.com\/#\/schema\/person\/af537ee7d60d15984c7e0affcd8a918b","name":"Jos\u00e9 Carlos Marrero Gonz\u00e1lez","image":{"@type":"ImageObject","inLanguage":"es","@id":"https:\/\/elcotarro.com\/#\/schema\/person\/image\/","url":"https:\/\/secure.gravatar.com\/avatar\/def4da036efb5d32c74d49c351f6dccc064dd69ad9f3aadc295c5a9a5391ca01?s=96&d=mm&r=g","contentUrl":"https:\/\/secure.gravatar.com\/avatar\/def4da036efb5d32c74d49c351f6dccc064dd69ad9f3aadc295c5a9a5391ca01?s=96&d=mm&r=g","caption":"Jos\u00e9 Carlos Marrero Gonz\u00e1lez"},"sameAs":["https:\/\/elcotarro.com"],"url":"https:\/\/elcotarro.com\/?author=2"}]}},"jetpack_featured_media_url":"","jetpack_sharing_enabled":true,"_links":{"self":[{"href":"https:\/\/elcotarro.com\/index.php?rest_route=\/wp\/v2\/posts\/8553","targetHints":{"allow":["GET"]}}],"collection":[{"href":"https:\/\/elcotarro.com\/index.php?rest_route=\/wp\/v2\/posts"}],"about":[{"href":"https:\/\/elcotarro.com\/index.php?rest_route=\/wp\/v2\/types\/post"}],"author":[{"embeddable":true,"href":"https:\/\/elcotarro.com\/index.php?rest_route=\/wp\/v2\/users\/2"}],"replies":[{"embeddable":true,"href":"https:\/\/elcotarro.com\/index.php?rest_route=%2Fwp%2Fv2%2Fcomments&post=8553"}],"version-history":[{"count":1,"href":"https:\/\/elcotarro.com\/index.php?rest_route=\/wp\/v2\/posts\/8553\/revisions"}],"predecessor-version":[{"id":8555,"href":"https:\/\/elcotarro.com\/index.php?rest_route=\/wp\/v2\/posts\/8553\/revisions\/8555"}],"wp:attachment":[{"href":"https:\/\/elcotarro.com\/index.php?rest_route=%2Fwp%2Fv2%2Fmedia&parent=8553"}],"wp:term":[{"taxonomy":"category","embeddable":true,"href":"https:\/\/elcotarro.com\/index.php?rest_route=%2Fwp%2Fv2%2Fcategories&post=8553"},{"taxonomy":"post_tag","embeddable":true,"href":"https:\/\/elcotarro.com\/index.php?rest_route=%2Fwp%2Fv2%2Ftags&post=8553"}],"curies":[{"name":"wp","href":"https:\/\/api.w.org\/{rel}","templated":true}]}}