{"id":859,"date":"2015-03-01T12:01:26","date_gmt":"2015-03-01T12:01:26","guid":{"rendered":"https:\/\/elcotarro.com\/?p=859"},"modified":"2015-03-01T01:25:57","modified_gmt":"2015-03-01T01:25:57","slug":"un-video-para-opinar","status":"publish","type":"post","link":"https:\/\/elcotarro.com\/?p=859","title":{"rendered":"UN V\u00cdDEO PARA OPINAR"},"content":{"rendered":"<p>\u2666 Lo cierto es que <strong>Nacho Gonz\u00e1lez<\/strong> est\u00e1 tan convencido y tan empe\u00f1ado en la cosa, que ha mandado a editar un v\u00eddeo que \u00e9l mismo est\u00e1 mandando a todo el mundo y que tambi\u00e9n se puede encontrar y ver en YouTube busc\u00e1ndolo por Playa Santa Cruz CCN, o pinchando en enlace: <a title=\"http:\/youtube\/Qu6OKcdKpUQ \" href=\"https:\/\/www.youtube.com\/watch?v=vtGl7X6-184\" target=\"_blank\">http:\/youtube\/Qu6OKcdKpUQ<\/a> &#8230; Yo creo, sin embargo, que el trabajo realizado durante los \u00faltimos a\u00f1os por <strong>Pedro Rodr\u00edguez Zaragoza<\/strong> est\u00e1 dando sus frutos y que lo que falta es que\u00a0 convenza a muchos empresarios capitalinos que hay que ponerse las pilas, renovarse o&#8230; morir&#8230; Y para ello creo muy bueno el proyecto del nuevo parque mar\u00edtimo y puerto deportivo junto al Cabildo&#8230; Todo es dejarse de \u201cpiques\u201d, ponerse las pilas manos a la obra y trabajar todos juntos a una y en el mismo sentido&#8230; Sumar y multiplicar, m\u00e1s que restar y dividir&#8230; En ello nos va el futuro y el \u00e9xito de la co-capital de Canarias.<\/p>\n<p><a href=\"https:\/\/elcotarro.com\/wp-content\/uploads\/2015\/03\/FOTO-7.-Playa-de-Santa-Cruz-por-el-CCN.jpg\"><img loading=\"lazy\" decoding=\"async\" class=\"aligncenter size-full wp-image-860\" src=\"https:\/\/elcotarro.com\/wp-content\/uploads\/2015\/03\/FOTO-7.-Playa-de-Santa-Cruz-por-el-CCN.jpg\" alt=\"FOTO 7.- Playa de Santa Cruz por el CCN\" width=\"500\" height=\"332\" srcset=\"https:\/\/elcotarro.com\/wp-content\/uploads\/2015\/03\/FOTO-7.-Playa-de-Santa-Cruz-por-el-CCN.jpg 500w, https:\/\/elcotarro.com\/wp-content\/uploads\/2015\/03\/FOTO-7.-Playa-de-Santa-Cruz-por-el-CCN-300x199.jpg 300w\" sizes=\"auto, (max-width: 500px) 100vw, 500px\" \/><\/a><\/p>\n<p class=\"comentario\" style=\"text-align: center;\">Imagen virtual de c\u00f3mo quedar\u00eda la Playa de Santa Cruz imaginada por el CCN<\/p>\n<p><a href=\"https:\/\/elcotarro.com\/wp-content\/uploads\/2014\/12\/Bnn_Careca.jpg\"><img loading=\"lazy\" decoding=\"async\" class=\"aligncenter size-full wp-image-539\" src=\"https:\/\/elcotarro.com\/wp-content\/uploads\/2014\/12\/Bnn_Careca.jpg\" alt=\"Bnn_Careca\" width=\"750\" height=\"150\" srcset=\"https:\/\/elcotarro.com\/wp-content\/uploads\/2014\/12\/Bnn_Careca.jpg 750w, https:\/\/elcotarro.com\/wp-content\/uploads\/2014\/12\/Bnn_Careca-300x60.jpg 300w\" sizes=\"auto, (max-width: 750px) 100vw, 750px\" \/><\/a><\/p>\n","protected":false},"excerpt":{"rendered":"<p>\u2666 Lo cierto es que Nacho Gonz\u00e1lez est\u00e1 tan convencido y tan empe\u00f1ado en la cosa, que ha mandado a editar un v\u00eddeo que \u00e9l mismo est\u00e1 mandando a todo el mundo y que tambi\u00e9n se puede encontrar y ver en YouTube busc\u00e1ndolo por Playa Santa Cruz CCN, o pinchando en enlace: http:\/youtube\/Qu6OKcdKpUQ &#8230; Yo &#8230; <a class=\"read-more\" href=\"https:\/\/elcotarro.com\/?p=859\">Read more<\/a><\/p>\n","protected":false},"author":2,"featured_media":0,"comment_status":"open","ping_status":"open","sticky":false,"template":"","format":"standard","meta":{"_jetpack_memberships_contains_paid_content":false,"footnotes":""},"categories":[7],"tags":[48,306,199],"class_list":["post-859","post","type-post","status-publish","format-standard","hentry","category-politica","tag-jose-manuel-bermudez","tag-nacho-gonzalez","tag-pedro-rodriguez-zaragoza"],"yoast_head":"<!-- This site is optimized with the Yoast SEO plugin v27.0 - https:\/\/yoast.com\/product\/yoast-seo-wordpress\/ -->\n<title>UN V\u00cdDEO PARA OPINAR - El Cotarrro<\/title>\n<meta name=\"description\" content=\"Lo cierto es que Nacho Gonz\u00e1lez est\u00e1 tan convencido y tan empe\u00f1ado en la cosa, que ha mandado a editar un v\u00eddeo que \u00e9l mismo est\u00e1 mandando a todo el mundo\" \/>\n<meta name=\"robots\" content=\"index, follow, max-snippet:-1, max-image-preview:large, max-video-preview:-1\" \/>\n<link rel=\"canonical\" href=\"https:\/\/elcotarro.com\/?p=859\" \/>\n<meta property=\"og:locale\" content=\"es_ES\" \/>\n<meta property=\"og:type\" content=\"article\" \/>\n<meta property=\"og:title\" content=\"UN V\u00cdDEO PARA OPINAR - El Cotarrro\" \/>\n<meta property=\"og:description\" content=\"Lo cierto es que Nacho Gonz\u00e1lez est\u00e1 tan convencido y tan empe\u00f1ado en la cosa, que ha mandado a editar un v\u00eddeo que \u00e9l mismo est\u00e1 mandando a todo el mundo\" \/>\n<meta property=\"og:url\" content=\"https:\/\/elcotarro.com\/?p=859\" \/>\n<meta property=\"og:site_name\" content=\"El Cotarro\" \/>\n<meta property=\"article:publisher\" content=\"https:\/\/www.facebook.com\/ElCotarro.Tenerife\" \/>\n<meta property=\"article:published_time\" content=\"2015-03-01T12:01:26+00:00\" \/>\n<meta property=\"og:image\" content=\"https:\/\/elcotarro.com\/wp-content\/uploads\/2015\/03\/FOTO-7.-Playa-de-Santa-Cruz-por-el-CCN.jpg\" \/>\n<meta name=\"author\" content=\"Jos\u00e9 Carlos Marrero Gonz\u00e1lez\" \/>\n<meta name=\"twitter:label1\" content=\"Escrito por\" \/>\n\t<meta name=\"twitter:data1\" content=\"Jos\u00e9 Carlos Marrero Gonz\u00e1lez\" \/>\n\t<meta name=\"twitter:label2\" content=\"Tiempo de lectura\" \/>\n\t<meta name=\"twitter:data2\" content=\"1 minuto\" \/>\n<script type=\"application\/ld+json\" class=\"yoast-schema-graph\">{\"@context\":\"https:\/\/schema.org\",\"@graph\":[{\"@type\":\"Article\",\"@id\":\"https:\/\/elcotarro.com\/?p=859#article\",\"isPartOf\":{\"@id\":\"https:\/\/elcotarro.com\/?p=859\"},\"author\":{\"name\":\"Jos\u00e9 Carlos Marrero Gonz\u00e1lez\",\"@id\":\"https:\/\/elcotarro.com\/#\/schema\/person\/af537ee7d60d15984c7e0affcd8a918b\"},\"headline\":\"UN V\u00cdDEO PARA OPINAR\",\"datePublished\":\"2015-03-01T12:01:26+00:00\",\"mainEntityOfPage\":{\"@id\":\"https:\/\/elcotarro.com\/?p=859\"},\"wordCount\":189,\"commentCount\":0,\"publisher\":{\"@id\":\"https:\/\/elcotarro.com\/#organization\"},\"image\":{\"@id\":\"https:\/\/elcotarro.com\/?p=859#primaryimage\"},\"thumbnailUrl\":\"https:\/\/elcotarro.com\/wp-content\/uploads\/2015\/03\/FOTO-7.-Playa-de-Santa-Cruz-por-el-CCN.jpg\",\"keywords\":[\"Jos\u00e9 Manuel Berm\u00fadez\",\"Nacho Gonz\u00e1lez\",\"Pedro Rodr\u00edguez Zaragoza\"],\"articleSection\":[\"Pol\u00edtica\"],\"inLanguage\":\"es\",\"potentialAction\":[{\"@type\":\"CommentAction\",\"name\":\"Comment\",\"target\":[\"https:\/\/elcotarro.com\/?p=859#respond\"]}]},{\"@type\":\"WebPage\",\"@id\":\"https:\/\/elcotarro.com\/?p=859\",\"url\":\"https:\/\/elcotarro.com\/?p=859\",\"name\":\"UN V\u00cdDEO PARA OPINAR - El Cotarrro\",\"isPartOf\":{\"@id\":\"https:\/\/elcotarro.com\/#website\"},\"primaryImageOfPage\":{\"@id\":\"https:\/\/elcotarro.com\/?p=859#primaryimage\"},\"image\":{\"@id\":\"https:\/\/elcotarro.com\/?p=859#primaryimage\"},\"thumbnailUrl\":\"https:\/\/elcotarro.com\/wp-content\/uploads\/2015\/03\/FOTO-7.-Playa-de-Santa-Cruz-por-el-CCN.jpg\",\"datePublished\":\"2015-03-01T12:01:26+00:00\",\"description\":\"Lo cierto es que Nacho Gonz\u00e1lez est\u00e1 tan convencido y tan empe\u00f1ado en la cosa, que ha mandado a editar un v\u00eddeo que \u00e9l mismo est\u00e1 mandando a todo el mundo\",\"breadcrumb\":{\"@id\":\"https:\/\/elcotarro.com\/?p=859#breadcrumb\"},\"inLanguage\":\"es\",\"potentialAction\":[{\"@type\":\"ReadAction\",\"target\":[\"https:\/\/elcotarro.com\/?p=859\"]}]},{\"@type\":\"ImageObject\",\"inLanguage\":\"es\",\"@id\":\"https:\/\/elcotarro.com\/?p=859#primaryimage\",\"url\":\"https:\/\/elcotarro.com\/wp-content\/uploads\/2015\/03\/FOTO-7.-Playa-de-Santa-Cruz-por-el-CCN.jpg\",\"contentUrl\":\"https:\/\/elcotarro.com\/wp-content\/uploads\/2015\/03\/FOTO-7.-Playa-de-Santa-Cruz-por-el-CCN.jpg\",\"width\":500,\"height\":332},{\"@type\":\"BreadcrumbList\",\"@id\":\"https:\/\/elcotarro.com\/?p=859#breadcrumb\",\"itemListElement\":[{\"@type\":\"ListItem\",\"position\":1,\"name\":\"Portada\",\"item\":\"https:\/\/elcotarro.com\/\"},{\"@type\":\"ListItem\",\"position\":2,\"name\":\"UN V\u00cdDEO PARA OPINAR\"}]},{\"@type\":\"WebSite\",\"@id\":\"https:\/\/elcotarro.com\/#website\",\"url\":\"https:\/\/elcotarro.com\/\",\"name\":\"El Cotarro\",\"description\":\"Peri\u00f3dico Digital Independiente dirigido por Jos\u00e9 Carlos Marrero\",\"publisher\":{\"@id\":\"https:\/\/elcotarro.com\/#organization\"},\"potentialAction\":[{\"@type\":\"SearchAction\",\"target\":{\"@type\":\"EntryPoint\",\"urlTemplate\":\"https:\/\/elcotarro.com\/?s={search_term_string}\"},\"query-input\":{\"@type\":\"PropertyValueSpecification\",\"valueRequired\":true,\"valueName\":\"search_term_string\"}}],\"inLanguage\":\"es\"},{\"@type\":\"Organization\",\"@id\":\"https:\/\/elcotarro.com\/#organization\",\"name\":\"El Cotarro\",\"url\":\"https:\/\/elcotarro.com\/\",\"logo\":{\"@type\":\"ImageObject\",\"inLanguage\":\"es\",\"@id\":\"https:\/\/elcotarro.com\/#\/schema\/logo\/image\/\",\"url\":\"https:\/\/elcotarro.com\/wp-content\/uploads\/2014\/09\/Cabecera_El_Cotarro_v2.jpg\",\"contentUrl\":\"https:\/\/elcotarro.com\/wp-content\/uploads\/2014\/09\/Cabecera_El_Cotarro_v2.jpg\",\"width\":3540,\"height\":441,\"caption\":\"El Cotarro\"},\"image\":{\"@id\":\"https:\/\/elcotarro.com\/#\/schema\/logo\/image\/\"},\"sameAs\":[\"https:\/\/www.facebook.com\/ElCotarro.Tenerife\"]},{\"@type\":\"Person\",\"@id\":\"https:\/\/elcotarro.com\/#\/schema\/person\/af537ee7d60d15984c7e0affcd8a918b\",\"name\":\"Jos\u00e9 Carlos Marrero Gonz\u00e1lez\",\"image\":{\"@type\":\"ImageObject\",\"inLanguage\":\"es\",\"@id\":\"https:\/\/elcotarro.com\/#\/schema\/person\/image\/\",\"url\":\"https:\/\/secure.gravatar.com\/avatar\/def4da036efb5d32c74d49c351f6dccc064dd69ad9f3aadc295c5a9a5391ca01?s=96&d=mm&r=g\",\"contentUrl\":\"https:\/\/secure.gravatar.com\/avatar\/def4da036efb5d32c74d49c351f6dccc064dd69ad9f3aadc295c5a9a5391ca01?s=96&d=mm&r=g\",\"caption\":\"Jos\u00e9 Carlos Marrero Gonz\u00e1lez\"},\"sameAs\":[\"https:\/\/elcotarro.com\"],\"url\":\"https:\/\/elcotarro.com\/?author=2\"}]}<\/script>\n<!-- \/ Yoast SEO plugin. -->","yoast_head_json":{"title":"UN V\u00cdDEO PARA OPINAR - El Cotarrro","description":"Lo cierto es que Nacho Gonz\u00e1lez est\u00e1 tan convencido y tan empe\u00f1ado en la cosa, que ha mandado a editar un v\u00eddeo que \u00e9l mismo est\u00e1 mandando a todo el mundo","robots":{"index":"index","follow":"follow","max-snippet":"max-snippet:-1","max-image-preview":"max-image-preview:large","max-video-preview":"max-video-preview:-1"},"canonical":"https:\/\/elcotarro.com\/?p=859","og_locale":"es_ES","og_type":"article","og_title":"UN V\u00cdDEO PARA OPINAR - El Cotarrro","og_description":"Lo cierto es que Nacho Gonz\u00e1lez est\u00e1 tan convencido y tan empe\u00f1ado en la cosa, que ha mandado a editar un v\u00eddeo que \u00e9l mismo est\u00e1 mandando a todo el mundo","og_url":"https:\/\/elcotarro.com\/?p=859","og_site_name":"El Cotarro","article_publisher":"https:\/\/www.facebook.com\/ElCotarro.Tenerife","article_published_time":"2015-03-01T12:01:26+00:00","og_image":[{"url":"https:\/\/elcotarro.com\/wp-content\/uploads\/2015\/03\/FOTO-7.-Playa-de-Santa-Cruz-por-el-CCN.jpg","type":"","width":"","height":""}],"author":"Jos\u00e9 Carlos Marrero Gonz\u00e1lez","twitter_misc":{"Escrito por":"Jos\u00e9 Carlos Marrero Gonz\u00e1lez","Tiempo de lectura":"1 minuto"},"schema":{"@context":"https:\/\/schema.org","@graph":[{"@type":"Article","@id":"https:\/\/elcotarro.com\/?p=859#article","isPartOf":{"@id":"https:\/\/elcotarro.com\/?p=859"},"author":{"name":"Jos\u00e9 Carlos Marrero Gonz\u00e1lez","@id":"https:\/\/elcotarro.com\/#\/schema\/person\/af537ee7d60d15984c7e0affcd8a918b"},"headline":"UN V\u00cdDEO PARA OPINAR","datePublished":"2015-03-01T12:01:26+00:00","mainEntityOfPage":{"@id":"https:\/\/elcotarro.com\/?p=859"},"wordCount":189,"commentCount":0,"publisher":{"@id":"https:\/\/elcotarro.com\/#organization"},"image":{"@id":"https:\/\/elcotarro.com\/?p=859#primaryimage"},"thumbnailUrl":"https:\/\/elcotarro.com\/wp-content\/uploads\/2015\/03\/FOTO-7.-Playa-de-Santa-Cruz-por-el-CCN.jpg","keywords":["Jos\u00e9 Manuel Berm\u00fadez","Nacho Gonz\u00e1lez","Pedro Rodr\u00edguez Zaragoza"],"articleSection":["Pol\u00edtica"],"inLanguage":"es","potentialAction":[{"@type":"CommentAction","name":"Comment","target":["https:\/\/elcotarro.com\/?p=859#respond"]}]},{"@type":"WebPage","@id":"https:\/\/elcotarro.com\/?p=859","url":"https:\/\/elcotarro.com\/?p=859","name":"UN V\u00cdDEO PARA OPINAR - El Cotarrro","isPartOf":{"@id":"https:\/\/elcotarro.com\/#website"},"primaryImageOfPage":{"@id":"https:\/\/elcotarro.com\/?p=859#primaryimage"},"image":{"@id":"https:\/\/elcotarro.com\/?p=859#primaryimage"},"thumbnailUrl":"https:\/\/elcotarro.com\/wp-content\/uploads\/2015\/03\/FOTO-7.-Playa-de-Santa-Cruz-por-el-CCN.jpg","datePublished":"2015-03-01T12:01:26+00:00","description":"Lo cierto es que Nacho Gonz\u00e1lez est\u00e1 tan convencido y tan empe\u00f1ado en la cosa, que ha mandado a editar un v\u00eddeo que \u00e9l mismo est\u00e1 mandando a todo el mundo","breadcrumb":{"@id":"https:\/\/elcotarro.com\/?p=859#breadcrumb"},"inLanguage":"es","potentialAction":[{"@type":"ReadAction","target":["https:\/\/elcotarro.com\/?p=859"]}]},{"@type":"ImageObject","inLanguage":"es","@id":"https:\/\/elcotarro.com\/?p=859#primaryimage","url":"https:\/\/elcotarro.com\/wp-content\/uploads\/2015\/03\/FOTO-7.-Playa-de-Santa-Cruz-por-el-CCN.jpg","contentUrl":"https:\/\/elcotarro.com\/wp-content\/uploads\/2015\/03\/FOTO-7.-Playa-de-Santa-Cruz-por-el-CCN.jpg","width":500,"height":332},{"@type":"BreadcrumbList","@id":"https:\/\/elcotarro.com\/?p=859#breadcrumb","itemListElement":[{"@type":"ListItem","position":1,"name":"Portada","item":"https:\/\/elcotarro.com\/"},{"@type":"ListItem","position":2,"name":"UN V\u00cdDEO PARA OPINAR"}]},{"@type":"WebSite","@id":"https:\/\/elcotarro.com\/#website","url":"https:\/\/elcotarro.com\/","name":"El Cotarro","description":"Peri\u00f3dico Digital Independiente dirigido por Jos\u00e9 Carlos Marrero","publisher":{"@id":"https:\/\/elcotarro.com\/#organization"},"potentialAction":[{"@type":"SearchAction","target":{"@type":"EntryPoint","urlTemplate":"https:\/\/elcotarro.com\/?s={search_term_string}"},"query-input":{"@type":"PropertyValueSpecification","valueRequired":true,"valueName":"search_term_string"}}],"inLanguage":"es"},{"@type":"Organization","@id":"https:\/\/elcotarro.com\/#organization","name":"El Cotarro","url":"https:\/\/elcotarro.com\/","logo":{"@type":"ImageObject","inLanguage":"es","@id":"https:\/\/elcotarro.com\/#\/schema\/logo\/image\/","url":"https:\/\/elcotarro.com\/wp-content\/uploads\/2014\/09\/Cabecera_El_Cotarro_v2.jpg","contentUrl":"https:\/\/elcotarro.com\/wp-content\/uploads\/2014\/09\/Cabecera_El_Cotarro_v2.jpg","width":3540,"height":441,"caption":"El Cotarro"},"image":{"@id":"https:\/\/elcotarro.com\/#\/schema\/logo\/image\/"},"sameAs":["https:\/\/www.facebook.com\/ElCotarro.Tenerife"]},{"@type":"Person","@id":"https:\/\/elcotarro.com\/#\/schema\/person\/af537ee7d60d15984c7e0affcd8a918b","name":"Jos\u00e9 Carlos Marrero Gonz\u00e1lez","image":{"@type":"ImageObject","inLanguage":"es","@id":"https:\/\/elcotarro.com\/#\/schema\/person\/image\/","url":"https:\/\/secure.gravatar.com\/avatar\/def4da036efb5d32c74d49c351f6dccc064dd69ad9f3aadc295c5a9a5391ca01?s=96&d=mm&r=g","contentUrl":"https:\/\/secure.gravatar.com\/avatar\/def4da036efb5d32c74d49c351f6dccc064dd69ad9f3aadc295c5a9a5391ca01?s=96&d=mm&r=g","caption":"Jos\u00e9 Carlos Marrero Gonz\u00e1lez"},"sameAs":["https:\/\/elcotarro.com"],"url":"https:\/\/elcotarro.com\/?author=2"}]}},"jetpack_featured_media_url":"","jetpack_sharing_enabled":true,"_links":{"self":[{"href":"https:\/\/elcotarro.com\/index.php?rest_route=\/wp\/v2\/posts\/859","targetHints":{"allow":["GET"]}}],"collection":[{"href":"https:\/\/elcotarro.com\/index.php?rest_route=\/wp\/v2\/posts"}],"about":[{"href":"https:\/\/elcotarro.com\/index.php?rest_route=\/wp\/v2\/types\/post"}],"author":[{"embeddable":true,"href":"https:\/\/elcotarro.com\/index.php?rest_route=\/wp\/v2\/users\/2"}],"replies":[{"embeddable":true,"href":"https:\/\/elcotarro.com\/index.php?rest_route=%2Fwp%2Fv2%2Fcomments&post=859"}],"version-history":[{"count":1,"href":"https:\/\/elcotarro.com\/index.php?rest_route=\/wp\/v2\/posts\/859\/revisions"}],"predecessor-version":[{"id":861,"href":"https:\/\/elcotarro.com\/index.php?rest_route=\/wp\/v2\/posts\/859\/revisions\/861"}],"wp:attachment":[{"href":"https:\/\/elcotarro.com\/index.php?rest_route=%2Fwp%2Fv2%2Fmedia&parent=859"}],"wp:term":[{"taxonomy":"category","embeddable":true,"href":"https:\/\/elcotarro.com\/index.php?rest_route=%2Fwp%2Fv2%2Fcategories&post=859"},{"taxonomy":"post_tag","embeddable":true,"href":"https:\/\/elcotarro.com\/index.php?rest_route=%2Fwp%2Fv2%2Ftags&post=859"}],"curies":[{"name":"wp","href":"https:\/\/api.w.org\/{rel}","templated":true}]}}