{"id":8593,"date":"2020-08-02T08:09:14","date_gmt":"2020-08-02T07:09:14","guid":{"rendered":"https:\/\/elcotarro.com\/?p=8593"},"modified":"2020-08-01T10:16:51","modified_gmt":"2020-08-01T09:16:51","slug":"imaginacion-adaptacion-emprendimiento","status":"publish","type":"post","link":"https:\/\/elcotarro.com\/?p=8593","title":{"rendered":"IMAGINACI\u00d3N, ADAPTACI\u00d3N, EMPRENDIMIENTO\u2026"},"content":{"rendered":"<p>Otra frase, que tambi\u00e9n he repetido m\u00e1s de una vez en El Cotarro es la que pronunci\u00f3 en su momento el, fil\u00f3sofo, revolucionario, te\u00f3rico pol\u00edtico y comunista ruso <strong>Vladimir Ilyich Lenin<\/strong>. No voy a entrar en su pensamiento ni en sus teor\u00edas, pero el fundador del leninismo sol\u00eda decir: <em>\u201csi no eres parte de la soluci\u00f3n, eres parte del proble<\/em>m<em>a, \u00a1act\u00faa!\u201d<\/em>. S\u00e9 que muchos me dir\u00e1n que decir esto ahora es muy f\u00e1cil, pero que la realidad es la que es y que, el futuro a corto y medio plazo, pinta pero que muy mal. Es cierto. Pero, si no le echamos la garra que los canarios hemos tenido siempre en los momentos dif\u00edciles, peor nos ir\u00e1. Nuestros abuelos en la postguerra emigraron a Venezuela, Cuba e incluso m\u00e1s lejos. Quiz\u00e1 hoy emigrar sea m\u00e1s complejo. Pero quiz\u00e1 ha llegado la hora en la debamos replantearnos nuestra realidad socio-econ\u00f3mica, nuestra situaci\u00f3n geo-estrat\u00e9gica y la oportunidad, posibilidad y conveniencia de comenzar nuestra peque\u00f1a (o no tan peque\u00f1a) \u201crevoluci\u00f3n industrial\u201d interna. Creo que, entre la frase de <strong>Albert<\/strong> <strong>Schweitzer<\/strong> y la de <strong>Lenin<\/strong>, hay que echarle capacidad de adaptaci\u00f3n, imaginaci\u00f3n a tope, y valent\u00eda para el emprendimiento.<\/p>\n<p style=\"text-align: center\"><a href=\"https:\/\/elcotarro.com\/wp-content\/uploads\/2020\/08\/FOTO-2.-LENIN.jpg\"><img loading=\"lazy\" decoding=\"async\" class=\"aligncenter size-full wp-image-8594\" src=\"https:\/\/elcotarro.com\/wp-content\/uploads\/2020\/08\/FOTO-2.-LENIN.jpg\" alt=\"\" width=\"390\" height=\"340\" srcset=\"https:\/\/elcotarro.com\/wp-content\/uploads\/2020\/08\/FOTO-2.-LENIN.jpg 390w, https:\/\/elcotarro.com\/wp-content\/uploads\/2020\/08\/FOTO-2.-LENIN-300x262.jpg 300w\" sizes=\"auto, (max-width: 390px) 100vw, 390px\" \/><\/a><\/p>\n<p style=\"text-align: center\"><em>Vladimir Ilyich Lenin (1870-1924) fil\u00f3sofo, revolucionario, te\u00f3rico pol\u00edtico y comunista ruso.<\/em><\/p>\n","protected":false},"excerpt":{"rendered":"<p>Otra frase, que tambi\u00e9n he repetido m\u00e1s de una vez en El Cotarro es la que pronunci\u00f3 en su momento el, fil\u00f3sofo, revolucionario, te\u00f3rico pol\u00edtico y comunista ruso Vladimir Ilyich Lenin. No voy a entrar en su pensamiento ni en sus teor\u00edas, pero el fundador del leninismo sol\u00eda decir: \u201csi no eres parte de la &#8230; <a class=\"read-more\" href=\"https:\/\/elcotarro.com\/?p=8593\">Read more<\/a><\/p>\n","protected":false},"author":2,"featured_media":0,"comment_status":"open","ping_status":"open","sticky":false,"template":"","format":"standard","meta":{"_jetpack_memberships_contains_paid_content":false,"footnotes":""},"categories":[1],"tags":[],"class_list":["post-8593","post","type-post","status-publish","format-standard","hentry","category-sin-categoria"],"yoast_head":"<!-- This site is optimized with the Yoast SEO plugin v27.0 - https:\/\/yoast.com\/product\/yoast-seo-wordpress\/ -->\n<title>IMAGINACI\u00d3N, ADAPTACI\u00d3N, EMPRENDIMIENTO\u2026 - El Cotarro<\/title>\n<meta name=\"robots\" content=\"index, follow, max-snippet:-1, max-image-preview:large, max-video-preview:-1\" \/>\n<link rel=\"canonical\" href=\"https:\/\/elcotarro.com\/?p=8593\" \/>\n<meta property=\"og:locale\" content=\"es_ES\" \/>\n<meta property=\"og:type\" content=\"article\" \/>\n<meta property=\"og:title\" content=\"IMAGINACI\u00d3N, ADAPTACI\u00d3N, EMPRENDIMIENTO\u2026 - El Cotarro\" \/>\n<meta property=\"og:description\" content=\"Otra frase, que tambi\u00e9n he repetido m\u00e1s de una vez en El Cotarro es la que pronunci\u00f3 en su momento el, fil\u00f3sofo, revolucionario, te\u00f3rico pol\u00edtico y comunista ruso Vladimir Ilyich Lenin. No voy a entrar en su pensamiento ni en sus teor\u00edas, pero el fundador del leninismo sol\u00eda decir: \u201csi no eres parte de la ... Read more\" \/>\n<meta property=\"og:url\" content=\"https:\/\/elcotarro.com\/?p=8593\" \/>\n<meta property=\"og:site_name\" content=\"El Cotarro\" \/>\n<meta property=\"article:publisher\" content=\"https:\/\/www.facebook.com\/ElCotarro.Tenerife\" \/>\n<meta property=\"article:published_time\" content=\"2020-08-02T07:09:14+00:00\" \/>\n<meta property=\"og:image\" content=\"https:\/\/elcotarro.com\/wp-content\/uploads\/2020\/08\/FOTO-2.-LENIN.jpg\" \/>\n<meta name=\"author\" content=\"Jos\u00e9 Carlos Marrero Gonz\u00e1lez\" \/>\n<meta name=\"twitter:label1\" content=\"Escrito por\" \/>\n\t<meta name=\"twitter:data1\" content=\"Jos\u00e9 Carlos Marrero Gonz\u00e1lez\" \/>\n\t<meta name=\"twitter:label2\" content=\"Tiempo de lectura\" \/>\n\t<meta name=\"twitter:data2\" content=\"1 minuto\" \/>\n<script type=\"application\/ld+json\" class=\"yoast-schema-graph\">{\"@context\":\"https:\/\/schema.org\",\"@graph\":[{\"@type\":\"Article\",\"@id\":\"https:\/\/elcotarro.com\/?p=8593#article\",\"isPartOf\":{\"@id\":\"https:\/\/elcotarro.com\/?p=8593\"},\"author\":{\"name\":\"Jos\u00e9 Carlos Marrero Gonz\u00e1lez\",\"@id\":\"https:\/\/elcotarro.com\/#\/schema\/person\/af537ee7d60d15984c7e0affcd8a918b\"},\"headline\":\"IMAGINACI\u00d3N, ADAPTACI\u00d3N, EMPRENDIMIENTO\u2026\",\"datePublished\":\"2020-08-02T07:09:14+00:00\",\"mainEntityOfPage\":{\"@id\":\"https:\/\/elcotarro.com\/?p=8593\"},\"wordCount\":237,\"commentCount\":0,\"publisher\":{\"@id\":\"https:\/\/elcotarro.com\/#organization\"},\"image\":{\"@id\":\"https:\/\/elcotarro.com\/?p=8593#primaryimage\"},\"thumbnailUrl\":\"https:\/\/elcotarro.com\/wp-content\/uploads\/2020\/08\/FOTO-2.-LENIN.jpg\",\"inLanguage\":\"es\",\"potentialAction\":[{\"@type\":\"CommentAction\",\"name\":\"Comment\",\"target\":[\"https:\/\/elcotarro.com\/?p=8593#respond\"]}]},{\"@type\":\"WebPage\",\"@id\":\"https:\/\/elcotarro.com\/?p=8593\",\"url\":\"https:\/\/elcotarro.com\/?p=8593\",\"name\":\"IMAGINACI\u00d3N, ADAPTACI\u00d3N, EMPRENDIMIENTO\u2026 - El Cotarro\",\"isPartOf\":{\"@id\":\"https:\/\/elcotarro.com\/#website\"},\"primaryImageOfPage\":{\"@id\":\"https:\/\/elcotarro.com\/?p=8593#primaryimage\"},\"image\":{\"@id\":\"https:\/\/elcotarro.com\/?p=8593#primaryimage\"},\"thumbnailUrl\":\"https:\/\/elcotarro.com\/wp-content\/uploads\/2020\/08\/FOTO-2.-LENIN.jpg\",\"datePublished\":\"2020-08-02T07:09:14+00:00\",\"breadcrumb\":{\"@id\":\"https:\/\/elcotarro.com\/?p=8593#breadcrumb\"},\"inLanguage\":\"es\",\"potentialAction\":[{\"@type\":\"ReadAction\",\"target\":[\"https:\/\/elcotarro.com\/?p=8593\"]}]},{\"@type\":\"ImageObject\",\"inLanguage\":\"es\",\"@id\":\"https:\/\/elcotarro.com\/?p=8593#primaryimage\",\"url\":\"https:\/\/elcotarro.com\/wp-content\/uploads\/2020\/08\/FOTO-2.-LENIN.jpg\",\"contentUrl\":\"https:\/\/elcotarro.com\/wp-content\/uploads\/2020\/08\/FOTO-2.-LENIN.jpg\",\"width\":390,\"height\":340},{\"@type\":\"BreadcrumbList\",\"@id\":\"https:\/\/elcotarro.com\/?p=8593#breadcrumb\",\"itemListElement\":[{\"@type\":\"ListItem\",\"position\":1,\"name\":\"Portada\",\"item\":\"https:\/\/elcotarro.com\/\"},{\"@type\":\"ListItem\",\"position\":2,\"name\":\"IMAGINACI\u00d3N, ADAPTACI\u00d3N, EMPRENDIMIENTO\u2026\"}]},{\"@type\":\"WebSite\",\"@id\":\"https:\/\/elcotarro.com\/#website\",\"url\":\"https:\/\/elcotarro.com\/\",\"name\":\"El Cotarro\",\"description\":\"Peri\u00f3dico Digital Independiente dirigido por Jos\u00e9 Carlos Marrero\",\"publisher\":{\"@id\":\"https:\/\/elcotarro.com\/#organization\"},\"potentialAction\":[{\"@type\":\"SearchAction\",\"target\":{\"@type\":\"EntryPoint\",\"urlTemplate\":\"https:\/\/elcotarro.com\/?s={search_term_string}\"},\"query-input\":{\"@type\":\"PropertyValueSpecification\",\"valueRequired\":true,\"valueName\":\"search_term_string\"}}],\"inLanguage\":\"es\"},{\"@type\":\"Organization\",\"@id\":\"https:\/\/elcotarro.com\/#organization\",\"name\":\"El Cotarro\",\"url\":\"https:\/\/elcotarro.com\/\",\"logo\":{\"@type\":\"ImageObject\",\"inLanguage\":\"es\",\"@id\":\"https:\/\/elcotarro.com\/#\/schema\/logo\/image\/\",\"url\":\"https:\/\/elcotarro.com\/wp-content\/uploads\/2014\/09\/Cabecera_El_Cotarro_v2.jpg\",\"contentUrl\":\"https:\/\/elcotarro.com\/wp-content\/uploads\/2014\/09\/Cabecera_El_Cotarro_v2.jpg\",\"width\":3540,\"height\":441,\"caption\":\"El Cotarro\"},\"image\":{\"@id\":\"https:\/\/elcotarro.com\/#\/schema\/logo\/image\/\"},\"sameAs\":[\"https:\/\/www.facebook.com\/ElCotarro.Tenerife\"]},{\"@type\":\"Person\",\"@id\":\"https:\/\/elcotarro.com\/#\/schema\/person\/af537ee7d60d15984c7e0affcd8a918b\",\"name\":\"Jos\u00e9 Carlos Marrero Gonz\u00e1lez\",\"image\":{\"@type\":\"ImageObject\",\"inLanguage\":\"es\",\"@id\":\"https:\/\/elcotarro.com\/#\/schema\/person\/image\/\",\"url\":\"https:\/\/secure.gravatar.com\/avatar\/def4da036efb5d32c74d49c351f6dccc064dd69ad9f3aadc295c5a9a5391ca01?s=96&d=mm&r=g\",\"contentUrl\":\"https:\/\/secure.gravatar.com\/avatar\/def4da036efb5d32c74d49c351f6dccc064dd69ad9f3aadc295c5a9a5391ca01?s=96&d=mm&r=g\",\"caption\":\"Jos\u00e9 Carlos Marrero Gonz\u00e1lez\"},\"sameAs\":[\"https:\/\/elcotarro.com\"],\"url\":\"https:\/\/elcotarro.com\/?author=2\"}]}<\/script>\n<!-- \/ Yoast SEO plugin. -->","yoast_head_json":{"title":"IMAGINACI\u00d3N, ADAPTACI\u00d3N, EMPRENDIMIENTO\u2026 - El Cotarro","robots":{"index":"index","follow":"follow","max-snippet":"max-snippet:-1","max-image-preview":"max-image-preview:large","max-video-preview":"max-video-preview:-1"},"canonical":"https:\/\/elcotarro.com\/?p=8593","og_locale":"es_ES","og_type":"article","og_title":"IMAGINACI\u00d3N, ADAPTACI\u00d3N, EMPRENDIMIENTO\u2026 - El Cotarro","og_description":"Otra frase, que tambi\u00e9n he repetido m\u00e1s de una vez en El Cotarro es la que pronunci\u00f3 en su momento el, fil\u00f3sofo, revolucionario, te\u00f3rico pol\u00edtico y comunista ruso Vladimir Ilyich Lenin. No voy a entrar en su pensamiento ni en sus teor\u00edas, pero el fundador del leninismo sol\u00eda decir: \u201csi no eres parte de la ... Read more","og_url":"https:\/\/elcotarro.com\/?p=8593","og_site_name":"El Cotarro","article_publisher":"https:\/\/www.facebook.com\/ElCotarro.Tenerife","article_published_time":"2020-08-02T07:09:14+00:00","og_image":[{"url":"https:\/\/elcotarro.com\/wp-content\/uploads\/2020\/08\/FOTO-2.-LENIN.jpg","type":"","width":"","height":""}],"author":"Jos\u00e9 Carlos Marrero Gonz\u00e1lez","twitter_misc":{"Escrito por":"Jos\u00e9 Carlos Marrero Gonz\u00e1lez","Tiempo de lectura":"1 minuto"},"schema":{"@context":"https:\/\/schema.org","@graph":[{"@type":"Article","@id":"https:\/\/elcotarro.com\/?p=8593#article","isPartOf":{"@id":"https:\/\/elcotarro.com\/?p=8593"},"author":{"name":"Jos\u00e9 Carlos Marrero Gonz\u00e1lez","@id":"https:\/\/elcotarro.com\/#\/schema\/person\/af537ee7d60d15984c7e0affcd8a918b"},"headline":"IMAGINACI\u00d3N, ADAPTACI\u00d3N, EMPRENDIMIENTO\u2026","datePublished":"2020-08-02T07:09:14+00:00","mainEntityOfPage":{"@id":"https:\/\/elcotarro.com\/?p=8593"},"wordCount":237,"commentCount":0,"publisher":{"@id":"https:\/\/elcotarro.com\/#organization"},"image":{"@id":"https:\/\/elcotarro.com\/?p=8593#primaryimage"},"thumbnailUrl":"https:\/\/elcotarro.com\/wp-content\/uploads\/2020\/08\/FOTO-2.-LENIN.jpg","inLanguage":"es","potentialAction":[{"@type":"CommentAction","name":"Comment","target":["https:\/\/elcotarro.com\/?p=8593#respond"]}]},{"@type":"WebPage","@id":"https:\/\/elcotarro.com\/?p=8593","url":"https:\/\/elcotarro.com\/?p=8593","name":"IMAGINACI\u00d3N, ADAPTACI\u00d3N, EMPRENDIMIENTO\u2026 - El Cotarro","isPartOf":{"@id":"https:\/\/elcotarro.com\/#website"},"primaryImageOfPage":{"@id":"https:\/\/elcotarro.com\/?p=8593#primaryimage"},"image":{"@id":"https:\/\/elcotarro.com\/?p=8593#primaryimage"},"thumbnailUrl":"https:\/\/elcotarro.com\/wp-content\/uploads\/2020\/08\/FOTO-2.-LENIN.jpg","datePublished":"2020-08-02T07:09:14+00:00","breadcrumb":{"@id":"https:\/\/elcotarro.com\/?p=8593#breadcrumb"},"inLanguage":"es","potentialAction":[{"@type":"ReadAction","target":["https:\/\/elcotarro.com\/?p=8593"]}]},{"@type":"ImageObject","inLanguage":"es","@id":"https:\/\/elcotarro.com\/?p=8593#primaryimage","url":"https:\/\/elcotarro.com\/wp-content\/uploads\/2020\/08\/FOTO-2.-LENIN.jpg","contentUrl":"https:\/\/elcotarro.com\/wp-content\/uploads\/2020\/08\/FOTO-2.-LENIN.jpg","width":390,"height":340},{"@type":"BreadcrumbList","@id":"https:\/\/elcotarro.com\/?p=8593#breadcrumb","itemListElement":[{"@type":"ListItem","position":1,"name":"Portada","item":"https:\/\/elcotarro.com\/"},{"@type":"ListItem","position":2,"name":"IMAGINACI\u00d3N, ADAPTACI\u00d3N, EMPRENDIMIENTO\u2026"}]},{"@type":"WebSite","@id":"https:\/\/elcotarro.com\/#website","url":"https:\/\/elcotarro.com\/","name":"El Cotarro","description":"Peri\u00f3dico Digital Independiente dirigido por Jos\u00e9 Carlos Marrero","publisher":{"@id":"https:\/\/elcotarro.com\/#organization"},"potentialAction":[{"@type":"SearchAction","target":{"@type":"EntryPoint","urlTemplate":"https:\/\/elcotarro.com\/?s={search_term_string}"},"query-input":{"@type":"PropertyValueSpecification","valueRequired":true,"valueName":"search_term_string"}}],"inLanguage":"es"},{"@type":"Organization","@id":"https:\/\/elcotarro.com\/#organization","name":"El Cotarro","url":"https:\/\/elcotarro.com\/","logo":{"@type":"ImageObject","inLanguage":"es","@id":"https:\/\/elcotarro.com\/#\/schema\/logo\/image\/","url":"https:\/\/elcotarro.com\/wp-content\/uploads\/2014\/09\/Cabecera_El_Cotarro_v2.jpg","contentUrl":"https:\/\/elcotarro.com\/wp-content\/uploads\/2014\/09\/Cabecera_El_Cotarro_v2.jpg","width":3540,"height":441,"caption":"El Cotarro"},"image":{"@id":"https:\/\/elcotarro.com\/#\/schema\/logo\/image\/"},"sameAs":["https:\/\/www.facebook.com\/ElCotarro.Tenerife"]},{"@type":"Person","@id":"https:\/\/elcotarro.com\/#\/schema\/person\/af537ee7d60d15984c7e0affcd8a918b","name":"Jos\u00e9 Carlos Marrero Gonz\u00e1lez","image":{"@type":"ImageObject","inLanguage":"es","@id":"https:\/\/elcotarro.com\/#\/schema\/person\/image\/","url":"https:\/\/secure.gravatar.com\/avatar\/def4da036efb5d32c74d49c351f6dccc064dd69ad9f3aadc295c5a9a5391ca01?s=96&d=mm&r=g","contentUrl":"https:\/\/secure.gravatar.com\/avatar\/def4da036efb5d32c74d49c351f6dccc064dd69ad9f3aadc295c5a9a5391ca01?s=96&d=mm&r=g","caption":"Jos\u00e9 Carlos Marrero Gonz\u00e1lez"},"sameAs":["https:\/\/elcotarro.com"],"url":"https:\/\/elcotarro.com\/?author=2"}]}},"jetpack_featured_media_url":"","jetpack_sharing_enabled":true,"_links":{"self":[{"href":"https:\/\/elcotarro.com\/index.php?rest_route=\/wp\/v2\/posts\/8593","targetHints":{"allow":["GET"]}}],"collection":[{"href":"https:\/\/elcotarro.com\/index.php?rest_route=\/wp\/v2\/posts"}],"about":[{"href":"https:\/\/elcotarro.com\/index.php?rest_route=\/wp\/v2\/types\/post"}],"author":[{"embeddable":true,"href":"https:\/\/elcotarro.com\/index.php?rest_route=\/wp\/v2\/users\/2"}],"replies":[{"embeddable":true,"href":"https:\/\/elcotarro.com\/index.php?rest_route=%2Fwp%2Fv2%2Fcomments&post=8593"}],"version-history":[{"count":1,"href":"https:\/\/elcotarro.com\/index.php?rest_route=\/wp\/v2\/posts\/8593\/revisions"}],"predecessor-version":[{"id":8595,"href":"https:\/\/elcotarro.com\/index.php?rest_route=\/wp\/v2\/posts\/8593\/revisions\/8595"}],"wp:attachment":[{"href":"https:\/\/elcotarro.com\/index.php?rest_route=%2Fwp%2Fv2%2Fmedia&parent=8593"}],"wp:term":[{"taxonomy":"category","embeddable":true,"href":"https:\/\/elcotarro.com\/index.php?rest_route=%2Fwp%2Fv2%2Fcategories&post=8593"},{"taxonomy":"post_tag","embeddable":true,"href":"https:\/\/elcotarro.com\/index.php?rest_route=%2Fwp%2Fv2%2Ftags&post=8593"}],"curies":[{"name":"wp","href":"https:\/\/api.w.org\/{rel}","templated":true}]}}