{"id":862,"date":"2015-03-01T12:02:15","date_gmt":"2015-03-01T12:02:15","guid":{"rendered":"https:\/\/elcotarro.com\/?p=862"},"modified":"2015-03-01T01:28:37","modified_gmt":"2015-03-01T01:28:37","slug":"las-playas-de-ignacio-gonzalez","status":"publish","type":"post","link":"https:\/\/elcotarro.com\/?p=862","title":{"rendered":"LAS PLAYAS DE IGNACIO GONZ\u00c1LEZ"},"content":{"rendered":"<p>\u2666 La opini\u00f3n de la gente est\u00e1 dividida, aunque yo creo que a la mayor\u00eda la idea le parece imposible de realizar actualmente, t\u00e9cnica y econ\u00f3micamente&#8230; Pero lo cierto es que el pol\u00edtico <strong>Ignacio Gonz\u00e1lez Santiago<\/strong> (CCN) sigue erre que erre con su idea de plantar una tremenda (no tan tremenda) playa en el centro de Santa Cruz de Tenerife&#8230; Parece que, con este tema playero, el hombre se la tiene jurada al alcalde <strong>Jos\u00e9 Manuel Berm\u00fadez<\/strong> y al presidente de la Autoridad Portuaria, <strong>Pedro Rodr\u00edguez Zaragoza<\/strong>&#8230; El insistente y parece que incansable <strong>Nacho Gonz\u00e1lez<\/strong> pretende recuperar la que en su d\u00eda se llamaba Playa de San Antonio (en el muelle de Ribera, donde hoy est\u00e1 construy\u00e9ndose la nueva terminal de cruceros)&#8230; Me \u201cpega\u201d que (por problemas de seguridad, t\u00e9cnicos y medioambientales) ser\u00eda incompatible el ba\u00f1o de los chicharerros y chicharreras, con un crucero girando para atracar entre el dicho muelle de Ribera y el dique muelle sur&#8230;<\/p>\n<p><a href=\"https:\/\/elcotarro.com\/wp-content\/uploads\/2015\/03\/FOTO-6.-Ignacio-Gonz\u00e1lez-Santiago-CCN.jpg\"><img loading=\"lazy\" decoding=\"async\" class=\"aligncenter size-full wp-image-863\" src=\"https:\/\/elcotarro.com\/wp-content\/uploads\/2015\/03\/FOTO-6.-Ignacio-Gonz\u00e1lez-Santiago-CCN.jpg\" alt=\"Ignacio Gonz\u00e1lez\" width=\"642\" height=\"426\" srcset=\"https:\/\/elcotarro.com\/wp-content\/uploads\/2015\/03\/FOTO-6.-Ignacio-Gonz\u00e1lez-Santiago-CCN.jpg 642w, https:\/\/elcotarro.com\/wp-content\/uploads\/2015\/03\/FOTO-6.-Ignacio-Gonz\u00e1lez-Santiago-CCN-300x199.jpg 300w\" sizes=\"auto, (max-width: 642px) 100vw, 642px\" \/><\/a><\/p>\n<p class=\"comentario\" style=\"text-align: center;\">Ignacio Gonz\u00e1lez se empe\u00f1a en proponer y defender la ut\u00f3pica \u201cPlaya de Santa Cruz\u201d<\/p>\n","protected":false},"excerpt":{"rendered":"<p>\u2666 La opini\u00f3n de la gente est\u00e1 dividida, aunque yo creo que a la mayor\u00eda la idea le parece imposible de realizar actualmente, t\u00e9cnica y econ\u00f3micamente&#8230; Pero lo cierto es que el pol\u00edtico Ignacio Gonz\u00e1lez Santiago (CCN) sigue erre que erre con su idea de plantar una tremenda (no tan tremenda) playa en el centro &#8230; <a class=\"read-more\" href=\"https:\/\/elcotarro.com\/?p=862\">Read more<\/a><\/p>\n","protected":false},"author":2,"featured_media":0,"comment_status":"open","ping_status":"open","sticky":false,"template":"","format":"standard","meta":{"_jetpack_memberships_contains_paid_content":false,"footnotes":""},"categories":[7],"tags":[183,48,306,199],"class_list":["post-862","post","type-post","status-publish","format-standard","hentry","category-politica","tag-ignacio-gonzalez-santiago","tag-jose-manuel-bermudez","tag-nacho-gonzalez","tag-pedro-rodriguez-zaragoza"],"yoast_head":"<!-- This site is optimized with the Yoast SEO plugin v27.0 - https:\/\/yoast.com\/product\/yoast-seo-wordpress\/ -->\n<title>LAS PLAYAS DE IGNACIO GONZ\u00c1LEZ - El Cotarrro<\/title>\n<meta name=\"description\" content=\"La opini\u00f3n de la gente est\u00e1 dividida, aunque yo creo que a la mayor\u00eda la idea le parece imposible de realizar actualmente, t\u00e9cnica y econ\u00f3micamente...\" \/>\n<meta name=\"robots\" content=\"index, follow, max-snippet:-1, max-image-preview:large, max-video-preview:-1\" \/>\n<link rel=\"canonical\" href=\"https:\/\/elcotarro.com\/?p=862\" \/>\n<meta property=\"og:locale\" content=\"es_ES\" \/>\n<meta property=\"og:type\" content=\"article\" \/>\n<meta property=\"og:title\" content=\"LAS PLAYAS DE IGNACIO GONZ\u00c1LEZ - El Cotarrro\" \/>\n<meta property=\"og:description\" content=\"La opini\u00f3n de la gente est\u00e1 dividida, aunque yo creo que a la mayor\u00eda la idea le parece imposible de realizar actualmente, t\u00e9cnica y econ\u00f3micamente...\" \/>\n<meta property=\"og:url\" content=\"https:\/\/elcotarro.com\/?p=862\" \/>\n<meta property=\"og:site_name\" content=\"El Cotarro\" \/>\n<meta property=\"article:publisher\" content=\"https:\/\/www.facebook.com\/ElCotarro.Tenerife\" \/>\n<meta property=\"article:published_time\" content=\"2015-03-01T12:02:15+00:00\" \/>\n<meta name=\"author\" content=\"Jos\u00e9 Carlos Marrero Gonz\u00e1lez\" \/>\n<meta name=\"twitter:label1\" content=\"Escrito por\" \/>\n\t<meta name=\"twitter:data1\" content=\"Jos\u00e9 Carlos Marrero Gonz\u00e1lez\" \/>\n\t<meta name=\"twitter:label2\" content=\"Tiempo de lectura\" \/>\n\t<meta name=\"twitter:data2\" content=\"1 minuto\" \/>\n<script type=\"application\/ld+json\" class=\"yoast-schema-graph\">{\"@context\":\"https:\/\/schema.org\",\"@graph\":[{\"@type\":\"Article\",\"@id\":\"https:\/\/elcotarro.com\/?p=862#article\",\"isPartOf\":{\"@id\":\"https:\/\/elcotarro.com\/?p=862\"},\"author\":{\"name\":\"Jos\u00e9 Carlos Marrero Gonz\u00e1lez\",\"@id\":\"https:\/\/elcotarro.com\/#\/schema\/person\/af537ee7d60d15984c7e0affcd8a918b\"},\"headline\":\"LAS PLAYAS DE IGNACIO GONZ\u00c1LEZ\",\"datePublished\":\"2015-03-01T12:02:15+00:00\",\"mainEntityOfPage\":{\"@id\":\"https:\/\/elcotarro.com\/?p=862\"},\"wordCount\":194,\"commentCount\":0,\"publisher\":{\"@id\":\"https:\/\/elcotarro.com\/#organization\"},\"keywords\":[\"Ignacio Gonz\u00e1lez Santiago\",\"Jos\u00e9 Manuel Berm\u00fadez\",\"Nacho Gonz\u00e1lez\",\"Pedro Rodr\u00edguez Zaragoza\"],\"articleSection\":[\"Pol\u00edtica\"],\"inLanguage\":\"es\",\"potentialAction\":[{\"@type\":\"CommentAction\",\"name\":\"Comment\",\"target\":[\"https:\/\/elcotarro.com\/?p=862#respond\"]}]},{\"@type\":\"WebPage\",\"@id\":\"https:\/\/elcotarro.com\/?p=862\",\"url\":\"https:\/\/elcotarro.com\/?p=862\",\"name\":\"LAS PLAYAS DE IGNACIO GONZ\u00c1LEZ - El Cotarrro\",\"isPartOf\":{\"@id\":\"https:\/\/elcotarro.com\/#website\"},\"datePublished\":\"2015-03-01T12:02:15+00:00\",\"description\":\"La opini\u00f3n de la gente est\u00e1 dividida, aunque yo creo que a la mayor\u00eda la idea le parece imposible de realizar actualmente, t\u00e9cnica y econ\u00f3micamente...\",\"breadcrumb\":{\"@id\":\"https:\/\/elcotarro.com\/?p=862#breadcrumb\"},\"inLanguage\":\"es\",\"potentialAction\":[{\"@type\":\"ReadAction\",\"target\":[\"https:\/\/elcotarro.com\/?p=862\"]}]},{\"@type\":\"BreadcrumbList\",\"@id\":\"https:\/\/elcotarro.com\/?p=862#breadcrumb\",\"itemListElement\":[{\"@type\":\"ListItem\",\"position\":1,\"name\":\"Portada\",\"item\":\"https:\/\/elcotarro.com\/\"},{\"@type\":\"ListItem\",\"position\":2,\"name\":\"LAS PLAYAS DE IGNACIO GONZ\u00c1LEZ\"}]},{\"@type\":\"WebSite\",\"@id\":\"https:\/\/elcotarro.com\/#website\",\"url\":\"https:\/\/elcotarro.com\/\",\"name\":\"El Cotarro\",\"description\":\"Peri\u00f3dico Digital Independiente dirigido por Jos\u00e9 Carlos Marrero\",\"publisher\":{\"@id\":\"https:\/\/elcotarro.com\/#organization\"},\"potentialAction\":[{\"@type\":\"SearchAction\",\"target\":{\"@type\":\"EntryPoint\",\"urlTemplate\":\"https:\/\/elcotarro.com\/?s={search_term_string}\"},\"query-input\":{\"@type\":\"PropertyValueSpecification\",\"valueRequired\":true,\"valueName\":\"search_term_string\"}}],\"inLanguage\":\"es\"},{\"@type\":\"Organization\",\"@id\":\"https:\/\/elcotarro.com\/#organization\",\"name\":\"El Cotarro\",\"url\":\"https:\/\/elcotarro.com\/\",\"logo\":{\"@type\":\"ImageObject\",\"inLanguage\":\"es\",\"@id\":\"https:\/\/elcotarro.com\/#\/schema\/logo\/image\/\",\"url\":\"https:\/\/elcotarro.com\/wp-content\/uploads\/2014\/09\/Cabecera_El_Cotarro_v2.jpg\",\"contentUrl\":\"https:\/\/elcotarro.com\/wp-content\/uploads\/2014\/09\/Cabecera_El_Cotarro_v2.jpg\",\"width\":3540,\"height\":441,\"caption\":\"El Cotarro\"},\"image\":{\"@id\":\"https:\/\/elcotarro.com\/#\/schema\/logo\/image\/\"},\"sameAs\":[\"https:\/\/www.facebook.com\/ElCotarro.Tenerife\"]},{\"@type\":\"Person\",\"@id\":\"https:\/\/elcotarro.com\/#\/schema\/person\/af537ee7d60d15984c7e0affcd8a918b\",\"name\":\"Jos\u00e9 Carlos Marrero Gonz\u00e1lez\",\"image\":{\"@type\":\"ImageObject\",\"inLanguage\":\"es\",\"@id\":\"https:\/\/elcotarro.com\/#\/schema\/person\/image\/\",\"url\":\"https:\/\/secure.gravatar.com\/avatar\/def4da036efb5d32c74d49c351f6dccc064dd69ad9f3aadc295c5a9a5391ca01?s=96&d=mm&r=g\",\"contentUrl\":\"https:\/\/secure.gravatar.com\/avatar\/def4da036efb5d32c74d49c351f6dccc064dd69ad9f3aadc295c5a9a5391ca01?s=96&d=mm&r=g\",\"caption\":\"Jos\u00e9 Carlos Marrero Gonz\u00e1lez\"},\"sameAs\":[\"https:\/\/elcotarro.com\"],\"url\":\"https:\/\/elcotarro.com\/?author=2\"}]}<\/script>\n<!-- \/ Yoast SEO plugin. -->","yoast_head_json":{"title":"LAS PLAYAS DE IGNACIO GONZ\u00c1LEZ - El Cotarrro","description":"La opini\u00f3n de la gente est\u00e1 dividida, aunque yo creo que a la mayor\u00eda la idea le parece imposible de realizar actualmente, t\u00e9cnica y econ\u00f3micamente...","robots":{"index":"index","follow":"follow","max-snippet":"max-snippet:-1","max-image-preview":"max-image-preview:large","max-video-preview":"max-video-preview:-1"},"canonical":"https:\/\/elcotarro.com\/?p=862","og_locale":"es_ES","og_type":"article","og_title":"LAS PLAYAS DE IGNACIO GONZ\u00c1LEZ - El Cotarrro","og_description":"La opini\u00f3n de la gente est\u00e1 dividida, aunque yo creo que a la mayor\u00eda la idea le parece imposible de realizar actualmente, t\u00e9cnica y econ\u00f3micamente...","og_url":"https:\/\/elcotarro.com\/?p=862","og_site_name":"El Cotarro","article_publisher":"https:\/\/www.facebook.com\/ElCotarro.Tenerife","article_published_time":"2015-03-01T12:02:15+00:00","author":"Jos\u00e9 Carlos Marrero Gonz\u00e1lez","twitter_misc":{"Escrito por":"Jos\u00e9 Carlos Marrero Gonz\u00e1lez","Tiempo de lectura":"1 minuto"},"schema":{"@context":"https:\/\/schema.org","@graph":[{"@type":"Article","@id":"https:\/\/elcotarro.com\/?p=862#article","isPartOf":{"@id":"https:\/\/elcotarro.com\/?p=862"},"author":{"name":"Jos\u00e9 Carlos Marrero Gonz\u00e1lez","@id":"https:\/\/elcotarro.com\/#\/schema\/person\/af537ee7d60d15984c7e0affcd8a918b"},"headline":"LAS PLAYAS DE IGNACIO GONZ\u00c1LEZ","datePublished":"2015-03-01T12:02:15+00:00","mainEntityOfPage":{"@id":"https:\/\/elcotarro.com\/?p=862"},"wordCount":194,"commentCount":0,"publisher":{"@id":"https:\/\/elcotarro.com\/#organization"},"keywords":["Ignacio Gonz\u00e1lez Santiago","Jos\u00e9 Manuel Berm\u00fadez","Nacho Gonz\u00e1lez","Pedro Rodr\u00edguez Zaragoza"],"articleSection":["Pol\u00edtica"],"inLanguage":"es","potentialAction":[{"@type":"CommentAction","name":"Comment","target":["https:\/\/elcotarro.com\/?p=862#respond"]}]},{"@type":"WebPage","@id":"https:\/\/elcotarro.com\/?p=862","url":"https:\/\/elcotarro.com\/?p=862","name":"LAS PLAYAS DE IGNACIO GONZ\u00c1LEZ - El Cotarrro","isPartOf":{"@id":"https:\/\/elcotarro.com\/#website"},"datePublished":"2015-03-01T12:02:15+00:00","description":"La opini\u00f3n de la gente est\u00e1 dividida, aunque yo creo que a la mayor\u00eda la idea le parece imposible de realizar actualmente, t\u00e9cnica y econ\u00f3micamente...","breadcrumb":{"@id":"https:\/\/elcotarro.com\/?p=862#breadcrumb"},"inLanguage":"es","potentialAction":[{"@type":"ReadAction","target":["https:\/\/elcotarro.com\/?p=862"]}]},{"@type":"BreadcrumbList","@id":"https:\/\/elcotarro.com\/?p=862#breadcrumb","itemListElement":[{"@type":"ListItem","position":1,"name":"Portada","item":"https:\/\/elcotarro.com\/"},{"@type":"ListItem","position":2,"name":"LAS PLAYAS DE IGNACIO GONZ\u00c1LEZ"}]},{"@type":"WebSite","@id":"https:\/\/elcotarro.com\/#website","url":"https:\/\/elcotarro.com\/","name":"El Cotarro","description":"Peri\u00f3dico Digital Independiente dirigido por Jos\u00e9 Carlos Marrero","publisher":{"@id":"https:\/\/elcotarro.com\/#organization"},"potentialAction":[{"@type":"SearchAction","target":{"@type":"EntryPoint","urlTemplate":"https:\/\/elcotarro.com\/?s={search_term_string}"},"query-input":{"@type":"PropertyValueSpecification","valueRequired":true,"valueName":"search_term_string"}}],"inLanguage":"es"},{"@type":"Organization","@id":"https:\/\/elcotarro.com\/#organization","name":"El Cotarro","url":"https:\/\/elcotarro.com\/","logo":{"@type":"ImageObject","inLanguage":"es","@id":"https:\/\/elcotarro.com\/#\/schema\/logo\/image\/","url":"https:\/\/elcotarro.com\/wp-content\/uploads\/2014\/09\/Cabecera_El_Cotarro_v2.jpg","contentUrl":"https:\/\/elcotarro.com\/wp-content\/uploads\/2014\/09\/Cabecera_El_Cotarro_v2.jpg","width":3540,"height":441,"caption":"El Cotarro"},"image":{"@id":"https:\/\/elcotarro.com\/#\/schema\/logo\/image\/"},"sameAs":["https:\/\/www.facebook.com\/ElCotarro.Tenerife"]},{"@type":"Person","@id":"https:\/\/elcotarro.com\/#\/schema\/person\/af537ee7d60d15984c7e0affcd8a918b","name":"Jos\u00e9 Carlos Marrero Gonz\u00e1lez","image":{"@type":"ImageObject","inLanguage":"es","@id":"https:\/\/elcotarro.com\/#\/schema\/person\/image\/","url":"https:\/\/secure.gravatar.com\/avatar\/def4da036efb5d32c74d49c351f6dccc064dd69ad9f3aadc295c5a9a5391ca01?s=96&d=mm&r=g","contentUrl":"https:\/\/secure.gravatar.com\/avatar\/def4da036efb5d32c74d49c351f6dccc064dd69ad9f3aadc295c5a9a5391ca01?s=96&d=mm&r=g","caption":"Jos\u00e9 Carlos Marrero Gonz\u00e1lez"},"sameAs":["https:\/\/elcotarro.com"],"url":"https:\/\/elcotarro.com\/?author=2"}]}},"jetpack_featured_media_url":"","jetpack_sharing_enabled":true,"_links":{"self":[{"href":"https:\/\/elcotarro.com\/index.php?rest_route=\/wp\/v2\/posts\/862","targetHints":{"allow":["GET"]}}],"collection":[{"href":"https:\/\/elcotarro.com\/index.php?rest_route=\/wp\/v2\/posts"}],"about":[{"href":"https:\/\/elcotarro.com\/index.php?rest_route=\/wp\/v2\/types\/post"}],"author":[{"embeddable":true,"href":"https:\/\/elcotarro.com\/index.php?rest_route=\/wp\/v2\/users\/2"}],"replies":[{"embeddable":true,"href":"https:\/\/elcotarro.com\/index.php?rest_route=%2Fwp%2Fv2%2Fcomments&post=862"}],"version-history":[{"count":1,"href":"https:\/\/elcotarro.com\/index.php?rest_route=\/wp\/v2\/posts\/862\/revisions"}],"predecessor-version":[{"id":864,"href":"https:\/\/elcotarro.com\/index.php?rest_route=\/wp\/v2\/posts\/862\/revisions\/864"}],"wp:attachment":[{"href":"https:\/\/elcotarro.com\/index.php?rest_route=%2Fwp%2Fv2%2Fmedia&parent=862"}],"wp:term":[{"taxonomy":"category","embeddable":true,"href":"https:\/\/elcotarro.com\/index.php?rest_route=%2Fwp%2Fv2%2Fcategories&post=862"},{"taxonomy":"post_tag","embeddable":true,"href":"https:\/\/elcotarro.com\/index.php?rest_route=%2Fwp%2Fv2%2Ftags&post=862"}],"curies":[{"name":"wp","href":"https:\/\/api.w.org\/{rel}","templated":true}]}}