{"id":8621,"date":"2020-08-09T08:09:04","date_gmt":"2020-08-09T07:09:04","guid":{"rendered":"https:\/\/elcotarro.com\/?p=8621"},"modified":"2020-08-07T19:12:12","modified_gmt":"2020-08-07T18:12:12","slug":"no-se-puede-juzgar-por-4-anos-y-olvidar-40","status":"publish","type":"post","link":"https:\/\/elcotarro.com\/?p=8621","title":{"rendered":"NO SE PUEDE JUZGAR POR 4 A\u00d1OS\u2026 Y OLVIDAR 40"},"content":{"rendered":"<p>Entiendo y respeto a quienes opinan que algunos hechos y actuaciones presuntamente protagonizados por el Rey Em\u00e9rito, <strong>Juan Carlos I,\u00a0<\/strong>pueden no haberles gustado y les haya podido defraudar. Puedo hasta compartir que a\u00fan siendo presuntos, parecen poco \u00e9ticos y\/o est\u00e9ticos. Pero ser\u00eda del todo injusto juzgar a una persona por lo supuestamente pasado en 4 a\u00f1os y olvidarse de los 40 anteriores. Ser\u00eda injusto, err\u00f3neo, impresentable y cruel. Todos deber\u00edan ver el documental (sobre todo los menores de 45 a\u00f1os) y o\u00edr las declaraciones exclusivas de <strong>Juan Carlos I\u00a0<\/strong>comentando episodios sobre su vida, momentos emotivos y dram\u00e1ticos como su soledad cuando era ni\u00f1o o la muerte de un disparo de su hermano <strong>Alfonso<\/strong>, o recordando la \u00faltima petici\u00f3n que le hizo <strong>Franco\u00a0<\/strong>un d\u00eda antes de morirse: <em>\u201csolo le pido que preserve la unidad de Espa\u00f1a\u201d<\/em>. Como esclarecedoras son los comentarios que en el documental expresan figuras como <strong>Alfredo P\u00e9rez Rubalcaba\u00a0<\/strong>(Qepd) o <strong>Alfonso Guerra.<\/strong><\/p>\n<p style=\"text-align: center\"><a href=\"https:\/\/elcotarro.com\/wp-content\/uploads\/2020\/08\/FOTO-2.-JUAN-CARLOS-I.png\"><img loading=\"lazy\" decoding=\"async\" class=\"aligncenter size-full wp-image-8622\" src=\"https:\/\/elcotarro.com\/wp-content\/uploads\/2020\/08\/FOTO-2.-JUAN-CARLOS-I.png\" alt=\"\" width=\"1132\" height=\"640\" srcset=\"https:\/\/elcotarro.com\/wp-content\/uploads\/2020\/08\/FOTO-2.-JUAN-CARLOS-I.png 1132w, https:\/\/elcotarro.com\/wp-content\/uploads\/2020\/08\/FOTO-2.-JUAN-CARLOS-I-300x170.png 300w, https:\/\/elcotarro.com\/wp-content\/uploads\/2020\/08\/FOTO-2.-JUAN-CARLOS-I-1024x579.png 1024w, https:\/\/elcotarro.com\/wp-content\/uploads\/2020\/08\/FOTO-2.-JUAN-CARLOS-I-768x434.png 768w\" sizes=\"auto, (max-width: 1132px) 100vw, 1132px\" \/><\/a><\/p>\n<p style=\"text-align: center\"><em>Juan Carlos I en el magn\u00edfico documental que ayer emiti\u00f3 Televisi\u00f3n Espa\u00f1ola.<\/em><\/p>\n","protected":false},"excerpt":{"rendered":"<p>Entiendo y respeto a quienes opinan que algunos hechos y actuaciones presuntamente protagonizados por el Rey Em\u00e9rito, Juan Carlos I,\u00a0pueden no haberles gustado y les haya podido defraudar. Puedo hasta compartir que a\u00fan siendo presuntos, parecen poco \u00e9ticos y\/o est\u00e9ticos. Pero ser\u00eda del todo injusto juzgar a una persona por lo supuestamente pasado en 4 &#8230; <a class=\"read-more\" href=\"https:\/\/elcotarro.com\/?p=8621\">Read more<\/a><\/p>\n","protected":false},"author":2,"featured_media":0,"comment_status":"open","ping_status":"open","sticky":false,"template":"","format":"standard","meta":{"_jetpack_memberships_contains_paid_content":false,"footnotes":""},"categories":[1],"tags":[],"class_list":["post-8621","post","type-post","status-publish","format-standard","hentry","category-sin-categoria"],"yoast_head":"<!-- This site is optimized with the Yoast SEO plugin v27.0 - https:\/\/yoast.com\/product\/yoast-seo-wordpress\/ -->\n<title>NO SE PUEDE JUZGAR POR 4 A\u00d1OS\u2026 Y OLVIDAR 40 - El Cotarro<\/title>\n<meta name=\"robots\" content=\"index, follow, max-snippet:-1, max-image-preview:large, max-video-preview:-1\" \/>\n<link rel=\"canonical\" href=\"https:\/\/elcotarro.com\/?p=8621\" \/>\n<meta property=\"og:locale\" content=\"es_ES\" \/>\n<meta property=\"og:type\" content=\"article\" \/>\n<meta property=\"og:title\" content=\"NO SE PUEDE JUZGAR POR 4 A\u00d1OS\u2026 Y OLVIDAR 40 - El Cotarro\" \/>\n<meta property=\"og:description\" content=\"Entiendo y respeto a quienes opinan que algunos hechos y actuaciones presuntamente protagonizados por el Rey Em\u00e9rito, Juan Carlos I,\u00a0pueden no haberles gustado y les haya podido defraudar. Puedo hasta compartir que a\u00fan siendo presuntos, parecen poco \u00e9ticos y\/o est\u00e9ticos. Pero ser\u00eda del todo injusto juzgar a una persona por lo supuestamente pasado en 4 ... Read more\" \/>\n<meta property=\"og:url\" content=\"https:\/\/elcotarro.com\/?p=8621\" \/>\n<meta property=\"og:site_name\" content=\"El Cotarro\" \/>\n<meta property=\"article:publisher\" content=\"https:\/\/www.facebook.com\/ElCotarro.Tenerife\" \/>\n<meta property=\"article:published_time\" content=\"2020-08-09T07:09:04+00:00\" \/>\n<meta property=\"og:image\" content=\"https:\/\/elcotarro.com\/wp-content\/uploads\/2020\/08\/FOTO-2.-JUAN-CARLOS-I.png\" \/>\n<meta name=\"author\" content=\"Jos\u00e9 Carlos Marrero Gonz\u00e1lez\" \/>\n<meta name=\"twitter:label1\" content=\"Escrito por\" \/>\n\t<meta name=\"twitter:data1\" content=\"Jos\u00e9 Carlos Marrero Gonz\u00e1lez\" \/>\n\t<meta name=\"twitter:label2\" content=\"Tiempo de lectura\" \/>\n\t<meta name=\"twitter:data2\" content=\"1 minuto\" \/>\n<script type=\"application\/ld+json\" class=\"yoast-schema-graph\">{\"@context\":\"https:\/\/schema.org\",\"@graph\":[{\"@type\":\"Article\",\"@id\":\"https:\/\/elcotarro.com\/?p=8621#article\",\"isPartOf\":{\"@id\":\"https:\/\/elcotarro.com\/?p=8621\"},\"author\":{\"name\":\"Jos\u00e9 Carlos Marrero Gonz\u00e1lez\",\"@id\":\"https:\/\/elcotarro.com\/#\/schema\/person\/af537ee7d60d15984c7e0affcd8a918b\"},\"headline\":\"NO SE PUEDE JUZGAR POR 4 A\u00d1OS\u2026 Y OLVIDAR 40\",\"datePublished\":\"2020-08-09T07:09:04+00:00\",\"mainEntityOfPage\":{\"@id\":\"https:\/\/elcotarro.com\/?p=8621\"},\"wordCount\":195,\"commentCount\":1,\"publisher\":{\"@id\":\"https:\/\/elcotarro.com\/#organization\"},\"image\":{\"@id\":\"https:\/\/elcotarro.com\/?p=8621#primaryimage\"},\"thumbnailUrl\":\"https:\/\/elcotarro.com\/wp-content\/uploads\/2020\/08\/FOTO-2.-JUAN-CARLOS-I.png\",\"inLanguage\":\"es\",\"potentialAction\":[{\"@type\":\"CommentAction\",\"name\":\"Comment\",\"target\":[\"https:\/\/elcotarro.com\/?p=8621#respond\"]}]},{\"@type\":\"WebPage\",\"@id\":\"https:\/\/elcotarro.com\/?p=8621\",\"url\":\"https:\/\/elcotarro.com\/?p=8621\",\"name\":\"NO SE PUEDE JUZGAR POR 4 A\u00d1OS\u2026 Y OLVIDAR 40 - El Cotarro\",\"isPartOf\":{\"@id\":\"https:\/\/elcotarro.com\/#website\"},\"primaryImageOfPage\":{\"@id\":\"https:\/\/elcotarro.com\/?p=8621#primaryimage\"},\"image\":{\"@id\":\"https:\/\/elcotarro.com\/?p=8621#primaryimage\"},\"thumbnailUrl\":\"https:\/\/elcotarro.com\/wp-content\/uploads\/2020\/08\/FOTO-2.-JUAN-CARLOS-I.png\",\"datePublished\":\"2020-08-09T07:09:04+00:00\",\"breadcrumb\":{\"@id\":\"https:\/\/elcotarro.com\/?p=8621#breadcrumb\"},\"inLanguage\":\"es\",\"potentialAction\":[{\"@type\":\"ReadAction\",\"target\":[\"https:\/\/elcotarro.com\/?p=8621\"]}]},{\"@type\":\"ImageObject\",\"inLanguage\":\"es\",\"@id\":\"https:\/\/elcotarro.com\/?p=8621#primaryimage\",\"url\":\"https:\/\/elcotarro.com\/wp-content\/uploads\/2020\/08\/FOTO-2.-JUAN-CARLOS-I.png\",\"contentUrl\":\"https:\/\/elcotarro.com\/wp-content\/uploads\/2020\/08\/FOTO-2.-JUAN-CARLOS-I.png\",\"width\":1132,\"height\":640},{\"@type\":\"BreadcrumbList\",\"@id\":\"https:\/\/elcotarro.com\/?p=8621#breadcrumb\",\"itemListElement\":[{\"@type\":\"ListItem\",\"position\":1,\"name\":\"Portada\",\"item\":\"https:\/\/elcotarro.com\/\"},{\"@type\":\"ListItem\",\"position\":2,\"name\":\"NO SE PUEDE JUZGAR POR 4 A\u00d1OS\u2026 Y OLVIDAR 40\"}]},{\"@type\":\"WebSite\",\"@id\":\"https:\/\/elcotarro.com\/#website\",\"url\":\"https:\/\/elcotarro.com\/\",\"name\":\"El Cotarro\",\"description\":\"Peri\u00f3dico Digital Independiente dirigido por Jos\u00e9 Carlos Marrero\",\"publisher\":{\"@id\":\"https:\/\/elcotarro.com\/#organization\"},\"potentialAction\":[{\"@type\":\"SearchAction\",\"target\":{\"@type\":\"EntryPoint\",\"urlTemplate\":\"https:\/\/elcotarro.com\/?s={search_term_string}\"},\"query-input\":{\"@type\":\"PropertyValueSpecification\",\"valueRequired\":true,\"valueName\":\"search_term_string\"}}],\"inLanguage\":\"es\"},{\"@type\":\"Organization\",\"@id\":\"https:\/\/elcotarro.com\/#organization\",\"name\":\"El Cotarro\",\"url\":\"https:\/\/elcotarro.com\/\",\"logo\":{\"@type\":\"ImageObject\",\"inLanguage\":\"es\",\"@id\":\"https:\/\/elcotarro.com\/#\/schema\/logo\/image\/\",\"url\":\"https:\/\/elcotarro.com\/wp-content\/uploads\/2014\/09\/Cabecera_El_Cotarro_v2.jpg\",\"contentUrl\":\"https:\/\/elcotarro.com\/wp-content\/uploads\/2014\/09\/Cabecera_El_Cotarro_v2.jpg\",\"width\":3540,\"height\":441,\"caption\":\"El Cotarro\"},\"image\":{\"@id\":\"https:\/\/elcotarro.com\/#\/schema\/logo\/image\/\"},\"sameAs\":[\"https:\/\/www.facebook.com\/ElCotarro.Tenerife\"]},{\"@type\":\"Person\",\"@id\":\"https:\/\/elcotarro.com\/#\/schema\/person\/af537ee7d60d15984c7e0affcd8a918b\",\"name\":\"Jos\u00e9 Carlos Marrero Gonz\u00e1lez\",\"image\":{\"@type\":\"ImageObject\",\"inLanguage\":\"es\",\"@id\":\"https:\/\/elcotarro.com\/#\/schema\/person\/image\/\",\"url\":\"https:\/\/secure.gravatar.com\/avatar\/def4da036efb5d32c74d49c351f6dccc064dd69ad9f3aadc295c5a9a5391ca01?s=96&d=mm&r=g\",\"contentUrl\":\"https:\/\/secure.gravatar.com\/avatar\/def4da036efb5d32c74d49c351f6dccc064dd69ad9f3aadc295c5a9a5391ca01?s=96&d=mm&r=g\",\"caption\":\"Jos\u00e9 Carlos Marrero Gonz\u00e1lez\"},\"sameAs\":[\"https:\/\/elcotarro.com\"],\"url\":\"https:\/\/elcotarro.com\/?author=2\"}]}<\/script>\n<!-- \/ Yoast SEO plugin. -->","yoast_head_json":{"title":"NO SE PUEDE JUZGAR POR 4 A\u00d1OS\u2026 Y OLVIDAR 40 - El Cotarro","robots":{"index":"index","follow":"follow","max-snippet":"max-snippet:-1","max-image-preview":"max-image-preview:large","max-video-preview":"max-video-preview:-1"},"canonical":"https:\/\/elcotarro.com\/?p=8621","og_locale":"es_ES","og_type":"article","og_title":"NO SE PUEDE JUZGAR POR 4 A\u00d1OS\u2026 Y OLVIDAR 40 - El Cotarro","og_description":"Entiendo y respeto a quienes opinan que algunos hechos y actuaciones presuntamente protagonizados por el Rey Em\u00e9rito, Juan Carlos I,\u00a0pueden no haberles gustado y les haya podido defraudar. Puedo hasta compartir que a\u00fan siendo presuntos, parecen poco \u00e9ticos y\/o est\u00e9ticos. Pero ser\u00eda del todo injusto juzgar a una persona por lo supuestamente pasado en 4 ... Read more","og_url":"https:\/\/elcotarro.com\/?p=8621","og_site_name":"El Cotarro","article_publisher":"https:\/\/www.facebook.com\/ElCotarro.Tenerife","article_published_time":"2020-08-09T07:09:04+00:00","og_image":[{"url":"https:\/\/elcotarro.com\/wp-content\/uploads\/2020\/08\/FOTO-2.-JUAN-CARLOS-I.png","type":"","width":"","height":""}],"author":"Jos\u00e9 Carlos Marrero Gonz\u00e1lez","twitter_misc":{"Escrito por":"Jos\u00e9 Carlos Marrero Gonz\u00e1lez","Tiempo de lectura":"1 minuto"},"schema":{"@context":"https:\/\/schema.org","@graph":[{"@type":"Article","@id":"https:\/\/elcotarro.com\/?p=8621#article","isPartOf":{"@id":"https:\/\/elcotarro.com\/?p=8621"},"author":{"name":"Jos\u00e9 Carlos Marrero Gonz\u00e1lez","@id":"https:\/\/elcotarro.com\/#\/schema\/person\/af537ee7d60d15984c7e0affcd8a918b"},"headline":"NO SE PUEDE JUZGAR POR 4 A\u00d1OS\u2026 Y OLVIDAR 40","datePublished":"2020-08-09T07:09:04+00:00","mainEntityOfPage":{"@id":"https:\/\/elcotarro.com\/?p=8621"},"wordCount":195,"commentCount":1,"publisher":{"@id":"https:\/\/elcotarro.com\/#organization"},"image":{"@id":"https:\/\/elcotarro.com\/?p=8621#primaryimage"},"thumbnailUrl":"https:\/\/elcotarro.com\/wp-content\/uploads\/2020\/08\/FOTO-2.-JUAN-CARLOS-I.png","inLanguage":"es","potentialAction":[{"@type":"CommentAction","name":"Comment","target":["https:\/\/elcotarro.com\/?p=8621#respond"]}]},{"@type":"WebPage","@id":"https:\/\/elcotarro.com\/?p=8621","url":"https:\/\/elcotarro.com\/?p=8621","name":"NO SE PUEDE JUZGAR POR 4 A\u00d1OS\u2026 Y OLVIDAR 40 - El Cotarro","isPartOf":{"@id":"https:\/\/elcotarro.com\/#website"},"primaryImageOfPage":{"@id":"https:\/\/elcotarro.com\/?p=8621#primaryimage"},"image":{"@id":"https:\/\/elcotarro.com\/?p=8621#primaryimage"},"thumbnailUrl":"https:\/\/elcotarro.com\/wp-content\/uploads\/2020\/08\/FOTO-2.-JUAN-CARLOS-I.png","datePublished":"2020-08-09T07:09:04+00:00","breadcrumb":{"@id":"https:\/\/elcotarro.com\/?p=8621#breadcrumb"},"inLanguage":"es","potentialAction":[{"@type":"ReadAction","target":["https:\/\/elcotarro.com\/?p=8621"]}]},{"@type":"ImageObject","inLanguage":"es","@id":"https:\/\/elcotarro.com\/?p=8621#primaryimage","url":"https:\/\/elcotarro.com\/wp-content\/uploads\/2020\/08\/FOTO-2.-JUAN-CARLOS-I.png","contentUrl":"https:\/\/elcotarro.com\/wp-content\/uploads\/2020\/08\/FOTO-2.-JUAN-CARLOS-I.png","width":1132,"height":640},{"@type":"BreadcrumbList","@id":"https:\/\/elcotarro.com\/?p=8621#breadcrumb","itemListElement":[{"@type":"ListItem","position":1,"name":"Portada","item":"https:\/\/elcotarro.com\/"},{"@type":"ListItem","position":2,"name":"NO SE PUEDE JUZGAR POR 4 A\u00d1OS\u2026 Y OLVIDAR 40"}]},{"@type":"WebSite","@id":"https:\/\/elcotarro.com\/#website","url":"https:\/\/elcotarro.com\/","name":"El Cotarro","description":"Peri\u00f3dico Digital Independiente dirigido por Jos\u00e9 Carlos Marrero","publisher":{"@id":"https:\/\/elcotarro.com\/#organization"},"potentialAction":[{"@type":"SearchAction","target":{"@type":"EntryPoint","urlTemplate":"https:\/\/elcotarro.com\/?s={search_term_string}"},"query-input":{"@type":"PropertyValueSpecification","valueRequired":true,"valueName":"search_term_string"}}],"inLanguage":"es"},{"@type":"Organization","@id":"https:\/\/elcotarro.com\/#organization","name":"El Cotarro","url":"https:\/\/elcotarro.com\/","logo":{"@type":"ImageObject","inLanguage":"es","@id":"https:\/\/elcotarro.com\/#\/schema\/logo\/image\/","url":"https:\/\/elcotarro.com\/wp-content\/uploads\/2014\/09\/Cabecera_El_Cotarro_v2.jpg","contentUrl":"https:\/\/elcotarro.com\/wp-content\/uploads\/2014\/09\/Cabecera_El_Cotarro_v2.jpg","width":3540,"height":441,"caption":"El Cotarro"},"image":{"@id":"https:\/\/elcotarro.com\/#\/schema\/logo\/image\/"},"sameAs":["https:\/\/www.facebook.com\/ElCotarro.Tenerife"]},{"@type":"Person","@id":"https:\/\/elcotarro.com\/#\/schema\/person\/af537ee7d60d15984c7e0affcd8a918b","name":"Jos\u00e9 Carlos Marrero Gonz\u00e1lez","image":{"@type":"ImageObject","inLanguage":"es","@id":"https:\/\/elcotarro.com\/#\/schema\/person\/image\/","url":"https:\/\/secure.gravatar.com\/avatar\/def4da036efb5d32c74d49c351f6dccc064dd69ad9f3aadc295c5a9a5391ca01?s=96&d=mm&r=g","contentUrl":"https:\/\/secure.gravatar.com\/avatar\/def4da036efb5d32c74d49c351f6dccc064dd69ad9f3aadc295c5a9a5391ca01?s=96&d=mm&r=g","caption":"Jos\u00e9 Carlos Marrero Gonz\u00e1lez"},"sameAs":["https:\/\/elcotarro.com"],"url":"https:\/\/elcotarro.com\/?author=2"}]}},"jetpack_featured_media_url":"","jetpack_sharing_enabled":true,"_links":{"self":[{"href":"https:\/\/elcotarro.com\/index.php?rest_route=\/wp\/v2\/posts\/8621","targetHints":{"allow":["GET"]}}],"collection":[{"href":"https:\/\/elcotarro.com\/index.php?rest_route=\/wp\/v2\/posts"}],"about":[{"href":"https:\/\/elcotarro.com\/index.php?rest_route=\/wp\/v2\/types\/post"}],"author":[{"embeddable":true,"href":"https:\/\/elcotarro.com\/index.php?rest_route=\/wp\/v2\/users\/2"}],"replies":[{"embeddable":true,"href":"https:\/\/elcotarro.com\/index.php?rest_route=%2Fwp%2Fv2%2Fcomments&post=8621"}],"version-history":[{"count":1,"href":"https:\/\/elcotarro.com\/index.php?rest_route=\/wp\/v2\/posts\/8621\/revisions"}],"predecessor-version":[{"id":8623,"href":"https:\/\/elcotarro.com\/index.php?rest_route=\/wp\/v2\/posts\/8621\/revisions\/8623"}],"wp:attachment":[{"href":"https:\/\/elcotarro.com\/index.php?rest_route=%2Fwp%2Fv2%2Fmedia&parent=8621"}],"wp:term":[{"taxonomy":"category","embeddable":true,"href":"https:\/\/elcotarro.com\/index.php?rest_route=%2Fwp%2Fv2%2Fcategories&post=8621"},{"taxonomy":"post_tag","embeddable":true,"href":"https:\/\/elcotarro.com\/index.php?rest_route=%2Fwp%2Fv2%2Ftags&post=8621"}],"curies":[{"name":"wp","href":"https:\/\/api.w.org\/{rel}","templated":true}]}}