{"id":8627,"date":"2020-08-09T08:07:14","date_gmt":"2020-08-09T07:07:14","guid":{"rendered":"https:\/\/elcotarro.com\/?p=8627"},"modified":"2020-08-07T19:14:20","modified_gmt":"2020-08-07T18:14:20","slug":"la-virgen-salio-y-chago-canto-el-ave-maria","status":"publish","type":"post","link":"https:\/\/elcotarro.com\/?p=8627","title":{"rendered":"LA VIRGEN SALI\u00d3 Y CHAGO CANT\u00d3 EL \u201cAVE MAR\u00cdA\u201d"},"content":{"rendered":"<p>Precisamente la Virgencita, en este caso la puntera Virgen del Carmen no falt\u00f3 a su marinera cita anual en La Hoya (Punta del Hidalgo), aunque sin tocar el mar y guardando la distancia de seguridad. Pero fue un detallazo y un emotivo momento cuando la Sagrada Imagen sali\u00f3 por unos momentos de su min\u00fascula capillita y fue colocada mirando a un mar en calma, mientras el incombustible <strong>Chago Melian<\/strong>, puntal puntero donde los haya, cumpli\u00f3 con la tradici\u00f3n de cantar el Ave Mar\u00eda, con m\u00e1s sentimiento que nunca, si cabe. La original imagen que les pongo es de lo m\u00e1s curiosa, pero da fe del emotivo momento. Fue sacada justo mientras <strong>Chago Meli\u00e1n\u00a0<\/strong>cantaba y la Patrona de la gente del mar miraba hacia el horizonte, con el edificio Altagay y abajo el muellito de \u201cEl Roquete\u201d. Estuvieron los concejales <strong>Cristina Ledesma<\/strong>(PSOE), la \u00fanica por parte del Grupo de Gobierno municipal, y <strong>Jos\u00e9 Alberto D\u00edaz, Atteneri Falero, Mar\u00eda Estefan\u00eda D\u00edaz\u00a0<\/strong>y <strong>Francisco Hern\u00e1ndez\u00a0<\/strong>(los cuatro de Coalici\u00f3n Canaria) por la actual oposici\u00f3n lagunera. Y hasta se tiraron un par de docenas de voladores (una desde el Altagay). Porque las promesas hay que cumplirlas y las tradiciones no perderlas.<\/p>\n<p style=\"text-align: center\"><a href=\"https:\/\/elcotarro.com\/wp-content\/uploads\/2020\/08\/FOTO-4.-VIRGEN-DEL-CARMEN.jpg\"><img loading=\"lazy\" decoding=\"async\" class=\"aligncenter size-full wp-image-8628\" src=\"https:\/\/elcotarro.com\/wp-content\/uploads\/2020\/08\/FOTO-4.-VIRGEN-DEL-CARMEN.jpg\" alt=\"\" width=\"1024\" height=\"768\" srcset=\"https:\/\/elcotarro.com\/wp-content\/uploads\/2020\/08\/FOTO-4.-VIRGEN-DEL-CARMEN.jpg 1024w, https:\/\/elcotarro.com\/wp-content\/uploads\/2020\/08\/FOTO-4.-VIRGEN-DEL-CARMEN-300x225.jpg 300w, https:\/\/elcotarro.com\/wp-content\/uploads\/2020\/08\/FOTO-4.-VIRGEN-DEL-CARMEN-768x576.jpg 768w\" sizes=\"auto, (max-width: 1024px) 100vw, 1024px\" \/><\/a><\/p>\n<p style=\"text-align: center\"><em>La marinera Virgen del Carmen no falt\u00f3 a su cita en La Punta, pero con total seguridad<\/em><\/p>\n","protected":false},"excerpt":{"rendered":"<p>Precisamente la Virgencita, en este caso la puntera Virgen del Carmen no falt\u00f3 a su marinera cita anual en La Hoya (Punta del Hidalgo), aunque sin tocar el mar y guardando la distancia de seguridad. Pero fue un detallazo y un emotivo momento cuando la Sagrada Imagen sali\u00f3 por unos momentos de su min\u00fascula capillita &#8230; <a class=\"read-more\" href=\"https:\/\/elcotarro.com\/?p=8627\">Read more<\/a><\/p>\n","protected":false},"author":2,"featured_media":0,"comment_status":"open","ping_status":"open","sticky":false,"template":"","format":"standard","meta":{"_jetpack_memberships_contains_paid_content":false,"footnotes":""},"categories":[1],"tags":[],"class_list":["post-8627","post","type-post","status-publish","format-standard","hentry","category-sin-categoria"],"yoast_head":"<!-- This site is optimized with the Yoast SEO plugin v27.0 - https:\/\/yoast.com\/product\/yoast-seo-wordpress\/ -->\n<title>LA VIRGEN SALI\u00d3 Y CHAGO CANT\u00d3 EL \u201cAVE MAR\u00cdA\u201d - El Cotarro<\/title>\n<meta name=\"robots\" content=\"index, follow, max-snippet:-1, max-image-preview:large, max-video-preview:-1\" \/>\n<link rel=\"canonical\" href=\"https:\/\/elcotarro.com\/?p=8627\" \/>\n<meta property=\"og:locale\" content=\"es_ES\" \/>\n<meta property=\"og:type\" content=\"article\" \/>\n<meta property=\"og:title\" content=\"LA VIRGEN SALI\u00d3 Y CHAGO CANT\u00d3 EL \u201cAVE MAR\u00cdA\u201d - El Cotarro\" \/>\n<meta property=\"og:description\" content=\"Precisamente la Virgencita, en este caso la puntera Virgen del Carmen no falt\u00f3 a su marinera cita anual en La Hoya (Punta del Hidalgo), aunque sin tocar el mar y guardando la distancia de seguridad. Pero fue un detallazo y un emotivo momento cuando la Sagrada Imagen sali\u00f3 por unos momentos de su min\u00fascula capillita ... Read more\" \/>\n<meta property=\"og:url\" content=\"https:\/\/elcotarro.com\/?p=8627\" \/>\n<meta property=\"og:site_name\" content=\"El Cotarro\" \/>\n<meta property=\"article:publisher\" content=\"https:\/\/www.facebook.com\/ElCotarro.Tenerife\" \/>\n<meta property=\"article:published_time\" content=\"2020-08-09T07:07:14+00:00\" \/>\n<meta property=\"og:image\" content=\"https:\/\/elcotarro.com\/wp-content\/uploads\/2020\/08\/FOTO-4.-VIRGEN-DEL-CARMEN.jpg\" \/>\n<meta name=\"author\" content=\"Jos\u00e9 Carlos Marrero Gonz\u00e1lez\" \/>\n<meta name=\"twitter:label1\" content=\"Escrito por\" \/>\n\t<meta name=\"twitter:data1\" content=\"Jos\u00e9 Carlos Marrero Gonz\u00e1lez\" \/>\n\t<meta name=\"twitter:label2\" content=\"Tiempo de lectura\" \/>\n\t<meta name=\"twitter:data2\" content=\"1 minuto\" \/>\n<script type=\"application\/ld+json\" class=\"yoast-schema-graph\">{\"@context\":\"https:\/\/schema.org\",\"@graph\":[{\"@type\":\"Article\",\"@id\":\"https:\/\/elcotarro.com\/?p=8627#article\",\"isPartOf\":{\"@id\":\"https:\/\/elcotarro.com\/?p=8627\"},\"author\":{\"name\":\"Jos\u00e9 Carlos Marrero Gonz\u00e1lez\",\"@id\":\"https:\/\/elcotarro.com\/#\/schema\/person\/af537ee7d60d15984c7e0affcd8a918b\"},\"headline\":\"LA VIRGEN SALI\u00d3 Y CHAGO CANT\u00d3 EL \u201cAVE MAR\u00cdA\u201d\",\"datePublished\":\"2020-08-09T07:07:14+00:00\",\"mainEntityOfPage\":{\"@id\":\"https:\/\/elcotarro.com\/?p=8627\"},\"wordCount\":239,\"commentCount\":0,\"publisher\":{\"@id\":\"https:\/\/elcotarro.com\/#organization\"},\"image\":{\"@id\":\"https:\/\/elcotarro.com\/?p=8627#primaryimage\"},\"thumbnailUrl\":\"https:\/\/elcotarro.com\/wp-content\/uploads\/2020\/08\/FOTO-4.-VIRGEN-DEL-CARMEN.jpg\",\"inLanguage\":\"es\",\"potentialAction\":[{\"@type\":\"CommentAction\",\"name\":\"Comment\",\"target\":[\"https:\/\/elcotarro.com\/?p=8627#respond\"]}]},{\"@type\":\"WebPage\",\"@id\":\"https:\/\/elcotarro.com\/?p=8627\",\"url\":\"https:\/\/elcotarro.com\/?p=8627\",\"name\":\"LA VIRGEN SALI\u00d3 Y CHAGO CANT\u00d3 EL \u201cAVE MAR\u00cdA\u201d - El Cotarro\",\"isPartOf\":{\"@id\":\"https:\/\/elcotarro.com\/#website\"},\"primaryImageOfPage\":{\"@id\":\"https:\/\/elcotarro.com\/?p=8627#primaryimage\"},\"image\":{\"@id\":\"https:\/\/elcotarro.com\/?p=8627#primaryimage\"},\"thumbnailUrl\":\"https:\/\/elcotarro.com\/wp-content\/uploads\/2020\/08\/FOTO-4.-VIRGEN-DEL-CARMEN.jpg\",\"datePublished\":\"2020-08-09T07:07:14+00:00\",\"breadcrumb\":{\"@id\":\"https:\/\/elcotarro.com\/?p=8627#breadcrumb\"},\"inLanguage\":\"es\",\"potentialAction\":[{\"@type\":\"ReadAction\",\"target\":[\"https:\/\/elcotarro.com\/?p=8627\"]}]},{\"@type\":\"ImageObject\",\"inLanguage\":\"es\",\"@id\":\"https:\/\/elcotarro.com\/?p=8627#primaryimage\",\"url\":\"https:\/\/elcotarro.com\/wp-content\/uploads\/2020\/08\/FOTO-4.-VIRGEN-DEL-CARMEN.jpg\",\"contentUrl\":\"https:\/\/elcotarro.com\/wp-content\/uploads\/2020\/08\/FOTO-4.-VIRGEN-DEL-CARMEN.jpg\",\"width\":1024,\"height\":768},{\"@type\":\"BreadcrumbList\",\"@id\":\"https:\/\/elcotarro.com\/?p=8627#breadcrumb\",\"itemListElement\":[{\"@type\":\"ListItem\",\"position\":1,\"name\":\"Portada\",\"item\":\"https:\/\/elcotarro.com\/\"},{\"@type\":\"ListItem\",\"position\":2,\"name\":\"LA VIRGEN SALI\u00d3 Y CHAGO CANT\u00d3 EL \u201cAVE MAR\u00cdA\u201d\"}]},{\"@type\":\"WebSite\",\"@id\":\"https:\/\/elcotarro.com\/#website\",\"url\":\"https:\/\/elcotarro.com\/\",\"name\":\"El Cotarro\",\"description\":\"Peri\u00f3dico Digital Independiente dirigido por Jos\u00e9 Carlos Marrero\",\"publisher\":{\"@id\":\"https:\/\/elcotarro.com\/#organization\"},\"potentialAction\":[{\"@type\":\"SearchAction\",\"target\":{\"@type\":\"EntryPoint\",\"urlTemplate\":\"https:\/\/elcotarro.com\/?s={search_term_string}\"},\"query-input\":{\"@type\":\"PropertyValueSpecification\",\"valueRequired\":true,\"valueName\":\"search_term_string\"}}],\"inLanguage\":\"es\"},{\"@type\":\"Organization\",\"@id\":\"https:\/\/elcotarro.com\/#organization\",\"name\":\"El Cotarro\",\"url\":\"https:\/\/elcotarro.com\/\",\"logo\":{\"@type\":\"ImageObject\",\"inLanguage\":\"es\",\"@id\":\"https:\/\/elcotarro.com\/#\/schema\/logo\/image\/\",\"url\":\"https:\/\/elcotarro.com\/wp-content\/uploads\/2014\/09\/Cabecera_El_Cotarro_v2.jpg\",\"contentUrl\":\"https:\/\/elcotarro.com\/wp-content\/uploads\/2014\/09\/Cabecera_El_Cotarro_v2.jpg\",\"width\":3540,\"height\":441,\"caption\":\"El Cotarro\"},\"image\":{\"@id\":\"https:\/\/elcotarro.com\/#\/schema\/logo\/image\/\"},\"sameAs\":[\"https:\/\/www.facebook.com\/ElCotarro.Tenerife\"]},{\"@type\":\"Person\",\"@id\":\"https:\/\/elcotarro.com\/#\/schema\/person\/af537ee7d60d15984c7e0affcd8a918b\",\"name\":\"Jos\u00e9 Carlos Marrero Gonz\u00e1lez\",\"image\":{\"@type\":\"ImageObject\",\"inLanguage\":\"es\",\"@id\":\"https:\/\/elcotarro.com\/#\/schema\/person\/image\/\",\"url\":\"https:\/\/secure.gravatar.com\/avatar\/def4da036efb5d32c74d49c351f6dccc064dd69ad9f3aadc295c5a9a5391ca01?s=96&d=mm&r=g\",\"contentUrl\":\"https:\/\/secure.gravatar.com\/avatar\/def4da036efb5d32c74d49c351f6dccc064dd69ad9f3aadc295c5a9a5391ca01?s=96&d=mm&r=g\",\"caption\":\"Jos\u00e9 Carlos Marrero Gonz\u00e1lez\"},\"sameAs\":[\"https:\/\/elcotarro.com\"],\"url\":\"https:\/\/elcotarro.com\/?author=2\"}]}<\/script>\n<!-- \/ Yoast SEO plugin. -->","yoast_head_json":{"title":"LA VIRGEN SALI\u00d3 Y CHAGO CANT\u00d3 EL \u201cAVE MAR\u00cdA\u201d - El Cotarro","robots":{"index":"index","follow":"follow","max-snippet":"max-snippet:-1","max-image-preview":"max-image-preview:large","max-video-preview":"max-video-preview:-1"},"canonical":"https:\/\/elcotarro.com\/?p=8627","og_locale":"es_ES","og_type":"article","og_title":"LA VIRGEN SALI\u00d3 Y CHAGO CANT\u00d3 EL \u201cAVE MAR\u00cdA\u201d - El Cotarro","og_description":"Precisamente la Virgencita, en este caso la puntera Virgen del Carmen no falt\u00f3 a su marinera cita anual en La Hoya (Punta del Hidalgo), aunque sin tocar el mar y guardando la distancia de seguridad. Pero fue un detallazo y un emotivo momento cuando la Sagrada Imagen sali\u00f3 por unos momentos de su min\u00fascula capillita ... Read more","og_url":"https:\/\/elcotarro.com\/?p=8627","og_site_name":"El Cotarro","article_publisher":"https:\/\/www.facebook.com\/ElCotarro.Tenerife","article_published_time":"2020-08-09T07:07:14+00:00","og_image":[{"url":"https:\/\/elcotarro.com\/wp-content\/uploads\/2020\/08\/FOTO-4.-VIRGEN-DEL-CARMEN.jpg","type":"","width":"","height":""}],"author":"Jos\u00e9 Carlos Marrero Gonz\u00e1lez","twitter_misc":{"Escrito por":"Jos\u00e9 Carlos Marrero Gonz\u00e1lez","Tiempo de lectura":"1 minuto"},"schema":{"@context":"https:\/\/schema.org","@graph":[{"@type":"Article","@id":"https:\/\/elcotarro.com\/?p=8627#article","isPartOf":{"@id":"https:\/\/elcotarro.com\/?p=8627"},"author":{"name":"Jos\u00e9 Carlos Marrero Gonz\u00e1lez","@id":"https:\/\/elcotarro.com\/#\/schema\/person\/af537ee7d60d15984c7e0affcd8a918b"},"headline":"LA VIRGEN SALI\u00d3 Y CHAGO CANT\u00d3 EL \u201cAVE MAR\u00cdA\u201d","datePublished":"2020-08-09T07:07:14+00:00","mainEntityOfPage":{"@id":"https:\/\/elcotarro.com\/?p=8627"},"wordCount":239,"commentCount":0,"publisher":{"@id":"https:\/\/elcotarro.com\/#organization"},"image":{"@id":"https:\/\/elcotarro.com\/?p=8627#primaryimage"},"thumbnailUrl":"https:\/\/elcotarro.com\/wp-content\/uploads\/2020\/08\/FOTO-4.-VIRGEN-DEL-CARMEN.jpg","inLanguage":"es","potentialAction":[{"@type":"CommentAction","name":"Comment","target":["https:\/\/elcotarro.com\/?p=8627#respond"]}]},{"@type":"WebPage","@id":"https:\/\/elcotarro.com\/?p=8627","url":"https:\/\/elcotarro.com\/?p=8627","name":"LA VIRGEN SALI\u00d3 Y CHAGO CANT\u00d3 EL \u201cAVE MAR\u00cdA\u201d - El Cotarro","isPartOf":{"@id":"https:\/\/elcotarro.com\/#website"},"primaryImageOfPage":{"@id":"https:\/\/elcotarro.com\/?p=8627#primaryimage"},"image":{"@id":"https:\/\/elcotarro.com\/?p=8627#primaryimage"},"thumbnailUrl":"https:\/\/elcotarro.com\/wp-content\/uploads\/2020\/08\/FOTO-4.-VIRGEN-DEL-CARMEN.jpg","datePublished":"2020-08-09T07:07:14+00:00","breadcrumb":{"@id":"https:\/\/elcotarro.com\/?p=8627#breadcrumb"},"inLanguage":"es","potentialAction":[{"@type":"ReadAction","target":["https:\/\/elcotarro.com\/?p=8627"]}]},{"@type":"ImageObject","inLanguage":"es","@id":"https:\/\/elcotarro.com\/?p=8627#primaryimage","url":"https:\/\/elcotarro.com\/wp-content\/uploads\/2020\/08\/FOTO-4.-VIRGEN-DEL-CARMEN.jpg","contentUrl":"https:\/\/elcotarro.com\/wp-content\/uploads\/2020\/08\/FOTO-4.-VIRGEN-DEL-CARMEN.jpg","width":1024,"height":768},{"@type":"BreadcrumbList","@id":"https:\/\/elcotarro.com\/?p=8627#breadcrumb","itemListElement":[{"@type":"ListItem","position":1,"name":"Portada","item":"https:\/\/elcotarro.com\/"},{"@type":"ListItem","position":2,"name":"LA VIRGEN SALI\u00d3 Y CHAGO CANT\u00d3 EL \u201cAVE MAR\u00cdA\u201d"}]},{"@type":"WebSite","@id":"https:\/\/elcotarro.com\/#website","url":"https:\/\/elcotarro.com\/","name":"El Cotarro","description":"Peri\u00f3dico Digital Independiente dirigido por Jos\u00e9 Carlos Marrero","publisher":{"@id":"https:\/\/elcotarro.com\/#organization"},"potentialAction":[{"@type":"SearchAction","target":{"@type":"EntryPoint","urlTemplate":"https:\/\/elcotarro.com\/?s={search_term_string}"},"query-input":{"@type":"PropertyValueSpecification","valueRequired":true,"valueName":"search_term_string"}}],"inLanguage":"es"},{"@type":"Organization","@id":"https:\/\/elcotarro.com\/#organization","name":"El Cotarro","url":"https:\/\/elcotarro.com\/","logo":{"@type":"ImageObject","inLanguage":"es","@id":"https:\/\/elcotarro.com\/#\/schema\/logo\/image\/","url":"https:\/\/elcotarro.com\/wp-content\/uploads\/2014\/09\/Cabecera_El_Cotarro_v2.jpg","contentUrl":"https:\/\/elcotarro.com\/wp-content\/uploads\/2014\/09\/Cabecera_El_Cotarro_v2.jpg","width":3540,"height":441,"caption":"El Cotarro"},"image":{"@id":"https:\/\/elcotarro.com\/#\/schema\/logo\/image\/"},"sameAs":["https:\/\/www.facebook.com\/ElCotarro.Tenerife"]},{"@type":"Person","@id":"https:\/\/elcotarro.com\/#\/schema\/person\/af537ee7d60d15984c7e0affcd8a918b","name":"Jos\u00e9 Carlos Marrero Gonz\u00e1lez","image":{"@type":"ImageObject","inLanguage":"es","@id":"https:\/\/elcotarro.com\/#\/schema\/person\/image\/","url":"https:\/\/secure.gravatar.com\/avatar\/def4da036efb5d32c74d49c351f6dccc064dd69ad9f3aadc295c5a9a5391ca01?s=96&d=mm&r=g","contentUrl":"https:\/\/secure.gravatar.com\/avatar\/def4da036efb5d32c74d49c351f6dccc064dd69ad9f3aadc295c5a9a5391ca01?s=96&d=mm&r=g","caption":"Jos\u00e9 Carlos Marrero Gonz\u00e1lez"},"sameAs":["https:\/\/elcotarro.com"],"url":"https:\/\/elcotarro.com\/?author=2"}]}},"jetpack_featured_media_url":"","jetpack_sharing_enabled":true,"_links":{"self":[{"href":"https:\/\/elcotarro.com\/index.php?rest_route=\/wp\/v2\/posts\/8627","targetHints":{"allow":["GET"]}}],"collection":[{"href":"https:\/\/elcotarro.com\/index.php?rest_route=\/wp\/v2\/posts"}],"about":[{"href":"https:\/\/elcotarro.com\/index.php?rest_route=\/wp\/v2\/types\/post"}],"author":[{"embeddable":true,"href":"https:\/\/elcotarro.com\/index.php?rest_route=\/wp\/v2\/users\/2"}],"replies":[{"embeddable":true,"href":"https:\/\/elcotarro.com\/index.php?rest_route=%2Fwp%2Fv2%2Fcomments&post=8627"}],"version-history":[{"count":1,"href":"https:\/\/elcotarro.com\/index.php?rest_route=\/wp\/v2\/posts\/8627\/revisions"}],"predecessor-version":[{"id":8629,"href":"https:\/\/elcotarro.com\/index.php?rest_route=\/wp\/v2\/posts\/8627\/revisions\/8629"}],"wp:attachment":[{"href":"https:\/\/elcotarro.com\/index.php?rest_route=%2Fwp%2Fv2%2Fmedia&parent=8627"}],"wp:term":[{"taxonomy":"category","embeddable":true,"href":"https:\/\/elcotarro.com\/index.php?rest_route=%2Fwp%2Fv2%2Fcategories&post=8627"},{"taxonomy":"post_tag","embeddable":true,"href":"https:\/\/elcotarro.com\/index.php?rest_route=%2Fwp%2Fv2%2Ftags&post=8627"}],"curies":[{"name":"wp","href":"https:\/\/api.w.org\/{rel}","templated":true}]}}