{"id":8636,"date":"2020-08-09T08:04:37","date_gmt":"2020-08-09T07:04:37","guid":{"rendered":"https:\/\/elcotarro.com\/?p=8636"},"modified":"2020-08-07T19:17:49","modified_gmt":"2020-08-07T18:17:49","slug":"sandra-garcia-sanjuan-y-su-seguro-starlite","status":"publish","type":"post","link":"https:\/\/elcotarro.com\/?p=8636","title":{"rendered":"SANDRA GARC\u00cdA SANJU\u00c1N Y SU SEGURO STARLITE"},"content":{"rendered":"<p>No puedo olvidarme de otra gran empresaria tinerfe\u00f1a de bandera, como es nuestra querida <strong>Sandra Garc\u00eda Sanju\u00e1n Machado<\/strong>, \u201calma mater\u201d del festival internacional Starlite de Marbella, este a\u00f1o patrocinado por la aseguradora Catalana Occidente y reconocido como \u201c<em>el festival boutique m\u00e1s importante de Europa\u201d<\/em>. La incansable <strong>Sandra<\/strong>, hija del empresario y c\u00f3nsul honorario de Chile en Tenerife, <strong>Pedro Garc\u00eda-Sanju\u00e1n\u00a0<\/strong>y su esposa, <strong>Carmencita Machado<\/strong>, fue desde muy joven una emprendedora nata, que dirigi\u00f3 su trabajo y su profesionalidad al mundo del espect\u00e1culo. En estos momentos complicados, <strong>Sandra<\/strong>y todo su equipo han decidido seguir adelante con el Starlite 2020, con m\u00e1s seguridad que nunca, y con un elenco de artistas en el calendario que, como dice el otro, \u00a1ag\u00fcita!. Un avance como muestra: <strong>Lola \u00cdndigo\u00a0<\/strong>(10\/08), <strong>Maldita Nerea\u00a0<\/strong>(11\/08), <strong>Ara\u00a0Malician\u00a0<\/strong>(12\/08) <strong>India Mart\u00ednez\u00a0<\/strong>(14\/08) <strong>Miguel Poveda\u00a0<\/strong>(21\/08), <strong>Los Morancos\u00a0<\/strong>(25\/08) y as\u00ed hasta un tremendo listado que pueden ver en <a href=\"http:\/\/www.starlitemarbella.com\/\">starlitemarbella.com<\/a>. Siempre digo que, siempre que se pueda, hay que apostar y consumir \u201clo nuestro\u201d y, del mismo modo estar con \u201clos nuestros\u201d. Nuestros mejores deseos de \u00e9xito para nuestra paisana <strong>Sandra Garc\u00eda-Sanju\u00e1n<\/strong>. Se lo merece.<\/p>\n<p style=\"text-align: center\"><a href=\"https:\/\/elcotarro.com\/wp-content\/uploads\/2020\/08\/FOTO-7.-SANDRA-GARC\u00cdA.jpg\"><img loading=\"lazy\" decoding=\"async\" class=\"aligncenter size-full wp-image-8637\" src=\"https:\/\/elcotarro.com\/wp-content\/uploads\/2020\/08\/FOTO-7.-SANDRA-GARC\u00cdA.jpg\" alt=\"\" width=\"318\" height=\"233\" srcset=\"https:\/\/elcotarro.com\/wp-content\/uploads\/2020\/08\/FOTO-7.-SANDRA-GARC\u00cdA.jpg 318w, https:\/\/elcotarro.com\/wp-content\/uploads\/2020\/08\/FOTO-7.-SANDRA-GARC\u00cdA-300x220.jpg 300w\" sizes=\"auto, (max-width: 318px) 100vw, 318px\" \/><\/a><\/p>\n<p style=\"text-align: center\"><em>Sandra Garc\u00eda-Sanju\u00e1n Machado, \u201calma mater\u201d del festival Starlite 2020<\/em><\/p>\n","protected":false},"excerpt":{"rendered":"<p>No puedo olvidarme de otra gran empresaria tinerfe\u00f1a de bandera, como es nuestra querida Sandra Garc\u00eda Sanju\u00e1n Machado, \u201calma mater\u201d del festival internacional Starlite de Marbella, este a\u00f1o patrocinado por la aseguradora Catalana Occidente y reconocido como \u201cel festival boutique m\u00e1s importante de Europa\u201d. La incansable Sandra, hija del empresario y c\u00f3nsul honorario de Chile &#8230; <a class=\"read-more\" href=\"https:\/\/elcotarro.com\/?p=8636\">Read more<\/a><\/p>\n","protected":false},"author":2,"featured_media":0,"comment_status":"open","ping_status":"open","sticky":false,"template":"","format":"standard","meta":{"_jetpack_memberships_contains_paid_content":false,"footnotes":""},"categories":[1],"tags":[],"class_list":["post-8636","post","type-post","status-publish","format-standard","hentry","category-sin-categoria"],"yoast_head":"<!-- This site is optimized with the Yoast SEO plugin v27.0 - https:\/\/yoast.com\/product\/yoast-seo-wordpress\/ -->\n<title>SANDRA GARC\u00cdA SANJU\u00c1N Y SU SEGURO STARLITE - El Cotarro<\/title>\n<meta name=\"robots\" content=\"index, follow, max-snippet:-1, max-image-preview:large, max-video-preview:-1\" \/>\n<link rel=\"canonical\" href=\"https:\/\/elcotarro.com\/?p=8636\" \/>\n<meta property=\"og:locale\" content=\"es_ES\" \/>\n<meta property=\"og:type\" content=\"article\" \/>\n<meta property=\"og:title\" content=\"SANDRA GARC\u00cdA SANJU\u00c1N Y SU SEGURO STARLITE - El Cotarro\" \/>\n<meta property=\"og:description\" content=\"No puedo olvidarme de otra gran empresaria tinerfe\u00f1a de bandera, como es nuestra querida Sandra Garc\u00eda Sanju\u00e1n Machado, \u201calma mater\u201d del festival internacional Starlite de Marbella, este a\u00f1o patrocinado por la aseguradora Catalana Occidente y reconocido como \u201cel festival boutique m\u00e1s importante de Europa\u201d. La incansable Sandra, hija del empresario y c\u00f3nsul honorario de Chile ... Read more\" \/>\n<meta property=\"og:url\" content=\"https:\/\/elcotarro.com\/?p=8636\" \/>\n<meta property=\"og:site_name\" content=\"El Cotarro\" \/>\n<meta property=\"article:publisher\" content=\"https:\/\/www.facebook.com\/ElCotarro.Tenerife\" \/>\n<meta property=\"article:published_time\" content=\"2020-08-09T07:04:37+00:00\" \/>\n<meta name=\"author\" content=\"Jos\u00e9 Carlos Marrero Gonz\u00e1lez\" \/>\n<meta name=\"twitter:label1\" content=\"Escrito por\" \/>\n\t<meta name=\"twitter:data1\" content=\"Jos\u00e9 Carlos Marrero Gonz\u00e1lez\" \/>\n\t<meta name=\"twitter:label2\" content=\"Tiempo de lectura\" \/>\n\t<meta name=\"twitter:data2\" content=\"1 minuto\" \/>\n<script type=\"application\/ld+json\" class=\"yoast-schema-graph\">{\"@context\":\"https:\/\/schema.org\",\"@graph\":[{\"@type\":\"Article\",\"@id\":\"https:\/\/elcotarro.com\/?p=8636#article\",\"isPartOf\":{\"@id\":\"https:\/\/elcotarro.com\/?p=8636\"},\"author\":{\"name\":\"Jos\u00e9 Carlos Marrero Gonz\u00e1lez\",\"@id\":\"https:\/\/elcotarro.com\/#\/schema\/person\/af537ee7d60d15984c7e0affcd8a918b\"},\"headline\":\"SANDRA GARC\u00cdA SANJU\u00c1N Y SU SEGURO STARLITE\",\"datePublished\":\"2020-08-09T07:04:37+00:00\",\"mainEntityOfPage\":{\"@id\":\"https:\/\/elcotarro.com\/?p=8636\"},\"wordCount\":213,\"commentCount\":0,\"publisher\":{\"@id\":\"https:\/\/elcotarro.com\/#organization\"},\"inLanguage\":\"es\",\"potentialAction\":[{\"@type\":\"CommentAction\",\"name\":\"Comment\",\"target\":[\"https:\/\/elcotarro.com\/?p=8636#respond\"]}]},{\"@type\":\"WebPage\",\"@id\":\"https:\/\/elcotarro.com\/?p=8636\",\"url\":\"https:\/\/elcotarro.com\/?p=8636\",\"name\":\"SANDRA GARC\u00cdA SANJU\u00c1N Y SU SEGURO STARLITE - El Cotarro\",\"isPartOf\":{\"@id\":\"https:\/\/elcotarro.com\/#website\"},\"datePublished\":\"2020-08-09T07:04:37+00:00\",\"breadcrumb\":{\"@id\":\"https:\/\/elcotarro.com\/?p=8636#breadcrumb\"},\"inLanguage\":\"es\",\"potentialAction\":[{\"@type\":\"ReadAction\",\"target\":[\"https:\/\/elcotarro.com\/?p=8636\"]}]},{\"@type\":\"BreadcrumbList\",\"@id\":\"https:\/\/elcotarro.com\/?p=8636#breadcrumb\",\"itemListElement\":[{\"@type\":\"ListItem\",\"position\":1,\"name\":\"Portada\",\"item\":\"https:\/\/elcotarro.com\/\"},{\"@type\":\"ListItem\",\"position\":2,\"name\":\"SANDRA GARC\u00cdA SANJU\u00c1N Y SU SEGURO STARLITE\"}]},{\"@type\":\"WebSite\",\"@id\":\"https:\/\/elcotarro.com\/#website\",\"url\":\"https:\/\/elcotarro.com\/\",\"name\":\"El Cotarro\",\"description\":\"Peri\u00f3dico Digital Independiente dirigido por Jos\u00e9 Carlos Marrero\",\"publisher\":{\"@id\":\"https:\/\/elcotarro.com\/#organization\"},\"potentialAction\":[{\"@type\":\"SearchAction\",\"target\":{\"@type\":\"EntryPoint\",\"urlTemplate\":\"https:\/\/elcotarro.com\/?s={search_term_string}\"},\"query-input\":{\"@type\":\"PropertyValueSpecification\",\"valueRequired\":true,\"valueName\":\"search_term_string\"}}],\"inLanguage\":\"es\"},{\"@type\":\"Organization\",\"@id\":\"https:\/\/elcotarro.com\/#organization\",\"name\":\"El Cotarro\",\"url\":\"https:\/\/elcotarro.com\/\",\"logo\":{\"@type\":\"ImageObject\",\"inLanguage\":\"es\",\"@id\":\"https:\/\/elcotarro.com\/#\/schema\/logo\/image\/\",\"url\":\"https:\/\/elcotarro.com\/wp-content\/uploads\/2014\/09\/Cabecera_El_Cotarro_v2.jpg\",\"contentUrl\":\"https:\/\/elcotarro.com\/wp-content\/uploads\/2014\/09\/Cabecera_El_Cotarro_v2.jpg\",\"width\":3540,\"height\":441,\"caption\":\"El Cotarro\"},\"image\":{\"@id\":\"https:\/\/elcotarro.com\/#\/schema\/logo\/image\/\"},\"sameAs\":[\"https:\/\/www.facebook.com\/ElCotarro.Tenerife\"]},{\"@type\":\"Person\",\"@id\":\"https:\/\/elcotarro.com\/#\/schema\/person\/af537ee7d60d15984c7e0affcd8a918b\",\"name\":\"Jos\u00e9 Carlos Marrero Gonz\u00e1lez\",\"image\":{\"@type\":\"ImageObject\",\"inLanguage\":\"es\",\"@id\":\"https:\/\/elcotarro.com\/#\/schema\/person\/image\/\",\"url\":\"https:\/\/secure.gravatar.com\/avatar\/def4da036efb5d32c74d49c351f6dccc064dd69ad9f3aadc295c5a9a5391ca01?s=96&d=mm&r=g\",\"contentUrl\":\"https:\/\/secure.gravatar.com\/avatar\/def4da036efb5d32c74d49c351f6dccc064dd69ad9f3aadc295c5a9a5391ca01?s=96&d=mm&r=g\",\"caption\":\"Jos\u00e9 Carlos Marrero Gonz\u00e1lez\"},\"sameAs\":[\"https:\/\/elcotarro.com\"],\"url\":\"https:\/\/elcotarro.com\/?author=2\"}]}<\/script>\n<!-- \/ Yoast SEO plugin. -->","yoast_head_json":{"title":"SANDRA GARC\u00cdA SANJU\u00c1N Y SU SEGURO STARLITE - El Cotarro","robots":{"index":"index","follow":"follow","max-snippet":"max-snippet:-1","max-image-preview":"max-image-preview:large","max-video-preview":"max-video-preview:-1"},"canonical":"https:\/\/elcotarro.com\/?p=8636","og_locale":"es_ES","og_type":"article","og_title":"SANDRA GARC\u00cdA SANJU\u00c1N Y SU SEGURO STARLITE - El Cotarro","og_description":"No puedo olvidarme de otra gran empresaria tinerfe\u00f1a de bandera, como es nuestra querida Sandra Garc\u00eda Sanju\u00e1n Machado, \u201calma mater\u201d del festival internacional Starlite de Marbella, este a\u00f1o patrocinado por la aseguradora Catalana Occidente y reconocido como \u201cel festival boutique m\u00e1s importante de Europa\u201d. La incansable Sandra, hija del empresario y c\u00f3nsul honorario de Chile ... Read more","og_url":"https:\/\/elcotarro.com\/?p=8636","og_site_name":"El Cotarro","article_publisher":"https:\/\/www.facebook.com\/ElCotarro.Tenerife","article_published_time":"2020-08-09T07:04:37+00:00","author":"Jos\u00e9 Carlos Marrero Gonz\u00e1lez","twitter_misc":{"Escrito por":"Jos\u00e9 Carlos Marrero Gonz\u00e1lez","Tiempo de lectura":"1 minuto"},"schema":{"@context":"https:\/\/schema.org","@graph":[{"@type":"Article","@id":"https:\/\/elcotarro.com\/?p=8636#article","isPartOf":{"@id":"https:\/\/elcotarro.com\/?p=8636"},"author":{"name":"Jos\u00e9 Carlos Marrero Gonz\u00e1lez","@id":"https:\/\/elcotarro.com\/#\/schema\/person\/af537ee7d60d15984c7e0affcd8a918b"},"headline":"SANDRA GARC\u00cdA SANJU\u00c1N Y SU SEGURO STARLITE","datePublished":"2020-08-09T07:04:37+00:00","mainEntityOfPage":{"@id":"https:\/\/elcotarro.com\/?p=8636"},"wordCount":213,"commentCount":0,"publisher":{"@id":"https:\/\/elcotarro.com\/#organization"},"inLanguage":"es","potentialAction":[{"@type":"CommentAction","name":"Comment","target":["https:\/\/elcotarro.com\/?p=8636#respond"]}]},{"@type":"WebPage","@id":"https:\/\/elcotarro.com\/?p=8636","url":"https:\/\/elcotarro.com\/?p=8636","name":"SANDRA GARC\u00cdA SANJU\u00c1N Y SU SEGURO STARLITE - El Cotarro","isPartOf":{"@id":"https:\/\/elcotarro.com\/#website"},"datePublished":"2020-08-09T07:04:37+00:00","breadcrumb":{"@id":"https:\/\/elcotarro.com\/?p=8636#breadcrumb"},"inLanguage":"es","potentialAction":[{"@type":"ReadAction","target":["https:\/\/elcotarro.com\/?p=8636"]}]},{"@type":"BreadcrumbList","@id":"https:\/\/elcotarro.com\/?p=8636#breadcrumb","itemListElement":[{"@type":"ListItem","position":1,"name":"Portada","item":"https:\/\/elcotarro.com\/"},{"@type":"ListItem","position":2,"name":"SANDRA GARC\u00cdA SANJU\u00c1N Y SU SEGURO STARLITE"}]},{"@type":"WebSite","@id":"https:\/\/elcotarro.com\/#website","url":"https:\/\/elcotarro.com\/","name":"El Cotarro","description":"Peri\u00f3dico Digital Independiente dirigido por Jos\u00e9 Carlos Marrero","publisher":{"@id":"https:\/\/elcotarro.com\/#organization"},"potentialAction":[{"@type":"SearchAction","target":{"@type":"EntryPoint","urlTemplate":"https:\/\/elcotarro.com\/?s={search_term_string}"},"query-input":{"@type":"PropertyValueSpecification","valueRequired":true,"valueName":"search_term_string"}}],"inLanguage":"es"},{"@type":"Organization","@id":"https:\/\/elcotarro.com\/#organization","name":"El Cotarro","url":"https:\/\/elcotarro.com\/","logo":{"@type":"ImageObject","inLanguage":"es","@id":"https:\/\/elcotarro.com\/#\/schema\/logo\/image\/","url":"https:\/\/elcotarro.com\/wp-content\/uploads\/2014\/09\/Cabecera_El_Cotarro_v2.jpg","contentUrl":"https:\/\/elcotarro.com\/wp-content\/uploads\/2014\/09\/Cabecera_El_Cotarro_v2.jpg","width":3540,"height":441,"caption":"El Cotarro"},"image":{"@id":"https:\/\/elcotarro.com\/#\/schema\/logo\/image\/"},"sameAs":["https:\/\/www.facebook.com\/ElCotarro.Tenerife"]},{"@type":"Person","@id":"https:\/\/elcotarro.com\/#\/schema\/person\/af537ee7d60d15984c7e0affcd8a918b","name":"Jos\u00e9 Carlos Marrero Gonz\u00e1lez","image":{"@type":"ImageObject","inLanguage":"es","@id":"https:\/\/elcotarro.com\/#\/schema\/person\/image\/","url":"https:\/\/secure.gravatar.com\/avatar\/def4da036efb5d32c74d49c351f6dccc064dd69ad9f3aadc295c5a9a5391ca01?s=96&d=mm&r=g","contentUrl":"https:\/\/secure.gravatar.com\/avatar\/def4da036efb5d32c74d49c351f6dccc064dd69ad9f3aadc295c5a9a5391ca01?s=96&d=mm&r=g","caption":"Jos\u00e9 Carlos Marrero Gonz\u00e1lez"},"sameAs":["https:\/\/elcotarro.com"],"url":"https:\/\/elcotarro.com\/?author=2"}]}},"jetpack_featured_media_url":"","jetpack_sharing_enabled":true,"_links":{"self":[{"href":"https:\/\/elcotarro.com\/index.php?rest_route=\/wp\/v2\/posts\/8636","targetHints":{"allow":["GET"]}}],"collection":[{"href":"https:\/\/elcotarro.com\/index.php?rest_route=\/wp\/v2\/posts"}],"about":[{"href":"https:\/\/elcotarro.com\/index.php?rest_route=\/wp\/v2\/types\/post"}],"author":[{"embeddable":true,"href":"https:\/\/elcotarro.com\/index.php?rest_route=\/wp\/v2\/users\/2"}],"replies":[{"embeddable":true,"href":"https:\/\/elcotarro.com\/index.php?rest_route=%2Fwp%2Fv2%2Fcomments&post=8636"}],"version-history":[{"count":1,"href":"https:\/\/elcotarro.com\/index.php?rest_route=\/wp\/v2\/posts\/8636\/revisions"}],"predecessor-version":[{"id":8638,"href":"https:\/\/elcotarro.com\/index.php?rest_route=\/wp\/v2\/posts\/8636\/revisions\/8638"}],"wp:attachment":[{"href":"https:\/\/elcotarro.com\/index.php?rest_route=%2Fwp%2Fv2%2Fmedia&parent=8636"}],"wp:term":[{"taxonomy":"category","embeddable":true,"href":"https:\/\/elcotarro.com\/index.php?rest_route=%2Fwp%2Fv2%2Fcategories&post=8636"},{"taxonomy":"post_tag","embeddable":true,"href":"https:\/\/elcotarro.com\/index.php?rest_route=%2Fwp%2Fv2%2Ftags&post=8636"}],"curies":[{"name":"wp","href":"https:\/\/api.w.org\/{rel}","templated":true}]}}