{"id":8715,"date":"2020-08-23T07:59:43","date_gmt":"2020-08-23T06:59:43","guid":{"rendered":"https:\/\/elcotarro.com\/?p=8715"},"modified":"2020-08-22T11:40:43","modified_gmt":"2020-08-22T10:40:43","slug":"32-anos-de-francisco-hernandez-pichote","status":"publish","type":"post","link":"https:\/\/elcotarro.com\/?p=8715","title":{"rendered":"32 A\u00d1OS DE FRANCISCO HERNANDEZ \u201cPICHOTE\u201d"},"content":{"rendered":"<p>Por culpa de aquella afici\u00f3n al motor y al automovilismo que perdura, hoy estoy metido en tres grupos de <em>WhatsApp<\/em> relacionados con el automovilismo. En uno de ellos, denominado \u201cVeteranos del Kiosco Numancia\u201d, el gran piloto <strong>Francisco Guerrero<\/strong>, conocido popular y cari\u00f1osamente como <strong>\u201cEl Quijo\u201d<\/strong><em>,<\/em> puso hace unos d\u00edas que se cumpl\u00edan 33 del fallecimiento del querido y recordado <strong>Francisco Hern\u00e1ndez P\u00e9rez<\/strong>, el irrepetible <strong>\u201cPichote\u201d,<\/strong> l\u00edder del \u201cEquipo HH\u201d (de la empresa Hern\u00e1ndez Hermanos) donde tambi\u00e9n estaba su hermana <strong>Hortensia Hern\u00e1ndez <\/strong>tambi\u00e9n pilota y actualmente presidenta del CIT del Puerto de la Cruz. A los pocos minutos rectific\u00f3 otro gran piloto, <strong>Jos\u00e9 Manuel Sarmiento<\/strong>, rectificaba diciendo que eran 32 a\u00f1os, recordando que falleci\u00f3 el 19 de agosto de 1988. Segundos despu\u00e9s, el gran <strong>Jos\u00e9 Miguel B\u00e1ez<\/strong>, tambi\u00e9n gran piloto, muchos a\u00f1os presidente de la Federaci\u00f3n Tinerfe\u00f1a de Automovilismo y tambi\u00e9n presidente de la Confederaci\u00f3n Nacional de Autoescuelas, afirmaba rematando: <em>\u00a1joder, c\u00f3mo pasan los a\u00f1os!&#8230;<\/em><\/p>\n<p style=\"text-align: center\"><a href=\"https:\/\/elcotarro.com\/wp-content\/uploads\/2020\/08\/FOTO-2.-1-1.jpg\"><img loading=\"lazy\" decoding=\"async\" class=\"aligncenter size-full wp-image-8716\" src=\"https:\/\/elcotarro.com\/wp-content\/uploads\/2020\/08\/FOTO-2.-1-1.jpg\" alt=\"\" width=\"1074\" height=\"744\" srcset=\"https:\/\/elcotarro.com\/wp-content\/uploads\/2020\/08\/FOTO-2.-1-1.jpg 1074w, https:\/\/elcotarro.com\/wp-content\/uploads\/2020\/08\/FOTO-2.-1-1-300x208.jpg 300w, https:\/\/elcotarro.com\/wp-content\/uploads\/2020\/08\/FOTO-2.-1-1-1024x709.jpg 1024w, https:\/\/elcotarro.com\/wp-content\/uploads\/2020\/08\/FOTO-2.-1-1-768x532.jpg 768w\" sizes=\"auto, (max-width: 1074px) 100vw, 1074px\" \/><\/a><\/p>\n<p style=\"text-align: center\"><em>El original kiosco Numancia, tambi\u00e9n llamado \u201cKiosco de la Gasolina\u201d, que siempre ha sido punto de encuentro de los amantes del automovilismo en la isla de Tenerife.<\/em><\/p>\n","protected":false},"excerpt":{"rendered":"<p>Por culpa de aquella afici\u00f3n al motor y al automovilismo que perdura, hoy estoy metido en tres grupos de WhatsApp relacionados con el automovilismo. En uno de ellos, denominado \u201cVeteranos del Kiosco Numancia\u201d, el gran piloto Francisco Guerrero, conocido popular y cari\u00f1osamente como \u201cEl Quijo\u201d, puso hace unos d\u00edas que se cumpl\u00edan 33 del fallecimiento &#8230; <a class=\"read-more\" href=\"https:\/\/elcotarro.com\/?p=8715\">Read more<\/a><\/p>\n","protected":false},"author":2,"featured_media":0,"comment_status":"open","ping_status":"open","sticky":false,"template":"","format":"standard","meta":{"_jetpack_memberships_contains_paid_content":false,"footnotes":""},"categories":[1],"tags":[],"class_list":["post-8715","post","type-post","status-publish","format-standard","hentry","category-sin-categoria"],"yoast_head":"<!-- This site is optimized with the Yoast SEO plugin v27.0 - https:\/\/yoast.com\/product\/yoast-seo-wordpress\/ -->\n<title>32 A\u00d1OS DE FRANCISCO HERNANDEZ \u201cPICHOTE\u201d - El Cotarro<\/title>\n<meta name=\"robots\" content=\"index, follow, max-snippet:-1, max-image-preview:large, max-video-preview:-1\" \/>\n<link rel=\"canonical\" href=\"https:\/\/elcotarro.com\/?p=8715\" \/>\n<meta property=\"og:locale\" content=\"es_ES\" \/>\n<meta property=\"og:type\" content=\"article\" \/>\n<meta property=\"og:title\" content=\"32 A\u00d1OS DE FRANCISCO HERNANDEZ \u201cPICHOTE\u201d - El Cotarro\" \/>\n<meta property=\"og:description\" content=\"Por culpa de aquella afici\u00f3n al motor y al automovilismo que perdura, hoy estoy metido en tres grupos de WhatsApp relacionados con el automovilismo. En uno de ellos, denominado \u201cVeteranos del Kiosco Numancia\u201d, el gran piloto Francisco Guerrero, conocido popular y cari\u00f1osamente como \u201cEl Quijo\u201d, puso hace unos d\u00edas que se cumpl\u00edan 33 del fallecimiento ... Read more\" \/>\n<meta property=\"og:url\" content=\"https:\/\/elcotarro.com\/?p=8715\" \/>\n<meta property=\"og:site_name\" content=\"El Cotarro\" \/>\n<meta property=\"article:publisher\" content=\"https:\/\/www.facebook.com\/ElCotarro.Tenerife\" \/>\n<meta property=\"article:published_time\" content=\"2020-08-23T06:59:43+00:00\" \/>\n<meta property=\"og:image\" content=\"https:\/\/elcotarro.com\/wp-content\/uploads\/2020\/08\/FOTO-2.-1-1.jpg\" \/>\n<meta name=\"author\" content=\"Jos\u00e9 Carlos Marrero Gonz\u00e1lez\" \/>\n<meta name=\"twitter:label1\" content=\"Escrito por\" \/>\n\t<meta name=\"twitter:data1\" content=\"Jos\u00e9 Carlos Marrero Gonz\u00e1lez\" \/>\n\t<meta name=\"twitter:label2\" content=\"Tiempo de lectura\" \/>\n\t<meta name=\"twitter:data2\" content=\"1 minuto\" \/>\n<script type=\"application\/ld+json\" class=\"yoast-schema-graph\">{\"@context\":\"https:\/\/schema.org\",\"@graph\":[{\"@type\":\"Article\",\"@id\":\"https:\/\/elcotarro.com\/?p=8715#article\",\"isPartOf\":{\"@id\":\"https:\/\/elcotarro.com\/?p=8715\"},\"author\":{\"name\":\"Jos\u00e9 Carlos Marrero Gonz\u00e1lez\",\"@id\":\"https:\/\/elcotarro.com\/#\/schema\/person\/af537ee7d60d15984c7e0affcd8a918b\"},\"headline\":\"32 A\u00d1OS DE FRANCISCO HERNANDEZ \u201cPICHOTE\u201d\",\"datePublished\":\"2020-08-23T06:59:43+00:00\",\"mainEntityOfPage\":{\"@id\":\"https:\/\/elcotarro.com\/?p=8715\"},\"wordCount\":206,\"commentCount\":0,\"publisher\":{\"@id\":\"https:\/\/elcotarro.com\/#organization\"},\"image\":{\"@id\":\"https:\/\/elcotarro.com\/?p=8715#primaryimage\"},\"thumbnailUrl\":\"https:\/\/elcotarro.com\/wp-content\/uploads\/2020\/08\/FOTO-2.-1-1.jpg\",\"inLanguage\":\"es\",\"potentialAction\":[{\"@type\":\"CommentAction\",\"name\":\"Comment\",\"target\":[\"https:\/\/elcotarro.com\/?p=8715#respond\"]}]},{\"@type\":\"WebPage\",\"@id\":\"https:\/\/elcotarro.com\/?p=8715\",\"url\":\"https:\/\/elcotarro.com\/?p=8715\",\"name\":\"32 A\u00d1OS DE FRANCISCO HERNANDEZ \u201cPICHOTE\u201d - El Cotarro\",\"isPartOf\":{\"@id\":\"https:\/\/elcotarro.com\/#website\"},\"primaryImageOfPage\":{\"@id\":\"https:\/\/elcotarro.com\/?p=8715#primaryimage\"},\"image\":{\"@id\":\"https:\/\/elcotarro.com\/?p=8715#primaryimage\"},\"thumbnailUrl\":\"https:\/\/elcotarro.com\/wp-content\/uploads\/2020\/08\/FOTO-2.-1-1.jpg\",\"datePublished\":\"2020-08-23T06:59:43+00:00\",\"breadcrumb\":{\"@id\":\"https:\/\/elcotarro.com\/?p=8715#breadcrumb\"},\"inLanguage\":\"es\",\"potentialAction\":[{\"@type\":\"ReadAction\",\"target\":[\"https:\/\/elcotarro.com\/?p=8715\"]}]},{\"@type\":\"ImageObject\",\"inLanguage\":\"es\",\"@id\":\"https:\/\/elcotarro.com\/?p=8715#primaryimage\",\"url\":\"https:\/\/elcotarro.com\/wp-content\/uploads\/2020\/08\/FOTO-2.-1-1.jpg\",\"contentUrl\":\"https:\/\/elcotarro.com\/wp-content\/uploads\/2020\/08\/FOTO-2.-1-1.jpg\",\"width\":1074,\"height\":744},{\"@type\":\"BreadcrumbList\",\"@id\":\"https:\/\/elcotarro.com\/?p=8715#breadcrumb\",\"itemListElement\":[{\"@type\":\"ListItem\",\"position\":1,\"name\":\"Portada\",\"item\":\"https:\/\/elcotarro.com\/\"},{\"@type\":\"ListItem\",\"position\":2,\"name\":\"32 A\u00d1OS DE FRANCISCO HERNANDEZ \u201cPICHOTE\u201d\"}]},{\"@type\":\"WebSite\",\"@id\":\"https:\/\/elcotarro.com\/#website\",\"url\":\"https:\/\/elcotarro.com\/\",\"name\":\"El Cotarro\",\"description\":\"Peri\u00f3dico Digital Independiente dirigido por Jos\u00e9 Carlos Marrero\",\"publisher\":{\"@id\":\"https:\/\/elcotarro.com\/#organization\"},\"potentialAction\":[{\"@type\":\"SearchAction\",\"target\":{\"@type\":\"EntryPoint\",\"urlTemplate\":\"https:\/\/elcotarro.com\/?s={search_term_string}\"},\"query-input\":{\"@type\":\"PropertyValueSpecification\",\"valueRequired\":true,\"valueName\":\"search_term_string\"}}],\"inLanguage\":\"es\"},{\"@type\":\"Organization\",\"@id\":\"https:\/\/elcotarro.com\/#organization\",\"name\":\"El Cotarro\",\"url\":\"https:\/\/elcotarro.com\/\",\"logo\":{\"@type\":\"ImageObject\",\"inLanguage\":\"es\",\"@id\":\"https:\/\/elcotarro.com\/#\/schema\/logo\/image\/\",\"url\":\"https:\/\/elcotarro.com\/wp-content\/uploads\/2014\/09\/Cabecera_El_Cotarro_v2.jpg\",\"contentUrl\":\"https:\/\/elcotarro.com\/wp-content\/uploads\/2014\/09\/Cabecera_El_Cotarro_v2.jpg\",\"width\":3540,\"height\":441,\"caption\":\"El Cotarro\"},\"image\":{\"@id\":\"https:\/\/elcotarro.com\/#\/schema\/logo\/image\/\"},\"sameAs\":[\"https:\/\/www.facebook.com\/ElCotarro.Tenerife\"]},{\"@type\":\"Person\",\"@id\":\"https:\/\/elcotarro.com\/#\/schema\/person\/af537ee7d60d15984c7e0affcd8a918b\",\"name\":\"Jos\u00e9 Carlos Marrero Gonz\u00e1lez\",\"image\":{\"@type\":\"ImageObject\",\"inLanguage\":\"es\",\"@id\":\"https:\/\/elcotarro.com\/#\/schema\/person\/image\/\",\"url\":\"https:\/\/secure.gravatar.com\/avatar\/def4da036efb5d32c74d49c351f6dccc064dd69ad9f3aadc295c5a9a5391ca01?s=96&d=mm&r=g\",\"contentUrl\":\"https:\/\/secure.gravatar.com\/avatar\/def4da036efb5d32c74d49c351f6dccc064dd69ad9f3aadc295c5a9a5391ca01?s=96&d=mm&r=g\",\"caption\":\"Jos\u00e9 Carlos Marrero Gonz\u00e1lez\"},\"sameAs\":[\"https:\/\/elcotarro.com\"],\"url\":\"https:\/\/elcotarro.com\/?author=2\"}]}<\/script>\n<!-- \/ Yoast SEO plugin. -->","yoast_head_json":{"title":"32 A\u00d1OS DE FRANCISCO HERNANDEZ \u201cPICHOTE\u201d - El Cotarro","robots":{"index":"index","follow":"follow","max-snippet":"max-snippet:-1","max-image-preview":"max-image-preview:large","max-video-preview":"max-video-preview:-1"},"canonical":"https:\/\/elcotarro.com\/?p=8715","og_locale":"es_ES","og_type":"article","og_title":"32 A\u00d1OS DE FRANCISCO HERNANDEZ \u201cPICHOTE\u201d - El Cotarro","og_description":"Por culpa de aquella afici\u00f3n al motor y al automovilismo que perdura, hoy estoy metido en tres grupos de WhatsApp relacionados con el automovilismo. En uno de ellos, denominado \u201cVeteranos del Kiosco Numancia\u201d, el gran piloto Francisco Guerrero, conocido popular y cari\u00f1osamente como \u201cEl Quijo\u201d, puso hace unos d\u00edas que se cumpl\u00edan 33 del fallecimiento ... Read more","og_url":"https:\/\/elcotarro.com\/?p=8715","og_site_name":"El Cotarro","article_publisher":"https:\/\/www.facebook.com\/ElCotarro.Tenerife","article_published_time":"2020-08-23T06:59:43+00:00","og_image":[{"url":"https:\/\/elcotarro.com\/wp-content\/uploads\/2020\/08\/FOTO-2.-1-1.jpg","type":"","width":"","height":""}],"author":"Jos\u00e9 Carlos Marrero Gonz\u00e1lez","twitter_misc":{"Escrito por":"Jos\u00e9 Carlos Marrero Gonz\u00e1lez","Tiempo de lectura":"1 minuto"},"schema":{"@context":"https:\/\/schema.org","@graph":[{"@type":"Article","@id":"https:\/\/elcotarro.com\/?p=8715#article","isPartOf":{"@id":"https:\/\/elcotarro.com\/?p=8715"},"author":{"name":"Jos\u00e9 Carlos Marrero Gonz\u00e1lez","@id":"https:\/\/elcotarro.com\/#\/schema\/person\/af537ee7d60d15984c7e0affcd8a918b"},"headline":"32 A\u00d1OS DE FRANCISCO HERNANDEZ \u201cPICHOTE\u201d","datePublished":"2020-08-23T06:59:43+00:00","mainEntityOfPage":{"@id":"https:\/\/elcotarro.com\/?p=8715"},"wordCount":206,"commentCount":0,"publisher":{"@id":"https:\/\/elcotarro.com\/#organization"},"image":{"@id":"https:\/\/elcotarro.com\/?p=8715#primaryimage"},"thumbnailUrl":"https:\/\/elcotarro.com\/wp-content\/uploads\/2020\/08\/FOTO-2.-1-1.jpg","inLanguage":"es","potentialAction":[{"@type":"CommentAction","name":"Comment","target":["https:\/\/elcotarro.com\/?p=8715#respond"]}]},{"@type":"WebPage","@id":"https:\/\/elcotarro.com\/?p=8715","url":"https:\/\/elcotarro.com\/?p=8715","name":"32 A\u00d1OS DE FRANCISCO HERNANDEZ \u201cPICHOTE\u201d - El Cotarro","isPartOf":{"@id":"https:\/\/elcotarro.com\/#website"},"primaryImageOfPage":{"@id":"https:\/\/elcotarro.com\/?p=8715#primaryimage"},"image":{"@id":"https:\/\/elcotarro.com\/?p=8715#primaryimage"},"thumbnailUrl":"https:\/\/elcotarro.com\/wp-content\/uploads\/2020\/08\/FOTO-2.-1-1.jpg","datePublished":"2020-08-23T06:59:43+00:00","breadcrumb":{"@id":"https:\/\/elcotarro.com\/?p=8715#breadcrumb"},"inLanguage":"es","potentialAction":[{"@type":"ReadAction","target":["https:\/\/elcotarro.com\/?p=8715"]}]},{"@type":"ImageObject","inLanguage":"es","@id":"https:\/\/elcotarro.com\/?p=8715#primaryimage","url":"https:\/\/elcotarro.com\/wp-content\/uploads\/2020\/08\/FOTO-2.-1-1.jpg","contentUrl":"https:\/\/elcotarro.com\/wp-content\/uploads\/2020\/08\/FOTO-2.-1-1.jpg","width":1074,"height":744},{"@type":"BreadcrumbList","@id":"https:\/\/elcotarro.com\/?p=8715#breadcrumb","itemListElement":[{"@type":"ListItem","position":1,"name":"Portada","item":"https:\/\/elcotarro.com\/"},{"@type":"ListItem","position":2,"name":"32 A\u00d1OS DE FRANCISCO HERNANDEZ \u201cPICHOTE\u201d"}]},{"@type":"WebSite","@id":"https:\/\/elcotarro.com\/#website","url":"https:\/\/elcotarro.com\/","name":"El Cotarro","description":"Peri\u00f3dico Digital Independiente dirigido por Jos\u00e9 Carlos Marrero","publisher":{"@id":"https:\/\/elcotarro.com\/#organization"},"potentialAction":[{"@type":"SearchAction","target":{"@type":"EntryPoint","urlTemplate":"https:\/\/elcotarro.com\/?s={search_term_string}"},"query-input":{"@type":"PropertyValueSpecification","valueRequired":true,"valueName":"search_term_string"}}],"inLanguage":"es"},{"@type":"Organization","@id":"https:\/\/elcotarro.com\/#organization","name":"El Cotarro","url":"https:\/\/elcotarro.com\/","logo":{"@type":"ImageObject","inLanguage":"es","@id":"https:\/\/elcotarro.com\/#\/schema\/logo\/image\/","url":"https:\/\/elcotarro.com\/wp-content\/uploads\/2014\/09\/Cabecera_El_Cotarro_v2.jpg","contentUrl":"https:\/\/elcotarro.com\/wp-content\/uploads\/2014\/09\/Cabecera_El_Cotarro_v2.jpg","width":3540,"height":441,"caption":"El Cotarro"},"image":{"@id":"https:\/\/elcotarro.com\/#\/schema\/logo\/image\/"},"sameAs":["https:\/\/www.facebook.com\/ElCotarro.Tenerife"]},{"@type":"Person","@id":"https:\/\/elcotarro.com\/#\/schema\/person\/af537ee7d60d15984c7e0affcd8a918b","name":"Jos\u00e9 Carlos Marrero Gonz\u00e1lez","image":{"@type":"ImageObject","inLanguage":"es","@id":"https:\/\/elcotarro.com\/#\/schema\/person\/image\/","url":"https:\/\/secure.gravatar.com\/avatar\/def4da036efb5d32c74d49c351f6dccc064dd69ad9f3aadc295c5a9a5391ca01?s=96&d=mm&r=g","contentUrl":"https:\/\/secure.gravatar.com\/avatar\/def4da036efb5d32c74d49c351f6dccc064dd69ad9f3aadc295c5a9a5391ca01?s=96&d=mm&r=g","caption":"Jos\u00e9 Carlos Marrero Gonz\u00e1lez"},"sameAs":["https:\/\/elcotarro.com"],"url":"https:\/\/elcotarro.com\/?author=2"}]}},"jetpack_featured_media_url":"","jetpack_sharing_enabled":true,"_links":{"self":[{"href":"https:\/\/elcotarro.com\/index.php?rest_route=\/wp\/v2\/posts\/8715","targetHints":{"allow":["GET"]}}],"collection":[{"href":"https:\/\/elcotarro.com\/index.php?rest_route=\/wp\/v2\/posts"}],"about":[{"href":"https:\/\/elcotarro.com\/index.php?rest_route=\/wp\/v2\/types\/post"}],"author":[{"embeddable":true,"href":"https:\/\/elcotarro.com\/index.php?rest_route=\/wp\/v2\/users\/2"}],"replies":[{"embeddable":true,"href":"https:\/\/elcotarro.com\/index.php?rest_route=%2Fwp%2Fv2%2Fcomments&post=8715"}],"version-history":[{"count":1,"href":"https:\/\/elcotarro.com\/index.php?rest_route=\/wp\/v2\/posts\/8715\/revisions"}],"predecessor-version":[{"id":8717,"href":"https:\/\/elcotarro.com\/index.php?rest_route=\/wp\/v2\/posts\/8715\/revisions\/8717"}],"wp:attachment":[{"href":"https:\/\/elcotarro.com\/index.php?rest_route=%2Fwp%2Fv2%2Fmedia&parent=8715"}],"wp:term":[{"taxonomy":"category","embeddable":true,"href":"https:\/\/elcotarro.com\/index.php?rest_route=%2Fwp%2Fv2%2Fcategories&post=8715"},{"taxonomy":"post_tag","embeddable":true,"href":"https:\/\/elcotarro.com\/index.php?rest_route=%2Fwp%2Fv2%2Ftags&post=8715"}],"curies":[{"name":"wp","href":"https:\/\/api.w.org\/{rel}","templated":true}]}}