{"id":8718,"date":"2020-08-23T07:58:50","date_gmt":"2020-08-23T06:58:50","guid":{"rendered":"https:\/\/elcotarro.com\/?p=8718"},"modified":"2020-08-22T11:41:40","modified_gmt":"2020-08-22T10:41:40","slug":"una-gran-anecdota-de-francisco-hernandez","status":"publish","type":"post","link":"https:\/\/elcotarro.com\/?p=8718","title":{"rendered":"UNA GRAN AN\u00c9CDOTA DE FRANCISCO HERN\u00c1NDEZ"},"content":{"rendered":"<p>En el grupo de <em>WhatsApp<\/em> tambi\u00e9n est\u00e1 <strong>Alfredo Medina<\/strong>, sin duda otro gran copiloto y en la actualidad director de Comunicaci\u00f3n y Relaciones Externas de El Corte Ingl\u00e9s en Tenerife. El bueno de <strong>Alfredo<\/strong> me ha escrito contando una an\u00e9cdota precedida por una cita del gran <strong>Gabriel Garc\u00eda M\u00e1rquez<\/strong> que dice: <em>\u00abLa vida no es la que uno vivi\u00f3, sino la que uno recuerda y c\u00f3mo la recuerda para contarla\u00bb<\/em>. La historia tiene como protagonistas a dos de los ya nombrados, al irrepetible y recordado <strong>Francisco Hern\u00e1ndez \u201cPichote\u201d <\/strong>y otro incombustible como es <strong>Francisco Guerrero \u201cEl Quijo\u201d,<\/strong> que sigue d\u00e1ndonos guerra y ojal\u00e1 que por muchos a\u00f1os. <strong>Pichote<\/strong> y <strong>Quijo<\/strong>, seg\u00fan comenta con humor <strong>Alfredo Medina<\/strong>, debieron ser la primera <em>\u201cpareja de hecho\u201d<\/em>en el automovilismo tinerfe\u00f1o. Creo que dicha an\u00e9cdota es digna de que la conozcan ustedes, querida y fiel audiencia de <strong><em>El Cotarro<\/em><\/strong> y, adem\u00e1s, contada tal como la escribi\u00f3 <strong>Alfredo Medina<\/strong>, textualmente\u2026<\/p>\n<p style=\"text-align: center\"><a href=\"https:\/\/elcotarro.com\/wp-content\/uploads\/2020\/08\/FOTO-3.-PICHOTE-Y-QUIJO-1.jpg\"><img loading=\"lazy\" decoding=\"async\" class=\"aligncenter size-full wp-image-8719\" src=\"https:\/\/elcotarro.com\/wp-content\/uploads\/2020\/08\/FOTO-3.-PICHOTE-Y-QUIJO-1.jpg\" alt=\"\" width=\"720\" height=\"537\" srcset=\"https:\/\/elcotarro.com\/wp-content\/uploads\/2020\/08\/FOTO-3.-PICHOTE-Y-QUIJO-1.jpg 720w, https:\/\/elcotarro.com\/wp-content\/uploads\/2020\/08\/FOTO-3.-PICHOTE-Y-QUIJO-1-300x224.jpg 300w\" sizes=\"auto, (max-width: 720px) 100vw, 720px\" \/><\/a><\/p>\n<p style=\"text-align: center\"><em>Francisco Hern\u00e1ndez \u201cPichote\u201d (i) y su copiloto, Francisco Guerrero \u201cQuijo\u201d<\/em><em> junto a uno de los m\u00edticos Hillman IMP Fraiser<\/em><\/p>\n","protected":false},"excerpt":{"rendered":"<p>En el grupo de WhatsApp tambi\u00e9n est\u00e1 Alfredo Medina, sin duda otro gran copiloto y en la actualidad director de Comunicaci\u00f3n y Relaciones Externas de El Corte Ingl\u00e9s en Tenerife. El bueno de Alfredo me ha escrito contando una an\u00e9cdota precedida por una cita del gran Gabriel Garc\u00eda M\u00e1rquez que dice: \u00abLa vida no es &#8230; <a class=\"read-more\" href=\"https:\/\/elcotarro.com\/?p=8718\">Read more<\/a><\/p>\n","protected":false},"author":2,"featured_media":0,"comment_status":"open","ping_status":"open","sticky":false,"template":"","format":"standard","meta":{"_jetpack_memberships_contains_paid_content":false,"footnotes":""},"categories":[1],"tags":[],"class_list":["post-8718","post","type-post","status-publish","format-standard","hentry","category-sin-categoria"],"yoast_head":"<!-- This site is optimized with the Yoast SEO plugin v27.0 - https:\/\/yoast.com\/product\/yoast-seo-wordpress\/ -->\n<title>UNA GRAN AN\u00c9CDOTA DE FRANCISCO HERN\u00c1NDEZ - El Cotarro<\/title>\n<meta name=\"robots\" content=\"index, follow, max-snippet:-1, max-image-preview:large, max-video-preview:-1\" \/>\n<link rel=\"canonical\" href=\"https:\/\/elcotarro.com\/?p=8718\" \/>\n<meta property=\"og:locale\" content=\"es_ES\" \/>\n<meta property=\"og:type\" content=\"article\" \/>\n<meta property=\"og:title\" content=\"UNA GRAN AN\u00c9CDOTA DE FRANCISCO HERN\u00c1NDEZ - El Cotarro\" \/>\n<meta property=\"og:description\" content=\"En el grupo de WhatsApp tambi\u00e9n est\u00e1 Alfredo Medina, sin duda otro gran copiloto y en la actualidad director de Comunicaci\u00f3n y Relaciones Externas de El Corte Ingl\u00e9s en Tenerife. El bueno de Alfredo me ha escrito contando una an\u00e9cdota precedida por una cita del gran Gabriel Garc\u00eda M\u00e1rquez que dice: \u00abLa vida no es ... Read more\" \/>\n<meta property=\"og:url\" content=\"https:\/\/elcotarro.com\/?p=8718\" \/>\n<meta property=\"og:site_name\" content=\"El Cotarro\" \/>\n<meta property=\"article:publisher\" content=\"https:\/\/www.facebook.com\/ElCotarro.Tenerife\" \/>\n<meta property=\"article:published_time\" content=\"2020-08-23T06:58:50+00:00\" \/>\n<meta property=\"og:image\" content=\"https:\/\/elcotarro.com\/wp-content\/uploads\/2020\/08\/FOTO-3.-PICHOTE-Y-QUIJO-1.jpg\" \/>\n<meta name=\"author\" content=\"Jos\u00e9 Carlos Marrero Gonz\u00e1lez\" \/>\n<meta name=\"twitter:label1\" content=\"Escrito por\" \/>\n\t<meta name=\"twitter:data1\" content=\"Jos\u00e9 Carlos Marrero Gonz\u00e1lez\" \/>\n\t<meta name=\"twitter:label2\" content=\"Tiempo de lectura\" \/>\n\t<meta name=\"twitter:data2\" content=\"1 minuto\" \/>\n<script type=\"application\/ld+json\" class=\"yoast-schema-graph\">{\"@context\":\"https:\/\/schema.org\",\"@graph\":[{\"@type\":\"Article\",\"@id\":\"https:\/\/elcotarro.com\/?p=8718#article\",\"isPartOf\":{\"@id\":\"https:\/\/elcotarro.com\/?p=8718\"},\"author\":{\"name\":\"Jos\u00e9 Carlos Marrero Gonz\u00e1lez\",\"@id\":\"https:\/\/elcotarro.com\/#\/schema\/person\/af537ee7d60d15984c7e0affcd8a918b\"},\"headline\":\"UNA GRAN AN\u00c9CDOTA DE FRANCISCO HERN\u00c1NDEZ\",\"datePublished\":\"2020-08-23T06:58:50+00:00\",\"mainEntityOfPage\":{\"@id\":\"https:\/\/elcotarro.com\/?p=8718\"},\"wordCount\":198,\"commentCount\":0,\"publisher\":{\"@id\":\"https:\/\/elcotarro.com\/#organization\"},\"image\":{\"@id\":\"https:\/\/elcotarro.com\/?p=8718#primaryimage\"},\"thumbnailUrl\":\"https:\/\/elcotarro.com\/wp-content\/uploads\/2020\/08\/FOTO-3.-PICHOTE-Y-QUIJO-1.jpg\",\"inLanguage\":\"es\",\"potentialAction\":[{\"@type\":\"CommentAction\",\"name\":\"Comment\",\"target\":[\"https:\/\/elcotarro.com\/?p=8718#respond\"]}]},{\"@type\":\"WebPage\",\"@id\":\"https:\/\/elcotarro.com\/?p=8718\",\"url\":\"https:\/\/elcotarro.com\/?p=8718\",\"name\":\"UNA GRAN AN\u00c9CDOTA DE FRANCISCO HERN\u00c1NDEZ - El Cotarro\",\"isPartOf\":{\"@id\":\"https:\/\/elcotarro.com\/#website\"},\"primaryImageOfPage\":{\"@id\":\"https:\/\/elcotarro.com\/?p=8718#primaryimage\"},\"image\":{\"@id\":\"https:\/\/elcotarro.com\/?p=8718#primaryimage\"},\"thumbnailUrl\":\"https:\/\/elcotarro.com\/wp-content\/uploads\/2020\/08\/FOTO-3.-PICHOTE-Y-QUIJO-1.jpg\",\"datePublished\":\"2020-08-23T06:58:50+00:00\",\"breadcrumb\":{\"@id\":\"https:\/\/elcotarro.com\/?p=8718#breadcrumb\"},\"inLanguage\":\"es\",\"potentialAction\":[{\"@type\":\"ReadAction\",\"target\":[\"https:\/\/elcotarro.com\/?p=8718\"]}]},{\"@type\":\"ImageObject\",\"inLanguage\":\"es\",\"@id\":\"https:\/\/elcotarro.com\/?p=8718#primaryimage\",\"url\":\"https:\/\/elcotarro.com\/wp-content\/uploads\/2020\/08\/FOTO-3.-PICHOTE-Y-QUIJO-1.jpg\",\"contentUrl\":\"https:\/\/elcotarro.com\/wp-content\/uploads\/2020\/08\/FOTO-3.-PICHOTE-Y-QUIJO-1.jpg\",\"width\":720,\"height\":537},{\"@type\":\"BreadcrumbList\",\"@id\":\"https:\/\/elcotarro.com\/?p=8718#breadcrumb\",\"itemListElement\":[{\"@type\":\"ListItem\",\"position\":1,\"name\":\"Portada\",\"item\":\"https:\/\/elcotarro.com\/\"},{\"@type\":\"ListItem\",\"position\":2,\"name\":\"UNA GRAN AN\u00c9CDOTA DE FRANCISCO HERN\u00c1NDEZ\"}]},{\"@type\":\"WebSite\",\"@id\":\"https:\/\/elcotarro.com\/#website\",\"url\":\"https:\/\/elcotarro.com\/\",\"name\":\"El Cotarro\",\"description\":\"Peri\u00f3dico Digital Independiente dirigido por Jos\u00e9 Carlos Marrero\",\"publisher\":{\"@id\":\"https:\/\/elcotarro.com\/#organization\"},\"potentialAction\":[{\"@type\":\"SearchAction\",\"target\":{\"@type\":\"EntryPoint\",\"urlTemplate\":\"https:\/\/elcotarro.com\/?s={search_term_string}\"},\"query-input\":{\"@type\":\"PropertyValueSpecification\",\"valueRequired\":true,\"valueName\":\"search_term_string\"}}],\"inLanguage\":\"es\"},{\"@type\":\"Organization\",\"@id\":\"https:\/\/elcotarro.com\/#organization\",\"name\":\"El Cotarro\",\"url\":\"https:\/\/elcotarro.com\/\",\"logo\":{\"@type\":\"ImageObject\",\"inLanguage\":\"es\",\"@id\":\"https:\/\/elcotarro.com\/#\/schema\/logo\/image\/\",\"url\":\"https:\/\/elcotarro.com\/wp-content\/uploads\/2014\/09\/Cabecera_El_Cotarro_v2.jpg\",\"contentUrl\":\"https:\/\/elcotarro.com\/wp-content\/uploads\/2014\/09\/Cabecera_El_Cotarro_v2.jpg\",\"width\":3540,\"height\":441,\"caption\":\"El Cotarro\"},\"image\":{\"@id\":\"https:\/\/elcotarro.com\/#\/schema\/logo\/image\/\"},\"sameAs\":[\"https:\/\/www.facebook.com\/ElCotarro.Tenerife\"]},{\"@type\":\"Person\",\"@id\":\"https:\/\/elcotarro.com\/#\/schema\/person\/af537ee7d60d15984c7e0affcd8a918b\",\"name\":\"Jos\u00e9 Carlos Marrero Gonz\u00e1lez\",\"image\":{\"@type\":\"ImageObject\",\"inLanguage\":\"es\",\"@id\":\"https:\/\/elcotarro.com\/#\/schema\/person\/image\/\",\"url\":\"https:\/\/secure.gravatar.com\/avatar\/def4da036efb5d32c74d49c351f6dccc064dd69ad9f3aadc295c5a9a5391ca01?s=96&d=mm&r=g\",\"contentUrl\":\"https:\/\/secure.gravatar.com\/avatar\/def4da036efb5d32c74d49c351f6dccc064dd69ad9f3aadc295c5a9a5391ca01?s=96&d=mm&r=g\",\"caption\":\"Jos\u00e9 Carlos Marrero Gonz\u00e1lez\"},\"sameAs\":[\"https:\/\/elcotarro.com\"],\"url\":\"https:\/\/elcotarro.com\/?author=2\"}]}<\/script>\n<!-- \/ Yoast SEO plugin. -->","yoast_head_json":{"title":"UNA GRAN AN\u00c9CDOTA DE FRANCISCO HERN\u00c1NDEZ - El Cotarro","robots":{"index":"index","follow":"follow","max-snippet":"max-snippet:-1","max-image-preview":"max-image-preview:large","max-video-preview":"max-video-preview:-1"},"canonical":"https:\/\/elcotarro.com\/?p=8718","og_locale":"es_ES","og_type":"article","og_title":"UNA GRAN AN\u00c9CDOTA DE FRANCISCO HERN\u00c1NDEZ - El Cotarro","og_description":"En el grupo de WhatsApp tambi\u00e9n est\u00e1 Alfredo Medina, sin duda otro gran copiloto y en la actualidad director de Comunicaci\u00f3n y Relaciones Externas de El Corte Ingl\u00e9s en Tenerife. El bueno de Alfredo me ha escrito contando una an\u00e9cdota precedida por una cita del gran Gabriel Garc\u00eda M\u00e1rquez que dice: \u00abLa vida no es ... Read more","og_url":"https:\/\/elcotarro.com\/?p=8718","og_site_name":"El Cotarro","article_publisher":"https:\/\/www.facebook.com\/ElCotarro.Tenerife","article_published_time":"2020-08-23T06:58:50+00:00","og_image":[{"url":"https:\/\/elcotarro.com\/wp-content\/uploads\/2020\/08\/FOTO-3.-PICHOTE-Y-QUIJO-1.jpg","type":"","width":"","height":""}],"author":"Jos\u00e9 Carlos Marrero Gonz\u00e1lez","twitter_misc":{"Escrito por":"Jos\u00e9 Carlos Marrero Gonz\u00e1lez","Tiempo de lectura":"1 minuto"},"schema":{"@context":"https:\/\/schema.org","@graph":[{"@type":"Article","@id":"https:\/\/elcotarro.com\/?p=8718#article","isPartOf":{"@id":"https:\/\/elcotarro.com\/?p=8718"},"author":{"name":"Jos\u00e9 Carlos Marrero Gonz\u00e1lez","@id":"https:\/\/elcotarro.com\/#\/schema\/person\/af537ee7d60d15984c7e0affcd8a918b"},"headline":"UNA GRAN AN\u00c9CDOTA DE FRANCISCO HERN\u00c1NDEZ","datePublished":"2020-08-23T06:58:50+00:00","mainEntityOfPage":{"@id":"https:\/\/elcotarro.com\/?p=8718"},"wordCount":198,"commentCount":0,"publisher":{"@id":"https:\/\/elcotarro.com\/#organization"},"image":{"@id":"https:\/\/elcotarro.com\/?p=8718#primaryimage"},"thumbnailUrl":"https:\/\/elcotarro.com\/wp-content\/uploads\/2020\/08\/FOTO-3.-PICHOTE-Y-QUIJO-1.jpg","inLanguage":"es","potentialAction":[{"@type":"CommentAction","name":"Comment","target":["https:\/\/elcotarro.com\/?p=8718#respond"]}]},{"@type":"WebPage","@id":"https:\/\/elcotarro.com\/?p=8718","url":"https:\/\/elcotarro.com\/?p=8718","name":"UNA GRAN AN\u00c9CDOTA DE FRANCISCO HERN\u00c1NDEZ - El Cotarro","isPartOf":{"@id":"https:\/\/elcotarro.com\/#website"},"primaryImageOfPage":{"@id":"https:\/\/elcotarro.com\/?p=8718#primaryimage"},"image":{"@id":"https:\/\/elcotarro.com\/?p=8718#primaryimage"},"thumbnailUrl":"https:\/\/elcotarro.com\/wp-content\/uploads\/2020\/08\/FOTO-3.-PICHOTE-Y-QUIJO-1.jpg","datePublished":"2020-08-23T06:58:50+00:00","breadcrumb":{"@id":"https:\/\/elcotarro.com\/?p=8718#breadcrumb"},"inLanguage":"es","potentialAction":[{"@type":"ReadAction","target":["https:\/\/elcotarro.com\/?p=8718"]}]},{"@type":"ImageObject","inLanguage":"es","@id":"https:\/\/elcotarro.com\/?p=8718#primaryimage","url":"https:\/\/elcotarro.com\/wp-content\/uploads\/2020\/08\/FOTO-3.-PICHOTE-Y-QUIJO-1.jpg","contentUrl":"https:\/\/elcotarro.com\/wp-content\/uploads\/2020\/08\/FOTO-3.-PICHOTE-Y-QUIJO-1.jpg","width":720,"height":537},{"@type":"BreadcrumbList","@id":"https:\/\/elcotarro.com\/?p=8718#breadcrumb","itemListElement":[{"@type":"ListItem","position":1,"name":"Portada","item":"https:\/\/elcotarro.com\/"},{"@type":"ListItem","position":2,"name":"UNA GRAN AN\u00c9CDOTA DE FRANCISCO HERN\u00c1NDEZ"}]},{"@type":"WebSite","@id":"https:\/\/elcotarro.com\/#website","url":"https:\/\/elcotarro.com\/","name":"El Cotarro","description":"Peri\u00f3dico Digital Independiente dirigido por Jos\u00e9 Carlos Marrero","publisher":{"@id":"https:\/\/elcotarro.com\/#organization"},"potentialAction":[{"@type":"SearchAction","target":{"@type":"EntryPoint","urlTemplate":"https:\/\/elcotarro.com\/?s={search_term_string}"},"query-input":{"@type":"PropertyValueSpecification","valueRequired":true,"valueName":"search_term_string"}}],"inLanguage":"es"},{"@type":"Organization","@id":"https:\/\/elcotarro.com\/#organization","name":"El Cotarro","url":"https:\/\/elcotarro.com\/","logo":{"@type":"ImageObject","inLanguage":"es","@id":"https:\/\/elcotarro.com\/#\/schema\/logo\/image\/","url":"https:\/\/elcotarro.com\/wp-content\/uploads\/2014\/09\/Cabecera_El_Cotarro_v2.jpg","contentUrl":"https:\/\/elcotarro.com\/wp-content\/uploads\/2014\/09\/Cabecera_El_Cotarro_v2.jpg","width":3540,"height":441,"caption":"El Cotarro"},"image":{"@id":"https:\/\/elcotarro.com\/#\/schema\/logo\/image\/"},"sameAs":["https:\/\/www.facebook.com\/ElCotarro.Tenerife"]},{"@type":"Person","@id":"https:\/\/elcotarro.com\/#\/schema\/person\/af537ee7d60d15984c7e0affcd8a918b","name":"Jos\u00e9 Carlos Marrero Gonz\u00e1lez","image":{"@type":"ImageObject","inLanguage":"es","@id":"https:\/\/elcotarro.com\/#\/schema\/person\/image\/","url":"https:\/\/secure.gravatar.com\/avatar\/def4da036efb5d32c74d49c351f6dccc064dd69ad9f3aadc295c5a9a5391ca01?s=96&d=mm&r=g","contentUrl":"https:\/\/secure.gravatar.com\/avatar\/def4da036efb5d32c74d49c351f6dccc064dd69ad9f3aadc295c5a9a5391ca01?s=96&d=mm&r=g","caption":"Jos\u00e9 Carlos Marrero Gonz\u00e1lez"},"sameAs":["https:\/\/elcotarro.com"],"url":"https:\/\/elcotarro.com\/?author=2"}]}},"jetpack_featured_media_url":"","jetpack_sharing_enabled":true,"_links":{"self":[{"href":"https:\/\/elcotarro.com\/index.php?rest_route=\/wp\/v2\/posts\/8718","targetHints":{"allow":["GET"]}}],"collection":[{"href":"https:\/\/elcotarro.com\/index.php?rest_route=\/wp\/v2\/posts"}],"about":[{"href":"https:\/\/elcotarro.com\/index.php?rest_route=\/wp\/v2\/types\/post"}],"author":[{"embeddable":true,"href":"https:\/\/elcotarro.com\/index.php?rest_route=\/wp\/v2\/users\/2"}],"replies":[{"embeddable":true,"href":"https:\/\/elcotarro.com\/index.php?rest_route=%2Fwp%2Fv2%2Fcomments&post=8718"}],"version-history":[{"count":1,"href":"https:\/\/elcotarro.com\/index.php?rest_route=\/wp\/v2\/posts\/8718\/revisions"}],"predecessor-version":[{"id":8720,"href":"https:\/\/elcotarro.com\/index.php?rest_route=\/wp\/v2\/posts\/8718\/revisions\/8720"}],"wp:attachment":[{"href":"https:\/\/elcotarro.com\/index.php?rest_route=%2Fwp%2Fv2%2Fmedia&parent=8718"}],"wp:term":[{"taxonomy":"category","embeddable":true,"href":"https:\/\/elcotarro.com\/index.php?rest_route=%2Fwp%2Fv2%2Fcategories&post=8718"},{"taxonomy":"post_tag","embeddable":true,"href":"https:\/\/elcotarro.com\/index.php?rest_route=%2Fwp%2Fv2%2Ftags&post=8718"}],"curies":[{"name":"wp","href":"https:\/\/api.w.org\/{rel}","templated":true}]}}