{"id":8721,"date":"2020-08-23T07:57:54","date_gmt":"2020-08-23T06:57:54","guid":{"rendered":"https:\/\/elcotarro.com\/?p=8721"},"modified":"2020-08-22T11:42:29","modified_gmt":"2020-08-22T10:42:29","slug":"pichote-se-dejo-ganar-por-el-bien-de-tenerife","status":"publish","type":"post","link":"https:\/\/elcotarro.com\/?p=8721","title":{"rendered":"PICHOTE SE DEJ\u00d3 GANAR POR EL BIEN DE TENERIFE"},"content":{"rendered":"<p>En su novena edici\u00f3n, en 1977, el Rallye Isla de Tenerife estrenaba por primera vez categor\u00eda de prueba Internacional, como paso previo en su camino al Campeonato de Espa\u00f1a, en el que entrar\u00eda por primera vez en 1979.\u00a0Para dar contenido a esa categor\u00eda internacional, la Escuder\u00eda Teide invit\u00f3 a la pareja alemana formada por\u00a0<strong>Ernest Schweitzer<\/strong> \/ <strong>Bernd Ostman<\/strong>, a los mandos de un\u00a0Opel Kadett GT\/E 2.0, veh\u00edculo muy competitivo en el Campeonato de Europa.\u00a0 S\u00f3lo 41 equipos se atrevieron a tomar la salida en un rallye muy duro e interminable, como acredita que tan s\u00f3lo 12 coches cruzaron la meta.\u00a0 En un terreno propicio a la robustez de su mec\u00e1nica, y con un elevado conocimiento del terreno, mixto de asfalto y tierra, la prueba llegaba a su fin encabezada por los tinerfe\u00f1os <strong>Francisco Hern\u00e1ndez \u201cPichote\u201d<\/strong> y <strong>Francisco Guerrero \u201cQuijo\u201d<\/strong> con su Mitsubishi Lancer 1.6 GSR.\u00a0 A falta de pocos metros para la meta, y entendiendo que lo mejor para el rallye, para la isla de Tenerife, y para su promoci\u00f3n tur\u00edstica era una victoria de la pareja alemana, el <strong>\u201cPichote\u201d<\/strong> penaliz\u00f3 expresamente para ceder el triunfo a los invitados y que, de esta manera, el nombre de Tenerife resonara en Alemania y en toda Europa, a la que tur\u00edsticamente nos est\u00e1bamos abriendo, y que eso era bueno para su querido Puerto de La Cruz.<\/p>\n<p style=\"text-align: center\"><a href=\"https:\/\/elcotarro.com\/wp-content\/uploads\/2020\/08\/FOTO-4.-QUIJO-Y-PICHOTE-1.jpg\"><img loading=\"lazy\" decoding=\"async\" class=\"aligncenter size-full wp-image-8722\" src=\"https:\/\/elcotarro.com\/wp-content\/uploads\/2020\/08\/FOTO-4.-QUIJO-Y-PICHOTE-1.jpg\" alt=\"\" width=\"640\" height=\"457\" srcset=\"https:\/\/elcotarro.com\/wp-content\/uploads\/2020\/08\/FOTO-4.-QUIJO-Y-PICHOTE-1.jpg 640w, https:\/\/elcotarro.com\/wp-content\/uploads\/2020\/08\/FOTO-4.-QUIJO-Y-PICHOTE-1-300x214.jpg 300w\" sizes=\"auto, (max-width: 640px) 100vw, 640px\" \/><\/a><\/p>\n<p style=\"text-align: center\"><em>El \u201cPichote\u201d y el \u201cQuijo\u201d (detr\u00e1s), muy serios (cosa dif\u00edcil en ellos) concentrados segundos antes de tomar la salida en un tramo cronometrado de un rallye.<\/em><\/p>\n","protected":false},"excerpt":{"rendered":"<p>En su novena edici\u00f3n, en 1977, el Rallye Isla de Tenerife estrenaba por primera vez categor\u00eda de prueba Internacional, como paso previo en su camino al Campeonato de Espa\u00f1a, en el que entrar\u00eda por primera vez en 1979.\u00a0Para dar contenido a esa categor\u00eda internacional, la Escuder\u00eda Teide invit\u00f3 a la pareja alemana formada por\u00a0Ernest Schweitzer &#8230; <a class=\"read-more\" href=\"https:\/\/elcotarro.com\/?p=8721\">Read more<\/a><\/p>\n","protected":false},"author":2,"featured_media":0,"comment_status":"open","ping_status":"open","sticky":false,"template":"","format":"standard","meta":{"_jetpack_memberships_contains_paid_content":false,"footnotes":""},"categories":[1],"tags":[],"class_list":["post-8721","post","type-post","status-publish","format-standard","hentry","category-sin-categoria"],"yoast_head":"<!-- This site is optimized with the Yoast SEO plugin v27.0 - https:\/\/yoast.com\/product\/yoast-seo-wordpress\/ -->\n<title>PICHOTE SE DEJ\u00d3 GANAR POR EL BIEN DE TENERIFE - El Cotarro<\/title>\n<meta name=\"robots\" content=\"index, follow, max-snippet:-1, max-image-preview:large, max-video-preview:-1\" \/>\n<link rel=\"canonical\" href=\"https:\/\/elcotarro.com\/?p=8721\" \/>\n<meta property=\"og:locale\" content=\"es_ES\" \/>\n<meta property=\"og:type\" content=\"article\" \/>\n<meta property=\"og:title\" content=\"PICHOTE SE DEJ\u00d3 GANAR POR EL BIEN DE TENERIFE - El Cotarro\" \/>\n<meta property=\"og:description\" content=\"En su novena edici\u00f3n, en 1977, el Rallye Isla de Tenerife estrenaba por primera vez categor\u00eda de prueba Internacional, como paso previo en su camino al Campeonato de Espa\u00f1a, en el que entrar\u00eda por primera vez en 1979.\u00a0Para dar contenido a esa categor\u00eda internacional, la Escuder\u00eda Teide invit\u00f3 a la pareja alemana formada por\u00a0Ernest Schweitzer ... Read more\" \/>\n<meta property=\"og:url\" content=\"https:\/\/elcotarro.com\/?p=8721\" \/>\n<meta property=\"og:site_name\" content=\"El Cotarro\" \/>\n<meta property=\"article:publisher\" content=\"https:\/\/www.facebook.com\/ElCotarro.Tenerife\" \/>\n<meta property=\"article:published_time\" content=\"2020-08-23T06:57:54+00:00\" \/>\n<meta property=\"og:image\" content=\"https:\/\/elcotarro.com\/wp-content\/uploads\/2020\/08\/FOTO-4.-QUIJO-Y-PICHOTE-1.jpg\" \/>\n<meta name=\"author\" content=\"Jos\u00e9 Carlos Marrero Gonz\u00e1lez\" \/>\n<meta name=\"twitter:label1\" content=\"Escrito por\" \/>\n\t<meta name=\"twitter:data1\" content=\"Jos\u00e9 Carlos Marrero Gonz\u00e1lez\" \/>\n\t<meta name=\"twitter:label2\" content=\"Tiempo de lectura\" \/>\n\t<meta name=\"twitter:data2\" content=\"1 minuto\" \/>\n<script type=\"application\/ld+json\" class=\"yoast-schema-graph\">{\"@context\":\"https:\/\/schema.org\",\"@graph\":[{\"@type\":\"Article\",\"@id\":\"https:\/\/elcotarro.com\/?p=8721#article\",\"isPartOf\":{\"@id\":\"https:\/\/elcotarro.com\/?p=8721\"},\"author\":{\"name\":\"Jos\u00e9 Carlos Marrero Gonz\u00e1lez\",\"@id\":\"https:\/\/elcotarro.com\/#\/schema\/person\/af537ee7d60d15984c7e0affcd8a918b\"},\"headline\":\"PICHOTE SE DEJ\u00d3 GANAR POR EL BIEN DE TENERIFE\",\"datePublished\":\"2020-08-23T06:57:54+00:00\",\"mainEntityOfPage\":{\"@id\":\"https:\/\/elcotarro.com\/?p=8721\"},\"wordCount\":274,\"commentCount\":0,\"publisher\":{\"@id\":\"https:\/\/elcotarro.com\/#organization\"},\"image\":{\"@id\":\"https:\/\/elcotarro.com\/?p=8721#primaryimage\"},\"thumbnailUrl\":\"https:\/\/elcotarro.com\/wp-content\/uploads\/2020\/08\/FOTO-4.-QUIJO-Y-PICHOTE-1.jpg\",\"inLanguage\":\"es\",\"potentialAction\":[{\"@type\":\"CommentAction\",\"name\":\"Comment\",\"target\":[\"https:\/\/elcotarro.com\/?p=8721#respond\"]}]},{\"@type\":\"WebPage\",\"@id\":\"https:\/\/elcotarro.com\/?p=8721\",\"url\":\"https:\/\/elcotarro.com\/?p=8721\",\"name\":\"PICHOTE SE DEJ\u00d3 GANAR POR EL BIEN DE TENERIFE - El Cotarro\",\"isPartOf\":{\"@id\":\"https:\/\/elcotarro.com\/#website\"},\"primaryImageOfPage\":{\"@id\":\"https:\/\/elcotarro.com\/?p=8721#primaryimage\"},\"image\":{\"@id\":\"https:\/\/elcotarro.com\/?p=8721#primaryimage\"},\"thumbnailUrl\":\"https:\/\/elcotarro.com\/wp-content\/uploads\/2020\/08\/FOTO-4.-QUIJO-Y-PICHOTE-1.jpg\",\"datePublished\":\"2020-08-23T06:57:54+00:00\",\"breadcrumb\":{\"@id\":\"https:\/\/elcotarro.com\/?p=8721#breadcrumb\"},\"inLanguage\":\"es\",\"potentialAction\":[{\"@type\":\"ReadAction\",\"target\":[\"https:\/\/elcotarro.com\/?p=8721\"]}]},{\"@type\":\"ImageObject\",\"inLanguage\":\"es\",\"@id\":\"https:\/\/elcotarro.com\/?p=8721#primaryimage\",\"url\":\"https:\/\/elcotarro.com\/wp-content\/uploads\/2020\/08\/FOTO-4.-QUIJO-Y-PICHOTE-1.jpg\",\"contentUrl\":\"https:\/\/elcotarro.com\/wp-content\/uploads\/2020\/08\/FOTO-4.-QUIJO-Y-PICHOTE-1.jpg\",\"width\":640,\"height\":457},{\"@type\":\"BreadcrumbList\",\"@id\":\"https:\/\/elcotarro.com\/?p=8721#breadcrumb\",\"itemListElement\":[{\"@type\":\"ListItem\",\"position\":1,\"name\":\"Portada\",\"item\":\"https:\/\/elcotarro.com\/\"},{\"@type\":\"ListItem\",\"position\":2,\"name\":\"PICHOTE SE DEJ\u00d3 GANAR POR EL BIEN DE TENERIFE\"}]},{\"@type\":\"WebSite\",\"@id\":\"https:\/\/elcotarro.com\/#website\",\"url\":\"https:\/\/elcotarro.com\/\",\"name\":\"El Cotarro\",\"description\":\"Peri\u00f3dico Digital Independiente dirigido por Jos\u00e9 Carlos Marrero\",\"publisher\":{\"@id\":\"https:\/\/elcotarro.com\/#organization\"},\"potentialAction\":[{\"@type\":\"SearchAction\",\"target\":{\"@type\":\"EntryPoint\",\"urlTemplate\":\"https:\/\/elcotarro.com\/?s={search_term_string}\"},\"query-input\":{\"@type\":\"PropertyValueSpecification\",\"valueRequired\":true,\"valueName\":\"search_term_string\"}}],\"inLanguage\":\"es\"},{\"@type\":\"Organization\",\"@id\":\"https:\/\/elcotarro.com\/#organization\",\"name\":\"El Cotarro\",\"url\":\"https:\/\/elcotarro.com\/\",\"logo\":{\"@type\":\"ImageObject\",\"inLanguage\":\"es\",\"@id\":\"https:\/\/elcotarro.com\/#\/schema\/logo\/image\/\",\"url\":\"https:\/\/elcotarro.com\/wp-content\/uploads\/2014\/09\/Cabecera_El_Cotarro_v2.jpg\",\"contentUrl\":\"https:\/\/elcotarro.com\/wp-content\/uploads\/2014\/09\/Cabecera_El_Cotarro_v2.jpg\",\"width\":3540,\"height\":441,\"caption\":\"El Cotarro\"},\"image\":{\"@id\":\"https:\/\/elcotarro.com\/#\/schema\/logo\/image\/\"},\"sameAs\":[\"https:\/\/www.facebook.com\/ElCotarro.Tenerife\"]},{\"@type\":\"Person\",\"@id\":\"https:\/\/elcotarro.com\/#\/schema\/person\/af537ee7d60d15984c7e0affcd8a918b\",\"name\":\"Jos\u00e9 Carlos Marrero Gonz\u00e1lez\",\"image\":{\"@type\":\"ImageObject\",\"inLanguage\":\"es\",\"@id\":\"https:\/\/elcotarro.com\/#\/schema\/person\/image\/\",\"url\":\"https:\/\/secure.gravatar.com\/avatar\/def4da036efb5d32c74d49c351f6dccc064dd69ad9f3aadc295c5a9a5391ca01?s=96&d=mm&r=g\",\"contentUrl\":\"https:\/\/secure.gravatar.com\/avatar\/def4da036efb5d32c74d49c351f6dccc064dd69ad9f3aadc295c5a9a5391ca01?s=96&d=mm&r=g\",\"caption\":\"Jos\u00e9 Carlos Marrero Gonz\u00e1lez\"},\"sameAs\":[\"https:\/\/elcotarro.com\"],\"url\":\"https:\/\/elcotarro.com\/?author=2\"}]}<\/script>\n<!-- \/ Yoast SEO plugin. -->","yoast_head_json":{"title":"PICHOTE SE DEJ\u00d3 GANAR POR EL BIEN DE TENERIFE - El Cotarro","robots":{"index":"index","follow":"follow","max-snippet":"max-snippet:-1","max-image-preview":"max-image-preview:large","max-video-preview":"max-video-preview:-1"},"canonical":"https:\/\/elcotarro.com\/?p=8721","og_locale":"es_ES","og_type":"article","og_title":"PICHOTE SE DEJ\u00d3 GANAR POR EL BIEN DE TENERIFE - El Cotarro","og_description":"En su novena edici\u00f3n, en 1977, el Rallye Isla de Tenerife estrenaba por primera vez categor\u00eda de prueba Internacional, como paso previo en su camino al Campeonato de Espa\u00f1a, en el que entrar\u00eda por primera vez en 1979.\u00a0Para dar contenido a esa categor\u00eda internacional, la Escuder\u00eda Teide invit\u00f3 a la pareja alemana formada por\u00a0Ernest Schweitzer ... Read more","og_url":"https:\/\/elcotarro.com\/?p=8721","og_site_name":"El Cotarro","article_publisher":"https:\/\/www.facebook.com\/ElCotarro.Tenerife","article_published_time":"2020-08-23T06:57:54+00:00","og_image":[{"url":"https:\/\/elcotarro.com\/wp-content\/uploads\/2020\/08\/FOTO-4.-QUIJO-Y-PICHOTE-1.jpg","type":"","width":"","height":""}],"author":"Jos\u00e9 Carlos Marrero Gonz\u00e1lez","twitter_misc":{"Escrito por":"Jos\u00e9 Carlos Marrero Gonz\u00e1lez","Tiempo de lectura":"1 minuto"},"schema":{"@context":"https:\/\/schema.org","@graph":[{"@type":"Article","@id":"https:\/\/elcotarro.com\/?p=8721#article","isPartOf":{"@id":"https:\/\/elcotarro.com\/?p=8721"},"author":{"name":"Jos\u00e9 Carlos Marrero Gonz\u00e1lez","@id":"https:\/\/elcotarro.com\/#\/schema\/person\/af537ee7d60d15984c7e0affcd8a918b"},"headline":"PICHOTE SE DEJ\u00d3 GANAR POR EL BIEN DE TENERIFE","datePublished":"2020-08-23T06:57:54+00:00","mainEntityOfPage":{"@id":"https:\/\/elcotarro.com\/?p=8721"},"wordCount":274,"commentCount":0,"publisher":{"@id":"https:\/\/elcotarro.com\/#organization"},"image":{"@id":"https:\/\/elcotarro.com\/?p=8721#primaryimage"},"thumbnailUrl":"https:\/\/elcotarro.com\/wp-content\/uploads\/2020\/08\/FOTO-4.-QUIJO-Y-PICHOTE-1.jpg","inLanguage":"es","potentialAction":[{"@type":"CommentAction","name":"Comment","target":["https:\/\/elcotarro.com\/?p=8721#respond"]}]},{"@type":"WebPage","@id":"https:\/\/elcotarro.com\/?p=8721","url":"https:\/\/elcotarro.com\/?p=8721","name":"PICHOTE SE DEJ\u00d3 GANAR POR EL BIEN DE TENERIFE - El Cotarro","isPartOf":{"@id":"https:\/\/elcotarro.com\/#website"},"primaryImageOfPage":{"@id":"https:\/\/elcotarro.com\/?p=8721#primaryimage"},"image":{"@id":"https:\/\/elcotarro.com\/?p=8721#primaryimage"},"thumbnailUrl":"https:\/\/elcotarro.com\/wp-content\/uploads\/2020\/08\/FOTO-4.-QUIJO-Y-PICHOTE-1.jpg","datePublished":"2020-08-23T06:57:54+00:00","breadcrumb":{"@id":"https:\/\/elcotarro.com\/?p=8721#breadcrumb"},"inLanguage":"es","potentialAction":[{"@type":"ReadAction","target":["https:\/\/elcotarro.com\/?p=8721"]}]},{"@type":"ImageObject","inLanguage":"es","@id":"https:\/\/elcotarro.com\/?p=8721#primaryimage","url":"https:\/\/elcotarro.com\/wp-content\/uploads\/2020\/08\/FOTO-4.-QUIJO-Y-PICHOTE-1.jpg","contentUrl":"https:\/\/elcotarro.com\/wp-content\/uploads\/2020\/08\/FOTO-4.-QUIJO-Y-PICHOTE-1.jpg","width":640,"height":457},{"@type":"BreadcrumbList","@id":"https:\/\/elcotarro.com\/?p=8721#breadcrumb","itemListElement":[{"@type":"ListItem","position":1,"name":"Portada","item":"https:\/\/elcotarro.com\/"},{"@type":"ListItem","position":2,"name":"PICHOTE SE DEJ\u00d3 GANAR POR EL BIEN DE TENERIFE"}]},{"@type":"WebSite","@id":"https:\/\/elcotarro.com\/#website","url":"https:\/\/elcotarro.com\/","name":"El Cotarro","description":"Peri\u00f3dico Digital Independiente dirigido por Jos\u00e9 Carlos Marrero","publisher":{"@id":"https:\/\/elcotarro.com\/#organization"},"potentialAction":[{"@type":"SearchAction","target":{"@type":"EntryPoint","urlTemplate":"https:\/\/elcotarro.com\/?s={search_term_string}"},"query-input":{"@type":"PropertyValueSpecification","valueRequired":true,"valueName":"search_term_string"}}],"inLanguage":"es"},{"@type":"Organization","@id":"https:\/\/elcotarro.com\/#organization","name":"El Cotarro","url":"https:\/\/elcotarro.com\/","logo":{"@type":"ImageObject","inLanguage":"es","@id":"https:\/\/elcotarro.com\/#\/schema\/logo\/image\/","url":"https:\/\/elcotarro.com\/wp-content\/uploads\/2014\/09\/Cabecera_El_Cotarro_v2.jpg","contentUrl":"https:\/\/elcotarro.com\/wp-content\/uploads\/2014\/09\/Cabecera_El_Cotarro_v2.jpg","width":3540,"height":441,"caption":"El Cotarro"},"image":{"@id":"https:\/\/elcotarro.com\/#\/schema\/logo\/image\/"},"sameAs":["https:\/\/www.facebook.com\/ElCotarro.Tenerife"]},{"@type":"Person","@id":"https:\/\/elcotarro.com\/#\/schema\/person\/af537ee7d60d15984c7e0affcd8a918b","name":"Jos\u00e9 Carlos Marrero Gonz\u00e1lez","image":{"@type":"ImageObject","inLanguage":"es","@id":"https:\/\/elcotarro.com\/#\/schema\/person\/image\/","url":"https:\/\/secure.gravatar.com\/avatar\/def4da036efb5d32c74d49c351f6dccc064dd69ad9f3aadc295c5a9a5391ca01?s=96&d=mm&r=g","contentUrl":"https:\/\/secure.gravatar.com\/avatar\/def4da036efb5d32c74d49c351f6dccc064dd69ad9f3aadc295c5a9a5391ca01?s=96&d=mm&r=g","caption":"Jos\u00e9 Carlos Marrero Gonz\u00e1lez"},"sameAs":["https:\/\/elcotarro.com"],"url":"https:\/\/elcotarro.com\/?author=2"}]}},"jetpack_featured_media_url":"","jetpack_sharing_enabled":true,"_links":{"self":[{"href":"https:\/\/elcotarro.com\/index.php?rest_route=\/wp\/v2\/posts\/8721","targetHints":{"allow":["GET"]}}],"collection":[{"href":"https:\/\/elcotarro.com\/index.php?rest_route=\/wp\/v2\/posts"}],"about":[{"href":"https:\/\/elcotarro.com\/index.php?rest_route=\/wp\/v2\/types\/post"}],"author":[{"embeddable":true,"href":"https:\/\/elcotarro.com\/index.php?rest_route=\/wp\/v2\/users\/2"}],"replies":[{"embeddable":true,"href":"https:\/\/elcotarro.com\/index.php?rest_route=%2Fwp%2Fv2%2Fcomments&post=8721"}],"version-history":[{"count":1,"href":"https:\/\/elcotarro.com\/index.php?rest_route=\/wp\/v2\/posts\/8721\/revisions"}],"predecessor-version":[{"id":8723,"href":"https:\/\/elcotarro.com\/index.php?rest_route=\/wp\/v2\/posts\/8721\/revisions\/8723"}],"wp:attachment":[{"href":"https:\/\/elcotarro.com\/index.php?rest_route=%2Fwp%2Fv2%2Fmedia&parent=8721"}],"wp:term":[{"taxonomy":"category","embeddable":true,"href":"https:\/\/elcotarro.com\/index.php?rest_route=%2Fwp%2Fv2%2Fcategories&post=8721"},{"taxonomy":"post_tag","embeddable":true,"href":"https:\/\/elcotarro.com\/index.php?rest_route=%2Fwp%2Fv2%2Ftags&post=8721"}],"curies":[{"name":"wp","href":"https:\/\/api.w.org\/{rel}","templated":true}]}}