{"id":8739,"date":"2020-08-30T03:30:10","date_gmt":"2020-08-30T02:30:10","guid":{"rendered":"https:\/\/elcotarro.com\/?p=8739"},"modified":"2020-08-30T12:02:40","modified_gmt":"2020-08-30T11:02:40","slug":"el-cotarro-digital-no312-del-domingo-30-08-2020","status":"publish","type":"post","link":"https:\/\/elcotarro.com\/?p=8739","title":{"rendered":"EL COTARRO Digital N\u00ba312 del domingo 30\/08\/2020"},"content":{"rendered":"<p><strong>SE VA AGOSTO, PERO MIRO AL FUTURO EN POSITIVO<\/strong><\/p>\n<ul>\n<li>Como quien no quiere la cosa, ma\u00f1ana se nos va ya el mes de agosto, pero nos deja la misma crisis por la pandemia del maldito coronavirus Covid-19, y un panorama bastante incierto. A pesar de lo complicado que est\u00e1 el asunto, me quedo siempre con lo positivo y, por eso, voy a dejarles en la \u00faltima edici\u00f3n de El Cotarro en este veraniego mes, con varias p\u00edldoras que, a pesar de la que est\u00e1 cayendo, nos dan pie para seguir confiando en un mejor futuro. Y por ello no me duelen prensas comenzarlo felicitando a la colega tinerfe\u00f1a <strong>Mar\u00eda Rozman<\/strong>, periodista del <em>Diario de Avisos<\/em>, por la magn\u00edfica entrevista que el pasado domingo (23\/08\/20 le hizo a nuestro Capit\u00e1n General de Canarias, el teniente general <strong>Carlos Palacios Zaforteza<\/strong>, jefe del Mando de Canarias. Si no han tenido ocasi\u00f3n de leerla, les recomiendo que la busquen en la edici\u00f3n digital del peri\u00f3dico Decano. Vale la pena, porque da informaci\u00f3n y tranquilidad.<\/li>\n<\/ul>\n<p><a href=\"https:\/\/elcotarro.com\/wp-content\/uploads\/2020\/08\/FOTO-1.-MAR\u00cdA-ROZMAN.jpg\"><img loading=\"lazy\" decoding=\"async\" class=\"aligncenter size-full wp-image-8740\" src=\"https:\/\/elcotarro.com\/wp-content\/uploads\/2020\/08\/FOTO-1.-MAR\u00cdA-ROZMAN.jpg\" alt=\"\" width=\"616\" height=\"611\" srcset=\"https:\/\/elcotarro.com\/wp-content\/uploads\/2020\/08\/FOTO-1.-MAR\u00cdA-ROZMAN.jpg 616w, https:\/\/elcotarro.com\/wp-content\/uploads\/2020\/08\/FOTO-1.-MAR\u00cdA-ROZMAN-300x298.jpg 300w, https:\/\/elcotarro.com\/wp-content\/uploads\/2020\/08\/FOTO-1.-MAR\u00cdA-ROZMAN-150x150.jpg 150w\" sizes=\"auto, (max-width: 616px) 100vw, 616px\" \/><\/a><\/p>\n<p style=\"text-align: center\"><em>Mar\u00eda Rozman en una foto de su perfil en Twitter, el d\u00eda que recibi\u00f3 dos premios Emmy en la 60\u00aa gala de la National Academy of Arts and Science, en Maryland (USA)<\/em><\/p>\n<p>&nbsp;<\/p>\n<p><strong>UN GRAN EJ\u00c9RCITO PARA LA DISUASI\u00d3N Y LA PAZ<\/strong><\/p>\n<ul>\n<li>\u00a0Mucha informaci\u00f3n y muy interesante nos dej\u00f3 el teniente general <strong>Carlos Palacios<\/strong> en la entrevista, pero, con permiso de <strong>Mar\u00eda Rozman<\/strong>, su autora, me quedo con media docena de \u201cflashes\u201d. Algo que ha hab\u00edamos comentado aqu\u00ed: <em>\u201cLa Operaci\u00f3n Balmis para las Fuerzas Armadas ha sido el mayor despliegue militar en tiempo de paz en Espa\u00f1a. Hemos desplegado 185.000 militares durante 98 d\u00edas en toda Espa\u00f1a\u201d<\/em>. Para afirmar seguidamente que: <em>\u201cEsas lecciones aprendidas las estamos implementando, hemos hecho planteamientos para estar preparados para intervenir, y, sin duda, en un plazo de 24 o 48 horas, como dice la ministra de Defensa, estar\u00edamos listos para activar otra vez la estructura y apoyar a la sociedad.\u201d <\/em>Sin olvidar emotivas an\u00e9cdotas como que\u2026 <em>\u201cHubo casos en los que un soldado iba a descontaminar en la UCI donde estaba su madre\u2026 Ayudar a los nuestros ha sido una gran satisfacci\u00f3n, y demostrarle a la gente que el ej\u00e9rcito est\u00e1 ah\u00ed para eso\u201d<\/em>. Una vez m\u00e1s me viene a la memoria el exitoso programa \u201cEn Pie de Paz\u201d que hice con RadioCadena Espa\u00f1ola y a\u00f1os m\u00e1s tarde en COPE. Habr\u00eda que repetirlo.<\/li>\n<\/ul>\n<p><a href=\"https:\/\/elcotarro.com\/wp-content\/uploads\/2020\/08\/FOTO-2.-CAPITAN-GENERAL.jpg\"><img loading=\"lazy\" decoding=\"async\" class=\"aligncenter size-full wp-image-8741\" src=\"https:\/\/elcotarro.com\/wp-content\/uploads\/2020\/08\/FOTO-2.-CAPITAN-GENERAL.jpg\" alt=\"\" width=\"516\" height=\"471\" srcset=\"https:\/\/elcotarro.com\/wp-content\/uploads\/2020\/08\/FOTO-2.-CAPITAN-GENERAL.jpg 516w, https:\/\/elcotarro.com\/wp-content\/uploads\/2020\/08\/FOTO-2.-CAPITAN-GENERAL-300x274.jpg 300w\" sizes=\"auto, (max-width: 516px) 100vw, 516px\" \/><\/a><\/p>\n<p style=\"text-align: center\"><em>Nuestro \u201cCapit\u00e1n General, el Teniente General Carlos Palacios Zaforteza, Jefe del Mando de Canarias<\/em><\/p>\n<p>&nbsp;<\/p>\n<p><strong>CANARIAS PROTAGONISTA DE UN MANDO \u00daNICO<\/strong><\/p>\n<ul>\n<li>Muy inteligentemente, <strong>Mar\u00eda Rozman<\/strong> introdujo al teniente general <strong>Palacios Zaforteza<\/strong> en la realidad que Canarias representa como punto estrat\u00e9gico en el mapa y el Jefe del Mando de Canarias no dud\u00f3 en manifestar que: <em>\u201cCanarias tiene importancia para el Ej\u00e9rcito de Tierra. En las Islas tenemos 4.000 hombres y un teniente general, y no solo eso, sino que con la reestructuraci\u00f3n que se aprob\u00f3 el mes pasado en las Fuerzas Armadas, Canarias no solo va a mandar sobre las tropas del Archipi\u00e9lago, sino tambi\u00e9n sobre Ceuta, Melilla y Baleares\u201d<\/em>. O sea, que a partir de pasado ma\u00f1ana, este martes 1 de septiembre, Canarias liderar\u00e1 lo que se llama un mando de presencia y vigilancia, bajo la jefatura del propio <strong>Carlos Palacios<\/strong> y con sede en la tinerfe\u00f1a Plaza de Weyler, aunque ahora, adem\u00e1s de por todas nuestras islas, tendr\u00e1 que viajar m\u00e1s y tener tambi\u00e9n presencia f\u00edsica en Baleares (su tierra natal), Ceuta y Melilla. Un cargo a\u00fan m\u00e1s alto y una nueva responsabilidad por la que hay que felicitar al Teniente General,<strong> Carlos Palacios Zaforteza<\/strong> y desearle, junto a todo su Estado Mayor y el conjunto de los hombres y mujeres bajo su mando, toda la suerte del mundo y que sigan siempre en pie\u2026 de paz.<\/li>\n<\/ul>\n<p><a href=\"https:\/\/elcotarro.com\/wp-content\/uploads\/2020\/08\/FOTO-3.-CASA-TOM\u00c1S.jpeg\"><img loading=\"lazy\" decoding=\"async\" class=\"aligncenter size-full wp-image-8742\" src=\"https:\/\/elcotarro.com\/wp-content\/uploads\/2020\/08\/FOTO-3.-CASA-TOM\u00c1S.jpeg\" alt=\"\" width=\"1024\" height=\"768\" srcset=\"https:\/\/elcotarro.com\/wp-content\/uploads\/2020\/08\/FOTO-3.-CASA-TOM\u00c1S.jpeg 1024w, https:\/\/elcotarro.com\/wp-content\/uploads\/2020\/08\/FOTO-3.-CASA-TOM\u00c1S-300x225.jpeg 300w, https:\/\/elcotarro.com\/wp-content\/uploads\/2020\/08\/FOTO-3.-CASA-TOM\u00c1S-768x576.jpeg 768w\" sizes=\"auto, (max-width: 1024px) 100vw, 1024px\" \/><\/a><\/p>\n<p style=\"text-align: center\"><em>Nuestro \u201cCapit\u00e1n General\u201d, Carlos Palacios Zaforteza, es una persona cercana y campechana que, cuando puede, no duda en acercarse al bodeg\u00f3n Casa Tom\u00e1s a degustar su cocina canaria. En la foto, flanqueado por los propietarios del establecimiento: <strong>Tom\u00e1s Galv\u00e1n\u00a0<\/strong>(capit\u00e1n general de Casa Tom\u00e1s) y su esposa\u00a0<strong>Ver\u00edsima Garc\u00eda\u00a0<\/strong>(jefa de su estado mayor en la cocina) junto con su hijo\u00a0<strong>V\u00edctor\u00a0<\/strong>(coronel jefe del establecimiento)<\/em><\/p>\n<p>&nbsp;<\/p>\n<p><strong>MAGN\u00cdFICO GESTO DE LA TERRAZA CARAMBOLA <\/strong><\/p>\n<ul>\n<li>Siguiendo con nuestro Ej\u00e9rcito y aunque ya haya salido por todas partes, no me resisto a rese\u00f1ar tambi\u00e9n en <strong><em>El Cotarro<\/em><\/strong> el noble y magn\u00edfico gesto de <strong>Jos\u00e9 Hern\u00e1ndez Camacho<\/strong>, propietario de la \u201cTerraza Carambola\u201d, en la palmera calle D\u00edaz Pimienta de Los Llanos de Aridane, y de sus empleados. Durante los d\u00edas de dura lucha contra el felizmente ya pasado incendio que afect\u00f3 al norte de la isla La Palma, unos miembros de la Unidad Militar de Emergencias (U.M.E.) descansaron un rato y se fueron a tomar un \u201cmantente en pie\u201d en la mencionada cafeter\u00eda \u201cTerraza Carambola\u201d y en el momento de ir a pagar su consumici\u00f3n se encontraron con una grata sorpresa. Una de sus empleadas, al parecer llamada <strong>Natalia<\/strong>, les hab\u00eda servido tres caf\u00e9s con leche, una tostada de aguacate con salami y una tostada con jam\u00f3n serrano, consumici\u00f3n que no s\u00e9 cu\u00e1nto costar\u00e1. Lo cierto es que, en el oportuno recibo apareci\u00f3 un concepto denominado \u201cH\u00e9roes sin capa\u201d por importe igual a lo consumido, por lo que el total del recibo paso a ser cero. Todo un detallazo.<\/li>\n<\/ul>\n<p><a href=\"https:\/\/elcotarro.com\/wp-content\/uploads\/2020\/08\/FOTO-4.-UME-EN-GC.jpg\"><img loading=\"lazy\" decoding=\"async\" class=\"aligncenter size-full wp-image-8743\" src=\"https:\/\/elcotarro.com\/wp-content\/uploads\/2020\/08\/FOTO-4.-UME-EN-GC.jpg\" alt=\"\" width=\"1195\" height=\"707\" srcset=\"https:\/\/elcotarro.com\/wp-content\/uploads\/2020\/08\/FOTO-4.-UME-EN-GC.jpg 1195w, https:\/\/elcotarro.com\/wp-content\/uploads\/2020\/08\/FOTO-4.-UME-EN-GC-300x177.jpg 300w, https:\/\/elcotarro.com\/wp-content\/uploads\/2020\/08\/FOTO-4.-UME-EN-GC-1024x606.jpg 1024w, https:\/\/elcotarro.com\/wp-content\/uploads\/2020\/08\/FOTO-4.-UME-EN-GC-768x454.jpg 768w\" sizes=\"auto, (max-width: 1195px) 100vw, 1195px\" \/><\/a><\/p>\n<p style=\"text-align: center\"><em>Uno de los miembros de la U.M.E. trabajando en el pasado incendio de Gran Canaria<\/em><\/p>\n<p>&nbsp;<\/p>\n<p><strong>INVITACI\u00d3N A LOS \u201cH\u00c9ROES SIN CAPA\u201d DE LA U.M.E.<\/strong>&#8211;<\/p>\n<ul>\n<li>Y es que la buena gente de la Terraza Carambola\u201d se percataron que eran militares pertenecientes a la U.M.E. y quisieron tener un detalle con ellos por tanto trabajo en defensa de La Palma y sus montes, invit\u00e1ndoles a la mencionada consumici\u00f3n. Lo especialmente bonito fue que, en el concepto del descuento pusieron lo de \u201cH\u00e9roes sin Capa\u201d, dejando clarito que, muy especialmente los miembros de la U.M.E. al igual que los militares de los ej\u00e9rcitos de Espa\u00f1a que est\u00e1n lejos en misiones de paz lejos de su tierra, se juegan la vida en defensa de la paz y la libertad y son, efectivamente, unos aut\u00e9nticos h\u00e9roes sin capa. Por tanto, hay que valorar y felicitar a la \u201cTerraza Carambola\u201d por ese gesto de reconocimiento y agradecimiento a la UME, que honra a <strong>Jos\u00e9 Hern\u00e1ndez Camacho<\/strong> y a todo su equipo. El hecho se puso en las redes sociales con la foto que les acompa\u00f1o y, como no pod\u00eda ser de otra manera, se hizo r\u00e1pidamente viral. La pr\u00f3xima vez que vaya a los Llanos de Aridane, prometo que voy a consumir a la \u201cTerraza Carambola\u201d, y espero que ustedes tambi\u00e9n lo hagan.<\/li>\n<\/ul>\n<p><a href=\"https:\/\/elcotarro.com\/wp-content\/uploads\/2020\/08\/FOTO-5.-RECIBO.jpg\"><img loading=\"lazy\" decoding=\"async\" class=\"aligncenter size-full wp-image-8744\" src=\"https:\/\/elcotarro.com\/wp-content\/uploads\/2020\/08\/FOTO-5.-RECIBO.jpg\" alt=\"\" width=\"1024\" height=\"988\" srcset=\"https:\/\/elcotarro.com\/wp-content\/uploads\/2020\/08\/FOTO-5.-RECIBO.jpg 1024w, https:\/\/elcotarro.com\/wp-content\/uploads\/2020\/08\/FOTO-5.-RECIBO-300x289.jpg 300w, https:\/\/elcotarro.com\/wp-content\/uploads\/2020\/08\/FOTO-5.-RECIBO-768x741.jpg 768w\" sizes=\"auto, (max-width: 1024px) 100vw, 1024px\" \/><\/a><\/p>\n<p style=\"text-align: center\"><em>Recibo de la Terraza Carambola, donde se refleja el gran gesto hacia la U.M.E.<\/em><\/p>\n<p>&nbsp;<\/p>\n<p><strong>UN TINERFE\u00d1O CON M\u00c1S DE 25.000 HORAS DE VUELO<\/strong><\/p>\n<ul>\n<li>No todos los d\u00edas un tinerfe\u00f1o alcanza como comandante los mandos del avi\u00f3n m\u00e1s grande de la flota de Air Europa. Lo acaba de lograr hace unos d\u00edas <strong>Jos\u00e9 Guillermo Hern\u00e1ndez P\u00e9rez<\/strong>, un lagunero (de Las Canteras, para m\u00e1s se\u00f1as) que sobre sus hombros lleva ya casi 35 a\u00f1os volando en los que, trabajando como comandante, ha realizado la friolera de 21.000 horas de vuelo. Hace unos d\u00edas, en la cabecera de la pista 3.0 de Los Rodeos se dieron cita muchos amigos de <strong>Jos\u00e9 Guillermo,<\/strong> algunos de ellos <em>spotters<\/em> (aficionados a la fotograf\u00eda a\u00e9rea) para inmortalizar su primer aterrizaje a los mandos del inmenso Boeing 787-9 Dreamliner, una joya de la aviaci\u00f3n comercial que Air Europa reserva para los comandantes m\u00e1s veteranos y experimentados. Ha sido la culminaci\u00f3n (por ahora) de una larga y exitosa trayectoria profesional de altura (nunca mejor dicho) que comenz\u00f3 all\u00e1 por el a\u00f1o 1986. Su primer vuelo como alumno piloto lo realizo el 27 de octubre de 1986 con un gran instructor y comandante de la extinta Spanair, <strong>Jos\u00e9 Mar\u00eda <em>\u201cJota\u201d<\/em> Pa\u00fal Navarro<\/strong>. 27 a\u00f1os despu\u00e9s y exactamente el mismo d\u00eda, <strong><em>\u201cJota\u201d<\/em><\/strong> volv\u00eda a instruirle, pero, esta vez, para volar un Airbus A330. Las vueltas de la vida.<\/li>\n<\/ul>\n<p><a href=\"https:\/\/elcotarro.com\/wp-content\/uploads\/2020\/08\/FOTO-6.-JOS\u00c9-GUILLERMO.jpg\"><img loading=\"lazy\" decoding=\"async\" class=\"aligncenter size-full wp-image-8745\" src=\"https:\/\/elcotarro.com\/wp-content\/uploads\/2020\/08\/FOTO-6.-JOS\u00c9-GUILLERMO.jpg\" alt=\"\" width=\"1600\" height=\"1200\" srcset=\"https:\/\/elcotarro.com\/wp-content\/uploads\/2020\/08\/FOTO-6.-JOS\u00c9-GUILLERMO.jpg 1600w, https:\/\/elcotarro.com\/wp-content\/uploads\/2020\/08\/FOTO-6.-JOS\u00c9-GUILLERMO-300x225.jpg 300w, https:\/\/elcotarro.com\/wp-content\/uploads\/2020\/08\/FOTO-6.-JOS\u00c9-GUILLERMO-1024x768.jpg 1024w, https:\/\/elcotarro.com\/wp-content\/uploads\/2020\/08\/FOTO-6.-JOS\u00c9-GUILLERMO-768x576.jpg 768w, https:\/\/elcotarro.com\/wp-content\/uploads\/2020\/08\/FOTO-6.-JOS\u00c9-GUILLERMO-1536x1152.jpg 1536w\" sizes=\"auto, (max-width: 1600px) 100vw, 1600px\" \/><\/a><\/p>\n<p style=\"text-align: center\"><em>El tinerfe\u00f1o Jos\u00e9 Guillermo Hern\u00e1ndez P\u00e9rez, ya es comandante del 787-9 Dreamliner. Foto tomada en el mismo momento en que el inspector le daba su OK.<\/em><\/p>\n<p>&nbsp;<\/p>\n<p><strong>DE LA PIPER AL GRAN BOEING 787-9 DREAMLINER<\/strong><\/p>\n<ul>\n<li>El primer avi\u00f3n que vol\u00f3 <strong>Jos\u00e9 Guillermo<\/strong> fue una Piper Tomahawk que pesaba 512 Kilos y el Boeing 787 Dreamliner para el que le acaban de habilitar, hace unos d\u00edas, pesa 254.000 kilos. Nuestro puntal empez\u00f3 en el Aeroclub de Tenerife y fue en Los Rodeos donde se solt\u00f3 como piloto privado. Luego a Dallas (USA) para sacar la licencia de Piloto Comercial, de Multimotores y de Vuelo sin Visibilidad (IFR) americanas. A\u00f1os despu\u00e9s volar\u00eda muchas veces a Los Rodeos como instructor en el Boeing 737. \u00c9poca donde aprendi\u00f3 mucho, ense\u00f1ando. \u00c9poca donde estuvo totalmente implicado en la operativa de Air Europa. D\u00edas muy bonitos para un piloto de vocaci\u00f3n, como se considera <strong>Jos\u00e9 Guillermo Hern\u00e1ndez<\/strong>. Diez a\u00f1os despu\u00e9s de su primer vuelo y en el a\u00f1o 1996, siendo instructor en varias escuelas, le llamaron de Air Europa. El hombre no se lo cre\u00eda y aun no se lo cree, pues fue la ilusi\u00f3n desde que era muy peque\u00f1ito. De hecho, en el colegio le llamaban <strong><em>\u201cel avioneta\u201d<\/em><\/strong>. Mucha gente le conoce por <strong><em>\u201cGuille el Avioneta\u201d.<\/em><\/strong><\/li>\n<\/ul>\n<p><a href=\"https:\/\/elcotarro.com\/wp-content\/uploads\/2020\/08\/FOTO-7.-CESSNA-150.jpg\"><img loading=\"lazy\" decoding=\"async\" class=\"aligncenter size-full wp-image-8746\" src=\"https:\/\/elcotarro.com\/wp-content\/uploads\/2020\/08\/FOTO-7.-CESSNA-150.jpg\" alt=\"\" width=\"1600\" height=\"1276\" srcset=\"https:\/\/elcotarro.com\/wp-content\/uploads\/2020\/08\/FOTO-7.-CESSNA-150.jpg 1600w, https:\/\/elcotarro.com\/wp-content\/uploads\/2020\/08\/FOTO-7.-CESSNA-150-300x239.jpg 300w, https:\/\/elcotarro.com\/wp-content\/uploads\/2020\/08\/FOTO-7.-CESSNA-150-1024x817.jpg 1024w, https:\/\/elcotarro.com\/wp-content\/uploads\/2020\/08\/FOTO-7.-CESSNA-150-768x612.jpg 768w, https:\/\/elcotarro.com\/wp-content\/uploads\/2020\/08\/FOTO-7.-CESSNA-150-1536x1225.jpg 1536w\" sizes=\"auto, (max-width: 1600px) 100vw, 1600px\" \/><\/a><\/p>\n<p style=\"text-align: center\"><em>Un joven Jos\u00e9 Guillermo junto a la Cessna 150 con la que aterriz\u00f3 de emergencia en una autopista americana de noche orientado por las luces rojas de los coches.<\/em><\/p>\n<p>&nbsp;<\/p>\n<p><strong>INSPECCI\u00d3N VOLANDO A TENERIFE Y SAO PAULO<\/strong><\/p>\n<ul>\n<li>Despu\u00e9s de estar tres a\u00f1os volando como copiloto, <strong>Jos\u00e9 Guillermo Hern\u00e1ndez<\/strong> fue promocionado para comandante. Cuando le llamaron para ello quiso renunciar aludiendo a que llevaba poco tiempo volando el Boeing 737 y su director de operaciones le pregunt\u00f3 que cu\u00e1nto tiempo m\u00e1s necesitaba. <strong>Guillermo<\/strong> le dijo que un a\u00f1o y el instructor le respondi\u00f3 <em>\u201cVale, tienes un mes para comenzar el curso de primer piloto\u201d.<\/em> Pronto estuvo suelto y continu\u00f3 volando el Boeing 737 durante la friolera de 18 a\u00f1os. Luego el Airbus A330 en vuelos trasatl\u00e1nticos durante unos 6 a\u00f1os y finalmente hace unos d\u00edas ha completado de forma exitosa su habilitaci\u00f3n como comandante para volar el moderno y espectacular y seguro Boeing 787 Dreamliner, en sus versiones 8 y 9, teniendo que pasar la inspecci\u00f3n final volando, precisamente, a su querida isla de Tenerife y luego un ida y vuelta a Sao Paulo. A lo largo de este periplo de 34 a\u00f1os, que <strong>Jos\u00e9 Guillermo Hern\u00e1ndez<\/strong> ha pasado volando, he acumulado unas 20.500 horas de vuelo. Pero, como muchas veces tiene que cambiar de aviones para volver a su casa, \u00e9chenle en 15 a\u00f1os otras 3.000 horas m\u00e1s de vuelo como pasajero, en lo ellos llaman \u201cir en situaci\u00f3n\u201d.<\/li>\n<\/ul>\n<p><a href=\"https:\/\/elcotarro.com\/wp-content\/uploads\/2020\/08\/FOTO-8.-ATERRIZAJE.jpg\"><img loading=\"lazy\" decoding=\"async\" class=\"aligncenter size-full wp-image-8747\" src=\"https:\/\/elcotarro.com\/wp-content\/uploads\/2020\/08\/FOTO-8.-ATERRIZAJE.jpg\" alt=\"\" width=\"1200\" height=\"800\" srcset=\"https:\/\/elcotarro.com\/wp-content\/uploads\/2020\/08\/FOTO-8.-ATERRIZAJE.jpg 1200w, https:\/\/elcotarro.com\/wp-content\/uploads\/2020\/08\/FOTO-8.-ATERRIZAJE-300x200.jpg 300w, https:\/\/elcotarro.com\/wp-content\/uploads\/2020\/08\/FOTO-8.-ATERRIZAJE-1024x683.jpg 1024w, https:\/\/elcotarro.com\/wp-content\/uploads\/2020\/08\/FOTO-8.-ATERRIZAJE-768x512.jpg 768w\" sizes=\"auto, (max-width: 1200px) 100vw, 1200px\" \/><\/a><\/p>\n<p style=\"text-align: center\"><em>Jos\u00e9 Guillermo Hern\u00e1ndez, ha aterrizado multitud de veces en Los Rodeos, pero en esta foto est\u00e1 aterrizando por primera vez como comandante a los mandos del 787 Dreamliner de Air Europa, con La Laguna al fondo. Foto de Luciano De la Rosa.<\/em><\/p>\n<p>&nbsp;<\/p>\n<p><strong>JOS\u00c9 GUILLERMO HERN\u00c1NDEZ, YA VUELA EL 787 DREAMLINER<\/strong><\/p>\n<ul>\n<li>Llegar a esta cima profesional no ha sido nada f\u00e1cil. Hay que decir que <strong>Jos\u00e9 Guillermo<\/strong> no suele contarlo, pero en una ocasi\u00f3n, durante su instrucci\u00f3n americana en Dallas, volando de noche con una avioneta Cessna 150, tuvo un problema de motor y se vio obligado a aterrizar de madrugada en medio de una autopista, gui\u00e1ndose por las luces rojas traseras de los coches. <strong>Jos\u00e9 Guillermo,<\/strong> junto a su esposa y sus hijas vive en Polonia desde hace a\u00f1os y, por el hecho de vivir \u201call\u00e1 arriba\u201d en Lublin debe realizar otro mont\u00f3n de horas de vuelo como pasajero, tanto para volar a Tenerife como a su casa de Polonia. <strong>Jos\u00e9 Guillermo<\/strong> tiene su base administrativa en Tenerife Norte (con una casa a la que llama <em>\u201cBase Tranquilidad\u201d<\/em>, su base operativa en Madrid y su casa en Lublin, Polonia, donde siempre recuerda que vive con sus princesitas. Cuando tiene pocos d\u00edas libres bajo a Tenerife y cuando le salen m\u00e1s de 4 d\u00edas libres seguidos, subo a Polonia. Es la vida y la gran trayectoria profesional de un tinerfe\u00f1o, de \u201cuno de los nuestros\u201d, que ha triunfado en lo m\u00e1s alto con total merecimiento. \u00a1Felicidades a <strong>Jos\u00e9 Guillermo Hern\u00e1ndez<\/strong> y\u2026 \u00a1buenos vuelos!<\/li>\n<\/ul>\n<p><a href=\"https:\/\/elcotarro.com\/wp-content\/uploads\/2020\/08\/FOTO-9.-JOS\u00c9-GUILLERMO-SR..jpg\">\u00a0<\/a><a href=\"https:\/\/elcotarro.com\/wp-content\/uploads\/2020\/08\/FOTO-9.-JOS\u00c9-GUILLERMO-SR..jpg\"><img loading=\"lazy\" decoding=\"async\" class=\"aligncenter wp-image-8748 size-large\" src=\"https:\/\/elcotarro.com\/wp-content\/uploads\/2020\/08\/FOTO-9.-JOS\u00c9-GUILLERMO-SR.-681x1024.jpg\" alt=\"\" width=\"681\" height=\"1024\" srcset=\"https:\/\/elcotarro.com\/wp-content\/uploads\/2020\/08\/FOTO-9.-JOS\u00c9-GUILLERMO-SR.-681x1024.jpg 681w, https:\/\/elcotarro.com\/wp-content\/uploads\/2020\/08\/FOTO-9.-JOS\u00c9-GUILLERMO-SR.-200x300.jpg 200w, https:\/\/elcotarro.com\/wp-content\/uploads\/2020\/08\/FOTO-9.-JOS\u00c9-GUILLERMO-SR.-768x1155.jpg 768w, https:\/\/elcotarro.com\/wp-content\/uploads\/2020\/08\/FOTO-9.-JOS\u00c9-GUILLERMO-SR.-1021x1536.jpg 1021w, https:\/\/elcotarro.com\/wp-content\/uploads\/2020\/08\/FOTO-9.-JOS\u00c9-GUILLERMO-SR..jpg 1064w\" sizes=\"auto, (max-width: 681px) 100vw, 681px\" \/><\/a><\/p>\n<p><a href=\"https:\/\/elcotarro.com\/wp-content\/uploads\/2020\/08\/FOTO-10.-JOS\u00c9-GUILLERMO-JR..jpg\"><img loading=\"lazy\" decoding=\"async\" class=\"aligncenter wp-image-8749 size-large\" src=\"https:\/\/elcotarro.com\/wp-content\/uploads\/2020\/08\/FOTO-10.-JOS\u00c9-GUILLERMO-JR.-737x1024.jpg\" alt=\"\" width=\"737\" height=\"1024\" srcset=\"https:\/\/elcotarro.com\/wp-content\/uploads\/2020\/08\/FOTO-10.-JOS\u00c9-GUILLERMO-JR.-737x1024.jpg 737w, https:\/\/elcotarro.com\/wp-content\/uploads\/2020\/08\/FOTO-10.-JOS\u00c9-GUILLERMO-JR.-216x300.jpg 216w, https:\/\/elcotarro.com\/wp-content\/uploads\/2020\/08\/FOTO-10.-JOS\u00c9-GUILLERMO-JR.-768x1067.jpg 768w, https:\/\/elcotarro.com\/wp-content\/uploads\/2020\/08\/FOTO-10.-JOS\u00c9-GUILLERMO-JR.-1106x1536.jpg 1106w, https:\/\/elcotarro.com\/wp-content\/uploads\/2020\/08\/FOTO-10.-JOS\u00c9-GUILLERMO-JR..jpg 1152w\" sizes=\"auto, (max-width: 737px) 100vw, 737px\" \/><\/a><\/p>\n<p style=\"text-align: center\"><em>Jos\u00e9 Guillermo Hern\u00e1ndez, hoy (arriba) y unos a\u00f1os antes, comenzando su trayectoria<\/em><\/p>\n<p>&nbsp;<\/p>\n<p><a href=\"https:\/\/elcotarro.com\/wp-content\/uploads\/2020\/08\/FOTO-11.-CARECA-\u00cdNSULA.jpg\"><img loading=\"lazy\" decoding=\"async\" class=\"aligncenter wp-image-8750 size-full\" src=\"https:\/\/elcotarro.com\/wp-content\/uploads\/2020\/08\/FOTO-11.-CARECA-\u00cdNSULA.jpg\" alt=\"\" width=\"750\" height=\"153\" srcset=\"https:\/\/elcotarro.com\/wp-content\/uploads\/2020\/08\/FOTO-11.-CARECA-\u00cdNSULA.jpg 750w, https:\/\/elcotarro.com\/wp-content\/uploads\/2020\/08\/FOTO-11.-CARECA-\u00cdNSULA-300x61.jpg 300w\" sizes=\"auto, (max-width: 750px) 100vw, 750px\" \/><\/a><\/p>\n","protected":false},"excerpt":{"rendered":"<p>SE VA AGOSTO, PERO MIRO AL FUTURO EN POSITIVO Como quien no quiere la cosa, ma\u00f1ana se nos va ya el mes de agosto, pero nos deja la misma crisis por la pandemia del maldito coronavirus Covid-19, y un panorama bastante incierto. A pesar de lo complicado que est\u00e1 el asunto, me quedo siempre con &#8230; <a class=\"read-more\" href=\"https:\/\/elcotarro.com\/?p=8739\">Read more<\/a><\/p>\n","protected":false},"author":2,"featured_media":0,"comment_status":"open","ping_status":"open","sticky":false,"template":"","format":"standard","meta":{"_jetpack_memberships_contains_paid_content":false,"footnotes":""},"categories":[4],"tags":[],"class_list":["post-8739","post","type-post","status-publish","format-standard","hentry","category-el-cotarro"],"yoast_head":"<!-- This site is optimized with the Yoast SEO plugin v27.0 - https:\/\/yoast.com\/product\/yoast-seo-wordpress\/ -->\n<title>EL COTARRO Digital N\u00ba312 del domingo 30\/08\/2020 - El Cotarro<\/title>\n<meta name=\"robots\" content=\"index, follow, max-snippet:-1, max-image-preview:large, max-video-preview:-1\" \/>\n<link rel=\"canonical\" href=\"https:\/\/elcotarro.com\/?p=8739\" \/>\n<meta property=\"og:locale\" content=\"es_ES\" \/>\n<meta property=\"og:type\" content=\"article\" \/>\n<meta property=\"og:title\" content=\"EL COTARRO Digital N\u00ba312 del domingo 30\/08\/2020 - El Cotarro\" \/>\n<meta property=\"og:description\" content=\"SE VA AGOSTO, PERO MIRO AL FUTURO EN POSITIVO Como quien no quiere la cosa, ma\u00f1ana se nos va ya el mes de agosto, pero nos deja la misma crisis por la pandemia del maldito coronavirus Covid-19, y un panorama bastante incierto. A pesar de lo complicado que est\u00e1 el asunto, me quedo siempre con ... Read more\" \/>\n<meta property=\"og:url\" content=\"https:\/\/elcotarro.com\/?p=8739\" \/>\n<meta property=\"og:site_name\" content=\"El Cotarro\" \/>\n<meta property=\"article:publisher\" content=\"https:\/\/www.facebook.com\/ElCotarro.Tenerife\" \/>\n<meta property=\"article:published_time\" content=\"2020-08-30T02:30:10+00:00\" \/>\n<meta property=\"article:modified_time\" content=\"2020-08-30T11:02:40+00:00\" \/>\n<meta property=\"og:image\" content=\"https:\/\/elcotarro.com\/wp-content\/uploads\/2020\/08\/FOTO-2.-CAPITAN-GENERAL.jpg\" \/>\n<meta name=\"author\" content=\"Jos\u00e9 Carlos Marrero Gonz\u00e1lez\" \/>\n<meta name=\"twitter:label1\" content=\"Escrito por\" \/>\n\t<meta name=\"twitter:data1\" content=\"Jos\u00e9 Carlos Marrero Gonz\u00e1lez\" \/>\n\t<meta name=\"twitter:label2\" content=\"Tiempo de lectura\" \/>\n\t<meta name=\"twitter:data2\" content=\"11 minutos\" \/>\n<script type=\"application\/ld+json\" class=\"yoast-schema-graph\">{\"@context\":\"https:\/\/schema.org\",\"@graph\":[{\"@type\":\"Article\",\"@id\":\"https:\/\/elcotarro.com\/?p=8739#article\",\"isPartOf\":{\"@id\":\"https:\/\/elcotarro.com\/?p=8739\"},\"author\":{\"name\":\"Jos\u00e9 Carlos Marrero Gonz\u00e1lez\",\"@id\":\"https:\/\/elcotarro.com\/#\/schema\/person\/af537ee7d60d15984c7e0affcd8a918b\"},\"headline\":\"EL COTARRO Digital N\u00ba312 del domingo 30\/08\/2020\",\"datePublished\":\"2020-08-30T02:30:10+00:00\",\"dateModified\":\"2020-08-30T11:02:40+00:00\",\"mainEntityOfPage\":{\"@id\":\"https:\/\/elcotarro.com\/?p=8739\"},\"wordCount\":2191,\"commentCount\":0,\"publisher\":{\"@id\":\"https:\/\/elcotarro.com\/#organization\"},\"image\":{\"@id\":\"https:\/\/elcotarro.com\/?p=8739#primaryimage\"},\"thumbnailUrl\":\"https:\/\/elcotarro.com\/wp-content\/uploads\/2020\/08\/FOTO-2.-CAPITAN-GENERAL.jpg\",\"articleSection\":[\"El Cotarro\"],\"inLanguage\":\"es\",\"potentialAction\":[{\"@type\":\"CommentAction\",\"name\":\"Comment\",\"target\":[\"https:\/\/elcotarro.com\/?p=8739#respond\"]}]},{\"@type\":\"WebPage\",\"@id\":\"https:\/\/elcotarro.com\/?p=8739\",\"url\":\"https:\/\/elcotarro.com\/?p=8739\",\"name\":\"EL COTARRO Digital N\u00ba312 del domingo 30\/08\/2020 - El Cotarro\",\"isPartOf\":{\"@id\":\"https:\/\/elcotarro.com\/#website\"},\"primaryImageOfPage\":{\"@id\":\"https:\/\/elcotarro.com\/?p=8739#primaryimage\"},\"image\":{\"@id\":\"https:\/\/elcotarro.com\/?p=8739#primaryimage\"},\"thumbnailUrl\":\"https:\/\/elcotarro.com\/wp-content\/uploads\/2020\/08\/FOTO-2.-CAPITAN-GENERAL.jpg\",\"datePublished\":\"2020-08-30T02:30:10+00:00\",\"dateModified\":\"2020-08-30T11:02:40+00:00\",\"breadcrumb\":{\"@id\":\"https:\/\/elcotarro.com\/?p=8739#breadcrumb\"},\"inLanguage\":\"es\",\"potentialAction\":[{\"@type\":\"ReadAction\",\"target\":[\"https:\/\/elcotarro.com\/?p=8739\"]}]},{\"@type\":\"ImageObject\",\"inLanguage\":\"es\",\"@id\":\"https:\/\/elcotarro.com\/?p=8739#primaryimage\",\"url\":\"https:\/\/elcotarro.com\/wp-content\/uploads\/2020\/08\/FOTO-2.-CAPITAN-GENERAL.jpg\",\"contentUrl\":\"https:\/\/elcotarro.com\/wp-content\/uploads\/2020\/08\/FOTO-2.-CAPITAN-GENERAL.jpg\",\"width\":516,\"height\":471},{\"@type\":\"BreadcrumbList\",\"@id\":\"https:\/\/elcotarro.com\/?p=8739#breadcrumb\",\"itemListElement\":[{\"@type\":\"ListItem\",\"position\":1,\"name\":\"Portada\",\"item\":\"https:\/\/elcotarro.com\/\"},{\"@type\":\"ListItem\",\"position\":2,\"name\":\"EL COTARRO Digital N\u00ba312 del domingo 30\/08\/2020\"}]},{\"@type\":\"WebSite\",\"@id\":\"https:\/\/elcotarro.com\/#website\",\"url\":\"https:\/\/elcotarro.com\/\",\"name\":\"El Cotarro\",\"description\":\"Peri\u00f3dico Digital Independiente dirigido por Jos\u00e9 Carlos Marrero\",\"publisher\":{\"@id\":\"https:\/\/elcotarro.com\/#organization\"},\"potentialAction\":[{\"@type\":\"SearchAction\",\"target\":{\"@type\":\"EntryPoint\",\"urlTemplate\":\"https:\/\/elcotarro.com\/?s={search_term_string}\"},\"query-input\":{\"@type\":\"PropertyValueSpecification\",\"valueRequired\":true,\"valueName\":\"search_term_string\"}}],\"inLanguage\":\"es\"},{\"@type\":\"Organization\",\"@id\":\"https:\/\/elcotarro.com\/#organization\",\"name\":\"El Cotarro\",\"url\":\"https:\/\/elcotarro.com\/\",\"logo\":{\"@type\":\"ImageObject\",\"inLanguage\":\"es\",\"@id\":\"https:\/\/elcotarro.com\/#\/schema\/logo\/image\/\",\"url\":\"https:\/\/elcotarro.com\/wp-content\/uploads\/2014\/09\/Cabecera_El_Cotarro_v2.jpg\",\"contentUrl\":\"https:\/\/elcotarro.com\/wp-content\/uploads\/2014\/09\/Cabecera_El_Cotarro_v2.jpg\",\"width\":3540,\"height\":441,\"caption\":\"El Cotarro\"},\"image\":{\"@id\":\"https:\/\/elcotarro.com\/#\/schema\/logo\/image\/\"},\"sameAs\":[\"https:\/\/www.facebook.com\/ElCotarro.Tenerife\"]},{\"@type\":\"Person\",\"@id\":\"https:\/\/elcotarro.com\/#\/schema\/person\/af537ee7d60d15984c7e0affcd8a918b\",\"name\":\"Jos\u00e9 Carlos Marrero Gonz\u00e1lez\",\"image\":{\"@type\":\"ImageObject\",\"inLanguage\":\"es\",\"@id\":\"https:\/\/elcotarro.com\/#\/schema\/person\/image\/\",\"url\":\"https:\/\/secure.gravatar.com\/avatar\/def4da036efb5d32c74d49c351f6dccc064dd69ad9f3aadc295c5a9a5391ca01?s=96&d=mm&r=g\",\"contentUrl\":\"https:\/\/secure.gravatar.com\/avatar\/def4da036efb5d32c74d49c351f6dccc064dd69ad9f3aadc295c5a9a5391ca01?s=96&d=mm&r=g\",\"caption\":\"Jos\u00e9 Carlos Marrero Gonz\u00e1lez\"},\"sameAs\":[\"https:\/\/elcotarro.com\"],\"url\":\"https:\/\/elcotarro.com\/?author=2\"}]}<\/script>\n<!-- \/ Yoast SEO plugin. -->","yoast_head_json":{"title":"EL COTARRO Digital N\u00ba312 del domingo 30\/08\/2020 - El Cotarro","robots":{"index":"index","follow":"follow","max-snippet":"max-snippet:-1","max-image-preview":"max-image-preview:large","max-video-preview":"max-video-preview:-1"},"canonical":"https:\/\/elcotarro.com\/?p=8739","og_locale":"es_ES","og_type":"article","og_title":"EL COTARRO Digital N\u00ba312 del domingo 30\/08\/2020 - El Cotarro","og_description":"SE VA AGOSTO, PERO MIRO AL FUTURO EN POSITIVO Como quien no quiere la cosa, ma\u00f1ana se nos va ya el mes de agosto, pero nos deja la misma crisis por la pandemia del maldito coronavirus Covid-19, y un panorama bastante incierto. A pesar de lo complicado que est\u00e1 el asunto, me quedo siempre con ... Read more","og_url":"https:\/\/elcotarro.com\/?p=8739","og_site_name":"El Cotarro","article_publisher":"https:\/\/www.facebook.com\/ElCotarro.Tenerife","article_published_time":"2020-08-30T02:30:10+00:00","article_modified_time":"2020-08-30T11:02:40+00:00","og_image":[{"url":"https:\/\/elcotarro.com\/wp-content\/uploads\/2020\/08\/FOTO-2.-CAPITAN-GENERAL.jpg","type":"","width":"","height":""}],"author":"Jos\u00e9 Carlos Marrero Gonz\u00e1lez","twitter_misc":{"Escrito por":"Jos\u00e9 Carlos Marrero Gonz\u00e1lez","Tiempo de lectura":"11 minutos"},"schema":{"@context":"https:\/\/schema.org","@graph":[{"@type":"Article","@id":"https:\/\/elcotarro.com\/?p=8739#article","isPartOf":{"@id":"https:\/\/elcotarro.com\/?p=8739"},"author":{"name":"Jos\u00e9 Carlos Marrero Gonz\u00e1lez","@id":"https:\/\/elcotarro.com\/#\/schema\/person\/af537ee7d60d15984c7e0affcd8a918b"},"headline":"EL COTARRO Digital N\u00ba312 del domingo 30\/08\/2020","datePublished":"2020-08-30T02:30:10+00:00","dateModified":"2020-08-30T11:02:40+00:00","mainEntityOfPage":{"@id":"https:\/\/elcotarro.com\/?p=8739"},"wordCount":2191,"commentCount":0,"publisher":{"@id":"https:\/\/elcotarro.com\/#organization"},"image":{"@id":"https:\/\/elcotarro.com\/?p=8739#primaryimage"},"thumbnailUrl":"https:\/\/elcotarro.com\/wp-content\/uploads\/2020\/08\/FOTO-2.-CAPITAN-GENERAL.jpg","articleSection":["El Cotarro"],"inLanguage":"es","potentialAction":[{"@type":"CommentAction","name":"Comment","target":["https:\/\/elcotarro.com\/?p=8739#respond"]}]},{"@type":"WebPage","@id":"https:\/\/elcotarro.com\/?p=8739","url":"https:\/\/elcotarro.com\/?p=8739","name":"EL COTARRO Digital N\u00ba312 del domingo 30\/08\/2020 - El Cotarro","isPartOf":{"@id":"https:\/\/elcotarro.com\/#website"},"primaryImageOfPage":{"@id":"https:\/\/elcotarro.com\/?p=8739#primaryimage"},"image":{"@id":"https:\/\/elcotarro.com\/?p=8739#primaryimage"},"thumbnailUrl":"https:\/\/elcotarro.com\/wp-content\/uploads\/2020\/08\/FOTO-2.-CAPITAN-GENERAL.jpg","datePublished":"2020-08-30T02:30:10+00:00","dateModified":"2020-08-30T11:02:40+00:00","breadcrumb":{"@id":"https:\/\/elcotarro.com\/?p=8739#breadcrumb"},"inLanguage":"es","potentialAction":[{"@type":"ReadAction","target":["https:\/\/elcotarro.com\/?p=8739"]}]},{"@type":"ImageObject","inLanguage":"es","@id":"https:\/\/elcotarro.com\/?p=8739#primaryimage","url":"https:\/\/elcotarro.com\/wp-content\/uploads\/2020\/08\/FOTO-2.-CAPITAN-GENERAL.jpg","contentUrl":"https:\/\/elcotarro.com\/wp-content\/uploads\/2020\/08\/FOTO-2.-CAPITAN-GENERAL.jpg","width":516,"height":471},{"@type":"BreadcrumbList","@id":"https:\/\/elcotarro.com\/?p=8739#breadcrumb","itemListElement":[{"@type":"ListItem","position":1,"name":"Portada","item":"https:\/\/elcotarro.com\/"},{"@type":"ListItem","position":2,"name":"EL COTARRO Digital N\u00ba312 del domingo 30\/08\/2020"}]},{"@type":"WebSite","@id":"https:\/\/elcotarro.com\/#website","url":"https:\/\/elcotarro.com\/","name":"El Cotarro","description":"Peri\u00f3dico Digital Independiente dirigido por Jos\u00e9 Carlos Marrero","publisher":{"@id":"https:\/\/elcotarro.com\/#organization"},"potentialAction":[{"@type":"SearchAction","target":{"@type":"EntryPoint","urlTemplate":"https:\/\/elcotarro.com\/?s={search_term_string}"},"query-input":{"@type":"PropertyValueSpecification","valueRequired":true,"valueName":"search_term_string"}}],"inLanguage":"es"},{"@type":"Organization","@id":"https:\/\/elcotarro.com\/#organization","name":"El Cotarro","url":"https:\/\/elcotarro.com\/","logo":{"@type":"ImageObject","inLanguage":"es","@id":"https:\/\/elcotarro.com\/#\/schema\/logo\/image\/","url":"https:\/\/elcotarro.com\/wp-content\/uploads\/2014\/09\/Cabecera_El_Cotarro_v2.jpg","contentUrl":"https:\/\/elcotarro.com\/wp-content\/uploads\/2014\/09\/Cabecera_El_Cotarro_v2.jpg","width":3540,"height":441,"caption":"El Cotarro"},"image":{"@id":"https:\/\/elcotarro.com\/#\/schema\/logo\/image\/"},"sameAs":["https:\/\/www.facebook.com\/ElCotarro.Tenerife"]},{"@type":"Person","@id":"https:\/\/elcotarro.com\/#\/schema\/person\/af537ee7d60d15984c7e0affcd8a918b","name":"Jos\u00e9 Carlos Marrero Gonz\u00e1lez","image":{"@type":"ImageObject","inLanguage":"es","@id":"https:\/\/elcotarro.com\/#\/schema\/person\/image\/","url":"https:\/\/secure.gravatar.com\/avatar\/def4da036efb5d32c74d49c351f6dccc064dd69ad9f3aadc295c5a9a5391ca01?s=96&d=mm&r=g","contentUrl":"https:\/\/secure.gravatar.com\/avatar\/def4da036efb5d32c74d49c351f6dccc064dd69ad9f3aadc295c5a9a5391ca01?s=96&d=mm&r=g","caption":"Jos\u00e9 Carlos Marrero Gonz\u00e1lez"},"sameAs":["https:\/\/elcotarro.com"],"url":"https:\/\/elcotarro.com\/?author=2"}]}},"jetpack_featured_media_url":"","jetpack_sharing_enabled":true,"_links":{"self":[{"href":"https:\/\/elcotarro.com\/index.php?rest_route=\/wp\/v2\/posts\/8739","targetHints":{"allow":["GET"]}}],"collection":[{"href":"https:\/\/elcotarro.com\/index.php?rest_route=\/wp\/v2\/posts"}],"about":[{"href":"https:\/\/elcotarro.com\/index.php?rest_route=\/wp\/v2\/types\/post"}],"author":[{"embeddable":true,"href":"https:\/\/elcotarro.com\/index.php?rest_route=\/wp\/v2\/users\/2"}],"replies":[{"embeddable":true,"href":"https:\/\/elcotarro.com\/index.php?rest_route=%2Fwp%2Fv2%2Fcomments&post=8739"}],"version-history":[{"count":2,"href":"https:\/\/elcotarro.com\/index.php?rest_route=\/wp\/v2\/posts\/8739\/revisions"}],"predecessor-version":[{"id":8785,"href":"https:\/\/elcotarro.com\/index.php?rest_route=\/wp\/v2\/posts\/8739\/revisions\/8785"}],"wp:attachment":[{"href":"https:\/\/elcotarro.com\/index.php?rest_route=%2Fwp%2Fv2%2Fmedia&parent=8739"}],"wp:term":[{"taxonomy":"category","embeddable":true,"href":"https:\/\/elcotarro.com\/index.php?rest_route=%2Fwp%2Fv2%2Fcategories&post=8739"},{"taxonomy":"post_tag","embeddable":true,"href":"https:\/\/elcotarro.com\/index.php?rest_route=%2Fwp%2Fv2%2Ftags&post=8739"}],"curies":[{"name":"wp","href":"https:\/\/api.w.org\/{rel}","templated":true}]}}