{"id":8758,"date":"2020-08-30T07:58:54","date_gmt":"2020-08-30T06:58:54","guid":{"rendered":"https:\/\/elcotarro.com\/?p=8758"},"modified":"2020-08-28T19:00:48","modified_gmt":"2020-08-28T18:00:48","slug":"canarias-protagonista-de-un-mando-unico","status":"publish","type":"post","link":"https:\/\/elcotarro.com\/?p=8758","title":{"rendered":"CANARIAS PROTAGONISTA DE UN MANDO \u00daNICO"},"content":{"rendered":"<p>Muy inteligentemente, <strong>Mar\u00eda Rozman<\/strong> introdujo al teniente general <strong>Palacios Zaforteza<\/strong> en la realidad que Canarias representa como punto estrat\u00e9gico en el mapa y el Jefe del Mando de Canarias no dud\u00f3 en manifestar que: <em>\u201cCanarias tiene importancia para el Ej\u00e9rcito de Tierra. En las Islas tenemos 4.000 hombres y un teniente general, y no solo eso, sino que con la reestructuraci\u00f3n que se aprob\u00f3 el mes pasado en las Fuerzas Armadas, Canarias no solo va a mandar sobre las tropas del Archipi\u00e9lago, sino tambi\u00e9n sobre Ceuta, Melilla y Baleares\u201d<\/em>. O sea, que a partir de pasado ma\u00f1ana, este martes 1 de septiembre, Canarias liderar\u00e1 lo que se llama un mando de presencia y vigilancia, bajo la jefatura del propio <strong>Carlos Palacios<\/strong> y con sede en la tinerfe\u00f1a Plaza de Weyler, aunque ahora, adem\u00e1s de por todas nuestras islas, tendr\u00e1 que viajar m\u00e1s y tener tambi\u00e9n presencia f\u00edsica en Baleares (su tierra natal), Ceuta y Melilla. Un cargo a\u00fan m\u00e1s alto y una nueva responsabilidad por la que hay que felicitar al Teniente General,<strong> Carlos Palacios Zaforteza<\/strong> y desearle, junto a todo su Estado Mayor y el conjunto de los hombres y mujeres bajo su mando, toda la suerte del mundo y que sigan siempre en pie\u2026 de paz.<\/p>\n<p style=\"text-align: center\"><a href=\"https:\/\/elcotarro.com\/wp-content\/uploads\/2020\/08\/FOTO-3.-CASA-TOM\u00c1S-1.jpeg\"><img loading=\"lazy\" decoding=\"async\" class=\"aligncenter size-full wp-image-8759\" src=\"https:\/\/elcotarro.com\/wp-content\/uploads\/2020\/08\/FOTO-3.-CASA-TOM\u00c1S-1.jpeg\" alt=\"\" width=\"1024\" height=\"768\" srcset=\"https:\/\/elcotarro.com\/wp-content\/uploads\/2020\/08\/FOTO-3.-CASA-TOM\u00c1S-1.jpeg 1024w, https:\/\/elcotarro.com\/wp-content\/uploads\/2020\/08\/FOTO-3.-CASA-TOM\u00c1S-1-300x225.jpeg 300w, https:\/\/elcotarro.com\/wp-content\/uploads\/2020\/08\/FOTO-3.-CASA-TOM\u00c1S-1-768x576.jpeg 768w\" sizes=\"auto, (max-width: 1024px) 100vw, 1024px\" \/><\/a><\/p>\n<p style=\"text-align: center\">Nuestro \u201cCapit\u00e1n General\u201d, Carlos Palacios Zaforteza, es una persona cercana y campechana que, cuando puede, no duda en acercarse al bodeg\u00f3n Casa Tom\u00e1s a degustar su cocina canaria. En la foto, flanqueado por los propietarios del establecimiento: <strong>Tom\u00e1s Galv\u00e1n\u00a0<\/strong>(capit\u00e1n general de Casa Tom\u00e1s) y su esposa\u00a0<strong>Ver\u00edsima Garc\u00eda\u00a0<\/strong>(jefa de su estado mayor en la cocina) junto con su hijo\u00a0<strong>V\u00edctor\u00a0<\/strong>(coronel jefe del establecimiento)<\/p>\n","protected":false},"excerpt":{"rendered":"<p>Muy inteligentemente, Mar\u00eda Rozman introdujo al teniente general Palacios Zaforteza en la realidad que Canarias representa como punto estrat\u00e9gico en el mapa y el Jefe del Mando de Canarias no dud\u00f3 en manifestar que: \u201cCanarias tiene importancia para el Ej\u00e9rcito de Tierra. En las Islas tenemos 4.000 hombres y un teniente general, y no solo &#8230; <a class=\"read-more\" href=\"https:\/\/elcotarro.com\/?p=8758\">Read more<\/a><\/p>\n","protected":false},"author":2,"featured_media":0,"comment_status":"open","ping_status":"open","sticky":false,"template":"","format":"standard","meta":{"_jetpack_memberships_contains_paid_content":false,"footnotes":""},"categories":[1],"tags":[],"class_list":["post-8758","post","type-post","status-publish","format-standard","hentry","category-sin-categoria"],"yoast_head":"<!-- This site is optimized with the Yoast SEO plugin v27.0 - https:\/\/yoast.com\/product\/yoast-seo-wordpress\/ -->\n<title>CANARIAS PROTAGONISTA DE UN MANDO \u00daNICO - El Cotarro<\/title>\n<meta name=\"robots\" content=\"index, follow, max-snippet:-1, max-image-preview:large, max-video-preview:-1\" \/>\n<link rel=\"canonical\" href=\"https:\/\/elcotarro.com\/?p=8758\" \/>\n<meta property=\"og:locale\" content=\"es_ES\" \/>\n<meta property=\"og:type\" content=\"article\" \/>\n<meta property=\"og:title\" content=\"CANARIAS PROTAGONISTA DE UN MANDO \u00daNICO - El Cotarro\" \/>\n<meta property=\"og:description\" content=\"Muy inteligentemente, Mar\u00eda Rozman introdujo al teniente general Palacios Zaforteza en la realidad que Canarias representa como punto estrat\u00e9gico en el mapa y el Jefe del Mando de Canarias no dud\u00f3 en manifestar que: \u201cCanarias tiene importancia para el Ej\u00e9rcito de Tierra. En las Islas tenemos 4.000 hombres y un teniente general, y no solo ... Read more\" \/>\n<meta property=\"og:url\" content=\"https:\/\/elcotarro.com\/?p=8758\" \/>\n<meta property=\"og:site_name\" content=\"El Cotarro\" \/>\n<meta property=\"article:publisher\" content=\"https:\/\/www.facebook.com\/ElCotarro.Tenerife\" \/>\n<meta property=\"article:published_time\" content=\"2020-08-30T06:58:54+00:00\" \/>\n<meta name=\"author\" content=\"Jos\u00e9 Carlos Marrero Gonz\u00e1lez\" \/>\n<meta name=\"twitter:label1\" content=\"Escrito por\" \/>\n\t<meta name=\"twitter:data1\" content=\"Jos\u00e9 Carlos Marrero Gonz\u00e1lez\" \/>\n\t<meta name=\"twitter:label2\" content=\"Tiempo de lectura\" \/>\n\t<meta name=\"twitter:data2\" content=\"1 minuto\" \/>\n<script type=\"application\/ld+json\" class=\"yoast-schema-graph\">{\"@context\":\"https:\/\/schema.org\",\"@graph\":[{\"@type\":\"Article\",\"@id\":\"https:\/\/elcotarro.com\/?p=8758#article\",\"isPartOf\":{\"@id\":\"https:\/\/elcotarro.com\/?p=8758\"},\"author\":{\"name\":\"Jos\u00e9 Carlos Marrero Gonz\u00e1lez\",\"@id\":\"https:\/\/elcotarro.com\/#\/schema\/person\/af537ee7d60d15984c7e0affcd8a918b\"},\"headline\":\"CANARIAS PROTAGONISTA DE UN MANDO \u00daNICO\",\"datePublished\":\"2020-08-30T06:58:54+00:00\",\"mainEntityOfPage\":{\"@id\":\"https:\/\/elcotarro.com\/?p=8758\"},\"wordCount\":302,\"commentCount\":0,\"publisher\":{\"@id\":\"https:\/\/elcotarro.com\/#organization\"},\"inLanguage\":\"es\",\"potentialAction\":[{\"@type\":\"CommentAction\",\"name\":\"Comment\",\"target\":[\"https:\/\/elcotarro.com\/?p=8758#respond\"]}]},{\"@type\":\"WebPage\",\"@id\":\"https:\/\/elcotarro.com\/?p=8758\",\"url\":\"https:\/\/elcotarro.com\/?p=8758\",\"name\":\"CANARIAS PROTAGONISTA DE UN MANDO \u00daNICO - El Cotarro\",\"isPartOf\":{\"@id\":\"https:\/\/elcotarro.com\/#website\"},\"datePublished\":\"2020-08-30T06:58:54+00:00\",\"breadcrumb\":{\"@id\":\"https:\/\/elcotarro.com\/?p=8758#breadcrumb\"},\"inLanguage\":\"es\",\"potentialAction\":[{\"@type\":\"ReadAction\",\"target\":[\"https:\/\/elcotarro.com\/?p=8758\"]}]},{\"@type\":\"BreadcrumbList\",\"@id\":\"https:\/\/elcotarro.com\/?p=8758#breadcrumb\",\"itemListElement\":[{\"@type\":\"ListItem\",\"position\":1,\"name\":\"Portada\",\"item\":\"https:\/\/elcotarro.com\/\"},{\"@type\":\"ListItem\",\"position\":2,\"name\":\"CANARIAS PROTAGONISTA DE UN MANDO \u00daNICO\"}]},{\"@type\":\"WebSite\",\"@id\":\"https:\/\/elcotarro.com\/#website\",\"url\":\"https:\/\/elcotarro.com\/\",\"name\":\"El Cotarro\",\"description\":\"Peri\u00f3dico Digital Independiente dirigido por Jos\u00e9 Carlos Marrero\",\"publisher\":{\"@id\":\"https:\/\/elcotarro.com\/#organization\"},\"potentialAction\":[{\"@type\":\"SearchAction\",\"target\":{\"@type\":\"EntryPoint\",\"urlTemplate\":\"https:\/\/elcotarro.com\/?s={search_term_string}\"},\"query-input\":{\"@type\":\"PropertyValueSpecification\",\"valueRequired\":true,\"valueName\":\"search_term_string\"}}],\"inLanguage\":\"es\"},{\"@type\":\"Organization\",\"@id\":\"https:\/\/elcotarro.com\/#organization\",\"name\":\"El Cotarro\",\"url\":\"https:\/\/elcotarro.com\/\",\"logo\":{\"@type\":\"ImageObject\",\"inLanguage\":\"es\",\"@id\":\"https:\/\/elcotarro.com\/#\/schema\/logo\/image\/\",\"url\":\"https:\/\/elcotarro.com\/wp-content\/uploads\/2014\/09\/Cabecera_El_Cotarro_v2.jpg\",\"contentUrl\":\"https:\/\/elcotarro.com\/wp-content\/uploads\/2014\/09\/Cabecera_El_Cotarro_v2.jpg\",\"width\":3540,\"height\":441,\"caption\":\"El Cotarro\"},\"image\":{\"@id\":\"https:\/\/elcotarro.com\/#\/schema\/logo\/image\/\"},\"sameAs\":[\"https:\/\/www.facebook.com\/ElCotarro.Tenerife\"]},{\"@type\":\"Person\",\"@id\":\"https:\/\/elcotarro.com\/#\/schema\/person\/af537ee7d60d15984c7e0affcd8a918b\",\"name\":\"Jos\u00e9 Carlos Marrero Gonz\u00e1lez\",\"image\":{\"@type\":\"ImageObject\",\"inLanguage\":\"es\",\"@id\":\"https:\/\/elcotarro.com\/#\/schema\/person\/image\/\",\"url\":\"https:\/\/secure.gravatar.com\/avatar\/def4da036efb5d32c74d49c351f6dccc064dd69ad9f3aadc295c5a9a5391ca01?s=96&d=mm&r=g\",\"contentUrl\":\"https:\/\/secure.gravatar.com\/avatar\/def4da036efb5d32c74d49c351f6dccc064dd69ad9f3aadc295c5a9a5391ca01?s=96&d=mm&r=g\",\"caption\":\"Jos\u00e9 Carlos Marrero Gonz\u00e1lez\"},\"sameAs\":[\"https:\/\/elcotarro.com\"],\"url\":\"https:\/\/elcotarro.com\/?author=2\"}]}<\/script>\n<!-- \/ Yoast SEO plugin. -->","yoast_head_json":{"title":"CANARIAS PROTAGONISTA DE UN MANDO \u00daNICO - El Cotarro","robots":{"index":"index","follow":"follow","max-snippet":"max-snippet:-1","max-image-preview":"max-image-preview:large","max-video-preview":"max-video-preview:-1"},"canonical":"https:\/\/elcotarro.com\/?p=8758","og_locale":"es_ES","og_type":"article","og_title":"CANARIAS PROTAGONISTA DE UN MANDO \u00daNICO - El Cotarro","og_description":"Muy inteligentemente, Mar\u00eda Rozman introdujo al teniente general Palacios Zaforteza en la realidad que Canarias representa como punto estrat\u00e9gico en el mapa y el Jefe del Mando de Canarias no dud\u00f3 en manifestar que: \u201cCanarias tiene importancia para el Ej\u00e9rcito de Tierra. En las Islas tenemos 4.000 hombres y un teniente general, y no solo ... Read more","og_url":"https:\/\/elcotarro.com\/?p=8758","og_site_name":"El Cotarro","article_publisher":"https:\/\/www.facebook.com\/ElCotarro.Tenerife","article_published_time":"2020-08-30T06:58:54+00:00","author":"Jos\u00e9 Carlos Marrero Gonz\u00e1lez","twitter_misc":{"Escrito por":"Jos\u00e9 Carlos Marrero Gonz\u00e1lez","Tiempo de lectura":"1 minuto"},"schema":{"@context":"https:\/\/schema.org","@graph":[{"@type":"Article","@id":"https:\/\/elcotarro.com\/?p=8758#article","isPartOf":{"@id":"https:\/\/elcotarro.com\/?p=8758"},"author":{"name":"Jos\u00e9 Carlos Marrero Gonz\u00e1lez","@id":"https:\/\/elcotarro.com\/#\/schema\/person\/af537ee7d60d15984c7e0affcd8a918b"},"headline":"CANARIAS PROTAGONISTA DE UN MANDO \u00daNICO","datePublished":"2020-08-30T06:58:54+00:00","mainEntityOfPage":{"@id":"https:\/\/elcotarro.com\/?p=8758"},"wordCount":302,"commentCount":0,"publisher":{"@id":"https:\/\/elcotarro.com\/#organization"},"inLanguage":"es","potentialAction":[{"@type":"CommentAction","name":"Comment","target":["https:\/\/elcotarro.com\/?p=8758#respond"]}]},{"@type":"WebPage","@id":"https:\/\/elcotarro.com\/?p=8758","url":"https:\/\/elcotarro.com\/?p=8758","name":"CANARIAS PROTAGONISTA DE UN MANDO \u00daNICO - El Cotarro","isPartOf":{"@id":"https:\/\/elcotarro.com\/#website"},"datePublished":"2020-08-30T06:58:54+00:00","breadcrumb":{"@id":"https:\/\/elcotarro.com\/?p=8758#breadcrumb"},"inLanguage":"es","potentialAction":[{"@type":"ReadAction","target":["https:\/\/elcotarro.com\/?p=8758"]}]},{"@type":"BreadcrumbList","@id":"https:\/\/elcotarro.com\/?p=8758#breadcrumb","itemListElement":[{"@type":"ListItem","position":1,"name":"Portada","item":"https:\/\/elcotarro.com\/"},{"@type":"ListItem","position":2,"name":"CANARIAS PROTAGONISTA DE UN MANDO \u00daNICO"}]},{"@type":"WebSite","@id":"https:\/\/elcotarro.com\/#website","url":"https:\/\/elcotarro.com\/","name":"El Cotarro","description":"Peri\u00f3dico Digital Independiente dirigido por Jos\u00e9 Carlos Marrero","publisher":{"@id":"https:\/\/elcotarro.com\/#organization"},"potentialAction":[{"@type":"SearchAction","target":{"@type":"EntryPoint","urlTemplate":"https:\/\/elcotarro.com\/?s={search_term_string}"},"query-input":{"@type":"PropertyValueSpecification","valueRequired":true,"valueName":"search_term_string"}}],"inLanguage":"es"},{"@type":"Organization","@id":"https:\/\/elcotarro.com\/#organization","name":"El Cotarro","url":"https:\/\/elcotarro.com\/","logo":{"@type":"ImageObject","inLanguage":"es","@id":"https:\/\/elcotarro.com\/#\/schema\/logo\/image\/","url":"https:\/\/elcotarro.com\/wp-content\/uploads\/2014\/09\/Cabecera_El_Cotarro_v2.jpg","contentUrl":"https:\/\/elcotarro.com\/wp-content\/uploads\/2014\/09\/Cabecera_El_Cotarro_v2.jpg","width":3540,"height":441,"caption":"El Cotarro"},"image":{"@id":"https:\/\/elcotarro.com\/#\/schema\/logo\/image\/"},"sameAs":["https:\/\/www.facebook.com\/ElCotarro.Tenerife"]},{"@type":"Person","@id":"https:\/\/elcotarro.com\/#\/schema\/person\/af537ee7d60d15984c7e0affcd8a918b","name":"Jos\u00e9 Carlos Marrero Gonz\u00e1lez","image":{"@type":"ImageObject","inLanguage":"es","@id":"https:\/\/elcotarro.com\/#\/schema\/person\/image\/","url":"https:\/\/secure.gravatar.com\/avatar\/def4da036efb5d32c74d49c351f6dccc064dd69ad9f3aadc295c5a9a5391ca01?s=96&d=mm&r=g","contentUrl":"https:\/\/secure.gravatar.com\/avatar\/def4da036efb5d32c74d49c351f6dccc064dd69ad9f3aadc295c5a9a5391ca01?s=96&d=mm&r=g","caption":"Jos\u00e9 Carlos Marrero Gonz\u00e1lez"},"sameAs":["https:\/\/elcotarro.com"],"url":"https:\/\/elcotarro.com\/?author=2"}]}},"jetpack_featured_media_url":"","jetpack_sharing_enabled":true,"_links":{"self":[{"href":"https:\/\/elcotarro.com\/index.php?rest_route=\/wp\/v2\/posts\/8758","targetHints":{"allow":["GET"]}}],"collection":[{"href":"https:\/\/elcotarro.com\/index.php?rest_route=\/wp\/v2\/posts"}],"about":[{"href":"https:\/\/elcotarro.com\/index.php?rest_route=\/wp\/v2\/types\/post"}],"author":[{"embeddable":true,"href":"https:\/\/elcotarro.com\/index.php?rest_route=\/wp\/v2\/users\/2"}],"replies":[{"embeddable":true,"href":"https:\/\/elcotarro.com\/index.php?rest_route=%2Fwp%2Fv2%2Fcomments&post=8758"}],"version-history":[{"count":1,"href":"https:\/\/elcotarro.com\/index.php?rest_route=\/wp\/v2\/posts\/8758\/revisions"}],"predecessor-version":[{"id":8760,"href":"https:\/\/elcotarro.com\/index.php?rest_route=\/wp\/v2\/posts\/8758\/revisions\/8760"}],"wp:attachment":[{"href":"https:\/\/elcotarro.com\/index.php?rest_route=%2Fwp%2Fv2%2Fmedia&parent=8758"}],"wp:term":[{"taxonomy":"category","embeddable":true,"href":"https:\/\/elcotarro.com\/index.php?rest_route=%2Fwp%2Fv2%2Fcategories&post=8758"},{"taxonomy":"post_tag","embeddable":true,"href":"https:\/\/elcotarro.com\/index.php?rest_route=%2Fwp%2Fv2%2Ftags&post=8758"}],"curies":[{"name":"wp","href":"https:\/\/api.w.org\/{rel}","templated":true}]}}