{"id":8767,"date":"2020-08-30T07:55:29","date_gmt":"2020-08-30T06:55:29","guid":{"rendered":"https:\/\/elcotarro.com\/?p=8767"},"modified":"2020-08-30T11:59:52","modified_gmt":"2020-08-30T10:59:52","slug":"un-tinerfeno-con-mas-de-25-000-horas-de-vuelo","status":"publish","type":"post","link":"https:\/\/elcotarro.com\/?p=8767","title":{"rendered":"UN TINERFE\u00d1O CON M\u00c1S DE 25.000 HORAS DE VUELO"},"content":{"rendered":"<p>No todos los d\u00edas un tinerfe\u00f1o alcanza como comandante los mandos del avi\u00f3n m\u00e1s grande de la flota de Air Europa. Lo acaba de lograr hace unos d\u00edas <strong>Jos\u00e9 Guillermo Hern\u00e1ndez P\u00e9rez<\/strong>, un lagunero (de Las Canteras, para m\u00e1s se\u00f1as) que sobre sus hombros lleva ya casi 35 a\u00f1os volando en los que, trabajando como comandante, ha realizado la friolera de 21.000 horas de vuelo. Hace unos d\u00edas, en la cabecera de la pista 30 de Los Rodeos se dieron cita muchos amigos de <strong>Jos\u00e9 Guillermo,<\/strong> algunos de ellos <em>spotters<\/em>(aficionados a la fotograf\u00eda a\u00e9rea) para inmortalizar su primer aterrizaje a los mandos del inmenso Boeing 787-9 Dreamliner, una joya de la aviaci\u00f3n comercial que Air Europa reserva para los comandantes m\u00e1s veteranos y experimentados. Ha sido la culminaci\u00f3n (por ahora) de una larga y exitosa trayectoria profesional de altura (nunca mejor dicho) que comenz\u00f3 all\u00e1 por el a\u00f1o 1986. Su primer vuelo como alumno piloto lo realizo el 27 de octubre de 1986 con un gran instructor y comandante de la extinta Spanair, <strong>Jos\u00e9 Mar\u00eda <em>\u201cJota\u201d<\/em> Pa\u00fal Navarro<\/strong>. 27 a\u00f1os despu\u00e9s y exactamente el mismo d\u00eda, <strong><em>\u201cJota\u201d<\/em><\/strong> volv\u00eda a instruirle, pero, esta vez, para volar un Airbus A330. Las vueltas de la vida.<\/p>\n<p style=\"text-align: center\"><a href=\"https:\/\/elcotarro.com\/wp-content\/uploads\/2020\/08\/FOTO-6.-JOS\u00c9-GUILLERMO-1.jpg\"><img loading=\"lazy\" decoding=\"async\" class=\"aligncenter size-full wp-image-8768\" src=\"https:\/\/elcotarro.com\/wp-content\/uploads\/2020\/08\/FOTO-6.-JOS\u00c9-GUILLERMO-1.jpg\" alt=\"\" width=\"1600\" height=\"1200\" srcset=\"https:\/\/elcotarro.com\/wp-content\/uploads\/2020\/08\/FOTO-6.-JOS\u00c9-GUILLERMO-1.jpg 1600w, https:\/\/elcotarro.com\/wp-content\/uploads\/2020\/08\/FOTO-6.-JOS\u00c9-GUILLERMO-1-300x225.jpg 300w, https:\/\/elcotarro.com\/wp-content\/uploads\/2020\/08\/FOTO-6.-JOS\u00c9-GUILLERMO-1-1024x768.jpg 1024w, https:\/\/elcotarro.com\/wp-content\/uploads\/2020\/08\/FOTO-6.-JOS\u00c9-GUILLERMO-1-768x576.jpg 768w, https:\/\/elcotarro.com\/wp-content\/uploads\/2020\/08\/FOTO-6.-JOS\u00c9-GUILLERMO-1-1536x1152.jpg 1536w\" sizes=\"auto, (max-width: 1600px) 100vw, 1600px\" \/><\/a><\/p>\n<p style=\"text-align: center\"><em>El tinerfe\u00f1o Jos\u00e9 Guillermo Hern\u00e1ndez P\u00e9rez, ya es comandante del 787-9 Dreamliner. Foto tomada en el mismo momento en que el inspector le daba su OK.<\/em><\/p>\n","protected":false},"excerpt":{"rendered":"<p>No todos los d\u00edas un tinerfe\u00f1o alcanza como comandante los mandos del avi\u00f3n m\u00e1s grande de la flota de Air Europa. Lo acaba de lograr hace unos d\u00edas Jos\u00e9 Guillermo Hern\u00e1ndez P\u00e9rez, un lagunero (de Las Canteras, para m\u00e1s se\u00f1as) que sobre sus hombros lleva ya casi 35 a\u00f1os volando en los que, trabajando como &#8230; <a class=\"read-more\" href=\"https:\/\/elcotarro.com\/?p=8767\">Read more<\/a><\/p>\n","protected":false},"author":2,"featured_media":0,"comment_status":"open","ping_status":"open","sticky":false,"template":"","format":"standard","meta":{"_jetpack_memberships_contains_paid_content":false,"footnotes":""},"categories":[1],"tags":[],"class_list":["post-8767","post","type-post","status-publish","format-standard","hentry","category-sin-categoria"],"yoast_head":"<!-- This site is optimized with the Yoast SEO plugin v27.0 - https:\/\/yoast.com\/product\/yoast-seo-wordpress\/ -->\n<title>UN TINERFE\u00d1O CON M\u00c1S DE 25.000 HORAS DE VUELO - El Cotarro<\/title>\n<meta name=\"robots\" content=\"index, follow, max-snippet:-1, max-image-preview:large, max-video-preview:-1\" \/>\n<link rel=\"canonical\" href=\"https:\/\/elcotarro.com\/?p=8767\" \/>\n<meta property=\"og:locale\" content=\"es_ES\" \/>\n<meta property=\"og:type\" content=\"article\" \/>\n<meta property=\"og:title\" content=\"UN TINERFE\u00d1O CON M\u00c1S DE 25.000 HORAS DE VUELO - El Cotarro\" \/>\n<meta property=\"og:description\" content=\"No todos los d\u00edas un tinerfe\u00f1o alcanza como comandante los mandos del avi\u00f3n m\u00e1s grande de la flota de Air Europa. Lo acaba de lograr hace unos d\u00edas Jos\u00e9 Guillermo Hern\u00e1ndez P\u00e9rez, un lagunero (de Las Canteras, para m\u00e1s se\u00f1as) que sobre sus hombros lleva ya casi 35 a\u00f1os volando en los que, trabajando como ... Read more\" \/>\n<meta property=\"og:url\" content=\"https:\/\/elcotarro.com\/?p=8767\" \/>\n<meta property=\"og:site_name\" content=\"El Cotarro\" \/>\n<meta property=\"article:publisher\" content=\"https:\/\/www.facebook.com\/ElCotarro.Tenerife\" \/>\n<meta property=\"article:published_time\" content=\"2020-08-30T06:55:29+00:00\" \/>\n<meta property=\"article:modified_time\" content=\"2020-08-30T10:59:52+00:00\" \/>\n<meta name=\"author\" content=\"Jos\u00e9 Carlos Marrero Gonz\u00e1lez\" \/>\n<meta name=\"twitter:label1\" content=\"Escrito por\" \/>\n\t<meta name=\"twitter:data1\" content=\"Jos\u00e9 Carlos Marrero Gonz\u00e1lez\" \/>\n\t<meta name=\"twitter:label2\" content=\"Tiempo de lectura\" \/>\n\t<meta name=\"twitter:data2\" content=\"1 minuto\" \/>\n<script type=\"application\/ld+json\" class=\"yoast-schema-graph\">{\"@context\":\"https:\/\/schema.org\",\"@graph\":[{\"@type\":\"Article\",\"@id\":\"https:\/\/elcotarro.com\/?p=8767#article\",\"isPartOf\":{\"@id\":\"https:\/\/elcotarro.com\/?p=8767\"},\"author\":{\"name\":\"Jos\u00e9 Carlos Marrero Gonz\u00e1lez\",\"@id\":\"https:\/\/elcotarro.com\/#\/schema\/person\/af537ee7d60d15984c7e0affcd8a918b\"},\"headline\":\"UN TINERFE\u00d1O CON M\u00c1S DE 25.000 HORAS DE VUELO\",\"datePublished\":\"2020-08-30T06:55:29+00:00\",\"dateModified\":\"2020-08-30T10:59:52+00:00\",\"mainEntityOfPage\":{\"@id\":\"https:\/\/elcotarro.com\/?p=8767\"},\"wordCount\":259,\"commentCount\":1,\"publisher\":{\"@id\":\"https:\/\/elcotarro.com\/#organization\"},\"inLanguage\":\"es\",\"potentialAction\":[{\"@type\":\"CommentAction\",\"name\":\"Comment\",\"target\":[\"https:\/\/elcotarro.com\/?p=8767#respond\"]}]},{\"@type\":\"WebPage\",\"@id\":\"https:\/\/elcotarro.com\/?p=8767\",\"url\":\"https:\/\/elcotarro.com\/?p=8767\",\"name\":\"UN TINERFE\u00d1O CON M\u00c1S DE 25.000 HORAS DE VUELO - El Cotarro\",\"isPartOf\":{\"@id\":\"https:\/\/elcotarro.com\/#website\"},\"datePublished\":\"2020-08-30T06:55:29+00:00\",\"dateModified\":\"2020-08-30T10:59:52+00:00\",\"breadcrumb\":{\"@id\":\"https:\/\/elcotarro.com\/?p=8767#breadcrumb\"},\"inLanguage\":\"es\",\"potentialAction\":[{\"@type\":\"ReadAction\",\"target\":[\"https:\/\/elcotarro.com\/?p=8767\"]}]},{\"@type\":\"BreadcrumbList\",\"@id\":\"https:\/\/elcotarro.com\/?p=8767#breadcrumb\",\"itemListElement\":[{\"@type\":\"ListItem\",\"position\":1,\"name\":\"Portada\",\"item\":\"https:\/\/elcotarro.com\/\"},{\"@type\":\"ListItem\",\"position\":2,\"name\":\"UN TINERFE\u00d1O CON M\u00c1S DE 25.000 HORAS DE VUELO\"}]},{\"@type\":\"WebSite\",\"@id\":\"https:\/\/elcotarro.com\/#website\",\"url\":\"https:\/\/elcotarro.com\/\",\"name\":\"El Cotarro\",\"description\":\"Peri\u00f3dico Digital Independiente dirigido por Jos\u00e9 Carlos Marrero\",\"publisher\":{\"@id\":\"https:\/\/elcotarro.com\/#organization\"},\"potentialAction\":[{\"@type\":\"SearchAction\",\"target\":{\"@type\":\"EntryPoint\",\"urlTemplate\":\"https:\/\/elcotarro.com\/?s={search_term_string}\"},\"query-input\":{\"@type\":\"PropertyValueSpecification\",\"valueRequired\":true,\"valueName\":\"search_term_string\"}}],\"inLanguage\":\"es\"},{\"@type\":\"Organization\",\"@id\":\"https:\/\/elcotarro.com\/#organization\",\"name\":\"El Cotarro\",\"url\":\"https:\/\/elcotarro.com\/\",\"logo\":{\"@type\":\"ImageObject\",\"inLanguage\":\"es\",\"@id\":\"https:\/\/elcotarro.com\/#\/schema\/logo\/image\/\",\"url\":\"https:\/\/elcotarro.com\/wp-content\/uploads\/2014\/09\/Cabecera_El_Cotarro_v2.jpg\",\"contentUrl\":\"https:\/\/elcotarro.com\/wp-content\/uploads\/2014\/09\/Cabecera_El_Cotarro_v2.jpg\",\"width\":3540,\"height\":441,\"caption\":\"El Cotarro\"},\"image\":{\"@id\":\"https:\/\/elcotarro.com\/#\/schema\/logo\/image\/\"},\"sameAs\":[\"https:\/\/www.facebook.com\/ElCotarro.Tenerife\"]},{\"@type\":\"Person\",\"@id\":\"https:\/\/elcotarro.com\/#\/schema\/person\/af537ee7d60d15984c7e0affcd8a918b\",\"name\":\"Jos\u00e9 Carlos Marrero Gonz\u00e1lez\",\"image\":{\"@type\":\"ImageObject\",\"inLanguage\":\"es\",\"@id\":\"https:\/\/elcotarro.com\/#\/schema\/person\/image\/\",\"url\":\"https:\/\/secure.gravatar.com\/avatar\/def4da036efb5d32c74d49c351f6dccc064dd69ad9f3aadc295c5a9a5391ca01?s=96&d=mm&r=g\",\"contentUrl\":\"https:\/\/secure.gravatar.com\/avatar\/def4da036efb5d32c74d49c351f6dccc064dd69ad9f3aadc295c5a9a5391ca01?s=96&d=mm&r=g\",\"caption\":\"Jos\u00e9 Carlos Marrero Gonz\u00e1lez\"},\"sameAs\":[\"https:\/\/elcotarro.com\"],\"url\":\"https:\/\/elcotarro.com\/?author=2\"}]}<\/script>\n<!-- \/ Yoast SEO plugin. -->","yoast_head_json":{"title":"UN TINERFE\u00d1O CON M\u00c1S DE 25.000 HORAS DE VUELO - El Cotarro","robots":{"index":"index","follow":"follow","max-snippet":"max-snippet:-1","max-image-preview":"max-image-preview:large","max-video-preview":"max-video-preview:-1"},"canonical":"https:\/\/elcotarro.com\/?p=8767","og_locale":"es_ES","og_type":"article","og_title":"UN TINERFE\u00d1O CON M\u00c1S DE 25.000 HORAS DE VUELO - El Cotarro","og_description":"No todos los d\u00edas un tinerfe\u00f1o alcanza como comandante los mandos del avi\u00f3n m\u00e1s grande de la flota de Air Europa. Lo acaba de lograr hace unos d\u00edas Jos\u00e9 Guillermo Hern\u00e1ndez P\u00e9rez, un lagunero (de Las Canteras, para m\u00e1s se\u00f1as) que sobre sus hombros lleva ya casi 35 a\u00f1os volando en los que, trabajando como ... Read more","og_url":"https:\/\/elcotarro.com\/?p=8767","og_site_name":"El Cotarro","article_publisher":"https:\/\/www.facebook.com\/ElCotarro.Tenerife","article_published_time":"2020-08-30T06:55:29+00:00","article_modified_time":"2020-08-30T10:59:52+00:00","author":"Jos\u00e9 Carlos Marrero Gonz\u00e1lez","twitter_misc":{"Escrito por":"Jos\u00e9 Carlos Marrero Gonz\u00e1lez","Tiempo de lectura":"1 minuto"},"schema":{"@context":"https:\/\/schema.org","@graph":[{"@type":"Article","@id":"https:\/\/elcotarro.com\/?p=8767#article","isPartOf":{"@id":"https:\/\/elcotarro.com\/?p=8767"},"author":{"name":"Jos\u00e9 Carlos Marrero Gonz\u00e1lez","@id":"https:\/\/elcotarro.com\/#\/schema\/person\/af537ee7d60d15984c7e0affcd8a918b"},"headline":"UN TINERFE\u00d1O CON M\u00c1S DE 25.000 HORAS DE VUELO","datePublished":"2020-08-30T06:55:29+00:00","dateModified":"2020-08-30T10:59:52+00:00","mainEntityOfPage":{"@id":"https:\/\/elcotarro.com\/?p=8767"},"wordCount":259,"commentCount":1,"publisher":{"@id":"https:\/\/elcotarro.com\/#organization"},"inLanguage":"es","potentialAction":[{"@type":"CommentAction","name":"Comment","target":["https:\/\/elcotarro.com\/?p=8767#respond"]}]},{"@type":"WebPage","@id":"https:\/\/elcotarro.com\/?p=8767","url":"https:\/\/elcotarro.com\/?p=8767","name":"UN TINERFE\u00d1O CON M\u00c1S DE 25.000 HORAS DE VUELO - El Cotarro","isPartOf":{"@id":"https:\/\/elcotarro.com\/#website"},"datePublished":"2020-08-30T06:55:29+00:00","dateModified":"2020-08-30T10:59:52+00:00","breadcrumb":{"@id":"https:\/\/elcotarro.com\/?p=8767#breadcrumb"},"inLanguage":"es","potentialAction":[{"@type":"ReadAction","target":["https:\/\/elcotarro.com\/?p=8767"]}]},{"@type":"BreadcrumbList","@id":"https:\/\/elcotarro.com\/?p=8767#breadcrumb","itemListElement":[{"@type":"ListItem","position":1,"name":"Portada","item":"https:\/\/elcotarro.com\/"},{"@type":"ListItem","position":2,"name":"UN TINERFE\u00d1O CON M\u00c1S DE 25.000 HORAS DE VUELO"}]},{"@type":"WebSite","@id":"https:\/\/elcotarro.com\/#website","url":"https:\/\/elcotarro.com\/","name":"El Cotarro","description":"Peri\u00f3dico Digital Independiente dirigido por Jos\u00e9 Carlos Marrero","publisher":{"@id":"https:\/\/elcotarro.com\/#organization"},"potentialAction":[{"@type":"SearchAction","target":{"@type":"EntryPoint","urlTemplate":"https:\/\/elcotarro.com\/?s={search_term_string}"},"query-input":{"@type":"PropertyValueSpecification","valueRequired":true,"valueName":"search_term_string"}}],"inLanguage":"es"},{"@type":"Organization","@id":"https:\/\/elcotarro.com\/#organization","name":"El Cotarro","url":"https:\/\/elcotarro.com\/","logo":{"@type":"ImageObject","inLanguage":"es","@id":"https:\/\/elcotarro.com\/#\/schema\/logo\/image\/","url":"https:\/\/elcotarro.com\/wp-content\/uploads\/2014\/09\/Cabecera_El_Cotarro_v2.jpg","contentUrl":"https:\/\/elcotarro.com\/wp-content\/uploads\/2014\/09\/Cabecera_El_Cotarro_v2.jpg","width":3540,"height":441,"caption":"El Cotarro"},"image":{"@id":"https:\/\/elcotarro.com\/#\/schema\/logo\/image\/"},"sameAs":["https:\/\/www.facebook.com\/ElCotarro.Tenerife"]},{"@type":"Person","@id":"https:\/\/elcotarro.com\/#\/schema\/person\/af537ee7d60d15984c7e0affcd8a918b","name":"Jos\u00e9 Carlos Marrero Gonz\u00e1lez","image":{"@type":"ImageObject","inLanguage":"es","@id":"https:\/\/elcotarro.com\/#\/schema\/person\/image\/","url":"https:\/\/secure.gravatar.com\/avatar\/def4da036efb5d32c74d49c351f6dccc064dd69ad9f3aadc295c5a9a5391ca01?s=96&d=mm&r=g","contentUrl":"https:\/\/secure.gravatar.com\/avatar\/def4da036efb5d32c74d49c351f6dccc064dd69ad9f3aadc295c5a9a5391ca01?s=96&d=mm&r=g","caption":"Jos\u00e9 Carlos Marrero Gonz\u00e1lez"},"sameAs":["https:\/\/elcotarro.com"],"url":"https:\/\/elcotarro.com\/?author=2"}]}},"jetpack_featured_media_url":"","jetpack_sharing_enabled":true,"_links":{"self":[{"href":"https:\/\/elcotarro.com\/index.php?rest_route=\/wp\/v2\/posts\/8767","targetHints":{"allow":["GET"]}}],"collection":[{"href":"https:\/\/elcotarro.com\/index.php?rest_route=\/wp\/v2\/posts"}],"about":[{"href":"https:\/\/elcotarro.com\/index.php?rest_route=\/wp\/v2\/types\/post"}],"author":[{"embeddable":true,"href":"https:\/\/elcotarro.com\/index.php?rest_route=\/wp\/v2\/users\/2"}],"replies":[{"embeddable":true,"href":"https:\/\/elcotarro.com\/index.php?rest_route=%2Fwp%2Fv2%2Fcomments&post=8767"}],"version-history":[{"count":2,"href":"https:\/\/elcotarro.com\/index.php?rest_route=\/wp\/v2\/posts\/8767\/revisions"}],"predecessor-version":[{"id":8781,"href":"https:\/\/elcotarro.com\/index.php?rest_route=\/wp\/v2\/posts\/8767\/revisions\/8781"}],"wp:attachment":[{"href":"https:\/\/elcotarro.com\/index.php?rest_route=%2Fwp%2Fv2%2Fmedia&parent=8767"}],"wp:term":[{"taxonomy":"category","embeddable":true,"href":"https:\/\/elcotarro.com\/index.php?rest_route=%2Fwp%2Fv2%2Fcategories&post=8767"},{"taxonomy":"post_tag","embeddable":true,"href":"https:\/\/elcotarro.com\/index.php?rest_route=%2Fwp%2Fv2%2Ftags&post=8767"}],"curies":[{"name":"wp","href":"https:\/\/api.w.org\/{rel}","templated":true}]}}