{"id":8776,"date":"2020-08-30T07:52:16","date_gmt":"2020-08-30T06:52:16","guid":{"rendered":"https:\/\/elcotarro.com\/?p=8776"},"modified":"2020-08-28T19:08:42","modified_gmt":"2020-08-28T18:08:42","slug":"jose-guillermo-hernandez-ya-vuela-el-787-dreamliner","status":"publish","type":"post","link":"https:\/\/elcotarro.com\/?p=8776","title":{"rendered":"JOS\u00c9 GUILLERMO HERN\u00c1NDEZ, YA VUELA EL 787 DREAMLINER"},"content":{"rendered":"<p>Llegar a esta cima profesional no ha sido nada f\u00e1cil. Hay que decir que <strong>Jos\u00e9 Guillermo<\/strong> no suele contarlo, pero en una ocasi\u00f3n, durante su instrucci\u00f3n americana en Dallas, volando de noche con una avioneta Cessna 150, tuvo un problema de motor y se vio obligado a aterrizar de madrugada en medio de una autopista, gui\u00e1ndose por las luces rojas traseras de los coches. <strong>Jos\u00e9 Guillermo,<\/strong> junto a su esposa y sus hijas vive en Polonia desde hace a\u00f1os y, por el hecho de vivir \u201call\u00e1 arriba\u201d en Lublin debe realizar otro mont\u00f3n de horas de vuelo como pasajero, tanto para volar a Tenerife como a su casa de Polonia. <strong>Jos\u00e9 Guillermo<\/strong> tiene su base administrativa en Tenerife Norte (con una casa a la que llama <em>\u201cBase Tranquilidad\u201d<\/em>, su base operativa en Madrid y su casa en Lublin, Polonia, donde siempre recuerda que vive con sus princesitas. Cuando tiene pocos d\u00edas libres bajo a Tenerife y cuando le salen m\u00e1s de 4 d\u00edas libres seguidos, subo a Polonia. Es la vida y la gran trayectoria profesional de un tinerfe\u00f1o, de \u201cuno de los nuestros\u201d, que ha triunfado en lo m\u00e1s alto con total merecimiento. \u00a1Felicidades a <strong>Jos\u00e9 Guillermo Hern\u00e1ndez<\/strong> y\u2026 \u00a1buenos vuelos!<\/p>\n<p style=\"text-align: center\"><a href=\"https:\/\/elcotarro.com\/wp-content\/uploads\/2020\/08\/foto-1.jpg\"><img loading=\"lazy\" decoding=\"async\" class=\"aligncenter size-full wp-image-8777\" src=\"https:\/\/elcotarro.com\/wp-content\/uploads\/2020\/08\/foto-1.jpg\" alt=\"\" width=\"2240\" height=\"1600\" srcset=\"https:\/\/elcotarro.com\/wp-content\/uploads\/2020\/08\/foto-1.jpg 2240w, https:\/\/elcotarro.com\/wp-content\/uploads\/2020\/08\/foto-1-300x214.jpg 300w, https:\/\/elcotarro.com\/wp-content\/uploads\/2020\/08\/foto-1-1024x731.jpg 1024w, https:\/\/elcotarro.com\/wp-content\/uploads\/2020\/08\/foto-1-768x549.jpg 768w, https:\/\/elcotarro.com\/wp-content\/uploads\/2020\/08\/foto-1-1536x1097.jpg 1536w, https:\/\/elcotarro.com\/wp-content\/uploads\/2020\/08\/foto-1-2048x1463.jpg 2048w\" sizes=\"auto, (max-width: 2240px) 100vw, 2240px\" \/><\/a><\/p>\n<p style=\"text-align: center\"><em>Jos\u00e9 Guillermo Hern\u00e1ndez, hoy (i) y unos a\u00f1os antes, comenzando su trayectoria<\/em><\/p>\n<p style=\"text-align: center\"><a href=\"http:\/\/www.careca.es\/\" target=\"_blank\" rel=\"noopener noreferrer\"><img loading=\"lazy\" decoding=\"async\" class=\"size-full wp-image-2216 aligncenter\" src=\"https:\/\/elcotarro.com\/wp-content\/uploads\/2016\/07\/InsulacafeElCotarro.jpg\" alt=\"Bnn_Careca\" width=\"750\" height=\"150\" \/><\/a><\/p>\n","protected":false},"excerpt":{"rendered":"<p>Llegar a esta cima profesional no ha sido nada f\u00e1cil. Hay que decir que Jos\u00e9 Guillermo no suele contarlo, pero en una ocasi\u00f3n, durante su instrucci\u00f3n americana en Dallas, volando de noche con una avioneta Cessna 150, tuvo un problema de motor y se vio obligado a aterrizar de madrugada en medio de una autopista, &#8230; <a class=\"read-more\" href=\"https:\/\/elcotarro.com\/?p=8776\">Read more<\/a><\/p>\n","protected":false},"author":2,"featured_media":0,"comment_status":"open","ping_status":"open","sticky":false,"template":"","format":"standard","meta":{"_jetpack_memberships_contains_paid_content":false,"footnotes":""},"categories":[1],"tags":[],"class_list":["post-8776","post","type-post","status-publish","format-standard","hentry","category-sin-categoria"],"yoast_head":"<!-- This site is optimized with the Yoast SEO plugin v27.0 - https:\/\/yoast.com\/product\/yoast-seo-wordpress\/ -->\n<title>JOS\u00c9 GUILLERMO HERN\u00c1NDEZ, YA VUELA EL 787 DREAMLINER - El Cotarro<\/title>\n<meta name=\"robots\" content=\"index, follow, max-snippet:-1, max-image-preview:large, max-video-preview:-1\" \/>\n<link rel=\"canonical\" href=\"https:\/\/elcotarro.com\/?p=8776\" \/>\n<meta property=\"og:locale\" content=\"es_ES\" \/>\n<meta property=\"og:type\" content=\"article\" \/>\n<meta property=\"og:title\" content=\"JOS\u00c9 GUILLERMO HERN\u00c1NDEZ, YA VUELA EL 787 DREAMLINER - El Cotarro\" \/>\n<meta property=\"og:description\" content=\"Llegar a esta cima profesional no ha sido nada f\u00e1cil. Hay que decir que Jos\u00e9 Guillermo no suele contarlo, pero en una ocasi\u00f3n, durante su instrucci\u00f3n americana en Dallas, volando de noche con una avioneta Cessna 150, tuvo un problema de motor y se vio obligado a aterrizar de madrugada en medio de una autopista, ... Read more\" \/>\n<meta property=\"og:url\" content=\"https:\/\/elcotarro.com\/?p=8776\" \/>\n<meta property=\"og:site_name\" content=\"El Cotarro\" \/>\n<meta property=\"article:publisher\" content=\"https:\/\/www.facebook.com\/ElCotarro.Tenerife\" \/>\n<meta property=\"article:published_time\" content=\"2020-08-30T06:52:16+00:00\" \/>\n<meta property=\"og:image\" content=\"https:\/\/elcotarro.com\/wp-content\/uploads\/2020\/08\/foto-1.jpg\" \/>\n<meta name=\"author\" content=\"Jos\u00e9 Carlos Marrero Gonz\u00e1lez\" \/>\n<meta name=\"twitter:label1\" content=\"Escrito por\" \/>\n\t<meta name=\"twitter:data1\" content=\"Jos\u00e9 Carlos Marrero Gonz\u00e1lez\" \/>\n\t<meta name=\"twitter:label2\" content=\"Tiempo de lectura\" \/>\n\t<meta name=\"twitter:data2\" content=\"1 minuto\" \/>\n<script type=\"application\/ld+json\" class=\"yoast-schema-graph\">{\"@context\":\"https:\/\/schema.org\",\"@graph\":[{\"@type\":\"Article\",\"@id\":\"https:\/\/elcotarro.com\/?p=8776#article\",\"isPartOf\":{\"@id\":\"https:\/\/elcotarro.com\/?p=8776\"},\"author\":{\"name\":\"Jos\u00e9 Carlos Marrero Gonz\u00e1lez\",\"@id\":\"https:\/\/elcotarro.com\/#\/schema\/person\/af537ee7d60d15984c7e0affcd8a918b\"},\"headline\":\"JOS\u00c9 GUILLERMO HERN\u00c1NDEZ, YA VUELA EL 787 DREAMLINER\",\"datePublished\":\"2020-08-30T06:52:16+00:00\",\"mainEntityOfPage\":{\"@id\":\"https:\/\/elcotarro.com\/?p=8776\"},\"wordCount\":234,\"commentCount\":0,\"publisher\":{\"@id\":\"https:\/\/elcotarro.com\/#organization\"},\"image\":{\"@id\":\"https:\/\/elcotarro.com\/?p=8776#primaryimage\"},\"thumbnailUrl\":\"https:\/\/elcotarro.com\/wp-content\/uploads\/2020\/08\/foto-1.jpg\",\"inLanguage\":\"es\",\"potentialAction\":[{\"@type\":\"CommentAction\",\"name\":\"Comment\",\"target\":[\"https:\/\/elcotarro.com\/?p=8776#respond\"]}]},{\"@type\":\"WebPage\",\"@id\":\"https:\/\/elcotarro.com\/?p=8776\",\"url\":\"https:\/\/elcotarro.com\/?p=8776\",\"name\":\"JOS\u00c9 GUILLERMO HERN\u00c1NDEZ, YA VUELA EL 787 DREAMLINER - El Cotarro\",\"isPartOf\":{\"@id\":\"https:\/\/elcotarro.com\/#website\"},\"primaryImageOfPage\":{\"@id\":\"https:\/\/elcotarro.com\/?p=8776#primaryimage\"},\"image\":{\"@id\":\"https:\/\/elcotarro.com\/?p=8776#primaryimage\"},\"thumbnailUrl\":\"https:\/\/elcotarro.com\/wp-content\/uploads\/2020\/08\/foto-1.jpg\",\"datePublished\":\"2020-08-30T06:52:16+00:00\",\"breadcrumb\":{\"@id\":\"https:\/\/elcotarro.com\/?p=8776#breadcrumb\"},\"inLanguage\":\"es\",\"potentialAction\":[{\"@type\":\"ReadAction\",\"target\":[\"https:\/\/elcotarro.com\/?p=8776\"]}]},{\"@type\":\"ImageObject\",\"inLanguage\":\"es\",\"@id\":\"https:\/\/elcotarro.com\/?p=8776#primaryimage\",\"url\":\"https:\/\/elcotarro.com\/wp-content\/uploads\/2020\/08\/foto-1.jpg\",\"contentUrl\":\"https:\/\/elcotarro.com\/wp-content\/uploads\/2020\/08\/foto-1.jpg\",\"width\":2240,\"height\":1600},{\"@type\":\"BreadcrumbList\",\"@id\":\"https:\/\/elcotarro.com\/?p=8776#breadcrumb\",\"itemListElement\":[{\"@type\":\"ListItem\",\"position\":1,\"name\":\"Portada\",\"item\":\"https:\/\/elcotarro.com\/\"},{\"@type\":\"ListItem\",\"position\":2,\"name\":\"JOS\u00c9 GUILLERMO HERN\u00c1NDEZ, YA VUELA EL 787 DREAMLINER\"}]},{\"@type\":\"WebSite\",\"@id\":\"https:\/\/elcotarro.com\/#website\",\"url\":\"https:\/\/elcotarro.com\/\",\"name\":\"El Cotarro\",\"description\":\"Peri\u00f3dico Digital Independiente dirigido por Jos\u00e9 Carlos Marrero\",\"publisher\":{\"@id\":\"https:\/\/elcotarro.com\/#organization\"},\"potentialAction\":[{\"@type\":\"SearchAction\",\"target\":{\"@type\":\"EntryPoint\",\"urlTemplate\":\"https:\/\/elcotarro.com\/?s={search_term_string}\"},\"query-input\":{\"@type\":\"PropertyValueSpecification\",\"valueRequired\":true,\"valueName\":\"search_term_string\"}}],\"inLanguage\":\"es\"},{\"@type\":\"Organization\",\"@id\":\"https:\/\/elcotarro.com\/#organization\",\"name\":\"El Cotarro\",\"url\":\"https:\/\/elcotarro.com\/\",\"logo\":{\"@type\":\"ImageObject\",\"inLanguage\":\"es\",\"@id\":\"https:\/\/elcotarro.com\/#\/schema\/logo\/image\/\",\"url\":\"https:\/\/elcotarro.com\/wp-content\/uploads\/2014\/09\/Cabecera_El_Cotarro_v2.jpg\",\"contentUrl\":\"https:\/\/elcotarro.com\/wp-content\/uploads\/2014\/09\/Cabecera_El_Cotarro_v2.jpg\",\"width\":3540,\"height\":441,\"caption\":\"El Cotarro\"},\"image\":{\"@id\":\"https:\/\/elcotarro.com\/#\/schema\/logo\/image\/\"},\"sameAs\":[\"https:\/\/www.facebook.com\/ElCotarro.Tenerife\"]},{\"@type\":\"Person\",\"@id\":\"https:\/\/elcotarro.com\/#\/schema\/person\/af537ee7d60d15984c7e0affcd8a918b\",\"name\":\"Jos\u00e9 Carlos Marrero Gonz\u00e1lez\",\"image\":{\"@type\":\"ImageObject\",\"inLanguage\":\"es\",\"@id\":\"https:\/\/elcotarro.com\/#\/schema\/person\/image\/\",\"url\":\"https:\/\/secure.gravatar.com\/avatar\/def4da036efb5d32c74d49c351f6dccc064dd69ad9f3aadc295c5a9a5391ca01?s=96&d=mm&r=g\",\"contentUrl\":\"https:\/\/secure.gravatar.com\/avatar\/def4da036efb5d32c74d49c351f6dccc064dd69ad9f3aadc295c5a9a5391ca01?s=96&d=mm&r=g\",\"caption\":\"Jos\u00e9 Carlos Marrero Gonz\u00e1lez\"},\"sameAs\":[\"https:\/\/elcotarro.com\"],\"url\":\"https:\/\/elcotarro.com\/?author=2\"}]}<\/script>\n<!-- \/ Yoast SEO plugin. -->","yoast_head_json":{"title":"JOS\u00c9 GUILLERMO HERN\u00c1NDEZ, YA VUELA EL 787 DREAMLINER - El Cotarro","robots":{"index":"index","follow":"follow","max-snippet":"max-snippet:-1","max-image-preview":"max-image-preview:large","max-video-preview":"max-video-preview:-1"},"canonical":"https:\/\/elcotarro.com\/?p=8776","og_locale":"es_ES","og_type":"article","og_title":"JOS\u00c9 GUILLERMO HERN\u00c1NDEZ, YA VUELA EL 787 DREAMLINER - El Cotarro","og_description":"Llegar a esta cima profesional no ha sido nada f\u00e1cil. Hay que decir que Jos\u00e9 Guillermo no suele contarlo, pero en una ocasi\u00f3n, durante su instrucci\u00f3n americana en Dallas, volando de noche con una avioneta Cessna 150, tuvo un problema de motor y se vio obligado a aterrizar de madrugada en medio de una autopista, ... Read more","og_url":"https:\/\/elcotarro.com\/?p=8776","og_site_name":"El Cotarro","article_publisher":"https:\/\/www.facebook.com\/ElCotarro.Tenerife","article_published_time":"2020-08-30T06:52:16+00:00","og_image":[{"url":"https:\/\/elcotarro.com\/wp-content\/uploads\/2020\/08\/foto-1.jpg","type":"","width":"","height":""}],"author":"Jos\u00e9 Carlos Marrero Gonz\u00e1lez","twitter_misc":{"Escrito por":"Jos\u00e9 Carlos Marrero Gonz\u00e1lez","Tiempo de lectura":"1 minuto"},"schema":{"@context":"https:\/\/schema.org","@graph":[{"@type":"Article","@id":"https:\/\/elcotarro.com\/?p=8776#article","isPartOf":{"@id":"https:\/\/elcotarro.com\/?p=8776"},"author":{"name":"Jos\u00e9 Carlos Marrero Gonz\u00e1lez","@id":"https:\/\/elcotarro.com\/#\/schema\/person\/af537ee7d60d15984c7e0affcd8a918b"},"headline":"JOS\u00c9 GUILLERMO HERN\u00c1NDEZ, YA VUELA EL 787 DREAMLINER","datePublished":"2020-08-30T06:52:16+00:00","mainEntityOfPage":{"@id":"https:\/\/elcotarro.com\/?p=8776"},"wordCount":234,"commentCount":0,"publisher":{"@id":"https:\/\/elcotarro.com\/#organization"},"image":{"@id":"https:\/\/elcotarro.com\/?p=8776#primaryimage"},"thumbnailUrl":"https:\/\/elcotarro.com\/wp-content\/uploads\/2020\/08\/foto-1.jpg","inLanguage":"es","potentialAction":[{"@type":"CommentAction","name":"Comment","target":["https:\/\/elcotarro.com\/?p=8776#respond"]}]},{"@type":"WebPage","@id":"https:\/\/elcotarro.com\/?p=8776","url":"https:\/\/elcotarro.com\/?p=8776","name":"JOS\u00c9 GUILLERMO HERN\u00c1NDEZ, YA VUELA EL 787 DREAMLINER - El Cotarro","isPartOf":{"@id":"https:\/\/elcotarro.com\/#website"},"primaryImageOfPage":{"@id":"https:\/\/elcotarro.com\/?p=8776#primaryimage"},"image":{"@id":"https:\/\/elcotarro.com\/?p=8776#primaryimage"},"thumbnailUrl":"https:\/\/elcotarro.com\/wp-content\/uploads\/2020\/08\/foto-1.jpg","datePublished":"2020-08-30T06:52:16+00:00","breadcrumb":{"@id":"https:\/\/elcotarro.com\/?p=8776#breadcrumb"},"inLanguage":"es","potentialAction":[{"@type":"ReadAction","target":["https:\/\/elcotarro.com\/?p=8776"]}]},{"@type":"ImageObject","inLanguage":"es","@id":"https:\/\/elcotarro.com\/?p=8776#primaryimage","url":"https:\/\/elcotarro.com\/wp-content\/uploads\/2020\/08\/foto-1.jpg","contentUrl":"https:\/\/elcotarro.com\/wp-content\/uploads\/2020\/08\/foto-1.jpg","width":2240,"height":1600},{"@type":"BreadcrumbList","@id":"https:\/\/elcotarro.com\/?p=8776#breadcrumb","itemListElement":[{"@type":"ListItem","position":1,"name":"Portada","item":"https:\/\/elcotarro.com\/"},{"@type":"ListItem","position":2,"name":"JOS\u00c9 GUILLERMO HERN\u00c1NDEZ, YA VUELA EL 787 DREAMLINER"}]},{"@type":"WebSite","@id":"https:\/\/elcotarro.com\/#website","url":"https:\/\/elcotarro.com\/","name":"El Cotarro","description":"Peri\u00f3dico Digital Independiente dirigido por Jos\u00e9 Carlos Marrero","publisher":{"@id":"https:\/\/elcotarro.com\/#organization"},"potentialAction":[{"@type":"SearchAction","target":{"@type":"EntryPoint","urlTemplate":"https:\/\/elcotarro.com\/?s={search_term_string}"},"query-input":{"@type":"PropertyValueSpecification","valueRequired":true,"valueName":"search_term_string"}}],"inLanguage":"es"},{"@type":"Organization","@id":"https:\/\/elcotarro.com\/#organization","name":"El Cotarro","url":"https:\/\/elcotarro.com\/","logo":{"@type":"ImageObject","inLanguage":"es","@id":"https:\/\/elcotarro.com\/#\/schema\/logo\/image\/","url":"https:\/\/elcotarro.com\/wp-content\/uploads\/2014\/09\/Cabecera_El_Cotarro_v2.jpg","contentUrl":"https:\/\/elcotarro.com\/wp-content\/uploads\/2014\/09\/Cabecera_El_Cotarro_v2.jpg","width":3540,"height":441,"caption":"El Cotarro"},"image":{"@id":"https:\/\/elcotarro.com\/#\/schema\/logo\/image\/"},"sameAs":["https:\/\/www.facebook.com\/ElCotarro.Tenerife"]},{"@type":"Person","@id":"https:\/\/elcotarro.com\/#\/schema\/person\/af537ee7d60d15984c7e0affcd8a918b","name":"Jos\u00e9 Carlos Marrero Gonz\u00e1lez","image":{"@type":"ImageObject","inLanguage":"es","@id":"https:\/\/elcotarro.com\/#\/schema\/person\/image\/","url":"https:\/\/secure.gravatar.com\/avatar\/def4da036efb5d32c74d49c351f6dccc064dd69ad9f3aadc295c5a9a5391ca01?s=96&d=mm&r=g","contentUrl":"https:\/\/secure.gravatar.com\/avatar\/def4da036efb5d32c74d49c351f6dccc064dd69ad9f3aadc295c5a9a5391ca01?s=96&d=mm&r=g","caption":"Jos\u00e9 Carlos Marrero Gonz\u00e1lez"},"sameAs":["https:\/\/elcotarro.com"],"url":"https:\/\/elcotarro.com\/?author=2"}]}},"jetpack_featured_media_url":"","jetpack_sharing_enabled":true,"_links":{"self":[{"href":"https:\/\/elcotarro.com\/index.php?rest_route=\/wp\/v2\/posts\/8776","targetHints":{"allow":["GET"]}}],"collection":[{"href":"https:\/\/elcotarro.com\/index.php?rest_route=\/wp\/v2\/posts"}],"about":[{"href":"https:\/\/elcotarro.com\/index.php?rest_route=\/wp\/v2\/types\/post"}],"author":[{"embeddable":true,"href":"https:\/\/elcotarro.com\/index.php?rest_route=\/wp\/v2\/users\/2"}],"replies":[{"embeddable":true,"href":"https:\/\/elcotarro.com\/index.php?rest_route=%2Fwp%2Fv2%2Fcomments&post=8776"}],"version-history":[{"count":1,"href":"https:\/\/elcotarro.com\/index.php?rest_route=\/wp\/v2\/posts\/8776\/revisions"}],"predecessor-version":[{"id":8778,"href":"https:\/\/elcotarro.com\/index.php?rest_route=\/wp\/v2\/posts\/8776\/revisions\/8778"}],"wp:attachment":[{"href":"https:\/\/elcotarro.com\/index.php?rest_route=%2Fwp%2Fv2%2Fmedia&parent=8776"}],"wp:term":[{"taxonomy":"category","embeddable":true,"href":"https:\/\/elcotarro.com\/index.php?rest_route=%2Fwp%2Fv2%2Fcategories&post=8776"},{"taxonomy":"post_tag","embeddable":true,"href":"https:\/\/elcotarro.com\/index.php?rest_route=%2Fwp%2Fv2%2Ftags&post=8776"}],"curies":[{"name":"wp","href":"https:\/\/api.w.org\/{rel}","templated":true}]}}