{"id":8806,"date":"2020-09-06T07:58:03","date_gmt":"2020-09-06T06:58:03","guid":{"rendered":"https:\/\/elcotarro.com\/?p=8806"},"modified":"2020-09-05T10:49:36","modified_gmt":"2020-09-05T09:49:36","slug":"el-duro-escrito-de-intersindical-canaria","status":"publish","type":"post","link":"https:\/\/elcotarro.com\/?p=8806","title":{"rendered":"EL DURO ESCRITO DE INTERSINDICAL CANARIA"},"content":{"rendered":"<p>Comenc\u00e9 escribiendo que <em>Intersindical Canaria (IC), la Uni\u00f3n General de Trabajadores (UGT), Comisiones Obreras (CCOO), el Sindicato de Enfermer\u00eda (SATSE), el Colegio Oficial de M\u00e9dicos de Santa Cruz de Tenerife (COMTF), o el Colegio Oficial de Enfermer\u00eda, y hasta los comit\u00e9s de empresa de los distintos hospitales, todos han estado y est\u00e1n mayoritariamente callados como tusos\u2026 Y no iba (ni voy) muy descaminado, pero lo cierto y verdad es que, en medio de mi cr\u00edtica, denunciando que eran (y son) culpables por omisi\u00f3n, a la vista de su silencio c\u00f3mplice, va y llega (el d\u00eda 1) un comunicado (el segundo en unos meses, es verdad) de la secci\u00f3n de Intersindical Canaria en el Hospital Universitario de Canarias (HUC), donde est\u00e1 como l\u00edder el puntal <strong>Abel Ramos Negr\u00edn<\/strong>. Un comunicado dur\u00edsimo, directo y demoledor, titulado, textualmente: <\/em><em>\u201cTras un a\u00f1o de gesti\u00f3n, DE MAL EN PEOR la situaci\u00f3n laboral y asistencial en el HUC\u201d<\/em><em>, poniendo en \u00e9l cinco fotograf\u00edas y subtitulando <\/em><em>\u201cSi la inoperante Direcci\u00f3n no est\u00e1 de acuerdo con la ofensiva contra el HUC, lo m\u00e1s honesto es que dimita\u201d<\/em><em>. (Lo pueden encontrar en Internet y Facebook)<\/em><\/p>\n<p style=\"text-align: center\"><a href=\"https:\/\/elcotarro.com\/wp-content\/uploads\/2020\/09\/FOTO-3.-INTERSINDICAL-1.jpg\"><img loading=\"lazy\" decoding=\"async\" class=\"aligncenter size-full wp-image-8807\" src=\"https:\/\/elcotarro.com\/wp-content\/uploads\/2020\/09\/FOTO-3.-INTERSINDICAL-1.jpg\" alt=\"\" width=\"1200\" height=\"800\" srcset=\"https:\/\/elcotarro.com\/wp-content\/uploads\/2020\/09\/FOTO-3.-INTERSINDICAL-1.jpg 1200w, https:\/\/elcotarro.com\/wp-content\/uploads\/2020\/09\/FOTO-3.-INTERSINDICAL-1-300x200.jpg 300w, https:\/\/elcotarro.com\/wp-content\/uploads\/2020\/09\/FOTO-3.-INTERSINDICAL-1-1024x683.jpg 1024w, https:\/\/elcotarro.com\/wp-content\/uploads\/2020\/09\/FOTO-3.-INTERSINDICAL-1-768x512.jpg 768w\" sizes=\"auto, (max-width: 1200px) 100vw, 1200px\" \/><\/a><\/p>\n<p style=\"text-align: center\"><em>Afiliados y simpatizantes de Intersindical Canaria, manifest\u00e1ndose en el HUC<\/em><\/p>\n","protected":false},"excerpt":{"rendered":"<p>Comenc\u00e9 escribiendo que Intersindical Canaria (IC), la Uni\u00f3n General de Trabajadores (UGT), Comisiones Obreras (CCOO), el Sindicato de Enfermer\u00eda (SATSE), el Colegio Oficial de M\u00e9dicos de Santa Cruz de Tenerife (COMTF), o el Colegio Oficial de Enfermer\u00eda, y hasta los comit\u00e9s de empresa de los distintos hospitales, todos han estado y est\u00e1n mayoritariamente callados como &#8230; <a class=\"read-more\" href=\"https:\/\/elcotarro.com\/?p=8806\">Read more<\/a><\/p>\n","protected":false},"author":2,"featured_media":0,"comment_status":"open","ping_status":"open","sticky":false,"template":"","format":"standard","meta":{"_jetpack_memberships_contains_paid_content":false,"footnotes":""},"categories":[1],"tags":[],"class_list":["post-8806","post","type-post","status-publish","format-standard","hentry","category-sin-categoria"],"yoast_head":"<!-- This site is optimized with the Yoast SEO plugin v27.0 - https:\/\/yoast.com\/product\/yoast-seo-wordpress\/ -->\n<title>EL DURO ESCRITO DE INTERSINDICAL CANARIA - El Cotarro<\/title>\n<meta name=\"robots\" content=\"index, follow, max-snippet:-1, max-image-preview:large, max-video-preview:-1\" \/>\n<link rel=\"canonical\" href=\"https:\/\/elcotarro.com\/?p=8806\" \/>\n<meta property=\"og:locale\" content=\"es_ES\" \/>\n<meta property=\"og:type\" content=\"article\" \/>\n<meta property=\"og:title\" content=\"EL DURO ESCRITO DE INTERSINDICAL CANARIA - El Cotarro\" \/>\n<meta property=\"og:description\" content=\"Comenc\u00e9 escribiendo que Intersindical Canaria (IC), la Uni\u00f3n General de Trabajadores (UGT), Comisiones Obreras (CCOO), el Sindicato de Enfermer\u00eda (SATSE), el Colegio Oficial de M\u00e9dicos de Santa Cruz de Tenerife (COMTF), o el Colegio Oficial de Enfermer\u00eda, y hasta los comit\u00e9s de empresa de los distintos hospitales, todos han estado y est\u00e1n mayoritariamente callados como ... Read more\" \/>\n<meta property=\"og:url\" content=\"https:\/\/elcotarro.com\/?p=8806\" \/>\n<meta property=\"og:site_name\" content=\"El Cotarro\" \/>\n<meta property=\"article:publisher\" content=\"https:\/\/www.facebook.com\/ElCotarro.Tenerife\" \/>\n<meta property=\"article:published_time\" content=\"2020-09-06T06:58:03+00:00\" \/>\n<meta property=\"og:image\" content=\"https:\/\/elcotarro.com\/wp-content\/uploads\/2020\/09\/FOTO-3.-INTERSINDICAL-1.jpg\" \/>\n<meta name=\"author\" content=\"Jos\u00e9 Carlos Marrero Gonz\u00e1lez\" \/>\n<meta name=\"twitter:label1\" content=\"Escrito por\" \/>\n\t<meta name=\"twitter:data1\" content=\"Jos\u00e9 Carlos Marrero Gonz\u00e1lez\" \/>\n\t<meta name=\"twitter:label2\" content=\"Tiempo de lectura\" \/>\n\t<meta name=\"twitter:data2\" content=\"1 minuto\" \/>\n<script type=\"application\/ld+json\" class=\"yoast-schema-graph\">{\"@context\":\"https:\/\/schema.org\",\"@graph\":[{\"@type\":\"Article\",\"@id\":\"https:\/\/elcotarro.com\/?p=8806#article\",\"isPartOf\":{\"@id\":\"https:\/\/elcotarro.com\/?p=8806\"},\"author\":{\"name\":\"Jos\u00e9 Carlos Marrero Gonz\u00e1lez\",\"@id\":\"https:\/\/elcotarro.com\/#\/schema\/person\/af537ee7d60d15984c7e0affcd8a918b\"},\"headline\":\"EL DURO ESCRITO DE INTERSINDICAL CANARIA\",\"datePublished\":\"2020-09-06T06:58:03+00:00\",\"mainEntityOfPage\":{\"@id\":\"https:\/\/elcotarro.com\/?p=8806\"},\"wordCount\":222,\"commentCount\":0,\"publisher\":{\"@id\":\"https:\/\/elcotarro.com\/#organization\"},\"image\":{\"@id\":\"https:\/\/elcotarro.com\/?p=8806#primaryimage\"},\"thumbnailUrl\":\"https:\/\/elcotarro.com\/wp-content\/uploads\/2020\/09\/FOTO-3.-INTERSINDICAL-1.jpg\",\"inLanguage\":\"es\",\"potentialAction\":[{\"@type\":\"CommentAction\",\"name\":\"Comment\",\"target\":[\"https:\/\/elcotarro.com\/?p=8806#respond\"]}]},{\"@type\":\"WebPage\",\"@id\":\"https:\/\/elcotarro.com\/?p=8806\",\"url\":\"https:\/\/elcotarro.com\/?p=8806\",\"name\":\"EL DURO ESCRITO DE INTERSINDICAL CANARIA - El Cotarro\",\"isPartOf\":{\"@id\":\"https:\/\/elcotarro.com\/#website\"},\"primaryImageOfPage\":{\"@id\":\"https:\/\/elcotarro.com\/?p=8806#primaryimage\"},\"image\":{\"@id\":\"https:\/\/elcotarro.com\/?p=8806#primaryimage\"},\"thumbnailUrl\":\"https:\/\/elcotarro.com\/wp-content\/uploads\/2020\/09\/FOTO-3.-INTERSINDICAL-1.jpg\",\"datePublished\":\"2020-09-06T06:58:03+00:00\",\"breadcrumb\":{\"@id\":\"https:\/\/elcotarro.com\/?p=8806#breadcrumb\"},\"inLanguage\":\"es\",\"potentialAction\":[{\"@type\":\"ReadAction\",\"target\":[\"https:\/\/elcotarro.com\/?p=8806\"]}]},{\"@type\":\"ImageObject\",\"inLanguage\":\"es\",\"@id\":\"https:\/\/elcotarro.com\/?p=8806#primaryimage\",\"url\":\"https:\/\/elcotarro.com\/wp-content\/uploads\/2020\/09\/FOTO-3.-INTERSINDICAL-1.jpg\",\"contentUrl\":\"https:\/\/elcotarro.com\/wp-content\/uploads\/2020\/09\/FOTO-3.-INTERSINDICAL-1.jpg\",\"width\":1200,\"height\":800},{\"@type\":\"BreadcrumbList\",\"@id\":\"https:\/\/elcotarro.com\/?p=8806#breadcrumb\",\"itemListElement\":[{\"@type\":\"ListItem\",\"position\":1,\"name\":\"Portada\",\"item\":\"https:\/\/elcotarro.com\/\"},{\"@type\":\"ListItem\",\"position\":2,\"name\":\"EL DURO ESCRITO DE INTERSINDICAL CANARIA\"}]},{\"@type\":\"WebSite\",\"@id\":\"https:\/\/elcotarro.com\/#website\",\"url\":\"https:\/\/elcotarro.com\/\",\"name\":\"El Cotarro\",\"description\":\"Peri\u00f3dico Digital Independiente dirigido por Jos\u00e9 Carlos Marrero\",\"publisher\":{\"@id\":\"https:\/\/elcotarro.com\/#organization\"},\"potentialAction\":[{\"@type\":\"SearchAction\",\"target\":{\"@type\":\"EntryPoint\",\"urlTemplate\":\"https:\/\/elcotarro.com\/?s={search_term_string}\"},\"query-input\":{\"@type\":\"PropertyValueSpecification\",\"valueRequired\":true,\"valueName\":\"search_term_string\"}}],\"inLanguage\":\"es\"},{\"@type\":\"Organization\",\"@id\":\"https:\/\/elcotarro.com\/#organization\",\"name\":\"El Cotarro\",\"url\":\"https:\/\/elcotarro.com\/\",\"logo\":{\"@type\":\"ImageObject\",\"inLanguage\":\"es\",\"@id\":\"https:\/\/elcotarro.com\/#\/schema\/logo\/image\/\",\"url\":\"https:\/\/elcotarro.com\/wp-content\/uploads\/2014\/09\/Cabecera_El_Cotarro_v2.jpg\",\"contentUrl\":\"https:\/\/elcotarro.com\/wp-content\/uploads\/2014\/09\/Cabecera_El_Cotarro_v2.jpg\",\"width\":3540,\"height\":441,\"caption\":\"El Cotarro\"},\"image\":{\"@id\":\"https:\/\/elcotarro.com\/#\/schema\/logo\/image\/\"},\"sameAs\":[\"https:\/\/www.facebook.com\/ElCotarro.Tenerife\"]},{\"@type\":\"Person\",\"@id\":\"https:\/\/elcotarro.com\/#\/schema\/person\/af537ee7d60d15984c7e0affcd8a918b\",\"name\":\"Jos\u00e9 Carlos Marrero Gonz\u00e1lez\",\"image\":{\"@type\":\"ImageObject\",\"inLanguage\":\"es\",\"@id\":\"https:\/\/elcotarro.com\/#\/schema\/person\/image\/\",\"url\":\"https:\/\/secure.gravatar.com\/avatar\/def4da036efb5d32c74d49c351f6dccc064dd69ad9f3aadc295c5a9a5391ca01?s=96&d=mm&r=g\",\"contentUrl\":\"https:\/\/secure.gravatar.com\/avatar\/def4da036efb5d32c74d49c351f6dccc064dd69ad9f3aadc295c5a9a5391ca01?s=96&d=mm&r=g\",\"caption\":\"Jos\u00e9 Carlos Marrero Gonz\u00e1lez\"},\"sameAs\":[\"https:\/\/elcotarro.com\"],\"url\":\"https:\/\/elcotarro.com\/?author=2\"}]}<\/script>\n<!-- \/ Yoast SEO plugin. -->","yoast_head_json":{"title":"EL DURO ESCRITO DE INTERSINDICAL CANARIA - El Cotarro","robots":{"index":"index","follow":"follow","max-snippet":"max-snippet:-1","max-image-preview":"max-image-preview:large","max-video-preview":"max-video-preview:-1"},"canonical":"https:\/\/elcotarro.com\/?p=8806","og_locale":"es_ES","og_type":"article","og_title":"EL DURO ESCRITO DE INTERSINDICAL CANARIA - El Cotarro","og_description":"Comenc\u00e9 escribiendo que Intersindical Canaria (IC), la Uni\u00f3n General de Trabajadores (UGT), Comisiones Obreras (CCOO), el Sindicato de Enfermer\u00eda (SATSE), el Colegio Oficial de M\u00e9dicos de Santa Cruz de Tenerife (COMTF), o el Colegio Oficial de Enfermer\u00eda, y hasta los comit\u00e9s de empresa de los distintos hospitales, todos han estado y est\u00e1n mayoritariamente callados como ... Read more","og_url":"https:\/\/elcotarro.com\/?p=8806","og_site_name":"El Cotarro","article_publisher":"https:\/\/www.facebook.com\/ElCotarro.Tenerife","article_published_time":"2020-09-06T06:58:03+00:00","og_image":[{"url":"https:\/\/elcotarro.com\/wp-content\/uploads\/2020\/09\/FOTO-3.-INTERSINDICAL-1.jpg","type":"","width":"","height":""}],"author":"Jos\u00e9 Carlos Marrero Gonz\u00e1lez","twitter_misc":{"Escrito por":"Jos\u00e9 Carlos Marrero Gonz\u00e1lez","Tiempo de lectura":"1 minuto"},"schema":{"@context":"https:\/\/schema.org","@graph":[{"@type":"Article","@id":"https:\/\/elcotarro.com\/?p=8806#article","isPartOf":{"@id":"https:\/\/elcotarro.com\/?p=8806"},"author":{"name":"Jos\u00e9 Carlos Marrero Gonz\u00e1lez","@id":"https:\/\/elcotarro.com\/#\/schema\/person\/af537ee7d60d15984c7e0affcd8a918b"},"headline":"EL DURO ESCRITO DE INTERSINDICAL CANARIA","datePublished":"2020-09-06T06:58:03+00:00","mainEntityOfPage":{"@id":"https:\/\/elcotarro.com\/?p=8806"},"wordCount":222,"commentCount":0,"publisher":{"@id":"https:\/\/elcotarro.com\/#organization"},"image":{"@id":"https:\/\/elcotarro.com\/?p=8806#primaryimage"},"thumbnailUrl":"https:\/\/elcotarro.com\/wp-content\/uploads\/2020\/09\/FOTO-3.-INTERSINDICAL-1.jpg","inLanguage":"es","potentialAction":[{"@type":"CommentAction","name":"Comment","target":["https:\/\/elcotarro.com\/?p=8806#respond"]}]},{"@type":"WebPage","@id":"https:\/\/elcotarro.com\/?p=8806","url":"https:\/\/elcotarro.com\/?p=8806","name":"EL DURO ESCRITO DE INTERSINDICAL CANARIA - El Cotarro","isPartOf":{"@id":"https:\/\/elcotarro.com\/#website"},"primaryImageOfPage":{"@id":"https:\/\/elcotarro.com\/?p=8806#primaryimage"},"image":{"@id":"https:\/\/elcotarro.com\/?p=8806#primaryimage"},"thumbnailUrl":"https:\/\/elcotarro.com\/wp-content\/uploads\/2020\/09\/FOTO-3.-INTERSINDICAL-1.jpg","datePublished":"2020-09-06T06:58:03+00:00","breadcrumb":{"@id":"https:\/\/elcotarro.com\/?p=8806#breadcrumb"},"inLanguage":"es","potentialAction":[{"@type":"ReadAction","target":["https:\/\/elcotarro.com\/?p=8806"]}]},{"@type":"ImageObject","inLanguage":"es","@id":"https:\/\/elcotarro.com\/?p=8806#primaryimage","url":"https:\/\/elcotarro.com\/wp-content\/uploads\/2020\/09\/FOTO-3.-INTERSINDICAL-1.jpg","contentUrl":"https:\/\/elcotarro.com\/wp-content\/uploads\/2020\/09\/FOTO-3.-INTERSINDICAL-1.jpg","width":1200,"height":800},{"@type":"BreadcrumbList","@id":"https:\/\/elcotarro.com\/?p=8806#breadcrumb","itemListElement":[{"@type":"ListItem","position":1,"name":"Portada","item":"https:\/\/elcotarro.com\/"},{"@type":"ListItem","position":2,"name":"EL DURO ESCRITO DE INTERSINDICAL CANARIA"}]},{"@type":"WebSite","@id":"https:\/\/elcotarro.com\/#website","url":"https:\/\/elcotarro.com\/","name":"El Cotarro","description":"Peri\u00f3dico Digital Independiente dirigido por Jos\u00e9 Carlos Marrero","publisher":{"@id":"https:\/\/elcotarro.com\/#organization"},"potentialAction":[{"@type":"SearchAction","target":{"@type":"EntryPoint","urlTemplate":"https:\/\/elcotarro.com\/?s={search_term_string}"},"query-input":{"@type":"PropertyValueSpecification","valueRequired":true,"valueName":"search_term_string"}}],"inLanguage":"es"},{"@type":"Organization","@id":"https:\/\/elcotarro.com\/#organization","name":"El Cotarro","url":"https:\/\/elcotarro.com\/","logo":{"@type":"ImageObject","inLanguage":"es","@id":"https:\/\/elcotarro.com\/#\/schema\/logo\/image\/","url":"https:\/\/elcotarro.com\/wp-content\/uploads\/2014\/09\/Cabecera_El_Cotarro_v2.jpg","contentUrl":"https:\/\/elcotarro.com\/wp-content\/uploads\/2014\/09\/Cabecera_El_Cotarro_v2.jpg","width":3540,"height":441,"caption":"El Cotarro"},"image":{"@id":"https:\/\/elcotarro.com\/#\/schema\/logo\/image\/"},"sameAs":["https:\/\/www.facebook.com\/ElCotarro.Tenerife"]},{"@type":"Person","@id":"https:\/\/elcotarro.com\/#\/schema\/person\/af537ee7d60d15984c7e0affcd8a918b","name":"Jos\u00e9 Carlos Marrero Gonz\u00e1lez","image":{"@type":"ImageObject","inLanguage":"es","@id":"https:\/\/elcotarro.com\/#\/schema\/person\/image\/","url":"https:\/\/secure.gravatar.com\/avatar\/def4da036efb5d32c74d49c351f6dccc064dd69ad9f3aadc295c5a9a5391ca01?s=96&d=mm&r=g","contentUrl":"https:\/\/secure.gravatar.com\/avatar\/def4da036efb5d32c74d49c351f6dccc064dd69ad9f3aadc295c5a9a5391ca01?s=96&d=mm&r=g","caption":"Jos\u00e9 Carlos Marrero Gonz\u00e1lez"},"sameAs":["https:\/\/elcotarro.com"],"url":"https:\/\/elcotarro.com\/?author=2"}]}},"jetpack_featured_media_url":"","jetpack_sharing_enabled":true,"_links":{"self":[{"href":"https:\/\/elcotarro.com\/index.php?rest_route=\/wp\/v2\/posts\/8806","targetHints":{"allow":["GET"]}}],"collection":[{"href":"https:\/\/elcotarro.com\/index.php?rest_route=\/wp\/v2\/posts"}],"about":[{"href":"https:\/\/elcotarro.com\/index.php?rest_route=\/wp\/v2\/types\/post"}],"author":[{"embeddable":true,"href":"https:\/\/elcotarro.com\/index.php?rest_route=\/wp\/v2\/users\/2"}],"replies":[{"embeddable":true,"href":"https:\/\/elcotarro.com\/index.php?rest_route=%2Fwp%2Fv2%2Fcomments&post=8806"}],"version-history":[{"count":1,"href":"https:\/\/elcotarro.com\/index.php?rest_route=\/wp\/v2\/posts\/8806\/revisions"}],"predecessor-version":[{"id":8808,"href":"https:\/\/elcotarro.com\/index.php?rest_route=\/wp\/v2\/posts\/8806\/revisions\/8808"}],"wp:attachment":[{"href":"https:\/\/elcotarro.com\/index.php?rest_route=%2Fwp%2Fv2%2Fmedia&parent=8806"}],"wp:term":[{"taxonomy":"category","embeddable":true,"href":"https:\/\/elcotarro.com\/index.php?rest_route=%2Fwp%2Fv2%2Fcategories&post=8806"},{"taxonomy":"post_tag","embeddable":true,"href":"https:\/\/elcotarro.com\/index.php?rest_route=%2Fwp%2Fv2%2Ftags&post=8806"}],"curies":[{"name":"wp","href":"https:\/\/api.w.org\/{rel}","templated":true}]}}