{"id":882,"date":"2015-03-08T12:01:25","date_gmt":"2015-03-08T12:01:25","guid":{"rendered":"https:\/\/elcotarro.com\/?p=882"},"modified":"2015-03-08T10:43:54","modified_gmt":"2015-03-08T10:43:54","slug":"y-la-charca-turbia-y-sin-patos","status":"publish","type":"post","link":"https:\/\/elcotarro.com\/?p=882","title":{"rendered":"Y LA CHARCA TURBIA Y&#8230; SIN PATOS"},"content":{"rendered":"<p>\u2666 Lo dicho&#8230; La charca politiquera est\u00e1 turbia&#8230; Hoy le ha tocado a la del PP&#8230; Aunque no he contado todo lo de Arafo, ni lo \u201ccontentos\u201d que est\u00e1n tambi\u00e9n por la nominaci\u00f3n de <strong>Mar\u00eda Australia Navarro<\/strong> como candidata a la presidencia del gobierno canario&#8230; Quiz\u00e1 el pr\u00f3ximo domingo les cuente lo enturbiado que esta el PSOE capitalino y lo \u201ccontentos\u201d que est\u00e1n en la Sociedad de Desarrollo con las broncas de <strong>Florentino Guzm\u00e1n<\/strong>&#8230; O el cabreo del alcalde chicharrero, <strong>Jos\u00e9 Manuel Berm\u00fadez<\/strong>, con el consejero de carreteras del Cabildo, <strong>Jos\u00e9 Luis Delgado<\/strong>, por la \u201ctotufada\u201d del pasado viernes a las 9:00 de la ma\u00f1ana, hora en la que (al parecer por trabajos de conservaci\u00f3n, seg\u00fan comunic\u00f3 por <em>Twitter<\/em> la propia Polic\u00eda Local capitalina) se cortaron varios carriles del acceso a Santa Cruz por la autov\u00eda de penetraci\u00f3n por el sur&#8230; Y ya puestos a que esto sea casi un monogr\u00e1fico lagunero, decirles que la renovada charca de la Plaza de la Catedral ha sido puesta en funcionamiento (sin inauguraci\u00f3n oficial) con una serie de tristes chorros y \u201csembrada\u201d de unas plantas acu\u00e1ticas o subacu\u00e1ticas que no terminan de gustar a nadie y donde, para cabreo del presidente de la asociaci\u00f3n de vecinos del casco, <strong>Pablo Reyes N\u00fa\u00f1ez<\/strong>, no hay rastro de los antiguos patos&#8230; Faltan exactamente 77 d\u00edas para las pr\u00f3ximas elecciones&#8230; \u00a1Sigan bailando!<\/p>\n<p><a href=\"https:\/\/elcotarro.com\/wp-content\/uploads\/2015\/03\/FOTO-7.-La-nueva-charca-de-la-Catedral.jpg\"><img loading=\"lazy\" decoding=\"async\" class=\"aligncenter wp-image-883\" src=\"https:\/\/elcotarro.com\/wp-content\/uploads\/2015\/03\/FOTO-7.-La-nueva-charca-de-la-Catedral-1024x768.jpg\" alt=\"FOTO 7.- La nueva charca de la Catedral\" width=\"550\" height=\"413\" srcset=\"https:\/\/elcotarro.com\/wp-content\/uploads\/2015\/03\/FOTO-7.-La-nueva-charca-de-la-Catedral-1024x768.jpg 1024w, https:\/\/elcotarro.com\/wp-content\/uploads\/2015\/03\/FOTO-7.-La-nueva-charca-de-la-Catedral-300x225.jpg 300w, https:\/\/elcotarro.com\/wp-content\/uploads\/2015\/03\/FOTO-7.-La-nueva-charca-de-la-Catedral.jpg 1600w\" sizes=\"auto, (max-width: 550px) 100vw, 550px\" \/><\/a><\/p>\n<p class=\"comentario\" style=\"text-align: center;\">La nueva charca de Plaza de la Catedral, turbia y sin patos<\/p>\n<p class=\"comentario\" style=\"text-align: center;\"><a href=\"https:\/\/elcotarro.com\/wp-content\/uploads\/2014\/12\/Bnn_Careca.jpg\"><img loading=\"lazy\" decoding=\"async\" class=\"aligncenter size-full wp-image-539\" src=\"https:\/\/elcotarro.com\/wp-content\/uploads\/2014\/12\/Bnn_Careca.jpg\" alt=\"Bnn_Careca\" width=\"750\" height=\"150\" srcset=\"https:\/\/elcotarro.com\/wp-content\/uploads\/2014\/12\/Bnn_Careca.jpg 750w, https:\/\/elcotarro.com\/wp-content\/uploads\/2014\/12\/Bnn_Careca-300x60.jpg 300w\" sizes=\"auto, (max-width: 750px) 100vw, 750px\" \/><\/a><\/p>\n","protected":false},"excerpt":{"rendered":"<p>\u2666 Lo dicho&#8230; La charca politiquera est\u00e1 turbia&#8230; Hoy le ha tocado a la del PP&#8230; Aunque no he contado todo lo de Arafo, ni lo \u201ccontentos\u201d que est\u00e1n tambi\u00e9n por la nominaci\u00f3n de Mar\u00eda Australia Navarro como candidata a la presidencia del gobierno canario&#8230; Quiz\u00e1 el pr\u00f3ximo domingo les cuente lo enturbiado que esta &#8230; <a class=\"read-more\" href=\"https:\/\/elcotarro.com\/?p=882\">Read more<\/a><\/p>\n","protected":false},"author":2,"featured_media":0,"comment_status":"open","ping_status":"open","sticky":false,"template":"","format":"standard","meta":{"_jetpack_memberships_contains_paid_content":false,"footnotes":""},"categories":[7],"tags":[432,315,48,263,288],"class_list":["post-882","post","type-post","status-publish","format-standard","hentry","category-politica","tag-florentino-guzman","tag-jose-luis-delgado","tag-jose-manuel-bermudez","tag-maria-australia-navarro","tag-pablo-reyes-nunez"],"yoast_head":"<!-- This site is optimized with the Yoast SEO plugin v27.0 - https:\/\/yoast.com\/product\/yoast-seo-wordpress\/ -->\n<title>Y LA CHARCA TURBIA Y... SIN PATOS - El Cotarrro<\/title>\n<meta name=\"description\" content=\"Lo dicho... La charca politiquera est\u00e1 turbia... Hoy le ha tocado a la del PP... Aunque no he contado todo lo de Arafo, ni lo \u201ccontentos\u201d que est\u00e1n tambi\u00e9\" \/>\n<meta name=\"robots\" content=\"index, follow, max-snippet:-1, max-image-preview:large, max-video-preview:-1\" \/>\n<link rel=\"canonical\" href=\"https:\/\/elcotarro.com\/?p=882\" \/>\n<meta property=\"og:locale\" content=\"es_ES\" \/>\n<meta property=\"og:type\" content=\"article\" \/>\n<meta property=\"og:title\" content=\"Y LA CHARCA TURBIA Y... SIN PATOS - El Cotarrro\" \/>\n<meta property=\"og:description\" content=\"Lo dicho... La charca politiquera est\u00e1 turbia... Hoy le ha tocado a la del PP... Aunque no he contado todo lo de Arafo, ni lo \u201ccontentos\u201d que est\u00e1n tambi\u00e9\" \/>\n<meta property=\"og:url\" content=\"https:\/\/elcotarro.com\/?p=882\" \/>\n<meta property=\"og:site_name\" content=\"El Cotarro\" \/>\n<meta property=\"article:publisher\" content=\"https:\/\/www.facebook.com\/ElCotarro.Tenerife\" \/>\n<meta property=\"article:published_time\" content=\"2015-03-08T12:01:25+00:00\" \/>\n<meta property=\"og:image\" content=\"https:\/\/elcotarro.com\/wp-content\/uploads\/2015\/03\/FOTO-7.-La-nueva-charca-de-la-Catedral-1024x768.jpg\" \/>\n<meta name=\"author\" content=\"Jos\u00e9 Carlos Marrero Gonz\u00e1lez\" \/>\n<meta name=\"twitter:label1\" content=\"Escrito por\" \/>\n\t<meta name=\"twitter:data1\" content=\"Jos\u00e9 Carlos Marrero Gonz\u00e1lez\" \/>\n\t<meta name=\"twitter:label2\" content=\"Tiempo de lectura\" \/>\n\t<meta name=\"twitter:data2\" content=\"1 minuto\" \/>\n<script type=\"application\/ld+json\" class=\"yoast-schema-graph\">{\"@context\":\"https:\/\/schema.org\",\"@graph\":[{\"@type\":\"Article\",\"@id\":\"https:\/\/elcotarro.com\/?p=882#article\",\"isPartOf\":{\"@id\":\"https:\/\/elcotarro.com\/?p=882\"},\"author\":{\"name\":\"Jos\u00e9 Carlos Marrero Gonz\u00e1lez\",\"@id\":\"https:\/\/elcotarro.com\/#\/schema\/person\/af537ee7d60d15984c7e0affcd8a918b\"},\"headline\":\"Y LA CHARCA TURBIA Y&#8230; SIN PATOS\",\"datePublished\":\"2015-03-08T12:01:25+00:00\",\"mainEntityOfPage\":{\"@id\":\"https:\/\/elcotarro.com\/?p=882\"},\"wordCount\":263,\"commentCount\":0,\"publisher\":{\"@id\":\"https:\/\/elcotarro.com\/#organization\"},\"image\":{\"@id\":\"https:\/\/elcotarro.com\/?p=882#primaryimage\"},\"thumbnailUrl\":\"https:\/\/elcotarro.com\/wp-content\/uploads\/2015\/03\/FOTO-7.-La-nueva-charca-de-la-Catedral-1024x768.jpg\",\"keywords\":[\"Florentino Guzm\u00e1n\",\"Jos\u00e9 Luis Delgado\",\"Jos\u00e9 Manuel Berm\u00fadez\",\"Mar\u00eda Australia Navarro\",\"Pablo Reyes N\u00fa\u00f1ez\"],\"articleSection\":[\"Pol\u00edtica\"],\"inLanguage\":\"es\",\"potentialAction\":[{\"@type\":\"CommentAction\",\"name\":\"Comment\",\"target\":[\"https:\/\/elcotarro.com\/?p=882#respond\"]}]},{\"@type\":\"WebPage\",\"@id\":\"https:\/\/elcotarro.com\/?p=882\",\"url\":\"https:\/\/elcotarro.com\/?p=882\",\"name\":\"Y LA CHARCA TURBIA Y... SIN PATOS - El Cotarrro\",\"isPartOf\":{\"@id\":\"https:\/\/elcotarro.com\/#website\"},\"primaryImageOfPage\":{\"@id\":\"https:\/\/elcotarro.com\/?p=882#primaryimage\"},\"image\":{\"@id\":\"https:\/\/elcotarro.com\/?p=882#primaryimage\"},\"thumbnailUrl\":\"https:\/\/elcotarro.com\/wp-content\/uploads\/2015\/03\/FOTO-7.-La-nueva-charca-de-la-Catedral-1024x768.jpg\",\"datePublished\":\"2015-03-08T12:01:25+00:00\",\"description\":\"Lo dicho... La charca politiquera est\u00e1 turbia... Hoy le ha tocado a la del PP... Aunque no he contado todo lo de Arafo, ni lo \u201ccontentos\u201d que est\u00e1n tambi\u00e9\",\"breadcrumb\":{\"@id\":\"https:\/\/elcotarro.com\/?p=882#breadcrumb\"},\"inLanguage\":\"es\",\"potentialAction\":[{\"@type\":\"ReadAction\",\"target\":[\"https:\/\/elcotarro.com\/?p=882\"]}]},{\"@type\":\"ImageObject\",\"inLanguage\":\"es\",\"@id\":\"https:\/\/elcotarro.com\/?p=882#primaryimage\",\"url\":\"https:\/\/elcotarro.com\/wp-content\/uploads\/2015\/03\/FOTO-7.-La-nueva-charca-de-la-Catedral.jpg\",\"contentUrl\":\"https:\/\/elcotarro.com\/wp-content\/uploads\/2015\/03\/FOTO-7.-La-nueva-charca-de-la-Catedral.jpg\",\"width\":1600,\"height\":1200},{\"@type\":\"BreadcrumbList\",\"@id\":\"https:\/\/elcotarro.com\/?p=882#breadcrumb\",\"itemListElement\":[{\"@type\":\"ListItem\",\"position\":1,\"name\":\"Portada\",\"item\":\"https:\/\/elcotarro.com\/\"},{\"@type\":\"ListItem\",\"position\":2,\"name\":\"Y LA CHARCA TURBIA Y&#8230; SIN PATOS\"}]},{\"@type\":\"WebSite\",\"@id\":\"https:\/\/elcotarro.com\/#website\",\"url\":\"https:\/\/elcotarro.com\/\",\"name\":\"El Cotarro\",\"description\":\"Peri\u00f3dico Digital Independiente dirigido por Jos\u00e9 Carlos Marrero\",\"publisher\":{\"@id\":\"https:\/\/elcotarro.com\/#organization\"},\"potentialAction\":[{\"@type\":\"SearchAction\",\"target\":{\"@type\":\"EntryPoint\",\"urlTemplate\":\"https:\/\/elcotarro.com\/?s={search_term_string}\"},\"query-input\":{\"@type\":\"PropertyValueSpecification\",\"valueRequired\":true,\"valueName\":\"search_term_string\"}}],\"inLanguage\":\"es\"},{\"@type\":\"Organization\",\"@id\":\"https:\/\/elcotarro.com\/#organization\",\"name\":\"El Cotarro\",\"url\":\"https:\/\/elcotarro.com\/\",\"logo\":{\"@type\":\"ImageObject\",\"inLanguage\":\"es\",\"@id\":\"https:\/\/elcotarro.com\/#\/schema\/logo\/image\/\",\"url\":\"https:\/\/elcotarro.com\/wp-content\/uploads\/2014\/09\/Cabecera_El_Cotarro_v2.jpg\",\"contentUrl\":\"https:\/\/elcotarro.com\/wp-content\/uploads\/2014\/09\/Cabecera_El_Cotarro_v2.jpg\",\"width\":3540,\"height\":441,\"caption\":\"El Cotarro\"},\"image\":{\"@id\":\"https:\/\/elcotarro.com\/#\/schema\/logo\/image\/\"},\"sameAs\":[\"https:\/\/www.facebook.com\/ElCotarro.Tenerife\"]},{\"@type\":\"Person\",\"@id\":\"https:\/\/elcotarro.com\/#\/schema\/person\/af537ee7d60d15984c7e0affcd8a918b\",\"name\":\"Jos\u00e9 Carlos Marrero Gonz\u00e1lez\",\"image\":{\"@type\":\"ImageObject\",\"inLanguage\":\"es\",\"@id\":\"https:\/\/elcotarro.com\/#\/schema\/person\/image\/\",\"url\":\"https:\/\/secure.gravatar.com\/avatar\/def4da036efb5d32c74d49c351f6dccc064dd69ad9f3aadc295c5a9a5391ca01?s=96&d=mm&r=g\",\"contentUrl\":\"https:\/\/secure.gravatar.com\/avatar\/def4da036efb5d32c74d49c351f6dccc064dd69ad9f3aadc295c5a9a5391ca01?s=96&d=mm&r=g\",\"caption\":\"Jos\u00e9 Carlos Marrero Gonz\u00e1lez\"},\"sameAs\":[\"https:\/\/elcotarro.com\"],\"url\":\"https:\/\/elcotarro.com\/?author=2\"}]}<\/script>\n<!-- \/ Yoast SEO plugin. -->","yoast_head_json":{"title":"Y LA CHARCA TURBIA Y... SIN PATOS - El Cotarrro","description":"Lo dicho... La charca politiquera est\u00e1 turbia... Hoy le ha tocado a la del PP... Aunque no he contado todo lo de Arafo, ni lo \u201ccontentos\u201d que est\u00e1n tambi\u00e9","robots":{"index":"index","follow":"follow","max-snippet":"max-snippet:-1","max-image-preview":"max-image-preview:large","max-video-preview":"max-video-preview:-1"},"canonical":"https:\/\/elcotarro.com\/?p=882","og_locale":"es_ES","og_type":"article","og_title":"Y LA CHARCA TURBIA Y... SIN PATOS - El Cotarrro","og_description":"Lo dicho... La charca politiquera est\u00e1 turbia... Hoy le ha tocado a la del PP... Aunque no he contado todo lo de Arafo, ni lo \u201ccontentos\u201d que est\u00e1n tambi\u00e9","og_url":"https:\/\/elcotarro.com\/?p=882","og_site_name":"El Cotarro","article_publisher":"https:\/\/www.facebook.com\/ElCotarro.Tenerife","article_published_time":"2015-03-08T12:01:25+00:00","og_image":[{"url":"https:\/\/elcotarro.com\/wp-content\/uploads\/2015\/03\/FOTO-7.-La-nueva-charca-de-la-Catedral-1024x768.jpg","type":"","width":"","height":""}],"author":"Jos\u00e9 Carlos Marrero Gonz\u00e1lez","twitter_misc":{"Escrito por":"Jos\u00e9 Carlos Marrero Gonz\u00e1lez","Tiempo de lectura":"1 minuto"},"schema":{"@context":"https:\/\/schema.org","@graph":[{"@type":"Article","@id":"https:\/\/elcotarro.com\/?p=882#article","isPartOf":{"@id":"https:\/\/elcotarro.com\/?p=882"},"author":{"name":"Jos\u00e9 Carlos Marrero Gonz\u00e1lez","@id":"https:\/\/elcotarro.com\/#\/schema\/person\/af537ee7d60d15984c7e0affcd8a918b"},"headline":"Y LA CHARCA TURBIA Y&#8230; SIN PATOS","datePublished":"2015-03-08T12:01:25+00:00","mainEntityOfPage":{"@id":"https:\/\/elcotarro.com\/?p=882"},"wordCount":263,"commentCount":0,"publisher":{"@id":"https:\/\/elcotarro.com\/#organization"},"image":{"@id":"https:\/\/elcotarro.com\/?p=882#primaryimage"},"thumbnailUrl":"https:\/\/elcotarro.com\/wp-content\/uploads\/2015\/03\/FOTO-7.-La-nueva-charca-de-la-Catedral-1024x768.jpg","keywords":["Florentino Guzm\u00e1n","Jos\u00e9 Luis Delgado","Jos\u00e9 Manuel Berm\u00fadez","Mar\u00eda Australia Navarro","Pablo Reyes N\u00fa\u00f1ez"],"articleSection":["Pol\u00edtica"],"inLanguage":"es","potentialAction":[{"@type":"CommentAction","name":"Comment","target":["https:\/\/elcotarro.com\/?p=882#respond"]}]},{"@type":"WebPage","@id":"https:\/\/elcotarro.com\/?p=882","url":"https:\/\/elcotarro.com\/?p=882","name":"Y LA CHARCA TURBIA Y... SIN PATOS - El Cotarrro","isPartOf":{"@id":"https:\/\/elcotarro.com\/#website"},"primaryImageOfPage":{"@id":"https:\/\/elcotarro.com\/?p=882#primaryimage"},"image":{"@id":"https:\/\/elcotarro.com\/?p=882#primaryimage"},"thumbnailUrl":"https:\/\/elcotarro.com\/wp-content\/uploads\/2015\/03\/FOTO-7.-La-nueva-charca-de-la-Catedral-1024x768.jpg","datePublished":"2015-03-08T12:01:25+00:00","description":"Lo dicho... La charca politiquera est\u00e1 turbia... Hoy le ha tocado a la del PP... Aunque no he contado todo lo de Arafo, ni lo \u201ccontentos\u201d que est\u00e1n tambi\u00e9","breadcrumb":{"@id":"https:\/\/elcotarro.com\/?p=882#breadcrumb"},"inLanguage":"es","potentialAction":[{"@type":"ReadAction","target":["https:\/\/elcotarro.com\/?p=882"]}]},{"@type":"ImageObject","inLanguage":"es","@id":"https:\/\/elcotarro.com\/?p=882#primaryimage","url":"https:\/\/elcotarro.com\/wp-content\/uploads\/2015\/03\/FOTO-7.-La-nueva-charca-de-la-Catedral.jpg","contentUrl":"https:\/\/elcotarro.com\/wp-content\/uploads\/2015\/03\/FOTO-7.-La-nueva-charca-de-la-Catedral.jpg","width":1600,"height":1200},{"@type":"BreadcrumbList","@id":"https:\/\/elcotarro.com\/?p=882#breadcrumb","itemListElement":[{"@type":"ListItem","position":1,"name":"Portada","item":"https:\/\/elcotarro.com\/"},{"@type":"ListItem","position":2,"name":"Y LA CHARCA TURBIA Y&#8230; SIN PATOS"}]},{"@type":"WebSite","@id":"https:\/\/elcotarro.com\/#website","url":"https:\/\/elcotarro.com\/","name":"El Cotarro","description":"Peri\u00f3dico Digital Independiente dirigido por Jos\u00e9 Carlos Marrero","publisher":{"@id":"https:\/\/elcotarro.com\/#organization"},"potentialAction":[{"@type":"SearchAction","target":{"@type":"EntryPoint","urlTemplate":"https:\/\/elcotarro.com\/?s={search_term_string}"},"query-input":{"@type":"PropertyValueSpecification","valueRequired":true,"valueName":"search_term_string"}}],"inLanguage":"es"},{"@type":"Organization","@id":"https:\/\/elcotarro.com\/#organization","name":"El Cotarro","url":"https:\/\/elcotarro.com\/","logo":{"@type":"ImageObject","inLanguage":"es","@id":"https:\/\/elcotarro.com\/#\/schema\/logo\/image\/","url":"https:\/\/elcotarro.com\/wp-content\/uploads\/2014\/09\/Cabecera_El_Cotarro_v2.jpg","contentUrl":"https:\/\/elcotarro.com\/wp-content\/uploads\/2014\/09\/Cabecera_El_Cotarro_v2.jpg","width":3540,"height":441,"caption":"El Cotarro"},"image":{"@id":"https:\/\/elcotarro.com\/#\/schema\/logo\/image\/"},"sameAs":["https:\/\/www.facebook.com\/ElCotarro.Tenerife"]},{"@type":"Person","@id":"https:\/\/elcotarro.com\/#\/schema\/person\/af537ee7d60d15984c7e0affcd8a918b","name":"Jos\u00e9 Carlos Marrero Gonz\u00e1lez","image":{"@type":"ImageObject","inLanguage":"es","@id":"https:\/\/elcotarro.com\/#\/schema\/person\/image\/","url":"https:\/\/secure.gravatar.com\/avatar\/def4da036efb5d32c74d49c351f6dccc064dd69ad9f3aadc295c5a9a5391ca01?s=96&d=mm&r=g","contentUrl":"https:\/\/secure.gravatar.com\/avatar\/def4da036efb5d32c74d49c351f6dccc064dd69ad9f3aadc295c5a9a5391ca01?s=96&d=mm&r=g","caption":"Jos\u00e9 Carlos Marrero Gonz\u00e1lez"},"sameAs":["https:\/\/elcotarro.com"],"url":"https:\/\/elcotarro.com\/?author=2"}]}},"jetpack_featured_media_url":"","jetpack_sharing_enabled":true,"_links":{"self":[{"href":"https:\/\/elcotarro.com\/index.php?rest_route=\/wp\/v2\/posts\/882","targetHints":{"allow":["GET"]}}],"collection":[{"href":"https:\/\/elcotarro.com\/index.php?rest_route=\/wp\/v2\/posts"}],"about":[{"href":"https:\/\/elcotarro.com\/index.php?rest_route=\/wp\/v2\/types\/post"}],"author":[{"embeddable":true,"href":"https:\/\/elcotarro.com\/index.php?rest_route=\/wp\/v2\/users\/2"}],"replies":[{"embeddable":true,"href":"https:\/\/elcotarro.com\/index.php?rest_route=%2Fwp%2Fv2%2Fcomments&post=882"}],"version-history":[{"count":1,"href":"https:\/\/elcotarro.com\/index.php?rest_route=\/wp\/v2\/posts\/882\/revisions"}],"predecessor-version":[{"id":884,"href":"https:\/\/elcotarro.com\/index.php?rest_route=\/wp\/v2\/posts\/882\/revisions\/884"}],"wp:attachment":[{"href":"https:\/\/elcotarro.com\/index.php?rest_route=%2Fwp%2Fv2%2Fmedia&parent=882"}],"wp:term":[{"taxonomy":"category","embeddable":true,"href":"https:\/\/elcotarro.com\/index.php?rest_route=%2Fwp%2Fv2%2Fcategories&post=882"},{"taxonomy":"post_tag","embeddable":true,"href":"https:\/\/elcotarro.com\/index.php?rest_route=%2Fwp%2Fv2%2Ftags&post=882"}],"curies":[{"name":"wp","href":"https:\/\/api.w.org\/{rel}","templated":true}]}}