{"id":8898,"date":"2020-09-27T07:53:43","date_gmt":"2020-09-27T06:53:43","guid":{"rendered":"https:\/\/elcotarro.com\/?p=8898"},"modified":"2020-09-26T20:23:18","modified_gmt":"2020-09-26T19:23:18","slug":"ada-hacer-de-la-necesidad-virtud-musical","status":"publish","type":"post","link":"https:\/\/elcotarro.com\/?p=8898","title":{"rendered":"ADA\u2026 HACER DE LA NECESIDAD VIRTUD\u2026 MUSICAL"},"content":{"rendered":"<p>Por su parte, el puntal <strong>Fernando Cruz<\/strong>, artista de la m\u00fasica donde los haya, ha hecho realidad otra apasionante y musical aventura llamada \u201cADA\u201d (sin hache). El bueno de <strong>Fernando<\/strong>, gran guitarrista, amante especialmente del folclore canario y miembro de <strong><em>Los Sabande\u00f1os<\/em><\/strong> desde hace m\u00e1s de una d\u00e9cada, se percat\u00f3 de que en muchas ciudades de Espa\u00f1a hay locales donde se puede disfrutar de sus m\u00fasicas locales\u2026 Se puede, por ejemplo, o\u00edr flamenco en un mont\u00f3n de locales en Andaluc\u00eda, jotas en Arag\u00f3n, m\u00fasica con gaitas en Galicia o chotis en Madrid. Pero es dif\u00edcil (por no decir casi imposible) encontrar un local en Canarias donde, de forma habitual, se pueda o\u00edr m\u00fasica canaria como hilo conductor. A partir de esa realidad y detectando esa necesidad, el m\u00fasico Fernando Cruz ha creado y promovido el proyecto \u201cAlmac\u00e9n del Arte\u201d, o sea, \u201cADA\u201d, para los amigos, un espacio multicultural dirigido por el propio <strong>Fernando Cruz<\/strong> y que se encuentra en la zona de Llano del Moro, concretamente en el Camino El Convento, 14, en el municipio de El Rosario (Tenerife).<\/p>\n<p style=\"text-align: center\"><a href=\"https:\/\/elcotarro.com\/wp-content\/uploads\/2020\/09\/FOTO-8.-FERNANDO-CRUZ.jpg\"><img loading=\"lazy\" decoding=\"async\" class=\"aligncenter size-full wp-image-8899\" src=\"https:\/\/elcotarro.com\/wp-content\/uploads\/2020\/09\/FOTO-8.-FERNANDO-CRUZ.jpg\" alt=\"\" width=\"327\" height=\"557\" srcset=\"https:\/\/elcotarro.com\/wp-content\/uploads\/2020\/09\/FOTO-8.-FERNANDO-CRUZ.jpg 327w, https:\/\/elcotarro.com\/wp-content\/uploads\/2020\/09\/FOTO-8.-FERNANDO-CRUZ-176x300.jpg 176w\" sizes=\"auto, (max-width: 327px) 100vw, 327px\" \/><\/a><\/p>\n<p style=\"text-align: center\"><em>El m\u00fasico, Fernando Cruz, creador, promotor y director de \u201cAlmac\u00e9n del Arte\u201d<\/em><\/p>\n","protected":false},"excerpt":{"rendered":"<p>Por su parte, el puntal Fernando Cruz, artista de la m\u00fasica donde los haya, ha hecho realidad otra apasionante y musical aventura llamada \u201cADA\u201d (sin hache). El bueno de Fernando, gran guitarrista, amante especialmente del folclore canario y miembro de Los Sabande\u00f1os desde hace m\u00e1s de una d\u00e9cada, se percat\u00f3 de que en muchas ciudades &#8230; <a class=\"read-more\" href=\"https:\/\/elcotarro.com\/?p=8898\">Read more<\/a><\/p>\n","protected":false},"author":2,"featured_media":0,"comment_status":"open","ping_status":"open","sticky":false,"template":"","format":"standard","meta":{"_jetpack_memberships_contains_paid_content":false,"footnotes":""},"categories":[1],"tags":[],"class_list":["post-8898","post","type-post","status-publish","format-standard","hentry","category-sin-categoria"],"yoast_head":"<!-- This site is optimized with the Yoast SEO plugin v27.0 - https:\/\/yoast.com\/product\/yoast-seo-wordpress\/ -->\n<title>ADA\u2026 HACER DE LA NECESIDAD VIRTUD\u2026 MUSICAL - El Cotarro<\/title>\n<meta name=\"robots\" content=\"index, follow, max-snippet:-1, max-image-preview:large, max-video-preview:-1\" \/>\n<link rel=\"canonical\" href=\"https:\/\/elcotarro.com\/?p=8898\" \/>\n<meta property=\"og:locale\" content=\"es_ES\" \/>\n<meta property=\"og:type\" content=\"article\" \/>\n<meta property=\"og:title\" content=\"ADA\u2026 HACER DE LA NECESIDAD VIRTUD\u2026 MUSICAL - El Cotarro\" \/>\n<meta property=\"og:description\" content=\"Por su parte, el puntal Fernando Cruz, artista de la m\u00fasica donde los haya, ha hecho realidad otra apasionante y musical aventura llamada \u201cADA\u201d (sin hache). El bueno de Fernando, gran guitarrista, amante especialmente del folclore canario y miembro de Los Sabande\u00f1os desde hace m\u00e1s de una d\u00e9cada, se percat\u00f3 de que en muchas ciudades ... Read more\" \/>\n<meta property=\"og:url\" content=\"https:\/\/elcotarro.com\/?p=8898\" \/>\n<meta property=\"og:site_name\" content=\"El Cotarro\" \/>\n<meta property=\"article:publisher\" content=\"https:\/\/www.facebook.com\/ElCotarro.Tenerife\" \/>\n<meta property=\"article:published_time\" content=\"2020-09-27T06:53:43+00:00\" \/>\n<meta property=\"og:image\" content=\"https:\/\/elcotarro.com\/wp-content\/uploads\/2020\/09\/FOTO-8.-FERNANDO-CRUZ.jpg\" \/>\n<meta name=\"author\" content=\"Jos\u00e9 Carlos Marrero Gonz\u00e1lez\" \/>\n<meta name=\"twitter:label1\" content=\"Escrito por\" \/>\n\t<meta name=\"twitter:data1\" content=\"Jos\u00e9 Carlos Marrero Gonz\u00e1lez\" \/>\n\t<meta name=\"twitter:label2\" content=\"Tiempo de lectura\" \/>\n\t<meta name=\"twitter:data2\" content=\"1 minuto\" \/>\n<script type=\"application\/ld+json\" class=\"yoast-schema-graph\">{\"@context\":\"https:\/\/schema.org\",\"@graph\":[{\"@type\":\"Article\",\"@id\":\"https:\/\/elcotarro.com\/?p=8898#article\",\"isPartOf\":{\"@id\":\"https:\/\/elcotarro.com\/?p=8898\"},\"author\":{\"name\":\"Jos\u00e9 Carlos Marrero Gonz\u00e1lez\",\"@id\":\"https:\/\/elcotarro.com\/#\/schema\/person\/af537ee7d60d15984c7e0affcd8a918b\"},\"headline\":\"ADA\u2026 HACER DE LA NECESIDAD VIRTUD\u2026 MUSICAL\",\"datePublished\":\"2020-09-27T06:53:43+00:00\",\"mainEntityOfPage\":{\"@id\":\"https:\/\/elcotarro.com\/?p=8898\"},\"wordCount\":215,\"commentCount\":0,\"publisher\":{\"@id\":\"https:\/\/elcotarro.com\/#organization\"},\"image\":{\"@id\":\"https:\/\/elcotarro.com\/?p=8898#primaryimage\"},\"thumbnailUrl\":\"https:\/\/elcotarro.com\/wp-content\/uploads\/2020\/09\/FOTO-8.-FERNANDO-CRUZ.jpg\",\"inLanguage\":\"es\",\"potentialAction\":[{\"@type\":\"CommentAction\",\"name\":\"Comment\",\"target\":[\"https:\/\/elcotarro.com\/?p=8898#respond\"]}]},{\"@type\":\"WebPage\",\"@id\":\"https:\/\/elcotarro.com\/?p=8898\",\"url\":\"https:\/\/elcotarro.com\/?p=8898\",\"name\":\"ADA\u2026 HACER DE LA NECESIDAD VIRTUD\u2026 MUSICAL - El Cotarro\",\"isPartOf\":{\"@id\":\"https:\/\/elcotarro.com\/#website\"},\"primaryImageOfPage\":{\"@id\":\"https:\/\/elcotarro.com\/?p=8898#primaryimage\"},\"image\":{\"@id\":\"https:\/\/elcotarro.com\/?p=8898#primaryimage\"},\"thumbnailUrl\":\"https:\/\/elcotarro.com\/wp-content\/uploads\/2020\/09\/FOTO-8.-FERNANDO-CRUZ.jpg\",\"datePublished\":\"2020-09-27T06:53:43+00:00\",\"breadcrumb\":{\"@id\":\"https:\/\/elcotarro.com\/?p=8898#breadcrumb\"},\"inLanguage\":\"es\",\"potentialAction\":[{\"@type\":\"ReadAction\",\"target\":[\"https:\/\/elcotarro.com\/?p=8898\"]}]},{\"@type\":\"ImageObject\",\"inLanguage\":\"es\",\"@id\":\"https:\/\/elcotarro.com\/?p=8898#primaryimage\",\"url\":\"https:\/\/elcotarro.com\/wp-content\/uploads\/2020\/09\/FOTO-8.-FERNANDO-CRUZ.jpg\",\"contentUrl\":\"https:\/\/elcotarro.com\/wp-content\/uploads\/2020\/09\/FOTO-8.-FERNANDO-CRUZ.jpg\",\"width\":327,\"height\":557},{\"@type\":\"BreadcrumbList\",\"@id\":\"https:\/\/elcotarro.com\/?p=8898#breadcrumb\",\"itemListElement\":[{\"@type\":\"ListItem\",\"position\":1,\"name\":\"Portada\",\"item\":\"https:\/\/elcotarro.com\/\"},{\"@type\":\"ListItem\",\"position\":2,\"name\":\"ADA\u2026 HACER DE LA NECESIDAD VIRTUD\u2026 MUSICAL\"}]},{\"@type\":\"WebSite\",\"@id\":\"https:\/\/elcotarro.com\/#website\",\"url\":\"https:\/\/elcotarro.com\/\",\"name\":\"El Cotarro\",\"description\":\"Peri\u00f3dico Digital Independiente dirigido por Jos\u00e9 Carlos Marrero\",\"publisher\":{\"@id\":\"https:\/\/elcotarro.com\/#organization\"},\"potentialAction\":[{\"@type\":\"SearchAction\",\"target\":{\"@type\":\"EntryPoint\",\"urlTemplate\":\"https:\/\/elcotarro.com\/?s={search_term_string}\"},\"query-input\":{\"@type\":\"PropertyValueSpecification\",\"valueRequired\":true,\"valueName\":\"search_term_string\"}}],\"inLanguage\":\"es\"},{\"@type\":\"Organization\",\"@id\":\"https:\/\/elcotarro.com\/#organization\",\"name\":\"El Cotarro\",\"url\":\"https:\/\/elcotarro.com\/\",\"logo\":{\"@type\":\"ImageObject\",\"inLanguage\":\"es\",\"@id\":\"https:\/\/elcotarro.com\/#\/schema\/logo\/image\/\",\"url\":\"https:\/\/elcotarro.com\/wp-content\/uploads\/2014\/09\/Cabecera_El_Cotarro_v2.jpg\",\"contentUrl\":\"https:\/\/elcotarro.com\/wp-content\/uploads\/2014\/09\/Cabecera_El_Cotarro_v2.jpg\",\"width\":3540,\"height\":441,\"caption\":\"El Cotarro\"},\"image\":{\"@id\":\"https:\/\/elcotarro.com\/#\/schema\/logo\/image\/\"},\"sameAs\":[\"https:\/\/www.facebook.com\/ElCotarro.Tenerife\"]},{\"@type\":\"Person\",\"@id\":\"https:\/\/elcotarro.com\/#\/schema\/person\/af537ee7d60d15984c7e0affcd8a918b\",\"name\":\"Jos\u00e9 Carlos Marrero Gonz\u00e1lez\",\"image\":{\"@type\":\"ImageObject\",\"inLanguage\":\"es\",\"@id\":\"https:\/\/elcotarro.com\/#\/schema\/person\/image\/\",\"url\":\"https:\/\/secure.gravatar.com\/avatar\/def4da036efb5d32c74d49c351f6dccc064dd69ad9f3aadc295c5a9a5391ca01?s=96&d=mm&r=g\",\"contentUrl\":\"https:\/\/secure.gravatar.com\/avatar\/def4da036efb5d32c74d49c351f6dccc064dd69ad9f3aadc295c5a9a5391ca01?s=96&d=mm&r=g\",\"caption\":\"Jos\u00e9 Carlos Marrero Gonz\u00e1lez\"},\"sameAs\":[\"https:\/\/elcotarro.com\"],\"url\":\"https:\/\/elcotarro.com\/?author=2\"}]}<\/script>\n<!-- \/ Yoast SEO plugin. -->","yoast_head_json":{"title":"ADA\u2026 HACER DE LA NECESIDAD VIRTUD\u2026 MUSICAL - El Cotarro","robots":{"index":"index","follow":"follow","max-snippet":"max-snippet:-1","max-image-preview":"max-image-preview:large","max-video-preview":"max-video-preview:-1"},"canonical":"https:\/\/elcotarro.com\/?p=8898","og_locale":"es_ES","og_type":"article","og_title":"ADA\u2026 HACER DE LA NECESIDAD VIRTUD\u2026 MUSICAL - El Cotarro","og_description":"Por su parte, el puntal Fernando Cruz, artista de la m\u00fasica donde los haya, ha hecho realidad otra apasionante y musical aventura llamada \u201cADA\u201d (sin hache). El bueno de Fernando, gran guitarrista, amante especialmente del folclore canario y miembro de Los Sabande\u00f1os desde hace m\u00e1s de una d\u00e9cada, se percat\u00f3 de que en muchas ciudades ... Read more","og_url":"https:\/\/elcotarro.com\/?p=8898","og_site_name":"El Cotarro","article_publisher":"https:\/\/www.facebook.com\/ElCotarro.Tenerife","article_published_time":"2020-09-27T06:53:43+00:00","og_image":[{"url":"https:\/\/elcotarro.com\/wp-content\/uploads\/2020\/09\/FOTO-8.-FERNANDO-CRUZ.jpg","type":"","width":"","height":""}],"author":"Jos\u00e9 Carlos Marrero Gonz\u00e1lez","twitter_misc":{"Escrito por":"Jos\u00e9 Carlos Marrero Gonz\u00e1lez","Tiempo de lectura":"1 minuto"},"schema":{"@context":"https:\/\/schema.org","@graph":[{"@type":"Article","@id":"https:\/\/elcotarro.com\/?p=8898#article","isPartOf":{"@id":"https:\/\/elcotarro.com\/?p=8898"},"author":{"name":"Jos\u00e9 Carlos Marrero Gonz\u00e1lez","@id":"https:\/\/elcotarro.com\/#\/schema\/person\/af537ee7d60d15984c7e0affcd8a918b"},"headline":"ADA\u2026 HACER DE LA NECESIDAD VIRTUD\u2026 MUSICAL","datePublished":"2020-09-27T06:53:43+00:00","mainEntityOfPage":{"@id":"https:\/\/elcotarro.com\/?p=8898"},"wordCount":215,"commentCount":0,"publisher":{"@id":"https:\/\/elcotarro.com\/#organization"},"image":{"@id":"https:\/\/elcotarro.com\/?p=8898#primaryimage"},"thumbnailUrl":"https:\/\/elcotarro.com\/wp-content\/uploads\/2020\/09\/FOTO-8.-FERNANDO-CRUZ.jpg","inLanguage":"es","potentialAction":[{"@type":"CommentAction","name":"Comment","target":["https:\/\/elcotarro.com\/?p=8898#respond"]}]},{"@type":"WebPage","@id":"https:\/\/elcotarro.com\/?p=8898","url":"https:\/\/elcotarro.com\/?p=8898","name":"ADA\u2026 HACER DE LA NECESIDAD VIRTUD\u2026 MUSICAL - El Cotarro","isPartOf":{"@id":"https:\/\/elcotarro.com\/#website"},"primaryImageOfPage":{"@id":"https:\/\/elcotarro.com\/?p=8898#primaryimage"},"image":{"@id":"https:\/\/elcotarro.com\/?p=8898#primaryimage"},"thumbnailUrl":"https:\/\/elcotarro.com\/wp-content\/uploads\/2020\/09\/FOTO-8.-FERNANDO-CRUZ.jpg","datePublished":"2020-09-27T06:53:43+00:00","breadcrumb":{"@id":"https:\/\/elcotarro.com\/?p=8898#breadcrumb"},"inLanguage":"es","potentialAction":[{"@type":"ReadAction","target":["https:\/\/elcotarro.com\/?p=8898"]}]},{"@type":"ImageObject","inLanguage":"es","@id":"https:\/\/elcotarro.com\/?p=8898#primaryimage","url":"https:\/\/elcotarro.com\/wp-content\/uploads\/2020\/09\/FOTO-8.-FERNANDO-CRUZ.jpg","contentUrl":"https:\/\/elcotarro.com\/wp-content\/uploads\/2020\/09\/FOTO-8.-FERNANDO-CRUZ.jpg","width":327,"height":557},{"@type":"BreadcrumbList","@id":"https:\/\/elcotarro.com\/?p=8898#breadcrumb","itemListElement":[{"@type":"ListItem","position":1,"name":"Portada","item":"https:\/\/elcotarro.com\/"},{"@type":"ListItem","position":2,"name":"ADA\u2026 HACER DE LA NECESIDAD VIRTUD\u2026 MUSICAL"}]},{"@type":"WebSite","@id":"https:\/\/elcotarro.com\/#website","url":"https:\/\/elcotarro.com\/","name":"El Cotarro","description":"Peri\u00f3dico Digital Independiente dirigido por Jos\u00e9 Carlos Marrero","publisher":{"@id":"https:\/\/elcotarro.com\/#organization"},"potentialAction":[{"@type":"SearchAction","target":{"@type":"EntryPoint","urlTemplate":"https:\/\/elcotarro.com\/?s={search_term_string}"},"query-input":{"@type":"PropertyValueSpecification","valueRequired":true,"valueName":"search_term_string"}}],"inLanguage":"es"},{"@type":"Organization","@id":"https:\/\/elcotarro.com\/#organization","name":"El Cotarro","url":"https:\/\/elcotarro.com\/","logo":{"@type":"ImageObject","inLanguage":"es","@id":"https:\/\/elcotarro.com\/#\/schema\/logo\/image\/","url":"https:\/\/elcotarro.com\/wp-content\/uploads\/2014\/09\/Cabecera_El_Cotarro_v2.jpg","contentUrl":"https:\/\/elcotarro.com\/wp-content\/uploads\/2014\/09\/Cabecera_El_Cotarro_v2.jpg","width":3540,"height":441,"caption":"El Cotarro"},"image":{"@id":"https:\/\/elcotarro.com\/#\/schema\/logo\/image\/"},"sameAs":["https:\/\/www.facebook.com\/ElCotarro.Tenerife"]},{"@type":"Person","@id":"https:\/\/elcotarro.com\/#\/schema\/person\/af537ee7d60d15984c7e0affcd8a918b","name":"Jos\u00e9 Carlos Marrero Gonz\u00e1lez","image":{"@type":"ImageObject","inLanguage":"es","@id":"https:\/\/elcotarro.com\/#\/schema\/person\/image\/","url":"https:\/\/secure.gravatar.com\/avatar\/def4da036efb5d32c74d49c351f6dccc064dd69ad9f3aadc295c5a9a5391ca01?s=96&d=mm&r=g","contentUrl":"https:\/\/secure.gravatar.com\/avatar\/def4da036efb5d32c74d49c351f6dccc064dd69ad9f3aadc295c5a9a5391ca01?s=96&d=mm&r=g","caption":"Jos\u00e9 Carlos Marrero Gonz\u00e1lez"},"sameAs":["https:\/\/elcotarro.com"],"url":"https:\/\/elcotarro.com\/?author=2"}]}},"jetpack_featured_media_url":"","jetpack_sharing_enabled":true,"_links":{"self":[{"href":"https:\/\/elcotarro.com\/index.php?rest_route=\/wp\/v2\/posts\/8898","targetHints":{"allow":["GET"]}}],"collection":[{"href":"https:\/\/elcotarro.com\/index.php?rest_route=\/wp\/v2\/posts"}],"about":[{"href":"https:\/\/elcotarro.com\/index.php?rest_route=\/wp\/v2\/types\/post"}],"author":[{"embeddable":true,"href":"https:\/\/elcotarro.com\/index.php?rest_route=\/wp\/v2\/users\/2"}],"replies":[{"embeddable":true,"href":"https:\/\/elcotarro.com\/index.php?rest_route=%2Fwp%2Fv2%2Fcomments&post=8898"}],"version-history":[{"count":1,"href":"https:\/\/elcotarro.com\/index.php?rest_route=\/wp\/v2\/posts\/8898\/revisions"}],"predecessor-version":[{"id":8900,"href":"https:\/\/elcotarro.com\/index.php?rest_route=\/wp\/v2\/posts\/8898\/revisions\/8900"}],"wp:attachment":[{"href":"https:\/\/elcotarro.com\/index.php?rest_route=%2Fwp%2Fv2%2Fmedia&parent=8898"}],"wp:term":[{"taxonomy":"category","embeddable":true,"href":"https:\/\/elcotarro.com\/index.php?rest_route=%2Fwp%2Fv2%2Fcategories&post=8898"},{"taxonomy":"post_tag","embeddable":true,"href":"https:\/\/elcotarro.com\/index.php?rest_route=%2Fwp%2Fv2%2Ftags&post=8898"}],"curies":[{"name":"wp","href":"https:\/\/api.w.org\/{rel}","templated":true}]}}