{"id":891,"date":"2015-03-08T12:04:21","date_gmt":"2015-03-08T12:04:21","guid":{"rendered":"https:\/\/elcotarro.com\/?p=891"},"modified":"2015-03-08T10:54:18","modified_gmt":"2015-03-08T10:54:18","slug":"una-encuesta-entre-4-populares","status":"publish","type":"post","link":"https:\/\/elcotarro.com\/?p=891","title":{"rendered":"UNA ENCUESTA ENTRE 4 POPULARES"},"content":{"rendered":"<p>\u2666\u00a0 Tras reflexionarlo, \u201cconsultarlo con la almohada\u201d y supongo que con su familia, el mes de enero del a\u00f1o 2014 <strong>Iv\u00e1n Gonz\u00e1lez<\/strong> acept\u00f3 la invitaci\u00f3n y afront\u00f3 el reto&#8230; A partir de ese mes y con una total discreci\u00f3n (que le oblig\u00f3 a no decir nada ni a sus m\u00e1s \u00edntimos amigos) <strong>Iv\u00e1n<\/strong> comenz\u00f3 a estudiar y prepararse&#8230; Pero dicen que all\u00e1 por el mes de junio de 2014 es <strong>Cristina Tav\u00edo<\/strong> la que, por razones que se desconocen, sugiri\u00f3 la posibilidad de que su compa\u00f1era de oposici\u00f3n en el ayuntamiento chicharrero, la arquitecta <strong>Ana Zurita<\/strong>, fuera como candidata del PP a La Laguna&#8230; Y es por ello por lo que se vio ya a <strong>Ana<\/strong> en la pasada Romer\u00eda de San Benito y a las dos (<strong>Ana<\/strong> y <strong>Cristina<\/strong>) juntas en otras celebraciones laguneras&#8230;\u00a0\u00a0 Los <em>WhatsApp<\/em> no pararon de correr para todos lados y, por lo que me dicen, <strong>Jos\u00e9 Manuel Soria<\/strong> solicit\u00f3 que le propusieran una terna&#8230; Obviando curiosos detalles, que si eso les cuento en otra ocasi\u00f3n, parece que al final se opt\u00f3 por hacer una encuesta para sondear \u00edndices de conocimiento, notoriedad y popularidad, con cuatro nombres en la ficha: <strong>Ana Zurita, Iv\u00e1n Gonz\u00e1lez, Antonio Alarc\u00f3 <\/strong>y <strong>Guillermo D\u00edaz Guerra<\/strong>&#8230; El resultado, como la canci\u00f3n de <strong>Bob Dylan<\/strong>&#8230; <em>blowing in the wind<\/em>&#8230; Pero en la punga concreta entre <strong>Iv\u00e1n<\/strong> y <strong>Ana<\/strong>&#8230; Dicen que <strong>Iv\u00e1n<\/strong> gan\u00f3 por goleada&#8230; Y no ser\u00e9 yo quien, en esa pugna, ponga en duda ese resultado.<a href=\"https:\/\/elcotarro.com\/wp-content\/uploads\/2015\/03\/FOTO-4.-Jos\u00e9-Manuel-Soria.jpg\"><img loading=\"lazy\" decoding=\"async\" class=\"aligncenter size-full wp-image-892\" src=\"https:\/\/elcotarro.com\/wp-content\/uploads\/2015\/03\/FOTO-4.-Jos\u00e9-Manuel-Soria.jpg\" alt=\"FOTO 4.- Jos\u00e9 Manuel Soria\" width=\"550\" height=\"366\" srcset=\"https:\/\/elcotarro.com\/wp-content\/uploads\/2015\/03\/FOTO-4.-Jos\u00e9-Manuel-Soria.jpg 550w, https:\/\/elcotarro.com\/wp-content\/uploads\/2015\/03\/FOTO-4.-Jos\u00e9-Manuel-Soria-300x200.jpg 300w\" sizes=\"auto, (max-width: 550px) 100vw, 550px\" \/><\/a><\/p>\n<p class=\"comentario\" style=\"text-align: center;\">Jos\u00e9 Manuel Soria L\u00f3pez, quien al fin y a la postre manda en el PP canario<\/p>\n","protected":false},"excerpt":{"rendered":"<p>\u2666\u00a0 Tras reflexionarlo, \u201cconsultarlo con la almohada\u201d y supongo que con su familia, el mes de enero del a\u00f1o 2014 Iv\u00e1n Gonz\u00e1lez acept\u00f3 la invitaci\u00f3n y afront\u00f3 el reto&#8230; A partir de ese mes y con una total discreci\u00f3n (que le oblig\u00f3 a no decir nada ni a sus m\u00e1s \u00edntimos amigos) Iv\u00e1n comenz\u00f3 a &#8230; <a class=\"read-more\" href=\"https:\/\/elcotarro.com\/?p=891\">Read more<\/a><\/p>\n","protected":false},"author":2,"featured_media":0,"comment_status":"open","ping_status":"open","sticky":false,"template":"","format":"standard","meta":{"_jetpack_memberships_contains_paid_content":false,"footnotes":""},"categories":[7],"tags":[182,30,115,29,434,168],"class_list":["post-891","post","type-post","status-publish","format-standard","hentry","category-politica","tag-ana-zurita","tag-antonio-alarco","tag-cristina-tavio","tag-guillermo-diaz-guerra","tag-ivan-gonzalez","tag-jose-manuel-soria"],"yoast_head":"<!-- This site is optimized with the Yoast SEO plugin v27.0 - https:\/\/yoast.com\/product\/yoast-seo-wordpress\/ -->\n<title>UNA ENCUESTA ENTRE 4 POPULARES - El Cotarrro<\/title>\n<meta name=\"description\" content=\"Tras reflexionarlo, \u201cconsultarlo con la almohada\u201d y supongo que con su familia, el mes de enero del a\u00f1o 2014 Iv\u00e1n Gonz\u00e1lez acept\u00f3 la invitaci\u00f3n y afront\u00f3\" \/>\n<meta name=\"robots\" content=\"index, follow, max-snippet:-1, max-image-preview:large, max-video-preview:-1\" \/>\n<link rel=\"canonical\" href=\"https:\/\/elcotarro.com\/?p=891\" \/>\n<meta property=\"og:locale\" content=\"es_ES\" \/>\n<meta property=\"og:type\" content=\"article\" \/>\n<meta property=\"og:title\" content=\"UNA ENCUESTA ENTRE 4 POPULARES - El Cotarrro\" \/>\n<meta property=\"og:description\" content=\"Tras reflexionarlo, \u201cconsultarlo con la almohada\u201d y supongo que con su familia, el mes de enero del a\u00f1o 2014 Iv\u00e1n Gonz\u00e1lez acept\u00f3 la invitaci\u00f3n y afront\u00f3\" \/>\n<meta property=\"og:url\" content=\"https:\/\/elcotarro.com\/?p=891\" \/>\n<meta property=\"og:site_name\" content=\"El Cotarro\" \/>\n<meta property=\"article:publisher\" content=\"https:\/\/www.facebook.com\/ElCotarro.Tenerife\" \/>\n<meta property=\"article:published_time\" content=\"2015-03-08T12:04:21+00:00\" \/>\n<meta name=\"author\" content=\"Jos\u00e9 Carlos Marrero Gonz\u00e1lez\" \/>\n<meta name=\"twitter:label1\" content=\"Escrito por\" \/>\n\t<meta name=\"twitter:data1\" content=\"Jos\u00e9 Carlos Marrero Gonz\u00e1lez\" \/>\n\t<meta name=\"twitter:label2\" content=\"Tiempo de lectura\" \/>\n\t<meta name=\"twitter:data2\" content=\"1 minuto\" \/>\n<script type=\"application\/ld+json\" class=\"yoast-schema-graph\">{\"@context\":\"https:\/\/schema.org\",\"@graph\":[{\"@type\":\"Article\",\"@id\":\"https:\/\/elcotarro.com\/?p=891#article\",\"isPartOf\":{\"@id\":\"https:\/\/elcotarro.com\/?p=891\"},\"author\":{\"name\":\"Jos\u00e9 Carlos Marrero Gonz\u00e1lez\",\"@id\":\"https:\/\/elcotarro.com\/#\/schema\/person\/af537ee7d60d15984c7e0affcd8a918b\"},\"headline\":\"UNA ENCUESTA ENTRE 4 POPULARES\",\"datePublished\":\"2015-03-08T12:04:21+00:00\",\"mainEntityOfPage\":{\"@id\":\"https:\/\/elcotarro.com\/?p=891\"},\"wordCount\":280,\"commentCount\":0,\"publisher\":{\"@id\":\"https:\/\/elcotarro.com\/#organization\"},\"keywords\":[\"Ana Zurita\",\"Antonio Alarc\u00f3\",\"Cristina Tav\u00edo\",\"Guillermo D\u00edaz Guerra\",\"Iv\u00e1n Gonz\u00e1lez\",\"Jos\u00e9 Manuel Soria\"],\"articleSection\":[\"Pol\u00edtica\"],\"inLanguage\":\"es\",\"potentialAction\":[{\"@type\":\"CommentAction\",\"name\":\"Comment\",\"target\":[\"https:\/\/elcotarro.com\/?p=891#respond\"]}]},{\"@type\":\"WebPage\",\"@id\":\"https:\/\/elcotarro.com\/?p=891\",\"url\":\"https:\/\/elcotarro.com\/?p=891\",\"name\":\"UNA ENCUESTA ENTRE 4 POPULARES - El Cotarrro\",\"isPartOf\":{\"@id\":\"https:\/\/elcotarro.com\/#website\"},\"datePublished\":\"2015-03-08T12:04:21+00:00\",\"description\":\"Tras reflexionarlo, \u201cconsultarlo con la almohada\u201d y supongo que con su familia, el mes de enero del a\u00f1o 2014 Iv\u00e1n Gonz\u00e1lez acept\u00f3 la invitaci\u00f3n y afront\u00f3\",\"breadcrumb\":{\"@id\":\"https:\/\/elcotarro.com\/?p=891#breadcrumb\"},\"inLanguage\":\"es\",\"potentialAction\":[{\"@type\":\"ReadAction\",\"target\":[\"https:\/\/elcotarro.com\/?p=891\"]}]},{\"@type\":\"BreadcrumbList\",\"@id\":\"https:\/\/elcotarro.com\/?p=891#breadcrumb\",\"itemListElement\":[{\"@type\":\"ListItem\",\"position\":1,\"name\":\"Portada\",\"item\":\"https:\/\/elcotarro.com\/\"},{\"@type\":\"ListItem\",\"position\":2,\"name\":\"UNA ENCUESTA ENTRE 4 POPULARES\"}]},{\"@type\":\"WebSite\",\"@id\":\"https:\/\/elcotarro.com\/#website\",\"url\":\"https:\/\/elcotarro.com\/\",\"name\":\"El Cotarro\",\"description\":\"Peri\u00f3dico Digital Independiente dirigido por Jos\u00e9 Carlos Marrero\",\"publisher\":{\"@id\":\"https:\/\/elcotarro.com\/#organization\"},\"potentialAction\":[{\"@type\":\"SearchAction\",\"target\":{\"@type\":\"EntryPoint\",\"urlTemplate\":\"https:\/\/elcotarro.com\/?s={search_term_string}\"},\"query-input\":{\"@type\":\"PropertyValueSpecification\",\"valueRequired\":true,\"valueName\":\"search_term_string\"}}],\"inLanguage\":\"es\"},{\"@type\":\"Organization\",\"@id\":\"https:\/\/elcotarro.com\/#organization\",\"name\":\"El Cotarro\",\"url\":\"https:\/\/elcotarro.com\/\",\"logo\":{\"@type\":\"ImageObject\",\"inLanguage\":\"es\",\"@id\":\"https:\/\/elcotarro.com\/#\/schema\/logo\/image\/\",\"url\":\"https:\/\/elcotarro.com\/wp-content\/uploads\/2014\/09\/Cabecera_El_Cotarro_v2.jpg\",\"contentUrl\":\"https:\/\/elcotarro.com\/wp-content\/uploads\/2014\/09\/Cabecera_El_Cotarro_v2.jpg\",\"width\":3540,\"height\":441,\"caption\":\"El Cotarro\"},\"image\":{\"@id\":\"https:\/\/elcotarro.com\/#\/schema\/logo\/image\/\"},\"sameAs\":[\"https:\/\/www.facebook.com\/ElCotarro.Tenerife\"]},{\"@type\":\"Person\",\"@id\":\"https:\/\/elcotarro.com\/#\/schema\/person\/af537ee7d60d15984c7e0affcd8a918b\",\"name\":\"Jos\u00e9 Carlos Marrero Gonz\u00e1lez\",\"image\":{\"@type\":\"ImageObject\",\"inLanguage\":\"es\",\"@id\":\"https:\/\/elcotarro.com\/#\/schema\/person\/image\/\",\"url\":\"https:\/\/secure.gravatar.com\/avatar\/def4da036efb5d32c74d49c351f6dccc064dd69ad9f3aadc295c5a9a5391ca01?s=96&d=mm&r=g\",\"contentUrl\":\"https:\/\/secure.gravatar.com\/avatar\/def4da036efb5d32c74d49c351f6dccc064dd69ad9f3aadc295c5a9a5391ca01?s=96&d=mm&r=g\",\"caption\":\"Jos\u00e9 Carlos Marrero Gonz\u00e1lez\"},\"sameAs\":[\"https:\/\/elcotarro.com\"],\"url\":\"https:\/\/elcotarro.com\/?author=2\"}]}<\/script>\n<!-- \/ Yoast SEO plugin. -->","yoast_head_json":{"title":"UNA ENCUESTA ENTRE 4 POPULARES - El Cotarrro","description":"Tras reflexionarlo, \u201cconsultarlo con la almohada\u201d y supongo que con su familia, el mes de enero del a\u00f1o 2014 Iv\u00e1n Gonz\u00e1lez acept\u00f3 la invitaci\u00f3n y afront\u00f3","robots":{"index":"index","follow":"follow","max-snippet":"max-snippet:-1","max-image-preview":"max-image-preview:large","max-video-preview":"max-video-preview:-1"},"canonical":"https:\/\/elcotarro.com\/?p=891","og_locale":"es_ES","og_type":"article","og_title":"UNA ENCUESTA ENTRE 4 POPULARES - El Cotarrro","og_description":"Tras reflexionarlo, \u201cconsultarlo con la almohada\u201d y supongo que con su familia, el mes de enero del a\u00f1o 2014 Iv\u00e1n Gonz\u00e1lez acept\u00f3 la invitaci\u00f3n y afront\u00f3","og_url":"https:\/\/elcotarro.com\/?p=891","og_site_name":"El Cotarro","article_publisher":"https:\/\/www.facebook.com\/ElCotarro.Tenerife","article_published_time":"2015-03-08T12:04:21+00:00","author":"Jos\u00e9 Carlos Marrero Gonz\u00e1lez","twitter_misc":{"Escrito por":"Jos\u00e9 Carlos Marrero Gonz\u00e1lez","Tiempo de lectura":"1 minuto"},"schema":{"@context":"https:\/\/schema.org","@graph":[{"@type":"Article","@id":"https:\/\/elcotarro.com\/?p=891#article","isPartOf":{"@id":"https:\/\/elcotarro.com\/?p=891"},"author":{"name":"Jos\u00e9 Carlos Marrero Gonz\u00e1lez","@id":"https:\/\/elcotarro.com\/#\/schema\/person\/af537ee7d60d15984c7e0affcd8a918b"},"headline":"UNA ENCUESTA ENTRE 4 POPULARES","datePublished":"2015-03-08T12:04:21+00:00","mainEntityOfPage":{"@id":"https:\/\/elcotarro.com\/?p=891"},"wordCount":280,"commentCount":0,"publisher":{"@id":"https:\/\/elcotarro.com\/#organization"},"keywords":["Ana Zurita","Antonio Alarc\u00f3","Cristina Tav\u00edo","Guillermo D\u00edaz Guerra","Iv\u00e1n Gonz\u00e1lez","Jos\u00e9 Manuel Soria"],"articleSection":["Pol\u00edtica"],"inLanguage":"es","potentialAction":[{"@type":"CommentAction","name":"Comment","target":["https:\/\/elcotarro.com\/?p=891#respond"]}]},{"@type":"WebPage","@id":"https:\/\/elcotarro.com\/?p=891","url":"https:\/\/elcotarro.com\/?p=891","name":"UNA ENCUESTA ENTRE 4 POPULARES - El Cotarrro","isPartOf":{"@id":"https:\/\/elcotarro.com\/#website"},"datePublished":"2015-03-08T12:04:21+00:00","description":"Tras reflexionarlo, \u201cconsultarlo con la almohada\u201d y supongo que con su familia, el mes de enero del a\u00f1o 2014 Iv\u00e1n Gonz\u00e1lez acept\u00f3 la invitaci\u00f3n y afront\u00f3","breadcrumb":{"@id":"https:\/\/elcotarro.com\/?p=891#breadcrumb"},"inLanguage":"es","potentialAction":[{"@type":"ReadAction","target":["https:\/\/elcotarro.com\/?p=891"]}]},{"@type":"BreadcrumbList","@id":"https:\/\/elcotarro.com\/?p=891#breadcrumb","itemListElement":[{"@type":"ListItem","position":1,"name":"Portada","item":"https:\/\/elcotarro.com\/"},{"@type":"ListItem","position":2,"name":"UNA ENCUESTA ENTRE 4 POPULARES"}]},{"@type":"WebSite","@id":"https:\/\/elcotarro.com\/#website","url":"https:\/\/elcotarro.com\/","name":"El Cotarro","description":"Peri\u00f3dico Digital Independiente dirigido por Jos\u00e9 Carlos Marrero","publisher":{"@id":"https:\/\/elcotarro.com\/#organization"},"potentialAction":[{"@type":"SearchAction","target":{"@type":"EntryPoint","urlTemplate":"https:\/\/elcotarro.com\/?s={search_term_string}"},"query-input":{"@type":"PropertyValueSpecification","valueRequired":true,"valueName":"search_term_string"}}],"inLanguage":"es"},{"@type":"Organization","@id":"https:\/\/elcotarro.com\/#organization","name":"El Cotarro","url":"https:\/\/elcotarro.com\/","logo":{"@type":"ImageObject","inLanguage":"es","@id":"https:\/\/elcotarro.com\/#\/schema\/logo\/image\/","url":"https:\/\/elcotarro.com\/wp-content\/uploads\/2014\/09\/Cabecera_El_Cotarro_v2.jpg","contentUrl":"https:\/\/elcotarro.com\/wp-content\/uploads\/2014\/09\/Cabecera_El_Cotarro_v2.jpg","width":3540,"height":441,"caption":"El Cotarro"},"image":{"@id":"https:\/\/elcotarro.com\/#\/schema\/logo\/image\/"},"sameAs":["https:\/\/www.facebook.com\/ElCotarro.Tenerife"]},{"@type":"Person","@id":"https:\/\/elcotarro.com\/#\/schema\/person\/af537ee7d60d15984c7e0affcd8a918b","name":"Jos\u00e9 Carlos Marrero Gonz\u00e1lez","image":{"@type":"ImageObject","inLanguage":"es","@id":"https:\/\/elcotarro.com\/#\/schema\/person\/image\/","url":"https:\/\/secure.gravatar.com\/avatar\/def4da036efb5d32c74d49c351f6dccc064dd69ad9f3aadc295c5a9a5391ca01?s=96&d=mm&r=g","contentUrl":"https:\/\/secure.gravatar.com\/avatar\/def4da036efb5d32c74d49c351f6dccc064dd69ad9f3aadc295c5a9a5391ca01?s=96&d=mm&r=g","caption":"Jos\u00e9 Carlos Marrero Gonz\u00e1lez"},"sameAs":["https:\/\/elcotarro.com"],"url":"https:\/\/elcotarro.com\/?author=2"}]}},"jetpack_featured_media_url":"","jetpack_sharing_enabled":true,"_links":{"self":[{"href":"https:\/\/elcotarro.com\/index.php?rest_route=\/wp\/v2\/posts\/891","targetHints":{"allow":["GET"]}}],"collection":[{"href":"https:\/\/elcotarro.com\/index.php?rest_route=\/wp\/v2\/posts"}],"about":[{"href":"https:\/\/elcotarro.com\/index.php?rest_route=\/wp\/v2\/types\/post"}],"author":[{"embeddable":true,"href":"https:\/\/elcotarro.com\/index.php?rest_route=\/wp\/v2\/users\/2"}],"replies":[{"embeddable":true,"href":"https:\/\/elcotarro.com\/index.php?rest_route=%2Fwp%2Fv2%2Fcomments&post=891"}],"version-history":[{"count":1,"href":"https:\/\/elcotarro.com\/index.php?rest_route=\/wp\/v2\/posts\/891\/revisions"}],"predecessor-version":[{"id":893,"href":"https:\/\/elcotarro.com\/index.php?rest_route=\/wp\/v2\/posts\/891\/revisions\/893"}],"wp:attachment":[{"href":"https:\/\/elcotarro.com\/index.php?rest_route=%2Fwp%2Fv2%2Fmedia&parent=891"}],"wp:term":[{"taxonomy":"category","embeddable":true,"href":"https:\/\/elcotarro.com\/index.php?rest_route=%2Fwp%2Fv2%2Fcategories&post=891"},{"taxonomy":"post_tag","embeddable":true,"href":"https:\/\/elcotarro.com\/index.php?rest_route=%2Fwp%2Fv2%2Ftags&post=891"}],"curies":[{"name":"wp","href":"https:\/\/api.w.org\/{rel}","templated":true}]}}