{"id":8917,"date":"2020-10-04T07:58:58","date_gmt":"2020-10-04T06:58:58","guid":{"rendered":"https:\/\/elcotarro.com\/?p=8917"},"modified":"2020-10-03T15:41:33","modified_gmt":"2020-10-03T14:41:33","slug":"desaire-a-su-alcalde-jose-manuel-bermudez","status":"publish","type":"post","link":"https:\/\/elcotarro.com\/?p=8917","title":{"rendered":"DESAIRE A SU ALCALDE, JOS\u00c9 MANUEL BERM\u00daDEZ"},"content":{"rendered":"<p>Me consta que estaba una cuidada representaci\u00f3n del sector tur\u00edstico y una serie de alcaldes de los llamados \u201cmunicipios tur\u00edsticos\u201d, pero el de la capital tinerfe\u00f1a, que ejerc\u00eda como ciudad anfitriona del acto, brill\u00f3 por su ausencia. Parece que uno o dos d\u00edas antes, miembros del gabinete de <b>Jos\u00e9 Manuel Berm\u00fadez<\/b>, percat\u00e1ndose de que el acto se iba a celebrar en el Auditorio, llamaron para verificar si el alcalde estaba invitado, pero no recibieron respuesta. Y eso que, con el Parque Natural de Anaga, el Recinto Ferial de Tenerife, la Playa de las Teresitas, el propio Auditorio y la ciudad para las compras, el municipio capitalino es el segundo m\u00e1s visitado por los turistas. No s\u00e9 si fue hecho adrede en plan ruindad, o fue un inmenso despiste imperdonable. Me comentan que, una vez concluido el acto (ya a toro pasado) la consejera de Turismo, <b>Yaiza Castilla<\/b> se lament\u00f3 por el hecho acaecido. Hay, incluso, quien ech\u00f3 en falta una r\u00e1pida actuaci\u00f3n de la tinerfe\u00f1a <b>Teresa Ber\u00e1stegui<\/b>, actual viceconsejera de Turismo. Pero, a fin de cuentas, nadie hizo nada de nada. Lo dicho un desaire a <b>Berm\u00fadez<\/b>, quien, por otro lado (no hay que olvidarlo) fue un gran consejero insular de Turismo del Cabildo de Tenerife much\u00edsimos a\u00f1os.<\/p>\n<p><a href=\"https:\/\/elcotarro.com\/wp-content\/uploads\/2020\/10\/FOTO-3.-YAIZA-Y-TERESA.jpg\"><img loading=\"lazy\" decoding=\"async\" class=\"aligncenter size-full wp-image-8908\" src=\"https:\/\/elcotarro.com\/wp-content\/uploads\/2020\/10\/FOTO-3.-YAIZA-Y-TERESA.jpg\" alt=\"\" width=\"512\" height=\"341\" srcset=\"https:\/\/elcotarro.com\/wp-content\/uploads\/2020\/10\/FOTO-3.-YAIZA-Y-TERESA.jpg 512w, https:\/\/elcotarro.com\/wp-content\/uploads\/2020\/10\/FOTO-3.-YAIZA-Y-TERESA-300x200.jpg 300w\" sizes=\"auto, (max-width: 512px) 100vw, 512px\" \/><\/a><\/p>\n<p style=\"text-align: center\"><em>No se sabe si \u00c1ngel V\u00edctor Torres estaba al tanto del desaire, pero la consejera, Yaiza Castilla (d) y su viceconsejera, Teresa Ber\u00e1stegui (i) no debieron permitirlo.<\/em><\/p>\n","protected":false},"excerpt":{"rendered":"<p>Me consta que estaba una cuidada representaci\u00f3n del sector tur\u00edstico y una serie de alcaldes de los llamados \u201cmunicipios tur\u00edsticos\u201d, pero el de la capital tinerfe\u00f1a, que ejerc\u00eda como ciudad anfitriona del acto, brill\u00f3 por su ausencia. Parece que uno o dos d\u00edas antes, miembros del gabinete de Jos\u00e9 Manuel Berm\u00fadez, percat\u00e1ndose de que el &#8230; <a class=\"read-more\" href=\"https:\/\/elcotarro.com\/?p=8917\">Read more<\/a><\/p>\n","protected":false},"author":2,"featured_media":0,"comment_status":"open","ping_status":"open","sticky":false,"template":"","format":"standard","meta":{"_jetpack_memberships_contains_paid_content":false,"footnotes":""},"categories":[1],"tags":[],"class_list":["post-8917","post","type-post","status-publish","format-standard","hentry","category-sin-categoria"],"yoast_head":"<!-- This site is optimized with the Yoast SEO plugin v27.0 - https:\/\/yoast.com\/product\/yoast-seo-wordpress\/ -->\n<title>DESAIRE A SU ALCALDE, JOS\u00c9 MANUEL BERM\u00daDEZ - El Cotarro<\/title>\n<meta name=\"robots\" content=\"index, follow, max-snippet:-1, max-image-preview:large, max-video-preview:-1\" \/>\n<link rel=\"canonical\" href=\"https:\/\/elcotarro.com\/?p=8917\" \/>\n<meta property=\"og:locale\" content=\"es_ES\" \/>\n<meta property=\"og:type\" content=\"article\" \/>\n<meta property=\"og:title\" content=\"DESAIRE A SU ALCALDE, JOS\u00c9 MANUEL BERM\u00daDEZ - El Cotarro\" \/>\n<meta property=\"og:description\" content=\"Me consta que estaba una cuidada representaci\u00f3n del sector tur\u00edstico y una serie de alcaldes de los llamados \u201cmunicipios tur\u00edsticos\u201d, pero el de la capital tinerfe\u00f1a, que ejerc\u00eda como ciudad anfitriona del acto, brill\u00f3 por su ausencia. Parece que uno o dos d\u00edas antes, miembros del gabinete de Jos\u00e9 Manuel Berm\u00fadez, percat\u00e1ndose de que el ... Read more\" \/>\n<meta property=\"og:url\" content=\"https:\/\/elcotarro.com\/?p=8917\" \/>\n<meta property=\"og:site_name\" content=\"El Cotarro\" \/>\n<meta property=\"article:publisher\" content=\"https:\/\/www.facebook.com\/ElCotarro.Tenerife\" \/>\n<meta property=\"article:published_time\" content=\"2020-10-04T06:58:58+00:00\" \/>\n<meta property=\"og:image\" content=\"https:\/\/elcotarro.com\/wp-content\/uploads\/2020\/10\/FOTO-3.-YAIZA-Y-TERESA.jpg\" \/>\n<meta name=\"author\" content=\"Jos\u00e9 Carlos Marrero Gonz\u00e1lez\" \/>\n<meta name=\"twitter:label1\" content=\"Escrito por\" \/>\n\t<meta name=\"twitter:data1\" content=\"Jos\u00e9 Carlos Marrero Gonz\u00e1lez\" \/>\n\t<meta name=\"twitter:label2\" content=\"Tiempo de lectura\" \/>\n\t<meta name=\"twitter:data2\" content=\"1 minuto\" \/>\n<script type=\"application\/ld+json\" class=\"yoast-schema-graph\">{\"@context\":\"https:\/\/schema.org\",\"@graph\":[{\"@type\":\"Article\",\"@id\":\"https:\/\/elcotarro.com\/?p=8917#article\",\"isPartOf\":{\"@id\":\"https:\/\/elcotarro.com\/?p=8917\"},\"author\":{\"name\":\"Jos\u00e9 Carlos Marrero Gonz\u00e1lez\",\"@id\":\"https:\/\/elcotarro.com\/#\/schema\/person\/af537ee7d60d15984c7e0affcd8a918b\"},\"headline\":\"DESAIRE A SU ALCALDE, JOS\u00c9 MANUEL BERM\u00daDEZ\",\"datePublished\":\"2020-10-04T06:58:58+00:00\",\"mainEntityOfPage\":{\"@id\":\"https:\/\/elcotarro.com\/?p=8917\"},\"wordCount\":261,\"commentCount\":1,\"publisher\":{\"@id\":\"https:\/\/elcotarro.com\/#organization\"},\"image\":{\"@id\":\"https:\/\/elcotarro.com\/?p=8917#primaryimage\"},\"thumbnailUrl\":\"https:\/\/elcotarro.com\/wp-content\/uploads\/2020\/10\/FOTO-3.-YAIZA-Y-TERESA.jpg\",\"inLanguage\":\"es\",\"potentialAction\":[{\"@type\":\"CommentAction\",\"name\":\"Comment\",\"target\":[\"https:\/\/elcotarro.com\/?p=8917#respond\"]}]},{\"@type\":\"WebPage\",\"@id\":\"https:\/\/elcotarro.com\/?p=8917\",\"url\":\"https:\/\/elcotarro.com\/?p=8917\",\"name\":\"DESAIRE A SU ALCALDE, JOS\u00c9 MANUEL BERM\u00daDEZ - El Cotarro\",\"isPartOf\":{\"@id\":\"https:\/\/elcotarro.com\/#website\"},\"primaryImageOfPage\":{\"@id\":\"https:\/\/elcotarro.com\/?p=8917#primaryimage\"},\"image\":{\"@id\":\"https:\/\/elcotarro.com\/?p=8917#primaryimage\"},\"thumbnailUrl\":\"https:\/\/elcotarro.com\/wp-content\/uploads\/2020\/10\/FOTO-3.-YAIZA-Y-TERESA.jpg\",\"datePublished\":\"2020-10-04T06:58:58+00:00\",\"breadcrumb\":{\"@id\":\"https:\/\/elcotarro.com\/?p=8917#breadcrumb\"},\"inLanguage\":\"es\",\"potentialAction\":[{\"@type\":\"ReadAction\",\"target\":[\"https:\/\/elcotarro.com\/?p=8917\"]}]},{\"@type\":\"ImageObject\",\"inLanguage\":\"es\",\"@id\":\"https:\/\/elcotarro.com\/?p=8917#primaryimage\",\"url\":\"https:\/\/elcotarro.com\/wp-content\/uploads\/2020\/10\/FOTO-3.-YAIZA-Y-TERESA.jpg\",\"contentUrl\":\"https:\/\/elcotarro.com\/wp-content\/uploads\/2020\/10\/FOTO-3.-YAIZA-Y-TERESA.jpg\",\"width\":512,\"height\":341},{\"@type\":\"BreadcrumbList\",\"@id\":\"https:\/\/elcotarro.com\/?p=8917#breadcrumb\",\"itemListElement\":[{\"@type\":\"ListItem\",\"position\":1,\"name\":\"Portada\",\"item\":\"https:\/\/elcotarro.com\/\"},{\"@type\":\"ListItem\",\"position\":2,\"name\":\"DESAIRE A SU ALCALDE, JOS\u00c9 MANUEL BERM\u00daDEZ\"}]},{\"@type\":\"WebSite\",\"@id\":\"https:\/\/elcotarro.com\/#website\",\"url\":\"https:\/\/elcotarro.com\/\",\"name\":\"El Cotarro\",\"description\":\"Peri\u00f3dico Digital Independiente dirigido por Jos\u00e9 Carlos Marrero\",\"publisher\":{\"@id\":\"https:\/\/elcotarro.com\/#organization\"},\"potentialAction\":[{\"@type\":\"SearchAction\",\"target\":{\"@type\":\"EntryPoint\",\"urlTemplate\":\"https:\/\/elcotarro.com\/?s={search_term_string}\"},\"query-input\":{\"@type\":\"PropertyValueSpecification\",\"valueRequired\":true,\"valueName\":\"search_term_string\"}}],\"inLanguage\":\"es\"},{\"@type\":\"Organization\",\"@id\":\"https:\/\/elcotarro.com\/#organization\",\"name\":\"El Cotarro\",\"url\":\"https:\/\/elcotarro.com\/\",\"logo\":{\"@type\":\"ImageObject\",\"inLanguage\":\"es\",\"@id\":\"https:\/\/elcotarro.com\/#\/schema\/logo\/image\/\",\"url\":\"https:\/\/elcotarro.com\/wp-content\/uploads\/2014\/09\/Cabecera_El_Cotarro_v2.jpg\",\"contentUrl\":\"https:\/\/elcotarro.com\/wp-content\/uploads\/2014\/09\/Cabecera_El_Cotarro_v2.jpg\",\"width\":3540,\"height\":441,\"caption\":\"El Cotarro\"},\"image\":{\"@id\":\"https:\/\/elcotarro.com\/#\/schema\/logo\/image\/\"},\"sameAs\":[\"https:\/\/www.facebook.com\/ElCotarro.Tenerife\"]},{\"@type\":\"Person\",\"@id\":\"https:\/\/elcotarro.com\/#\/schema\/person\/af537ee7d60d15984c7e0affcd8a918b\",\"name\":\"Jos\u00e9 Carlos Marrero Gonz\u00e1lez\",\"image\":{\"@type\":\"ImageObject\",\"inLanguage\":\"es\",\"@id\":\"https:\/\/elcotarro.com\/#\/schema\/person\/image\/\",\"url\":\"https:\/\/secure.gravatar.com\/avatar\/def4da036efb5d32c74d49c351f6dccc064dd69ad9f3aadc295c5a9a5391ca01?s=96&d=mm&r=g\",\"contentUrl\":\"https:\/\/secure.gravatar.com\/avatar\/def4da036efb5d32c74d49c351f6dccc064dd69ad9f3aadc295c5a9a5391ca01?s=96&d=mm&r=g\",\"caption\":\"Jos\u00e9 Carlos Marrero Gonz\u00e1lez\"},\"sameAs\":[\"https:\/\/elcotarro.com\"],\"url\":\"https:\/\/elcotarro.com\/?author=2\"}]}<\/script>\n<!-- \/ Yoast SEO plugin. -->","yoast_head_json":{"title":"DESAIRE A SU ALCALDE, JOS\u00c9 MANUEL BERM\u00daDEZ - El Cotarro","robots":{"index":"index","follow":"follow","max-snippet":"max-snippet:-1","max-image-preview":"max-image-preview:large","max-video-preview":"max-video-preview:-1"},"canonical":"https:\/\/elcotarro.com\/?p=8917","og_locale":"es_ES","og_type":"article","og_title":"DESAIRE A SU ALCALDE, JOS\u00c9 MANUEL BERM\u00daDEZ - El Cotarro","og_description":"Me consta que estaba una cuidada representaci\u00f3n del sector tur\u00edstico y una serie de alcaldes de los llamados \u201cmunicipios tur\u00edsticos\u201d, pero el de la capital tinerfe\u00f1a, que ejerc\u00eda como ciudad anfitriona del acto, brill\u00f3 por su ausencia. Parece que uno o dos d\u00edas antes, miembros del gabinete de Jos\u00e9 Manuel Berm\u00fadez, percat\u00e1ndose de que el ... Read more","og_url":"https:\/\/elcotarro.com\/?p=8917","og_site_name":"El Cotarro","article_publisher":"https:\/\/www.facebook.com\/ElCotarro.Tenerife","article_published_time":"2020-10-04T06:58:58+00:00","og_image":[{"url":"https:\/\/elcotarro.com\/wp-content\/uploads\/2020\/10\/FOTO-3.-YAIZA-Y-TERESA.jpg","type":"","width":"","height":""}],"author":"Jos\u00e9 Carlos Marrero Gonz\u00e1lez","twitter_misc":{"Escrito por":"Jos\u00e9 Carlos Marrero Gonz\u00e1lez","Tiempo de lectura":"1 minuto"},"schema":{"@context":"https:\/\/schema.org","@graph":[{"@type":"Article","@id":"https:\/\/elcotarro.com\/?p=8917#article","isPartOf":{"@id":"https:\/\/elcotarro.com\/?p=8917"},"author":{"name":"Jos\u00e9 Carlos Marrero Gonz\u00e1lez","@id":"https:\/\/elcotarro.com\/#\/schema\/person\/af537ee7d60d15984c7e0affcd8a918b"},"headline":"DESAIRE A SU ALCALDE, JOS\u00c9 MANUEL BERM\u00daDEZ","datePublished":"2020-10-04T06:58:58+00:00","mainEntityOfPage":{"@id":"https:\/\/elcotarro.com\/?p=8917"},"wordCount":261,"commentCount":1,"publisher":{"@id":"https:\/\/elcotarro.com\/#organization"},"image":{"@id":"https:\/\/elcotarro.com\/?p=8917#primaryimage"},"thumbnailUrl":"https:\/\/elcotarro.com\/wp-content\/uploads\/2020\/10\/FOTO-3.-YAIZA-Y-TERESA.jpg","inLanguage":"es","potentialAction":[{"@type":"CommentAction","name":"Comment","target":["https:\/\/elcotarro.com\/?p=8917#respond"]}]},{"@type":"WebPage","@id":"https:\/\/elcotarro.com\/?p=8917","url":"https:\/\/elcotarro.com\/?p=8917","name":"DESAIRE A SU ALCALDE, JOS\u00c9 MANUEL BERM\u00daDEZ - El Cotarro","isPartOf":{"@id":"https:\/\/elcotarro.com\/#website"},"primaryImageOfPage":{"@id":"https:\/\/elcotarro.com\/?p=8917#primaryimage"},"image":{"@id":"https:\/\/elcotarro.com\/?p=8917#primaryimage"},"thumbnailUrl":"https:\/\/elcotarro.com\/wp-content\/uploads\/2020\/10\/FOTO-3.-YAIZA-Y-TERESA.jpg","datePublished":"2020-10-04T06:58:58+00:00","breadcrumb":{"@id":"https:\/\/elcotarro.com\/?p=8917#breadcrumb"},"inLanguage":"es","potentialAction":[{"@type":"ReadAction","target":["https:\/\/elcotarro.com\/?p=8917"]}]},{"@type":"ImageObject","inLanguage":"es","@id":"https:\/\/elcotarro.com\/?p=8917#primaryimage","url":"https:\/\/elcotarro.com\/wp-content\/uploads\/2020\/10\/FOTO-3.-YAIZA-Y-TERESA.jpg","contentUrl":"https:\/\/elcotarro.com\/wp-content\/uploads\/2020\/10\/FOTO-3.-YAIZA-Y-TERESA.jpg","width":512,"height":341},{"@type":"BreadcrumbList","@id":"https:\/\/elcotarro.com\/?p=8917#breadcrumb","itemListElement":[{"@type":"ListItem","position":1,"name":"Portada","item":"https:\/\/elcotarro.com\/"},{"@type":"ListItem","position":2,"name":"DESAIRE A SU ALCALDE, JOS\u00c9 MANUEL BERM\u00daDEZ"}]},{"@type":"WebSite","@id":"https:\/\/elcotarro.com\/#website","url":"https:\/\/elcotarro.com\/","name":"El Cotarro","description":"Peri\u00f3dico Digital Independiente dirigido por Jos\u00e9 Carlos Marrero","publisher":{"@id":"https:\/\/elcotarro.com\/#organization"},"potentialAction":[{"@type":"SearchAction","target":{"@type":"EntryPoint","urlTemplate":"https:\/\/elcotarro.com\/?s={search_term_string}"},"query-input":{"@type":"PropertyValueSpecification","valueRequired":true,"valueName":"search_term_string"}}],"inLanguage":"es"},{"@type":"Organization","@id":"https:\/\/elcotarro.com\/#organization","name":"El Cotarro","url":"https:\/\/elcotarro.com\/","logo":{"@type":"ImageObject","inLanguage":"es","@id":"https:\/\/elcotarro.com\/#\/schema\/logo\/image\/","url":"https:\/\/elcotarro.com\/wp-content\/uploads\/2014\/09\/Cabecera_El_Cotarro_v2.jpg","contentUrl":"https:\/\/elcotarro.com\/wp-content\/uploads\/2014\/09\/Cabecera_El_Cotarro_v2.jpg","width":3540,"height":441,"caption":"El Cotarro"},"image":{"@id":"https:\/\/elcotarro.com\/#\/schema\/logo\/image\/"},"sameAs":["https:\/\/www.facebook.com\/ElCotarro.Tenerife"]},{"@type":"Person","@id":"https:\/\/elcotarro.com\/#\/schema\/person\/af537ee7d60d15984c7e0affcd8a918b","name":"Jos\u00e9 Carlos Marrero Gonz\u00e1lez","image":{"@type":"ImageObject","inLanguage":"es","@id":"https:\/\/elcotarro.com\/#\/schema\/person\/image\/","url":"https:\/\/secure.gravatar.com\/avatar\/def4da036efb5d32c74d49c351f6dccc064dd69ad9f3aadc295c5a9a5391ca01?s=96&d=mm&r=g","contentUrl":"https:\/\/secure.gravatar.com\/avatar\/def4da036efb5d32c74d49c351f6dccc064dd69ad9f3aadc295c5a9a5391ca01?s=96&d=mm&r=g","caption":"Jos\u00e9 Carlos Marrero Gonz\u00e1lez"},"sameAs":["https:\/\/elcotarro.com"],"url":"https:\/\/elcotarro.com\/?author=2"}]}},"jetpack_featured_media_url":"","jetpack_sharing_enabled":true,"_links":{"self":[{"href":"https:\/\/elcotarro.com\/index.php?rest_route=\/wp\/v2\/posts\/8917","targetHints":{"allow":["GET"]}}],"collection":[{"href":"https:\/\/elcotarro.com\/index.php?rest_route=\/wp\/v2\/posts"}],"about":[{"href":"https:\/\/elcotarro.com\/index.php?rest_route=\/wp\/v2\/types\/post"}],"author":[{"embeddable":true,"href":"https:\/\/elcotarro.com\/index.php?rest_route=\/wp\/v2\/users\/2"}],"replies":[{"embeddable":true,"href":"https:\/\/elcotarro.com\/index.php?rest_route=%2Fwp%2Fv2%2Fcomments&post=8917"}],"version-history":[{"count":1,"href":"https:\/\/elcotarro.com\/index.php?rest_route=\/wp\/v2\/posts\/8917\/revisions"}],"predecessor-version":[{"id":8918,"href":"https:\/\/elcotarro.com\/index.php?rest_route=\/wp\/v2\/posts\/8917\/revisions\/8918"}],"wp:attachment":[{"href":"https:\/\/elcotarro.com\/index.php?rest_route=%2Fwp%2Fv2%2Fmedia&parent=8917"}],"wp:term":[{"taxonomy":"category","embeddable":true,"href":"https:\/\/elcotarro.com\/index.php?rest_route=%2Fwp%2Fv2%2Fcategories&post=8917"},{"taxonomy":"post_tag","embeddable":true,"href":"https:\/\/elcotarro.com\/index.php?rest_route=%2Fwp%2Fv2%2Ftags&post=8917"}],"curies":[{"name":"wp","href":"https:\/\/api.w.org\/{rel}","templated":true}]}}