{"id":8933,"date":"2020-10-11T07:59:48","date_gmt":"2020-10-11T06:59:48","guid":{"rendered":"https:\/\/elcotarro.com\/?p=8933"},"modified":"2020-10-10T18:59:21","modified_gmt":"2020-10-10T17:59:21","slug":"bermudez-y-cabello-a-traves-del-consenso","status":"publish","type":"post","link":"https:\/\/elcotarro.com\/?p=8933","title":{"rendered":"BERM\u00daDEZ Y CABELLO, A TRAV\u00c9S DEL CONSENSO"},"content":{"rendered":"<p>No voy a extenderme en ello y, para analizar las razones, les remito y sugiero la lectura del art\u00edculo titulado <em>\u201cEl que no se consuela es porque no quiere\u201d<\/em>, que el compa\u00f1ero periodista y amigo, <strong>Pepe Moreno<\/strong>, escribi\u00f3 ayer mismo en su secci\u00f3n <strong><em>El Mon\u00f3logo,<\/em><\/strong> que cada s\u00e1bado se publica en la plataforma <strong>Canarias en Positivo<\/strong> (<a href=\"http:\/\/www.canariasenpositivo.com\/\">canariasenpositivo.com<\/a>). Lo que me gustar\u00eda a\u00f1adir, para rematar y completar el tema, es decir que, desde que lleg\u00f3 de nuevo a la Alcald\u00eda chicharrera, el alcalde <strong>Jos\u00e9 Manuel Berm\u00fadez<\/strong>, y su 7\u00ba teniente de alcalde <strong>Alfonso Cabello Mesa<\/strong>, presidente del Organismo Aut\u00f3nomo de Fiestas y Actividades Recreativas (o sea, el m\u00e1ximo encargado del Carnaval) se han reunido con, pr\u00e1cticamente, todos los sectores, entidades, grupos, profesionales y empresarios que, de una u otra manera, tienen que ver con nuestra fiesta m\u00e1s internacional. Creo que han hablado con todos y de todo, con el objetivo de que la suspensi\u00f3n de la gran fiesta afecte lo menos posible y que, en la medida que se pueda, se pongan en marcha ideas paralelas y complementarias, que pal\u00eden los efectos socioecon\u00f3micos que va a suponer la suspensi\u00f3n. Y eso les honra, a ellos dos, y a toda la buena gente del Carnaval, que ha sabido estar a la altura.<\/p>\n<p style=\"text-align: center\"><a href=\"https:\/\/elcotarro.com\/wp-content\/uploads\/2020\/10\/FOTO-2.-BERM\u00daDEZ-Y-CABELLO.jpg\"><img loading=\"lazy\" decoding=\"async\" class=\"aligncenter size-full wp-image-8934\" src=\"https:\/\/elcotarro.com\/wp-content\/uploads\/2020\/10\/FOTO-2.-BERM\u00daDEZ-Y-CABELLO.jpg\" alt=\"\" width=\"420\" height=\"280\" srcset=\"https:\/\/elcotarro.com\/wp-content\/uploads\/2020\/10\/FOTO-2.-BERM\u00daDEZ-Y-CABELLO.jpg 420w, https:\/\/elcotarro.com\/wp-content\/uploads\/2020\/10\/FOTO-2.-BERM\u00daDEZ-Y-CABELLO-300x200.jpg 300w\" sizes=\"auto, (max-width: 420px) 100vw, 420px\" \/><\/a><\/p>\n<p style=\"text-align: center\"><em>El alcalde Jos\u00e9 Manuel Berm\u00fadez (d) junto al concejal de Fiestas, Alfonso Cabello<\/em><\/p>\n","protected":false},"excerpt":{"rendered":"<p>No voy a extenderme en ello y, para analizar las razones, les remito y sugiero la lectura del art\u00edculo titulado \u201cEl que no se consuela es porque no quiere\u201d, que el compa\u00f1ero periodista y amigo, Pepe Moreno, escribi\u00f3 ayer mismo en su secci\u00f3n El Mon\u00f3logo, que cada s\u00e1bado se publica en la plataforma Canarias en &#8230; <a class=\"read-more\" href=\"https:\/\/elcotarro.com\/?p=8933\">Read more<\/a><\/p>\n","protected":false},"author":2,"featured_media":0,"comment_status":"open","ping_status":"open","sticky":false,"template":"","format":"standard","meta":{"_jetpack_memberships_contains_paid_content":false,"footnotes":""},"categories":[1],"tags":[],"class_list":["post-8933","post","type-post","status-publish","format-standard","hentry","category-sin-categoria"],"yoast_head":"<!-- This site is optimized with the Yoast SEO plugin v27.0 - https:\/\/yoast.com\/product\/yoast-seo-wordpress\/ -->\n<title>BERM\u00daDEZ Y CABELLO, A TRAV\u00c9S DEL CONSENSO - El Cotarro<\/title>\n<meta name=\"robots\" content=\"index, follow, max-snippet:-1, max-image-preview:large, max-video-preview:-1\" \/>\n<link rel=\"canonical\" href=\"https:\/\/elcotarro.com\/?p=8933\" \/>\n<meta property=\"og:locale\" content=\"es_ES\" \/>\n<meta property=\"og:type\" content=\"article\" \/>\n<meta property=\"og:title\" content=\"BERM\u00daDEZ Y CABELLO, A TRAV\u00c9S DEL CONSENSO - El Cotarro\" \/>\n<meta property=\"og:description\" content=\"No voy a extenderme en ello y, para analizar las razones, les remito y sugiero la lectura del art\u00edculo titulado \u201cEl que no se consuela es porque no quiere\u201d, que el compa\u00f1ero periodista y amigo, Pepe Moreno, escribi\u00f3 ayer mismo en su secci\u00f3n El Mon\u00f3logo, que cada s\u00e1bado se publica en la plataforma Canarias en ... Read more\" \/>\n<meta property=\"og:url\" content=\"https:\/\/elcotarro.com\/?p=8933\" \/>\n<meta property=\"og:site_name\" content=\"El Cotarro\" \/>\n<meta property=\"article:publisher\" content=\"https:\/\/www.facebook.com\/ElCotarro.Tenerife\" \/>\n<meta property=\"article:published_time\" content=\"2020-10-11T06:59:48+00:00\" \/>\n<meta name=\"author\" content=\"Jos\u00e9 Carlos Marrero Gonz\u00e1lez\" \/>\n<meta name=\"twitter:label1\" content=\"Escrito por\" \/>\n\t<meta name=\"twitter:data1\" content=\"Jos\u00e9 Carlos Marrero Gonz\u00e1lez\" \/>\n\t<meta name=\"twitter:label2\" content=\"Tiempo de lectura\" \/>\n\t<meta name=\"twitter:data2\" content=\"1 minuto\" \/>\n<script type=\"application\/ld+json\" class=\"yoast-schema-graph\">{\"@context\":\"https:\/\/schema.org\",\"@graph\":[{\"@type\":\"Article\",\"@id\":\"https:\/\/elcotarro.com\/?p=8933#article\",\"isPartOf\":{\"@id\":\"https:\/\/elcotarro.com\/?p=8933\"},\"author\":{\"name\":\"Jos\u00e9 Carlos Marrero Gonz\u00e1lez\",\"@id\":\"https:\/\/elcotarro.com\/#\/schema\/person\/af537ee7d60d15984c7e0affcd8a918b\"},\"headline\":\"BERM\u00daDEZ Y CABELLO, A TRAV\u00c9S DEL CONSENSO\",\"datePublished\":\"2020-10-11T06:59:48+00:00\",\"mainEntityOfPage\":{\"@id\":\"https:\/\/elcotarro.com\/?p=8933\"},\"wordCount\":250,\"commentCount\":0,\"publisher\":{\"@id\":\"https:\/\/elcotarro.com\/#organization\"},\"inLanguage\":\"es\",\"potentialAction\":[{\"@type\":\"CommentAction\",\"name\":\"Comment\",\"target\":[\"https:\/\/elcotarro.com\/?p=8933#respond\"]}]},{\"@type\":\"WebPage\",\"@id\":\"https:\/\/elcotarro.com\/?p=8933\",\"url\":\"https:\/\/elcotarro.com\/?p=8933\",\"name\":\"BERM\u00daDEZ Y CABELLO, A TRAV\u00c9S DEL CONSENSO - El Cotarro\",\"isPartOf\":{\"@id\":\"https:\/\/elcotarro.com\/#website\"},\"datePublished\":\"2020-10-11T06:59:48+00:00\",\"breadcrumb\":{\"@id\":\"https:\/\/elcotarro.com\/?p=8933#breadcrumb\"},\"inLanguage\":\"es\",\"potentialAction\":[{\"@type\":\"ReadAction\",\"target\":[\"https:\/\/elcotarro.com\/?p=8933\"]}]},{\"@type\":\"BreadcrumbList\",\"@id\":\"https:\/\/elcotarro.com\/?p=8933#breadcrumb\",\"itemListElement\":[{\"@type\":\"ListItem\",\"position\":1,\"name\":\"Portada\",\"item\":\"https:\/\/elcotarro.com\/\"},{\"@type\":\"ListItem\",\"position\":2,\"name\":\"BERM\u00daDEZ Y CABELLO, A TRAV\u00c9S DEL CONSENSO\"}]},{\"@type\":\"WebSite\",\"@id\":\"https:\/\/elcotarro.com\/#website\",\"url\":\"https:\/\/elcotarro.com\/\",\"name\":\"El Cotarro\",\"description\":\"Peri\u00f3dico Digital Independiente dirigido por Jos\u00e9 Carlos Marrero\",\"publisher\":{\"@id\":\"https:\/\/elcotarro.com\/#organization\"},\"potentialAction\":[{\"@type\":\"SearchAction\",\"target\":{\"@type\":\"EntryPoint\",\"urlTemplate\":\"https:\/\/elcotarro.com\/?s={search_term_string}\"},\"query-input\":{\"@type\":\"PropertyValueSpecification\",\"valueRequired\":true,\"valueName\":\"search_term_string\"}}],\"inLanguage\":\"es\"},{\"@type\":\"Organization\",\"@id\":\"https:\/\/elcotarro.com\/#organization\",\"name\":\"El Cotarro\",\"url\":\"https:\/\/elcotarro.com\/\",\"logo\":{\"@type\":\"ImageObject\",\"inLanguage\":\"es\",\"@id\":\"https:\/\/elcotarro.com\/#\/schema\/logo\/image\/\",\"url\":\"https:\/\/elcotarro.com\/wp-content\/uploads\/2014\/09\/Cabecera_El_Cotarro_v2.jpg\",\"contentUrl\":\"https:\/\/elcotarro.com\/wp-content\/uploads\/2014\/09\/Cabecera_El_Cotarro_v2.jpg\",\"width\":3540,\"height\":441,\"caption\":\"El Cotarro\"},\"image\":{\"@id\":\"https:\/\/elcotarro.com\/#\/schema\/logo\/image\/\"},\"sameAs\":[\"https:\/\/www.facebook.com\/ElCotarro.Tenerife\"]},{\"@type\":\"Person\",\"@id\":\"https:\/\/elcotarro.com\/#\/schema\/person\/af537ee7d60d15984c7e0affcd8a918b\",\"name\":\"Jos\u00e9 Carlos Marrero Gonz\u00e1lez\",\"image\":{\"@type\":\"ImageObject\",\"inLanguage\":\"es\",\"@id\":\"https:\/\/elcotarro.com\/#\/schema\/person\/image\/\",\"url\":\"https:\/\/secure.gravatar.com\/avatar\/def4da036efb5d32c74d49c351f6dccc064dd69ad9f3aadc295c5a9a5391ca01?s=96&d=mm&r=g\",\"contentUrl\":\"https:\/\/secure.gravatar.com\/avatar\/def4da036efb5d32c74d49c351f6dccc064dd69ad9f3aadc295c5a9a5391ca01?s=96&d=mm&r=g\",\"caption\":\"Jos\u00e9 Carlos Marrero Gonz\u00e1lez\"},\"sameAs\":[\"https:\/\/elcotarro.com\"],\"url\":\"https:\/\/elcotarro.com\/?author=2\"}]}<\/script>\n<!-- \/ Yoast SEO plugin. -->","yoast_head_json":{"title":"BERM\u00daDEZ Y CABELLO, A TRAV\u00c9S DEL CONSENSO - El Cotarro","robots":{"index":"index","follow":"follow","max-snippet":"max-snippet:-1","max-image-preview":"max-image-preview:large","max-video-preview":"max-video-preview:-1"},"canonical":"https:\/\/elcotarro.com\/?p=8933","og_locale":"es_ES","og_type":"article","og_title":"BERM\u00daDEZ Y CABELLO, A TRAV\u00c9S DEL CONSENSO - El Cotarro","og_description":"No voy a extenderme en ello y, para analizar las razones, les remito y sugiero la lectura del art\u00edculo titulado \u201cEl que no se consuela es porque no quiere\u201d, que el compa\u00f1ero periodista y amigo, Pepe Moreno, escribi\u00f3 ayer mismo en su secci\u00f3n El Mon\u00f3logo, que cada s\u00e1bado se publica en la plataforma Canarias en ... Read more","og_url":"https:\/\/elcotarro.com\/?p=8933","og_site_name":"El Cotarro","article_publisher":"https:\/\/www.facebook.com\/ElCotarro.Tenerife","article_published_time":"2020-10-11T06:59:48+00:00","author":"Jos\u00e9 Carlos Marrero Gonz\u00e1lez","twitter_misc":{"Escrito por":"Jos\u00e9 Carlos Marrero Gonz\u00e1lez","Tiempo de lectura":"1 minuto"},"schema":{"@context":"https:\/\/schema.org","@graph":[{"@type":"Article","@id":"https:\/\/elcotarro.com\/?p=8933#article","isPartOf":{"@id":"https:\/\/elcotarro.com\/?p=8933"},"author":{"name":"Jos\u00e9 Carlos Marrero Gonz\u00e1lez","@id":"https:\/\/elcotarro.com\/#\/schema\/person\/af537ee7d60d15984c7e0affcd8a918b"},"headline":"BERM\u00daDEZ Y CABELLO, A TRAV\u00c9S DEL CONSENSO","datePublished":"2020-10-11T06:59:48+00:00","mainEntityOfPage":{"@id":"https:\/\/elcotarro.com\/?p=8933"},"wordCount":250,"commentCount":0,"publisher":{"@id":"https:\/\/elcotarro.com\/#organization"},"inLanguage":"es","potentialAction":[{"@type":"CommentAction","name":"Comment","target":["https:\/\/elcotarro.com\/?p=8933#respond"]}]},{"@type":"WebPage","@id":"https:\/\/elcotarro.com\/?p=8933","url":"https:\/\/elcotarro.com\/?p=8933","name":"BERM\u00daDEZ Y CABELLO, A TRAV\u00c9S DEL CONSENSO - El Cotarro","isPartOf":{"@id":"https:\/\/elcotarro.com\/#website"},"datePublished":"2020-10-11T06:59:48+00:00","breadcrumb":{"@id":"https:\/\/elcotarro.com\/?p=8933#breadcrumb"},"inLanguage":"es","potentialAction":[{"@type":"ReadAction","target":["https:\/\/elcotarro.com\/?p=8933"]}]},{"@type":"BreadcrumbList","@id":"https:\/\/elcotarro.com\/?p=8933#breadcrumb","itemListElement":[{"@type":"ListItem","position":1,"name":"Portada","item":"https:\/\/elcotarro.com\/"},{"@type":"ListItem","position":2,"name":"BERM\u00daDEZ Y CABELLO, A TRAV\u00c9S DEL CONSENSO"}]},{"@type":"WebSite","@id":"https:\/\/elcotarro.com\/#website","url":"https:\/\/elcotarro.com\/","name":"El Cotarro","description":"Peri\u00f3dico Digital Independiente dirigido por Jos\u00e9 Carlos Marrero","publisher":{"@id":"https:\/\/elcotarro.com\/#organization"},"potentialAction":[{"@type":"SearchAction","target":{"@type":"EntryPoint","urlTemplate":"https:\/\/elcotarro.com\/?s={search_term_string}"},"query-input":{"@type":"PropertyValueSpecification","valueRequired":true,"valueName":"search_term_string"}}],"inLanguage":"es"},{"@type":"Organization","@id":"https:\/\/elcotarro.com\/#organization","name":"El Cotarro","url":"https:\/\/elcotarro.com\/","logo":{"@type":"ImageObject","inLanguage":"es","@id":"https:\/\/elcotarro.com\/#\/schema\/logo\/image\/","url":"https:\/\/elcotarro.com\/wp-content\/uploads\/2014\/09\/Cabecera_El_Cotarro_v2.jpg","contentUrl":"https:\/\/elcotarro.com\/wp-content\/uploads\/2014\/09\/Cabecera_El_Cotarro_v2.jpg","width":3540,"height":441,"caption":"El Cotarro"},"image":{"@id":"https:\/\/elcotarro.com\/#\/schema\/logo\/image\/"},"sameAs":["https:\/\/www.facebook.com\/ElCotarro.Tenerife"]},{"@type":"Person","@id":"https:\/\/elcotarro.com\/#\/schema\/person\/af537ee7d60d15984c7e0affcd8a918b","name":"Jos\u00e9 Carlos Marrero Gonz\u00e1lez","image":{"@type":"ImageObject","inLanguage":"es","@id":"https:\/\/elcotarro.com\/#\/schema\/person\/image\/","url":"https:\/\/secure.gravatar.com\/avatar\/def4da036efb5d32c74d49c351f6dccc064dd69ad9f3aadc295c5a9a5391ca01?s=96&d=mm&r=g","contentUrl":"https:\/\/secure.gravatar.com\/avatar\/def4da036efb5d32c74d49c351f6dccc064dd69ad9f3aadc295c5a9a5391ca01?s=96&d=mm&r=g","caption":"Jos\u00e9 Carlos Marrero Gonz\u00e1lez"},"sameAs":["https:\/\/elcotarro.com"],"url":"https:\/\/elcotarro.com\/?author=2"}]}},"jetpack_featured_media_url":"","jetpack_sharing_enabled":true,"_links":{"self":[{"href":"https:\/\/elcotarro.com\/index.php?rest_route=\/wp\/v2\/posts\/8933","targetHints":{"allow":["GET"]}}],"collection":[{"href":"https:\/\/elcotarro.com\/index.php?rest_route=\/wp\/v2\/posts"}],"about":[{"href":"https:\/\/elcotarro.com\/index.php?rest_route=\/wp\/v2\/types\/post"}],"author":[{"embeddable":true,"href":"https:\/\/elcotarro.com\/index.php?rest_route=\/wp\/v2\/users\/2"}],"replies":[{"embeddable":true,"href":"https:\/\/elcotarro.com\/index.php?rest_route=%2Fwp%2Fv2%2Fcomments&post=8933"}],"version-history":[{"count":1,"href":"https:\/\/elcotarro.com\/index.php?rest_route=\/wp\/v2\/posts\/8933\/revisions"}],"predecessor-version":[{"id":8935,"href":"https:\/\/elcotarro.com\/index.php?rest_route=\/wp\/v2\/posts\/8933\/revisions\/8935"}],"wp:attachment":[{"href":"https:\/\/elcotarro.com\/index.php?rest_route=%2Fwp%2Fv2%2Fmedia&parent=8933"}],"wp:term":[{"taxonomy":"category","embeddable":true,"href":"https:\/\/elcotarro.com\/index.php?rest_route=%2Fwp%2Fv2%2Fcategories&post=8933"},{"taxonomy":"post_tag","embeddable":true,"href":"https:\/\/elcotarro.com\/index.php?rest_route=%2Fwp%2Fv2%2Ftags&post=8933"}],"curies":[{"name":"wp","href":"https:\/\/api.w.org\/{rel}","templated":true}]}}