{"id":897,"date":"2015-03-08T12:06:08","date_gmt":"2015-03-08T12:06:08","guid":{"rendered":"https:\/\/elcotarro.com\/?p=897"},"modified":"2015-03-08T11:00:48","modified_gmt":"2015-03-08T11:00:48","slug":"quien-enturbia-no-es-ivan","status":"publish","type":"post","link":"https:\/\/elcotarro.com\/?p=897","title":{"rendered":"QUIEN ENTURBIA NO ES IVAN"},"content":{"rendered":"<p>\u2666 En estas \u00faltimas semanas, en las que ya ha sonado m\u00e1s el nombre de <strong>Ana Zurita <\/strong>(que yo ya adelant\u00e9 en , en julio de 2014) hay gente interesada y ruin que ha querido echar \u201cbasurita\u201d en la persona y el buen nombre de Iv\u00e1n, diciendo que las bases de los populares de La Laguna estaban en contra de <strong>Ana Zurita<\/strong> y de las decisiones del partido movidos por Iv\u00e1n Gonz\u00e1lez, en su deseo de ser candidato&#8230; Lo primero cierto, lo segundo no&#8230;. Iv\u00e1n Gonz\u00e1lez en un tipo \u00edntegro y honesto que lo \u00fanico que ha hecho en el \u00faltimo a\u00f1o y medio, es callar y actuar leal y disciplinadamente con total discreci\u00f3n&#8230; Uno ya es veterano en esto del periodismo y tiene sus fuentes de informaci\u00f3n&#8230; Por ello y a partir de diversas fuentes del PP (y no del PP), dignas de todo cr\u00e9dito, les voy a contar la verdad que, como siempre, me hace libre.<\/p>\n<p><a href=\"https:\/\/elcotarro.com\/wp-content\/uploads\/2015\/03\/FOTO-2.-Ana-zurita-y-Cristina-Tav\u00edo.jpg\"><img loading=\"lazy\" decoding=\"async\" class=\"aligncenter wp-image-898\" src=\"https:\/\/elcotarro.com\/wp-content\/uploads\/2015\/03\/FOTO-2.-Ana-zurita-y-Cristina-Tav\u00edo-1024x815.jpg\" alt=\"FOTO 2.- Ana zurita y Cristina Tav\u00edo\" width=\"550\" height=\"438\" srcset=\"https:\/\/elcotarro.com\/wp-content\/uploads\/2015\/03\/FOTO-2.-Ana-zurita-y-Cristina-Tav\u00edo-1024x815.jpg 1024w, https:\/\/elcotarro.com\/wp-content\/uploads\/2015\/03\/FOTO-2.-Ana-zurita-y-Cristina-Tav\u00edo-300x239.jpg 300w, https:\/\/elcotarro.com\/wp-content\/uploads\/2015\/03\/FOTO-2.-Ana-zurita-y-Cristina-Tav\u00edo.jpg 1067w\" sizes=\"auto, (max-width: 550px) 100vw, 550px\" \/><\/a><\/p>\n<p class=\"comentario\" style=\"text-align: center;\">Ana Zurita y Cristina Tav\u00edo, juntas de paseo por La Laguna<\/p>\n","protected":false},"excerpt":{"rendered":"<p>\u2666 En estas \u00faltimas semanas, en las que ya ha sonado m\u00e1s el nombre de Ana Zurita (que yo ya adelant\u00e9 en , en julio de 2014) hay gente interesada y ruin que ha querido echar \u201cbasurita\u201d en la persona y el buen nombre de Iv\u00e1n, diciendo que las bases de los populares de La &#8230; <a class=\"read-more\" href=\"https:\/\/elcotarro.com\/?p=897\">Read more<\/a><\/p>\n","protected":false},"author":2,"featured_media":0,"comment_status":"open","ping_status":"open","sticky":false,"template":"","format":"standard","meta":{"_jetpack_memberships_contains_paid_content":false,"footnotes":""},"categories":[7],"tags":[182,339],"class_list":["post-897","post","type-post","status-publish","format-standard","hentry","category-politica","tag-ana-zurita","tag-el-cotarro"],"yoast_head":"<!-- This site is optimized with the Yoast SEO plugin v27.0 - https:\/\/yoast.com\/product\/yoast-seo-wordpress\/ -->\n<title>QUIEN ENTURBIA NO ES IVAN - El Cotarrro<\/title>\n<meta name=\"description\" content=\"En estas \u00faltimas semanas, en las que ya ha sonado m\u00e1s el nombre de Ana Zurita (que yo ya adelant\u00e9 en , en julio de 2014) hay gente interesada y ruin que h\" \/>\n<meta name=\"robots\" content=\"index, follow, max-snippet:-1, max-image-preview:large, max-video-preview:-1\" \/>\n<link rel=\"canonical\" href=\"https:\/\/elcotarro.com\/?p=897\" \/>\n<meta property=\"og:locale\" content=\"es_ES\" \/>\n<meta property=\"og:type\" content=\"article\" \/>\n<meta property=\"og:title\" content=\"QUIEN ENTURBIA NO ES IVAN - El Cotarrro\" \/>\n<meta property=\"og:description\" content=\"En estas \u00faltimas semanas, en las que ya ha sonado m\u00e1s el nombre de Ana Zurita (que yo ya adelant\u00e9 en , en julio de 2014) hay gente interesada y ruin que h\" \/>\n<meta property=\"og:url\" content=\"https:\/\/elcotarro.com\/?p=897\" \/>\n<meta property=\"og:site_name\" content=\"El Cotarro\" \/>\n<meta property=\"article:publisher\" content=\"https:\/\/www.facebook.com\/ElCotarro.Tenerife\" \/>\n<meta property=\"article:published_time\" content=\"2015-03-08T12:06:08+00:00\" \/>\n<meta name=\"author\" content=\"Jos\u00e9 Carlos Marrero Gonz\u00e1lez\" \/>\n<meta name=\"twitter:label1\" content=\"Escrito por\" \/>\n\t<meta name=\"twitter:data1\" content=\"Jos\u00e9 Carlos Marrero Gonz\u00e1lez\" \/>\n\t<meta name=\"twitter:label2\" content=\"Tiempo de lectura\" \/>\n\t<meta name=\"twitter:data2\" content=\"1 minuto\" \/>\n<script type=\"application\/ld+json\" class=\"yoast-schema-graph\">{\"@context\":\"https:\/\/schema.org\",\"@graph\":[{\"@type\":\"Article\",\"@id\":\"https:\/\/elcotarro.com\/?p=897#article\",\"isPartOf\":{\"@id\":\"https:\/\/elcotarro.com\/?p=897\"},\"author\":{\"name\":\"Jos\u00e9 Carlos Marrero Gonz\u00e1lez\",\"@id\":\"https:\/\/elcotarro.com\/#\/schema\/person\/af537ee7d60d15984c7e0affcd8a918b\"},\"headline\":\"QUIEN ENTURBIA NO ES IVAN\",\"datePublished\":\"2015-03-08T12:06:08+00:00\",\"mainEntityOfPage\":{\"@id\":\"https:\/\/elcotarro.com\/?p=897\"},\"wordCount\":182,\"commentCount\":0,\"publisher\":{\"@id\":\"https:\/\/elcotarro.com\/#organization\"},\"keywords\":[\"Ana Zurita\",\"El Cotarro\"],\"articleSection\":[\"Pol\u00edtica\"],\"inLanguage\":\"es\",\"potentialAction\":[{\"@type\":\"CommentAction\",\"name\":\"Comment\",\"target\":[\"https:\/\/elcotarro.com\/?p=897#respond\"]}]},{\"@type\":\"WebPage\",\"@id\":\"https:\/\/elcotarro.com\/?p=897\",\"url\":\"https:\/\/elcotarro.com\/?p=897\",\"name\":\"QUIEN ENTURBIA NO ES IVAN - El Cotarrro\",\"isPartOf\":{\"@id\":\"https:\/\/elcotarro.com\/#website\"},\"datePublished\":\"2015-03-08T12:06:08+00:00\",\"description\":\"En estas \u00faltimas semanas, en las que ya ha sonado m\u00e1s el nombre de Ana Zurita (que yo ya adelant\u00e9 en , en julio de 2014) hay gente interesada y ruin que h\",\"breadcrumb\":{\"@id\":\"https:\/\/elcotarro.com\/?p=897#breadcrumb\"},\"inLanguage\":\"es\",\"potentialAction\":[{\"@type\":\"ReadAction\",\"target\":[\"https:\/\/elcotarro.com\/?p=897\"]}]},{\"@type\":\"BreadcrumbList\",\"@id\":\"https:\/\/elcotarro.com\/?p=897#breadcrumb\",\"itemListElement\":[{\"@type\":\"ListItem\",\"position\":1,\"name\":\"Portada\",\"item\":\"https:\/\/elcotarro.com\/\"},{\"@type\":\"ListItem\",\"position\":2,\"name\":\"QUIEN ENTURBIA NO ES IVAN\"}]},{\"@type\":\"WebSite\",\"@id\":\"https:\/\/elcotarro.com\/#website\",\"url\":\"https:\/\/elcotarro.com\/\",\"name\":\"El Cotarro\",\"description\":\"Peri\u00f3dico Digital Independiente dirigido por Jos\u00e9 Carlos Marrero\",\"publisher\":{\"@id\":\"https:\/\/elcotarro.com\/#organization\"},\"potentialAction\":[{\"@type\":\"SearchAction\",\"target\":{\"@type\":\"EntryPoint\",\"urlTemplate\":\"https:\/\/elcotarro.com\/?s={search_term_string}\"},\"query-input\":{\"@type\":\"PropertyValueSpecification\",\"valueRequired\":true,\"valueName\":\"search_term_string\"}}],\"inLanguage\":\"es\"},{\"@type\":\"Organization\",\"@id\":\"https:\/\/elcotarro.com\/#organization\",\"name\":\"El Cotarro\",\"url\":\"https:\/\/elcotarro.com\/\",\"logo\":{\"@type\":\"ImageObject\",\"inLanguage\":\"es\",\"@id\":\"https:\/\/elcotarro.com\/#\/schema\/logo\/image\/\",\"url\":\"https:\/\/elcotarro.com\/wp-content\/uploads\/2014\/09\/Cabecera_El_Cotarro_v2.jpg\",\"contentUrl\":\"https:\/\/elcotarro.com\/wp-content\/uploads\/2014\/09\/Cabecera_El_Cotarro_v2.jpg\",\"width\":3540,\"height\":441,\"caption\":\"El Cotarro\"},\"image\":{\"@id\":\"https:\/\/elcotarro.com\/#\/schema\/logo\/image\/\"},\"sameAs\":[\"https:\/\/www.facebook.com\/ElCotarro.Tenerife\"]},{\"@type\":\"Person\",\"@id\":\"https:\/\/elcotarro.com\/#\/schema\/person\/af537ee7d60d15984c7e0affcd8a918b\",\"name\":\"Jos\u00e9 Carlos Marrero Gonz\u00e1lez\",\"image\":{\"@type\":\"ImageObject\",\"inLanguage\":\"es\",\"@id\":\"https:\/\/elcotarro.com\/#\/schema\/person\/image\/\",\"url\":\"https:\/\/secure.gravatar.com\/avatar\/def4da036efb5d32c74d49c351f6dccc064dd69ad9f3aadc295c5a9a5391ca01?s=96&d=mm&r=g\",\"contentUrl\":\"https:\/\/secure.gravatar.com\/avatar\/def4da036efb5d32c74d49c351f6dccc064dd69ad9f3aadc295c5a9a5391ca01?s=96&d=mm&r=g\",\"caption\":\"Jos\u00e9 Carlos Marrero Gonz\u00e1lez\"},\"sameAs\":[\"https:\/\/elcotarro.com\"],\"url\":\"https:\/\/elcotarro.com\/?author=2\"}]}<\/script>\n<!-- \/ Yoast SEO plugin. -->","yoast_head_json":{"title":"QUIEN ENTURBIA NO ES IVAN - El Cotarrro","description":"En estas \u00faltimas semanas, en las que ya ha sonado m\u00e1s el nombre de Ana Zurita (que yo ya adelant\u00e9 en , en julio de 2014) hay gente interesada y ruin que h","robots":{"index":"index","follow":"follow","max-snippet":"max-snippet:-1","max-image-preview":"max-image-preview:large","max-video-preview":"max-video-preview:-1"},"canonical":"https:\/\/elcotarro.com\/?p=897","og_locale":"es_ES","og_type":"article","og_title":"QUIEN ENTURBIA NO ES IVAN - El Cotarrro","og_description":"En estas \u00faltimas semanas, en las que ya ha sonado m\u00e1s el nombre de Ana Zurita (que yo ya adelant\u00e9 en , en julio de 2014) hay gente interesada y ruin que h","og_url":"https:\/\/elcotarro.com\/?p=897","og_site_name":"El Cotarro","article_publisher":"https:\/\/www.facebook.com\/ElCotarro.Tenerife","article_published_time":"2015-03-08T12:06:08+00:00","author":"Jos\u00e9 Carlos Marrero Gonz\u00e1lez","twitter_misc":{"Escrito por":"Jos\u00e9 Carlos Marrero Gonz\u00e1lez","Tiempo de lectura":"1 minuto"},"schema":{"@context":"https:\/\/schema.org","@graph":[{"@type":"Article","@id":"https:\/\/elcotarro.com\/?p=897#article","isPartOf":{"@id":"https:\/\/elcotarro.com\/?p=897"},"author":{"name":"Jos\u00e9 Carlos Marrero Gonz\u00e1lez","@id":"https:\/\/elcotarro.com\/#\/schema\/person\/af537ee7d60d15984c7e0affcd8a918b"},"headline":"QUIEN ENTURBIA NO ES IVAN","datePublished":"2015-03-08T12:06:08+00:00","mainEntityOfPage":{"@id":"https:\/\/elcotarro.com\/?p=897"},"wordCount":182,"commentCount":0,"publisher":{"@id":"https:\/\/elcotarro.com\/#organization"},"keywords":["Ana Zurita","El Cotarro"],"articleSection":["Pol\u00edtica"],"inLanguage":"es","potentialAction":[{"@type":"CommentAction","name":"Comment","target":["https:\/\/elcotarro.com\/?p=897#respond"]}]},{"@type":"WebPage","@id":"https:\/\/elcotarro.com\/?p=897","url":"https:\/\/elcotarro.com\/?p=897","name":"QUIEN ENTURBIA NO ES IVAN - El Cotarrro","isPartOf":{"@id":"https:\/\/elcotarro.com\/#website"},"datePublished":"2015-03-08T12:06:08+00:00","description":"En estas \u00faltimas semanas, en las que ya ha sonado m\u00e1s el nombre de Ana Zurita (que yo ya adelant\u00e9 en , en julio de 2014) hay gente interesada y ruin que h","breadcrumb":{"@id":"https:\/\/elcotarro.com\/?p=897#breadcrumb"},"inLanguage":"es","potentialAction":[{"@type":"ReadAction","target":["https:\/\/elcotarro.com\/?p=897"]}]},{"@type":"BreadcrumbList","@id":"https:\/\/elcotarro.com\/?p=897#breadcrumb","itemListElement":[{"@type":"ListItem","position":1,"name":"Portada","item":"https:\/\/elcotarro.com\/"},{"@type":"ListItem","position":2,"name":"QUIEN ENTURBIA NO ES IVAN"}]},{"@type":"WebSite","@id":"https:\/\/elcotarro.com\/#website","url":"https:\/\/elcotarro.com\/","name":"El Cotarro","description":"Peri\u00f3dico Digital Independiente dirigido por Jos\u00e9 Carlos Marrero","publisher":{"@id":"https:\/\/elcotarro.com\/#organization"},"potentialAction":[{"@type":"SearchAction","target":{"@type":"EntryPoint","urlTemplate":"https:\/\/elcotarro.com\/?s={search_term_string}"},"query-input":{"@type":"PropertyValueSpecification","valueRequired":true,"valueName":"search_term_string"}}],"inLanguage":"es"},{"@type":"Organization","@id":"https:\/\/elcotarro.com\/#organization","name":"El Cotarro","url":"https:\/\/elcotarro.com\/","logo":{"@type":"ImageObject","inLanguage":"es","@id":"https:\/\/elcotarro.com\/#\/schema\/logo\/image\/","url":"https:\/\/elcotarro.com\/wp-content\/uploads\/2014\/09\/Cabecera_El_Cotarro_v2.jpg","contentUrl":"https:\/\/elcotarro.com\/wp-content\/uploads\/2014\/09\/Cabecera_El_Cotarro_v2.jpg","width":3540,"height":441,"caption":"El Cotarro"},"image":{"@id":"https:\/\/elcotarro.com\/#\/schema\/logo\/image\/"},"sameAs":["https:\/\/www.facebook.com\/ElCotarro.Tenerife"]},{"@type":"Person","@id":"https:\/\/elcotarro.com\/#\/schema\/person\/af537ee7d60d15984c7e0affcd8a918b","name":"Jos\u00e9 Carlos Marrero Gonz\u00e1lez","image":{"@type":"ImageObject","inLanguage":"es","@id":"https:\/\/elcotarro.com\/#\/schema\/person\/image\/","url":"https:\/\/secure.gravatar.com\/avatar\/def4da036efb5d32c74d49c351f6dccc064dd69ad9f3aadc295c5a9a5391ca01?s=96&d=mm&r=g","contentUrl":"https:\/\/secure.gravatar.com\/avatar\/def4da036efb5d32c74d49c351f6dccc064dd69ad9f3aadc295c5a9a5391ca01?s=96&d=mm&r=g","caption":"Jos\u00e9 Carlos Marrero Gonz\u00e1lez"},"sameAs":["https:\/\/elcotarro.com"],"url":"https:\/\/elcotarro.com\/?author=2"}]}},"jetpack_featured_media_url":"","jetpack_sharing_enabled":true,"_links":{"self":[{"href":"https:\/\/elcotarro.com\/index.php?rest_route=\/wp\/v2\/posts\/897","targetHints":{"allow":["GET"]}}],"collection":[{"href":"https:\/\/elcotarro.com\/index.php?rest_route=\/wp\/v2\/posts"}],"about":[{"href":"https:\/\/elcotarro.com\/index.php?rest_route=\/wp\/v2\/types\/post"}],"author":[{"embeddable":true,"href":"https:\/\/elcotarro.com\/index.php?rest_route=\/wp\/v2\/users\/2"}],"replies":[{"embeddable":true,"href":"https:\/\/elcotarro.com\/index.php?rest_route=%2Fwp%2Fv2%2Fcomments&post=897"}],"version-history":[{"count":1,"href":"https:\/\/elcotarro.com\/index.php?rest_route=\/wp\/v2\/posts\/897\/revisions"}],"predecessor-version":[{"id":899,"href":"https:\/\/elcotarro.com\/index.php?rest_route=\/wp\/v2\/posts\/897\/revisions\/899"}],"wp:attachment":[{"href":"https:\/\/elcotarro.com\/index.php?rest_route=%2Fwp%2Fv2%2Fmedia&parent=897"}],"wp:term":[{"taxonomy":"category","embeddable":true,"href":"https:\/\/elcotarro.com\/index.php?rest_route=%2Fwp%2Fv2%2Fcategories&post=897"},{"taxonomy":"post_tag","embeddable":true,"href":"https:\/\/elcotarro.com\/index.php?rest_route=%2Fwp%2Fv2%2Ftags&post=897"}],"curies":[{"name":"wp","href":"https:\/\/api.w.org\/{rel}","templated":true}]}}