{"id":9044,"date":"2020-11-01T07:51:10","date_gmt":"2020-11-01T07:51:10","guid":{"rendered":"https:\/\/elcotarro.com\/?p=9044"},"modified":"2020-10-31T18:20:43","modified_gmt":"2020-10-31T18:20:43","slug":"foto-8-habitacion-con-espacio-para-una-uci","status":"publish","type":"post","link":"https:\/\/elcotarro.com\/?p=9044","title":{"rendered":"FOTO 8.- HABITACI\u00d3N CON ESPACIO PARA UNA \u201cUCI\u201d"},"content":{"rendered":"<p>Es tan impactante y real como crudo y cabreante. Esta foto recoge la \u201czona de hospitalizaci\u00f3n\u201d donde se puede ver lo \u201cmoderno\u201d de sus camas, as\u00ed como su \u201cmagnifico\u201d estado de mantenimiento y conservaci\u00f3n. Si se fijan bien, pueden apreciar unas barras horizontales y una vertical, de color rosa. Sirven para, en caso de necesidad, poner unas cortinas y convertir la zona de detr\u00e1s, con la cama que ven en la misma esquina, como improvisada \u201cunidad de cuidados intensivos\u201d \u2026 Vamos, una UCI o habitaci\u00f3n de \u201caislamiento\u201d. Si me apuran, la solidaria carpa que Cruz Roja tiene dispuesta en el muelle de Arguinegu\u00edn, tiene mejores instalaciones, equipamientos y servicios.<\/p>\n<p style=\"text-align: center\"><a href=\"https:\/\/elcotarro.com\/wp-content\/uploads\/2020\/10\/FOTO-10.-CAMAS-DE-HOSPITAL.jpg\"><img loading=\"lazy\" decoding=\"async\" class=\"aligncenter size-full wp-image-9045\" src=\"https:\/\/elcotarro.com\/wp-content\/uploads\/2020\/10\/FOTO-10.-CAMAS-DE-HOSPITAL.jpg\" alt=\"\" width=\"2304\" height=\"1728\" srcset=\"https:\/\/elcotarro.com\/wp-content\/uploads\/2020\/10\/FOTO-10.-CAMAS-DE-HOSPITAL.jpg 2304w, https:\/\/elcotarro.com\/wp-content\/uploads\/2020\/10\/FOTO-10.-CAMAS-DE-HOSPITAL-300x225.jpg 300w, https:\/\/elcotarro.com\/wp-content\/uploads\/2020\/10\/FOTO-10.-CAMAS-DE-HOSPITAL-1024x768.jpg 1024w, https:\/\/elcotarro.com\/wp-content\/uploads\/2020\/10\/FOTO-10.-CAMAS-DE-HOSPITAL-768x576.jpg 768w, https:\/\/elcotarro.com\/wp-content\/uploads\/2020\/10\/FOTO-10.-CAMAS-DE-HOSPITAL-1536x1152.jpg 1536w, https:\/\/elcotarro.com\/wp-content\/uploads\/2020\/10\/FOTO-10.-CAMAS-DE-HOSPITAL-2048x1536.jpg 2048w\" sizes=\"auto, (max-width: 2304px) 100vw, 2304px\" \/><\/a><\/p>\n<p style=\"text-align: center\"><em>Zona de \u201chospitalizaci\u00f3n\u201d con espacio en la esquina para montar una \u201cUCI\u201d<\/em><\/p>\n","protected":false},"excerpt":{"rendered":"<p>Es tan impactante y real como crudo y cabreante. Esta foto recoge la \u201czona de hospitalizaci\u00f3n\u201d donde se puede ver lo \u201cmoderno\u201d de sus camas, as\u00ed como su \u201cmagnifico\u201d estado de mantenimiento y conservaci\u00f3n. Si se fijan bien, pueden apreciar unas barras horizontales y una vertical, de color rosa. Sirven para, en caso de necesidad, &#8230; <a class=\"read-more\" href=\"https:\/\/elcotarro.com\/?p=9044\">Read more<\/a><\/p>\n","protected":false},"author":2,"featured_media":0,"comment_status":"open","ping_status":"open","sticky":false,"template":"","format":"standard","meta":{"_jetpack_memberships_contains_paid_content":false,"footnotes":""},"categories":[1],"tags":[],"class_list":["post-9044","post","type-post","status-publish","format-standard","hentry","category-sin-categoria"],"yoast_head":"<!-- This site is optimized with the Yoast SEO plugin v27.0 - https:\/\/yoast.com\/product\/yoast-seo-wordpress\/ -->\n<title>FOTO 8.- HABITACI\u00d3N CON ESPACIO PARA UNA \u201cUCI\u201d - El Cotarro<\/title>\n<meta name=\"robots\" content=\"index, follow, max-snippet:-1, max-image-preview:large, max-video-preview:-1\" \/>\n<link rel=\"canonical\" href=\"https:\/\/elcotarro.com\/?p=9044\" \/>\n<meta property=\"og:locale\" content=\"es_ES\" \/>\n<meta property=\"og:type\" content=\"article\" \/>\n<meta property=\"og:title\" content=\"FOTO 8.- HABITACI\u00d3N CON ESPACIO PARA UNA \u201cUCI\u201d - El Cotarro\" \/>\n<meta property=\"og:description\" content=\"Es tan impactante y real como crudo y cabreante. Esta foto recoge la \u201czona de hospitalizaci\u00f3n\u201d donde se puede ver lo \u201cmoderno\u201d de sus camas, as\u00ed como su \u201cmagnifico\u201d estado de mantenimiento y conservaci\u00f3n. Si se fijan bien, pueden apreciar unas barras horizontales y una vertical, de color rosa. Sirven para, en caso de necesidad, ... Read more\" \/>\n<meta property=\"og:url\" content=\"https:\/\/elcotarro.com\/?p=9044\" \/>\n<meta property=\"og:site_name\" content=\"El Cotarro\" \/>\n<meta property=\"article:publisher\" content=\"https:\/\/www.facebook.com\/ElCotarro.Tenerife\" \/>\n<meta property=\"article:published_time\" content=\"2020-11-01T07:51:10+00:00\" \/>\n<meta property=\"og:image\" content=\"https:\/\/elcotarro.com\/wp-content\/uploads\/2020\/10\/FOTO-10.-CAMAS-DE-HOSPITAL.jpg\" \/>\n<meta name=\"author\" content=\"Jos\u00e9 Carlos Marrero Gonz\u00e1lez\" \/>\n<meta name=\"twitter:label1\" content=\"Escrito por\" \/>\n\t<meta name=\"twitter:data1\" content=\"Jos\u00e9 Carlos Marrero Gonz\u00e1lez\" \/>\n\t<meta name=\"twitter:label2\" content=\"Tiempo de lectura\" \/>\n\t<meta name=\"twitter:data2\" content=\"1 minuto\" \/>\n<script type=\"application\/ld+json\" class=\"yoast-schema-graph\">{\"@context\":\"https:\/\/schema.org\",\"@graph\":[{\"@type\":\"Article\",\"@id\":\"https:\/\/elcotarro.com\/?p=9044#article\",\"isPartOf\":{\"@id\":\"https:\/\/elcotarro.com\/?p=9044\"},\"author\":{\"name\":\"Jos\u00e9 Carlos Marrero Gonz\u00e1lez\",\"@id\":\"https:\/\/elcotarro.com\/#\/schema\/person\/af537ee7d60d15984c7e0affcd8a918b\"},\"headline\":\"FOTO 8.- HABITACI\u00d3N CON ESPACIO PARA UNA \u201cUCI\u201d\",\"datePublished\":\"2020-11-01T07:51:10+00:00\",\"mainEntityOfPage\":{\"@id\":\"https:\/\/elcotarro.com\/?p=9044\"},\"wordCount\":135,\"commentCount\":0,\"publisher\":{\"@id\":\"https:\/\/elcotarro.com\/#organization\"},\"image\":{\"@id\":\"https:\/\/elcotarro.com\/?p=9044#primaryimage\"},\"thumbnailUrl\":\"https:\/\/elcotarro.com\/wp-content\/uploads\/2020\/10\/FOTO-10.-CAMAS-DE-HOSPITAL.jpg\",\"inLanguage\":\"es\",\"potentialAction\":[{\"@type\":\"CommentAction\",\"name\":\"Comment\",\"target\":[\"https:\/\/elcotarro.com\/?p=9044#respond\"]}]},{\"@type\":\"WebPage\",\"@id\":\"https:\/\/elcotarro.com\/?p=9044\",\"url\":\"https:\/\/elcotarro.com\/?p=9044\",\"name\":\"FOTO 8.- HABITACI\u00d3N CON ESPACIO PARA UNA \u201cUCI\u201d - El Cotarro\",\"isPartOf\":{\"@id\":\"https:\/\/elcotarro.com\/#website\"},\"primaryImageOfPage\":{\"@id\":\"https:\/\/elcotarro.com\/?p=9044#primaryimage\"},\"image\":{\"@id\":\"https:\/\/elcotarro.com\/?p=9044#primaryimage\"},\"thumbnailUrl\":\"https:\/\/elcotarro.com\/wp-content\/uploads\/2020\/10\/FOTO-10.-CAMAS-DE-HOSPITAL.jpg\",\"datePublished\":\"2020-11-01T07:51:10+00:00\",\"breadcrumb\":{\"@id\":\"https:\/\/elcotarro.com\/?p=9044#breadcrumb\"},\"inLanguage\":\"es\",\"potentialAction\":[{\"@type\":\"ReadAction\",\"target\":[\"https:\/\/elcotarro.com\/?p=9044\"]}]},{\"@type\":\"ImageObject\",\"inLanguage\":\"es\",\"@id\":\"https:\/\/elcotarro.com\/?p=9044#primaryimage\",\"url\":\"https:\/\/elcotarro.com\/wp-content\/uploads\/2020\/10\/FOTO-10.-CAMAS-DE-HOSPITAL.jpg\",\"contentUrl\":\"https:\/\/elcotarro.com\/wp-content\/uploads\/2020\/10\/FOTO-10.-CAMAS-DE-HOSPITAL.jpg\",\"width\":2304,\"height\":1728},{\"@type\":\"BreadcrumbList\",\"@id\":\"https:\/\/elcotarro.com\/?p=9044#breadcrumb\",\"itemListElement\":[{\"@type\":\"ListItem\",\"position\":1,\"name\":\"Portada\",\"item\":\"https:\/\/elcotarro.com\/\"},{\"@type\":\"ListItem\",\"position\":2,\"name\":\"FOTO 8.- HABITACI\u00d3N CON ESPACIO PARA UNA \u201cUCI\u201d\"}]},{\"@type\":\"WebSite\",\"@id\":\"https:\/\/elcotarro.com\/#website\",\"url\":\"https:\/\/elcotarro.com\/\",\"name\":\"El Cotarro\",\"description\":\"Peri\u00f3dico Digital Independiente dirigido por Jos\u00e9 Carlos Marrero\",\"publisher\":{\"@id\":\"https:\/\/elcotarro.com\/#organization\"},\"potentialAction\":[{\"@type\":\"SearchAction\",\"target\":{\"@type\":\"EntryPoint\",\"urlTemplate\":\"https:\/\/elcotarro.com\/?s={search_term_string}\"},\"query-input\":{\"@type\":\"PropertyValueSpecification\",\"valueRequired\":true,\"valueName\":\"search_term_string\"}}],\"inLanguage\":\"es\"},{\"@type\":\"Organization\",\"@id\":\"https:\/\/elcotarro.com\/#organization\",\"name\":\"El Cotarro\",\"url\":\"https:\/\/elcotarro.com\/\",\"logo\":{\"@type\":\"ImageObject\",\"inLanguage\":\"es\",\"@id\":\"https:\/\/elcotarro.com\/#\/schema\/logo\/image\/\",\"url\":\"https:\/\/elcotarro.com\/wp-content\/uploads\/2014\/09\/Cabecera_El_Cotarro_v2.jpg\",\"contentUrl\":\"https:\/\/elcotarro.com\/wp-content\/uploads\/2014\/09\/Cabecera_El_Cotarro_v2.jpg\",\"width\":3540,\"height\":441,\"caption\":\"El Cotarro\"},\"image\":{\"@id\":\"https:\/\/elcotarro.com\/#\/schema\/logo\/image\/\"},\"sameAs\":[\"https:\/\/www.facebook.com\/ElCotarro.Tenerife\"]},{\"@type\":\"Person\",\"@id\":\"https:\/\/elcotarro.com\/#\/schema\/person\/af537ee7d60d15984c7e0affcd8a918b\",\"name\":\"Jos\u00e9 Carlos Marrero Gonz\u00e1lez\",\"image\":{\"@type\":\"ImageObject\",\"inLanguage\":\"es\",\"@id\":\"https:\/\/elcotarro.com\/#\/schema\/person\/image\/\",\"url\":\"https:\/\/secure.gravatar.com\/avatar\/def4da036efb5d32c74d49c351f6dccc064dd69ad9f3aadc295c5a9a5391ca01?s=96&d=mm&r=g\",\"contentUrl\":\"https:\/\/secure.gravatar.com\/avatar\/def4da036efb5d32c74d49c351f6dccc064dd69ad9f3aadc295c5a9a5391ca01?s=96&d=mm&r=g\",\"caption\":\"Jos\u00e9 Carlos Marrero Gonz\u00e1lez\"},\"sameAs\":[\"https:\/\/elcotarro.com\"],\"url\":\"https:\/\/elcotarro.com\/?author=2\"}]}<\/script>\n<!-- \/ Yoast SEO plugin. -->","yoast_head_json":{"title":"FOTO 8.- HABITACI\u00d3N CON ESPACIO PARA UNA \u201cUCI\u201d - El Cotarro","robots":{"index":"index","follow":"follow","max-snippet":"max-snippet:-1","max-image-preview":"max-image-preview:large","max-video-preview":"max-video-preview:-1"},"canonical":"https:\/\/elcotarro.com\/?p=9044","og_locale":"es_ES","og_type":"article","og_title":"FOTO 8.- HABITACI\u00d3N CON ESPACIO PARA UNA \u201cUCI\u201d - El Cotarro","og_description":"Es tan impactante y real como crudo y cabreante. Esta foto recoge la \u201czona de hospitalizaci\u00f3n\u201d donde se puede ver lo \u201cmoderno\u201d de sus camas, as\u00ed como su \u201cmagnifico\u201d estado de mantenimiento y conservaci\u00f3n. Si se fijan bien, pueden apreciar unas barras horizontales y una vertical, de color rosa. Sirven para, en caso de necesidad, ... Read more","og_url":"https:\/\/elcotarro.com\/?p=9044","og_site_name":"El Cotarro","article_publisher":"https:\/\/www.facebook.com\/ElCotarro.Tenerife","article_published_time":"2020-11-01T07:51:10+00:00","og_image":[{"url":"https:\/\/elcotarro.com\/wp-content\/uploads\/2020\/10\/FOTO-10.-CAMAS-DE-HOSPITAL.jpg","type":"","width":"","height":""}],"author":"Jos\u00e9 Carlos Marrero Gonz\u00e1lez","twitter_misc":{"Escrito por":"Jos\u00e9 Carlos Marrero Gonz\u00e1lez","Tiempo de lectura":"1 minuto"},"schema":{"@context":"https:\/\/schema.org","@graph":[{"@type":"Article","@id":"https:\/\/elcotarro.com\/?p=9044#article","isPartOf":{"@id":"https:\/\/elcotarro.com\/?p=9044"},"author":{"name":"Jos\u00e9 Carlos Marrero Gonz\u00e1lez","@id":"https:\/\/elcotarro.com\/#\/schema\/person\/af537ee7d60d15984c7e0affcd8a918b"},"headline":"FOTO 8.- HABITACI\u00d3N CON ESPACIO PARA UNA \u201cUCI\u201d","datePublished":"2020-11-01T07:51:10+00:00","mainEntityOfPage":{"@id":"https:\/\/elcotarro.com\/?p=9044"},"wordCount":135,"commentCount":0,"publisher":{"@id":"https:\/\/elcotarro.com\/#organization"},"image":{"@id":"https:\/\/elcotarro.com\/?p=9044#primaryimage"},"thumbnailUrl":"https:\/\/elcotarro.com\/wp-content\/uploads\/2020\/10\/FOTO-10.-CAMAS-DE-HOSPITAL.jpg","inLanguage":"es","potentialAction":[{"@type":"CommentAction","name":"Comment","target":["https:\/\/elcotarro.com\/?p=9044#respond"]}]},{"@type":"WebPage","@id":"https:\/\/elcotarro.com\/?p=9044","url":"https:\/\/elcotarro.com\/?p=9044","name":"FOTO 8.- HABITACI\u00d3N CON ESPACIO PARA UNA \u201cUCI\u201d - El Cotarro","isPartOf":{"@id":"https:\/\/elcotarro.com\/#website"},"primaryImageOfPage":{"@id":"https:\/\/elcotarro.com\/?p=9044#primaryimage"},"image":{"@id":"https:\/\/elcotarro.com\/?p=9044#primaryimage"},"thumbnailUrl":"https:\/\/elcotarro.com\/wp-content\/uploads\/2020\/10\/FOTO-10.-CAMAS-DE-HOSPITAL.jpg","datePublished":"2020-11-01T07:51:10+00:00","breadcrumb":{"@id":"https:\/\/elcotarro.com\/?p=9044#breadcrumb"},"inLanguage":"es","potentialAction":[{"@type":"ReadAction","target":["https:\/\/elcotarro.com\/?p=9044"]}]},{"@type":"ImageObject","inLanguage":"es","@id":"https:\/\/elcotarro.com\/?p=9044#primaryimage","url":"https:\/\/elcotarro.com\/wp-content\/uploads\/2020\/10\/FOTO-10.-CAMAS-DE-HOSPITAL.jpg","contentUrl":"https:\/\/elcotarro.com\/wp-content\/uploads\/2020\/10\/FOTO-10.-CAMAS-DE-HOSPITAL.jpg","width":2304,"height":1728},{"@type":"BreadcrumbList","@id":"https:\/\/elcotarro.com\/?p=9044#breadcrumb","itemListElement":[{"@type":"ListItem","position":1,"name":"Portada","item":"https:\/\/elcotarro.com\/"},{"@type":"ListItem","position":2,"name":"FOTO 8.- HABITACI\u00d3N CON ESPACIO PARA UNA \u201cUCI\u201d"}]},{"@type":"WebSite","@id":"https:\/\/elcotarro.com\/#website","url":"https:\/\/elcotarro.com\/","name":"El Cotarro","description":"Peri\u00f3dico Digital Independiente dirigido por Jos\u00e9 Carlos Marrero","publisher":{"@id":"https:\/\/elcotarro.com\/#organization"},"potentialAction":[{"@type":"SearchAction","target":{"@type":"EntryPoint","urlTemplate":"https:\/\/elcotarro.com\/?s={search_term_string}"},"query-input":{"@type":"PropertyValueSpecification","valueRequired":true,"valueName":"search_term_string"}}],"inLanguage":"es"},{"@type":"Organization","@id":"https:\/\/elcotarro.com\/#organization","name":"El Cotarro","url":"https:\/\/elcotarro.com\/","logo":{"@type":"ImageObject","inLanguage":"es","@id":"https:\/\/elcotarro.com\/#\/schema\/logo\/image\/","url":"https:\/\/elcotarro.com\/wp-content\/uploads\/2014\/09\/Cabecera_El_Cotarro_v2.jpg","contentUrl":"https:\/\/elcotarro.com\/wp-content\/uploads\/2014\/09\/Cabecera_El_Cotarro_v2.jpg","width":3540,"height":441,"caption":"El Cotarro"},"image":{"@id":"https:\/\/elcotarro.com\/#\/schema\/logo\/image\/"},"sameAs":["https:\/\/www.facebook.com\/ElCotarro.Tenerife"]},{"@type":"Person","@id":"https:\/\/elcotarro.com\/#\/schema\/person\/af537ee7d60d15984c7e0affcd8a918b","name":"Jos\u00e9 Carlos Marrero Gonz\u00e1lez","image":{"@type":"ImageObject","inLanguage":"es","@id":"https:\/\/elcotarro.com\/#\/schema\/person\/image\/","url":"https:\/\/secure.gravatar.com\/avatar\/def4da036efb5d32c74d49c351f6dccc064dd69ad9f3aadc295c5a9a5391ca01?s=96&d=mm&r=g","contentUrl":"https:\/\/secure.gravatar.com\/avatar\/def4da036efb5d32c74d49c351f6dccc064dd69ad9f3aadc295c5a9a5391ca01?s=96&d=mm&r=g","caption":"Jos\u00e9 Carlos Marrero Gonz\u00e1lez"},"sameAs":["https:\/\/elcotarro.com"],"url":"https:\/\/elcotarro.com\/?author=2"}]}},"jetpack_featured_media_url":"","jetpack_sharing_enabled":true,"_links":{"self":[{"href":"https:\/\/elcotarro.com\/index.php?rest_route=\/wp\/v2\/posts\/9044","targetHints":{"allow":["GET"]}}],"collection":[{"href":"https:\/\/elcotarro.com\/index.php?rest_route=\/wp\/v2\/posts"}],"about":[{"href":"https:\/\/elcotarro.com\/index.php?rest_route=\/wp\/v2\/types\/post"}],"author":[{"embeddable":true,"href":"https:\/\/elcotarro.com\/index.php?rest_route=\/wp\/v2\/users\/2"}],"replies":[{"embeddable":true,"href":"https:\/\/elcotarro.com\/index.php?rest_route=%2Fwp%2Fv2%2Fcomments&post=9044"}],"version-history":[{"count":1,"href":"https:\/\/elcotarro.com\/index.php?rest_route=\/wp\/v2\/posts\/9044\/revisions"}],"predecessor-version":[{"id":9046,"href":"https:\/\/elcotarro.com\/index.php?rest_route=\/wp\/v2\/posts\/9044\/revisions\/9046"}],"wp:attachment":[{"href":"https:\/\/elcotarro.com\/index.php?rest_route=%2Fwp%2Fv2%2Fmedia&parent=9044"}],"wp:term":[{"taxonomy":"category","embeddable":true,"href":"https:\/\/elcotarro.com\/index.php?rest_route=%2Fwp%2Fv2%2Fcategories&post=9044"},{"taxonomy":"post_tag","embeddable":true,"href":"https:\/\/elcotarro.com\/index.php?rest_route=%2Fwp%2Fv2%2Ftags&post=9044"}],"curies":[{"name":"wp","href":"https:\/\/api.w.org\/{rel}","templated":true}]}}