{"id":9047,"date":"2020-11-01T07:50:49","date_gmt":"2020-11-01T07:50:49","guid":{"rendered":"https:\/\/elcotarro.com\/?p=9047"},"modified":"2020-10-31T18:21:37","modified_gmt":"2020-10-31T18:21:37","slug":"foto-9-esperando-la-patera-que-les-traiga","status":"publish","type":"post","link":"https:\/\/elcotarro.com\/?p=9047","title":{"rendered":"FOTO 9.- ESPERANDO LA PATERA QUE LES TRAIGA"},"content":{"rendered":"<p>Y esta pen\u00faltima foto tiene una \u201chermana\u201d en forma de miles de pateras api\u00f1adas en el puerto de Nuakchot y m\u00e1s en el de Nuadib\u00fa (a\u00fan m\u00e1s cerca de Canarias) esperando que alguien las llene para partir hacia esta tierra. Mientras tanto, les dejo esta otra de dos subsaharianos esperando en Nuakchot. Por un mont\u00f3n de calles y plazas de la capital mauritana se ven cientos (yo creo que vi a miles) de personas (muchos m\u00e1s hombres que mujeres) sentados en plan \u201cagachadilla\u201d horas y horas, d\u00edas enteros, esperando sin hacer nada o muy poco hasta que les toque embarcar y salir en patera o cayuco hacia nuestras islas. Algunos hacen y sirven t\u00e9, otros hacen alg\u00fan \u201cc\u00e1ncamo\u201d si los contratan algunas horas, pero siempre est\u00e1n con el ojo puesto en el mar, la patera y, seguramente, en el mafioso que, a cambio de un buen dinero, le ha prometido que le traer\u00e1 vivo a Canarias, donde una nueva y mejor vida (ellos se lo aseguran) les espera.<\/p>\n<p style=\"text-align: center\"><a href=\"https:\/\/elcotarro.com\/wp-content\/uploads\/2020\/10\/FOTO-11.-ESPERANDO-LA-SALIDA.jpg\"><img loading=\"lazy\" decoding=\"async\" class=\"aligncenter size-full wp-image-9048\" src=\"https:\/\/elcotarro.com\/wp-content\/uploads\/2020\/10\/FOTO-11.-ESPERANDO-LA-SALIDA.jpg\" alt=\"\" width=\"2304\" height=\"1728\" srcset=\"https:\/\/elcotarro.com\/wp-content\/uploads\/2020\/10\/FOTO-11.-ESPERANDO-LA-SALIDA.jpg 2304w, https:\/\/elcotarro.com\/wp-content\/uploads\/2020\/10\/FOTO-11.-ESPERANDO-LA-SALIDA-300x225.jpg 300w, https:\/\/elcotarro.com\/wp-content\/uploads\/2020\/10\/FOTO-11.-ESPERANDO-LA-SALIDA-1024x768.jpg 1024w, https:\/\/elcotarro.com\/wp-content\/uploads\/2020\/10\/FOTO-11.-ESPERANDO-LA-SALIDA-768x576.jpg 768w, https:\/\/elcotarro.com\/wp-content\/uploads\/2020\/10\/FOTO-11.-ESPERANDO-LA-SALIDA-1536x1152.jpg 1536w, https:\/\/elcotarro.com\/wp-content\/uploads\/2020\/10\/FOTO-11.-ESPERANDO-LA-SALIDA-2048x1536.jpg 2048w\" sizes=\"auto, (max-width: 2304px) 100vw, 2304px\" \/><\/a><\/p>\n<p style=\"text-align: center\"><em>Miles de hombres y mujeres esperan sentados a que le toque su patera, su momento<\/em><\/p>\n","protected":false},"excerpt":{"rendered":"<p>Y esta pen\u00faltima foto tiene una \u201chermana\u201d en forma de miles de pateras api\u00f1adas en el puerto de Nuakchot y m\u00e1s en el de Nuadib\u00fa (a\u00fan m\u00e1s cerca de Canarias) esperando que alguien las llene para partir hacia esta tierra. Mientras tanto, les dejo esta otra de dos subsaharianos esperando en Nuakchot. Por un mont\u00f3n &#8230; <a class=\"read-more\" href=\"https:\/\/elcotarro.com\/?p=9047\">Read more<\/a><\/p>\n","protected":false},"author":2,"featured_media":0,"comment_status":"open","ping_status":"open","sticky":false,"template":"","format":"standard","meta":{"_jetpack_memberships_contains_paid_content":false,"footnotes":""},"categories":[1],"tags":[],"class_list":["post-9047","post","type-post","status-publish","format-standard","hentry","category-sin-categoria"],"yoast_head":"<!-- This site is optimized with the Yoast SEO plugin v27.0 - https:\/\/yoast.com\/product\/yoast-seo-wordpress\/ -->\n<title>FOTO 9.- ESPERANDO LA PATERA QUE LES TRAIGA - El Cotarro<\/title>\n<meta name=\"robots\" content=\"index, follow, max-snippet:-1, max-image-preview:large, max-video-preview:-1\" \/>\n<link rel=\"canonical\" href=\"https:\/\/elcotarro.com\/?p=9047\" \/>\n<meta property=\"og:locale\" content=\"es_ES\" \/>\n<meta property=\"og:type\" content=\"article\" \/>\n<meta property=\"og:title\" content=\"FOTO 9.- ESPERANDO LA PATERA QUE LES TRAIGA - El Cotarro\" \/>\n<meta property=\"og:description\" content=\"Y esta pen\u00faltima foto tiene una \u201chermana\u201d en forma de miles de pateras api\u00f1adas en el puerto de Nuakchot y m\u00e1s en el de Nuadib\u00fa (a\u00fan m\u00e1s cerca de Canarias) esperando que alguien las llene para partir hacia esta tierra. Mientras tanto, les dejo esta otra de dos subsaharianos esperando en Nuakchot. Por un mont\u00f3n ... Read more\" \/>\n<meta property=\"og:url\" content=\"https:\/\/elcotarro.com\/?p=9047\" \/>\n<meta property=\"og:site_name\" content=\"El Cotarro\" \/>\n<meta property=\"article:publisher\" content=\"https:\/\/www.facebook.com\/ElCotarro.Tenerife\" \/>\n<meta property=\"article:published_time\" content=\"2020-11-01T07:50:49+00:00\" \/>\n<meta property=\"og:image\" content=\"https:\/\/elcotarro.com\/wp-content\/uploads\/2020\/10\/FOTO-11.-ESPERANDO-LA-SALIDA.jpg\" \/>\n<meta name=\"author\" content=\"Jos\u00e9 Carlos Marrero Gonz\u00e1lez\" \/>\n<meta name=\"twitter:label1\" content=\"Escrito por\" \/>\n\t<meta name=\"twitter:data1\" content=\"Jos\u00e9 Carlos Marrero Gonz\u00e1lez\" \/>\n\t<meta name=\"twitter:label2\" content=\"Tiempo de lectura\" \/>\n\t<meta name=\"twitter:data2\" content=\"1 minuto\" \/>\n<script type=\"application\/ld+json\" class=\"yoast-schema-graph\">{\"@context\":\"https:\/\/schema.org\",\"@graph\":[{\"@type\":\"Article\",\"@id\":\"https:\/\/elcotarro.com\/?p=9047#article\",\"isPartOf\":{\"@id\":\"https:\/\/elcotarro.com\/?p=9047\"},\"author\":{\"name\":\"Jos\u00e9 Carlos Marrero Gonz\u00e1lez\",\"@id\":\"https:\/\/elcotarro.com\/#\/schema\/person\/af537ee7d60d15984c7e0affcd8a918b\"},\"headline\":\"FOTO 9.- ESPERANDO LA PATERA QUE LES TRAIGA\",\"datePublished\":\"2020-11-01T07:50:49+00:00\",\"mainEntityOfPage\":{\"@id\":\"https:\/\/elcotarro.com\/?p=9047\"},\"wordCount\":202,\"commentCount\":0,\"publisher\":{\"@id\":\"https:\/\/elcotarro.com\/#organization\"},\"image\":{\"@id\":\"https:\/\/elcotarro.com\/?p=9047#primaryimage\"},\"thumbnailUrl\":\"https:\/\/elcotarro.com\/wp-content\/uploads\/2020\/10\/FOTO-11.-ESPERANDO-LA-SALIDA.jpg\",\"inLanguage\":\"es\",\"potentialAction\":[{\"@type\":\"CommentAction\",\"name\":\"Comment\",\"target\":[\"https:\/\/elcotarro.com\/?p=9047#respond\"]}]},{\"@type\":\"WebPage\",\"@id\":\"https:\/\/elcotarro.com\/?p=9047\",\"url\":\"https:\/\/elcotarro.com\/?p=9047\",\"name\":\"FOTO 9.- ESPERANDO LA PATERA QUE LES TRAIGA - El Cotarro\",\"isPartOf\":{\"@id\":\"https:\/\/elcotarro.com\/#website\"},\"primaryImageOfPage\":{\"@id\":\"https:\/\/elcotarro.com\/?p=9047#primaryimage\"},\"image\":{\"@id\":\"https:\/\/elcotarro.com\/?p=9047#primaryimage\"},\"thumbnailUrl\":\"https:\/\/elcotarro.com\/wp-content\/uploads\/2020\/10\/FOTO-11.-ESPERANDO-LA-SALIDA.jpg\",\"datePublished\":\"2020-11-01T07:50:49+00:00\",\"breadcrumb\":{\"@id\":\"https:\/\/elcotarro.com\/?p=9047#breadcrumb\"},\"inLanguage\":\"es\",\"potentialAction\":[{\"@type\":\"ReadAction\",\"target\":[\"https:\/\/elcotarro.com\/?p=9047\"]}]},{\"@type\":\"ImageObject\",\"inLanguage\":\"es\",\"@id\":\"https:\/\/elcotarro.com\/?p=9047#primaryimage\",\"url\":\"https:\/\/elcotarro.com\/wp-content\/uploads\/2020\/10\/FOTO-11.-ESPERANDO-LA-SALIDA.jpg\",\"contentUrl\":\"https:\/\/elcotarro.com\/wp-content\/uploads\/2020\/10\/FOTO-11.-ESPERANDO-LA-SALIDA.jpg\",\"width\":2304,\"height\":1728},{\"@type\":\"BreadcrumbList\",\"@id\":\"https:\/\/elcotarro.com\/?p=9047#breadcrumb\",\"itemListElement\":[{\"@type\":\"ListItem\",\"position\":1,\"name\":\"Portada\",\"item\":\"https:\/\/elcotarro.com\/\"},{\"@type\":\"ListItem\",\"position\":2,\"name\":\"FOTO 9.- ESPERANDO LA PATERA QUE LES TRAIGA\"}]},{\"@type\":\"WebSite\",\"@id\":\"https:\/\/elcotarro.com\/#website\",\"url\":\"https:\/\/elcotarro.com\/\",\"name\":\"El Cotarro\",\"description\":\"Peri\u00f3dico Digital Independiente dirigido por Jos\u00e9 Carlos Marrero\",\"publisher\":{\"@id\":\"https:\/\/elcotarro.com\/#organization\"},\"potentialAction\":[{\"@type\":\"SearchAction\",\"target\":{\"@type\":\"EntryPoint\",\"urlTemplate\":\"https:\/\/elcotarro.com\/?s={search_term_string}\"},\"query-input\":{\"@type\":\"PropertyValueSpecification\",\"valueRequired\":true,\"valueName\":\"search_term_string\"}}],\"inLanguage\":\"es\"},{\"@type\":\"Organization\",\"@id\":\"https:\/\/elcotarro.com\/#organization\",\"name\":\"El Cotarro\",\"url\":\"https:\/\/elcotarro.com\/\",\"logo\":{\"@type\":\"ImageObject\",\"inLanguage\":\"es\",\"@id\":\"https:\/\/elcotarro.com\/#\/schema\/logo\/image\/\",\"url\":\"https:\/\/elcotarro.com\/wp-content\/uploads\/2014\/09\/Cabecera_El_Cotarro_v2.jpg\",\"contentUrl\":\"https:\/\/elcotarro.com\/wp-content\/uploads\/2014\/09\/Cabecera_El_Cotarro_v2.jpg\",\"width\":3540,\"height\":441,\"caption\":\"El Cotarro\"},\"image\":{\"@id\":\"https:\/\/elcotarro.com\/#\/schema\/logo\/image\/\"},\"sameAs\":[\"https:\/\/www.facebook.com\/ElCotarro.Tenerife\"]},{\"@type\":\"Person\",\"@id\":\"https:\/\/elcotarro.com\/#\/schema\/person\/af537ee7d60d15984c7e0affcd8a918b\",\"name\":\"Jos\u00e9 Carlos Marrero Gonz\u00e1lez\",\"image\":{\"@type\":\"ImageObject\",\"inLanguage\":\"es\",\"@id\":\"https:\/\/elcotarro.com\/#\/schema\/person\/image\/\",\"url\":\"https:\/\/secure.gravatar.com\/avatar\/def4da036efb5d32c74d49c351f6dccc064dd69ad9f3aadc295c5a9a5391ca01?s=96&d=mm&r=g\",\"contentUrl\":\"https:\/\/secure.gravatar.com\/avatar\/def4da036efb5d32c74d49c351f6dccc064dd69ad9f3aadc295c5a9a5391ca01?s=96&d=mm&r=g\",\"caption\":\"Jos\u00e9 Carlos Marrero Gonz\u00e1lez\"},\"sameAs\":[\"https:\/\/elcotarro.com\"],\"url\":\"https:\/\/elcotarro.com\/?author=2\"}]}<\/script>\n<!-- \/ Yoast SEO plugin. -->","yoast_head_json":{"title":"FOTO 9.- ESPERANDO LA PATERA QUE LES TRAIGA - El Cotarro","robots":{"index":"index","follow":"follow","max-snippet":"max-snippet:-1","max-image-preview":"max-image-preview:large","max-video-preview":"max-video-preview:-1"},"canonical":"https:\/\/elcotarro.com\/?p=9047","og_locale":"es_ES","og_type":"article","og_title":"FOTO 9.- ESPERANDO LA PATERA QUE LES TRAIGA - El Cotarro","og_description":"Y esta pen\u00faltima foto tiene una \u201chermana\u201d en forma de miles de pateras api\u00f1adas en el puerto de Nuakchot y m\u00e1s en el de Nuadib\u00fa (a\u00fan m\u00e1s cerca de Canarias) esperando que alguien las llene para partir hacia esta tierra. Mientras tanto, les dejo esta otra de dos subsaharianos esperando en Nuakchot. Por un mont\u00f3n ... Read more","og_url":"https:\/\/elcotarro.com\/?p=9047","og_site_name":"El Cotarro","article_publisher":"https:\/\/www.facebook.com\/ElCotarro.Tenerife","article_published_time":"2020-11-01T07:50:49+00:00","og_image":[{"url":"https:\/\/elcotarro.com\/wp-content\/uploads\/2020\/10\/FOTO-11.-ESPERANDO-LA-SALIDA.jpg","type":"","width":"","height":""}],"author":"Jos\u00e9 Carlos Marrero Gonz\u00e1lez","twitter_misc":{"Escrito por":"Jos\u00e9 Carlos Marrero Gonz\u00e1lez","Tiempo de lectura":"1 minuto"},"schema":{"@context":"https:\/\/schema.org","@graph":[{"@type":"Article","@id":"https:\/\/elcotarro.com\/?p=9047#article","isPartOf":{"@id":"https:\/\/elcotarro.com\/?p=9047"},"author":{"name":"Jos\u00e9 Carlos Marrero Gonz\u00e1lez","@id":"https:\/\/elcotarro.com\/#\/schema\/person\/af537ee7d60d15984c7e0affcd8a918b"},"headline":"FOTO 9.- ESPERANDO LA PATERA QUE LES TRAIGA","datePublished":"2020-11-01T07:50:49+00:00","mainEntityOfPage":{"@id":"https:\/\/elcotarro.com\/?p=9047"},"wordCount":202,"commentCount":0,"publisher":{"@id":"https:\/\/elcotarro.com\/#organization"},"image":{"@id":"https:\/\/elcotarro.com\/?p=9047#primaryimage"},"thumbnailUrl":"https:\/\/elcotarro.com\/wp-content\/uploads\/2020\/10\/FOTO-11.-ESPERANDO-LA-SALIDA.jpg","inLanguage":"es","potentialAction":[{"@type":"CommentAction","name":"Comment","target":["https:\/\/elcotarro.com\/?p=9047#respond"]}]},{"@type":"WebPage","@id":"https:\/\/elcotarro.com\/?p=9047","url":"https:\/\/elcotarro.com\/?p=9047","name":"FOTO 9.- ESPERANDO LA PATERA QUE LES TRAIGA - El Cotarro","isPartOf":{"@id":"https:\/\/elcotarro.com\/#website"},"primaryImageOfPage":{"@id":"https:\/\/elcotarro.com\/?p=9047#primaryimage"},"image":{"@id":"https:\/\/elcotarro.com\/?p=9047#primaryimage"},"thumbnailUrl":"https:\/\/elcotarro.com\/wp-content\/uploads\/2020\/10\/FOTO-11.-ESPERANDO-LA-SALIDA.jpg","datePublished":"2020-11-01T07:50:49+00:00","breadcrumb":{"@id":"https:\/\/elcotarro.com\/?p=9047#breadcrumb"},"inLanguage":"es","potentialAction":[{"@type":"ReadAction","target":["https:\/\/elcotarro.com\/?p=9047"]}]},{"@type":"ImageObject","inLanguage":"es","@id":"https:\/\/elcotarro.com\/?p=9047#primaryimage","url":"https:\/\/elcotarro.com\/wp-content\/uploads\/2020\/10\/FOTO-11.-ESPERANDO-LA-SALIDA.jpg","contentUrl":"https:\/\/elcotarro.com\/wp-content\/uploads\/2020\/10\/FOTO-11.-ESPERANDO-LA-SALIDA.jpg","width":2304,"height":1728},{"@type":"BreadcrumbList","@id":"https:\/\/elcotarro.com\/?p=9047#breadcrumb","itemListElement":[{"@type":"ListItem","position":1,"name":"Portada","item":"https:\/\/elcotarro.com\/"},{"@type":"ListItem","position":2,"name":"FOTO 9.- ESPERANDO LA PATERA QUE LES TRAIGA"}]},{"@type":"WebSite","@id":"https:\/\/elcotarro.com\/#website","url":"https:\/\/elcotarro.com\/","name":"El Cotarro","description":"Peri\u00f3dico Digital Independiente dirigido por Jos\u00e9 Carlos Marrero","publisher":{"@id":"https:\/\/elcotarro.com\/#organization"},"potentialAction":[{"@type":"SearchAction","target":{"@type":"EntryPoint","urlTemplate":"https:\/\/elcotarro.com\/?s={search_term_string}"},"query-input":{"@type":"PropertyValueSpecification","valueRequired":true,"valueName":"search_term_string"}}],"inLanguage":"es"},{"@type":"Organization","@id":"https:\/\/elcotarro.com\/#organization","name":"El Cotarro","url":"https:\/\/elcotarro.com\/","logo":{"@type":"ImageObject","inLanguage":"es","@id":"https:\/\/elcotarro.com\/#\/schema\/logo\/image\/","url":"https:\/\/elcotarro.com\/wp-content\/uploads\/2014\/09\/Cabecera_El_Cotarro_v2.jpg","contentUrl":"https:\/\/elcotarro.com\/wp-content\/uploads\/2014\/09\/Cabecera_El_Cotarro_v2.jpg","width":3540,"height":441,"caption":"El Cotarro"},"image":{"@id":"https:\/\/elcotarro.com\/#\/schema\/logo\/image\/"},"sameAs":["https:\/\/www.facebook.com\/ElCotarro.Tenerife"]},{"@type":"Person","@id":"https:\/\/elcotarro.com\/#\/schema\/person\/af537ee7d60d15984c7e0affcd8a918b","name":"Jos\u00e9 Carlos Marrero Gonz\u00e1lez","image":{"@type":"ImageObject","inLanguage":"es","@id":"https:\/\/elcotarro.com\/#\/schema\/person\/image\/","url":"https:\/\/secure.gravatar.com\/avatar\/def4da036efb5d32c74d49c351f6dccc064dd69ad9f3aadc295c5a9a5391ca01?s=96&d=mm&r=g","contentUrl":"https:\/\/secure.gravatar.com\/avatar\/def4da036efb5d32c74d49c351f6dccc064dd69ad9f3aadc295c5a9a5391ca01?s=96&d=mm&r=g","caption":"Jos\u00e9 Carlos Marrero Gonz\u00e1lez"},"sameAs":["https:\/\/elcotarro.com"],"url":"https:\/\/elcotarro.com\/?author=2"}]}},"jetpack_featured_media_url":"","jetpack_sharing_enabled":true,"_links":{"self":[{"href":"https:\/\/elcotarro.com\/index.php?rest_route=\/wp\/v2\/posts\/9047","targetHints":{"allow":["GET"]}}],"collection":[{"href":"https:\/\/elcotarro.com\/index.php?rest_route=\/wp\/v2\/posts"}],"about":[{"href":"https:\/\/elcotarro.com\/index.php?rest_route=\/wp\/v2\/types\/post"}],"author":[{"embeddable":true,"href":"https:\/\/elcotarro.com\/index.php?rest_route=\/wp\/v2\/users\/2"}],"replies":[{"embeddable":true,"href":"https:\/\/elcotarro.com\/index.php?rest_route=%2Fwp%2Fv2%2Fcomments&post=9047"}],"version-history":[{"count":1,"href":"https:\/\/elcotarro.com\/index.php?rest_route=\/wp\/v2\/posts\/9047\/revisions"}],"predecessor-version":[{"id":9049,"href":"https:\/\/elcotarro.com\/index.php?rest_route=\/wp\/v2\/posts\/9047\/revisions\/9049"}],"wp:attachment":[{"href":"https:\/\/elcotarro.com\/index.php?rest_route=%2Fwp%2Fv2%2Fmedia&parent=9047"}],"wp:term":[{"taxonomy":"category","embeddable":true,"href":"https:\/\/elcotarro.com\/index.php?rest_route=%2Fwp%2Fv2%2Fcategories&post=9047"},{"taxonomy":"post_tag","embeddable":true,"href":"https:\/\/elcotarro.com\/index.php?rest_route=%2Fwp%2Fv2%2Ftags&post=9047"}],"curies":[{"name":"wp","href":"https:\/\/api.w.org\/{rel}","templated":true}]}}