{"id":9050,"date":"2020-11-01T07:49:46","date_gmt":"2020-11-01T07:49:46","guid":{"rendered":"https:\/\/elcotarro.com\/?p=9050"},"modified":"2020-10-31T18:22:57","modified_gmt":"2020-10-31T18:22:57","slug":"foto-10-en-todo-momento-viendo-como-vivimos","status":"publish","type":"post","link":"https:\/\/elcotarro.com\/?p=9050","title":{"rendered":"FOTO 10.- EN TODO MOMENTO VIENDO COMO VIVIMOS"},"content":{"rendered":"<p>Termino casi con la misma foto con la que comenc\u00e9 esta serie. Pero, en este caso, acercando el objetivo de la c\u00e1mara para que puedan ver mejor alguna de esas miles y miles de antenas parab\u00f3licas por donde ellos reciben las im\u00e1genes que ven en sus humildes televisores, conectados a una precaria red de electricidad o a un grupo electr\u00f3geno de gasoil. Horas y horas, d\u00edas y d\u00edas, meses o a\u00f1os, desde que nacen, viendo im\u00e1genes de una vida que, para ellos, es \u201cde lujo\u201d y casi inalcanzable, pero de la que ellos mismos saben que le separan solo 1.000 kil\u00f3metros de distancia y unos d\u00edas en patera. Como me dijo monse\u00f1or <strong>Albert Happe\u00a0<\/strong><em>\u201cesta gente no tiene nada que perder aqu\u00ed\u201d<\/em> \u2026 Por eso, por muchos centros de acogida, de internamiento para extranjeros (CIEs) que tengamos, por muchos cuarteles o recintos que adaptemos, o por muchos hoteles que les cedamos para su alojamiento, cuando el mar est\u00e9 en condiciones seguir\u00e1n viniendo m\u00e1s y m\u00e1s. La problem\u00e1tica (la hemorragia de inmigrantes hacia Canarias, Espa\u00f1a y Europa) seguir\u00e1 a m\u00e1s, mientras no echemos inteligencia y pongamos soluciones all\u00e1, en el origen, en el foco y el motivo de la hemorragia. En este \u201cD\u00eda de Finados\u201d, nuestro recuerdo especial para los difuntos que se haya tragado el mar entre \u00c1frica y Canarias. Descansen en paz.<\/p>\n<p style=\"text-align: center\"><a href=\"https:\/\/elcotarro.com\/wp-content\/uploads\/2020\/10\/FOTO-12.-ANTENAS-DE-TV.jpg\"><img loading=\"lazy\" decoding=\"async\" class=\"aligncenter size-full wp-image-9051\" src=\"https:\/\/elcotarro.com\/wp-content\/uploads\/2020\/10\/FOTO-12.-ANTENAS-DE-TV.jpg\" alt=\"\" width=\"2304\" height=\"1728\" srcset=\"https:\/\/elcotarro.com\/wp-content\/uploads\/2020\/10\/FOTO-12.-ANTENAS-DE-TV.jpg 2304w, https:\/\/elcotarro.com\/wp-content\/uploads\/2020\/10\/FOTO-12.-ANTENAS-DE-TV-300x225.jpg 300w, https:\/\/elcotarro.com\/wp-content\/uploads\/2020\/10\/FOTO-12.-ANTENAS-DE-TV-1024x768.jpg 1024w, https:\/\/elcotarro.com\/wp-content\/uploads\/2020\/10\/FOTO-12.-ANTENAS-DE-TV-768x576.jpg 768w, https:\/\/elcotarro.com\/wp-content\/uploads\/2020\/10\/FOTO-12.-ANTENAS-DE-TV-1536x1152.jpg 1536w, https:\/\/elcotarro.com\/wp-content\/uploads\/2020\/10\/FOTO-12.-ANTENAS-DE-TV-2048x1536.jpg 2048w\" sizes=\"auto, (max-width: 2304px) 100vw, 2304px\" \/><\/a><\/p>\n<p style=\"text-align: center\"><em>Miles de antenas como estas les ense\u00f1an, d\u00eda a d\u00eda, c\u00f3mo se vive a 1000 Km. de ellos<\/em><\/p>\n<p style=\"text-align: center\"><a href=\"http:\/\/www.careca.es\/\" target=\"_blank\" rel=\"noopener noreferrer\"><img loading=\"lazy\" decoding=\"async\" class=\"size-full wp-image-2216 aligncenter\" src=\"https:\/\/elcotarro.com\/wp-content\/uploads\/2016\/07\/InsulacafeElCotarro.jpg\" alt=\"Bnn_Careca\" width=\"750\" height=\"150\" \/><\/a><\/p>\n","protected":false},"excerpt":{"rendered":"<p>Termino casi con la misma foto con la que comenc\u00e9 esta serie. Pero, en este caso, acercando el objetivo de la c\u00e1mara para que puedan ver mejor alguna de esas miles y miles de antenas parab\u00f3licas por donde ellos reciben las im\u00e1genes que ven en sus humildes televisores, conectados a una precaria red de electricidad &#8230; <a class=\"read-more\" href=\"https:\/\/elcotarro.com\/?p=9050\">Read more<\/a><\/p>\n","protected":false},"author":2,"featured_media":0,"comment_status":"open","ping_status":"open","sticky":false,"template":"","format":"standard","meta":{"_jetpack_memberships_contains_paid_content":false,"footnotes":""},"categories":[1],"tags":[],"class_list":["post-9050","post","type-post","status-publish","format-standard","hentry","category-sin-categoria"],"yoast_head":"<!-- This site is optimized with the Yoast SEO plugin v27.0 - https:\/\/yoast.com\/product\/yoast-seo-wordpress\/ -->\n<title>FOTO 10.- EN TODO MOMENTO VIENDO COMO VIVIMOS - El Cotarro<\/title>\n<meta name=\"robots\" content=\"index, follow, max-snippet:-1, max-image-preview:large, max-video-preview:-1\" \/>\n<link rel=\"canonical\" href=\"https:\/\/elcotarro.com\/?p=9050\" \/>\n<meta property=\"og:locale\" content=\"es_ES\" \/>\n<meta property=\"og:type\" content=\"article\" \/>\n<meta property=\"og:title\" content=\"FOTO 10.- EN TODO MOMENTO VIENDO COMO VIVIMOS - El Cotarro\" \/>\n<meta property=\"og:description\" content=\"Termino casi con la misma foto con la que comenc\u00e9 esta serie. Pero, en este caso, acercando el objetivo de la c\u00e1mara para que puedan ver mejor alguna de esas miles y miles de antenas parab\u00f3licas por donde ellos reciben las im\u00e1genes que ven en sus humildes televisores, conectados a una precaria red de electricidad ... Read more\" \/>\n<meta property=\"og:url\" content=\"https:\/\/elcotarro.com\/?p=9050\" \/>\n<meta property=\"og:site_name\" content=\"El Cotarro\" \/>\n<meta property=\"article:publisher\" content=\"https:\/\/www.facebook.com\/ElCotarro.Tenerife\" \/>\n<meta property=\"article:published_time\" content=\"2020-11-01T07:49:46+00:00\" \/>\n<meta property=\"og:image\" content=\"https:\/\/elcotarro.com\/wp-content\/uploads\/2020\/10\/FOTO-12.-ANTENAS-DE-TV.jpg\" \/>\n<meta name=\"author\" content=\"Jos\u00e9 Carlos Marrero Gonz\u00e1lez\" \/>\n<meta name=\"twitter:label1\" content=\"Escrito por\" \/>\n\t<meta name=\"twitter:data1\" content=\"Jos\u00e9 Carlos Marrero Gonz\u00e1lez\" \/>\n\t<meta name=\"twitter:label2\" content=\"Tiempo de lectura\" \/>\n\t<meta name=\"twitter:data2\" content=\"1 minuto\" \/>\n<script type=\"application\/ld+json\" class=\"yoast-schema-graph\">{\"@context\":\"https:\/\/schema.org\",\"@graph\":[{\"@type\":\"Article\",\"@id\":\"https:\/\/elcotarro.com\/?p=9050#article\",\"isPartOf\":{\"@id\":\"https:\/\/elcotarro.com\/?p=9050\"},\"author\":{\"name\":\"Jos\u00e9 Carlos Marrero Gonz\u00e1lez\",\"@id\":\"https:\/\/elcotarro.com\/#\/schema\/person\/af537ee7d60d15984c7e0affcd8a918b\"},\"headline\":\"FOTO 10.- EN TODO MOMENTO VIENDO COMO VIVIMOS\",\"datePublished\":\"2020-11-01T07:49:46+00:00\",\"mainEntityOfPage\":{\"@id\":\"https:\/\/elcotarro.com\/?p=9050\"},\"wordCount\":268,\"commentCount\":0,\"publisher\":{\"@id\":\"https:\/\/elcotarro.com\/#organization\"},\"image\":{\"@id\":\"https:\/\/elcotarro.com\/?p=9050#primaryimage\"},\"thumbnailUrl\":\"https:\/\/elcotarro.com\/wp-content\/uploads\/2020\/10\/FOTO-12.-ANTENAS-DE-TV.jpg\",\"inLanguage\":\"es\",\"potentialAction\":[{\"@type\":\"CommentAction\",\"name\":\"Comment\",\"target\":[\"https:\/\/elcotarro.com\/?p=9050#respond\"]}]},{\"@type\":\"WebPage\",\"@id\":\"https:\/\/elcotarro.com\/?p=9050\",\"url\":\"https:\/\/elcotarro.com\/?p=9050\",\"name\":\"FOTO 10.- EN TODO MOMENTO VIENDO COMO VIVIMOS - El Cotarro\",\"isPartOf\":{\"@id\":\"https:\/\/elcotarro.com\/#website\"},\"primaryImageOfPage\":{\"@id\":\"https:\/\/elcotarro.com\/?p=9050#primaryimage\"},\"image\":{\"@id\":\"https:\/\/elcotarro.com\/?p=9050#primaryimage\"},\"thumbnailUrl\":\"https:\/\/elcotarro.com\/wp-content\/uploads\/2020\/10\/FOTO-12.-ANTENAS-DE-TV.jpg\",\"datePublished\":\"2020-11-01T07:49:46+00:00\",\"breadcrumb\":{\"@id\":\"https:\/\/elcotarro.com\/?p=9050#breadcrumb\"},\"inLanguage\":\"es\",\"potentialAction\":[{\"@type\":\"ReadAction\",\"target\":[\"https:\/\/elcotarro.com\/?p=9050\"]}]},{\"@type\":\"ImageObject\",\"inLanguage\":\"es\",\"@id\":\"https:\/\/elcotarro.com\/?p=9050#primaryimage\",\"url\":\"https:\/\/elcotarro.com\/wp-content\/uploads\/2020\/10\/FOTO-12.-ANTENAS-DE-TV.jpg\",\"contentUrl\":\"https:\/\/elcotarro.com\/wp-content\/uploads\/2020\/10\/FOTO-12.-ANTENAS-DE-TV.jpg\",\"width\":2304,\"height\":1728},{\"@type\":\"BreadcrumbList\",\"@id\":\"https:\/\/elcotarro.com\/?p=9050#breadcrumb\",\"itemListElement\":[{\"@type\":\"ListItem\",\"position\":1,\"name\":\"Portada\",\"item\":\"https:\/\/elcotarro.com\/\"},{\"@type\":\"ListItem\",\"position\":2,\"name\":\"FOTO 10.- EN TODO MOMENTO VIENDO COMO VIVIMOS\"}]},{\"@type\":\"WebSite\",\"@id\":\"https:\/\/elcotarro.com\/#website\",\"url\":\"https:\/\/elcotarro.com\/\",\"name\":\"El Cotarro\",\"description\":\"Peri\u00f3dico Digital Independiente dirigido por Jos\u00e9 Carlos Marrero\",\"publisher\":{\"@id\":\"https:\/\/elcotarro.com\/#organization\"},\"potentialAction\":[{\"@type\":\"SearchAction\",\"target\":{\"@type\":\"EntryPoint\",\"urlTemplate\":\"https:\/\/elcotarro.com\/?s={search_term_string}\"},\"query-input\":{\"@type\":\"PropertyValueSpecification\",\"valueRequired\":true,\"valueName\":\"search_term_string\"}}],\"inLanguage\":\"es\"},{\"@type\":\"Organization\",\"@id\":\"https:\/\/elcotarro.com\/#organization\",\"name\":\"El Cotarro\",\"url\":\"https:\/\/elcotarro.com\/\",\"logo\":{\"@type\":\"ImageObject\",\"inLanguage\":\"es\",\"@id\":\"https:\/\/elcotarro.com\/#\/schema\/logo\/image\/\",\"url\":\"https:\/\/elcotarro.com\/wp-content\/uploads\/2014\/09\/Cabecera_El_Cotarro_v2.jpg\",\"contentUrl\":\"https:\/\/elcotarro.com\/wp-content\/uploads\/2014\/09\/Cabecera_El_Cotarro_v2.jpg\",\"width\":3540,\"height\":441,\"caption\":\"El Cotarro\"},\"image\":{\"@id\":\"https:\/\/elcotarro.com\/#\/schema\/logo\/image\/\"},\"sameAs\":[\"https:\/\/www.facebook.com\/ElCotarro.Tenerife\"]},{\"@type\":\"Person\",\"@id\":\"https:\/\/elcotarro.com\/#\/schema\/person\/af537ee7d60d15984c7e0affcd8a918b\",\"name\":\"Jos\u00e9 Carlos Marrero Gonz\u00e1lez\",\"image\":{\"@type\":\"ImageObject\",\"inLanguage\":\"es\",\"@id\":\"https:\/\/elcotarro.com\/#\/schema\/person\/image\/\",\"url\":\"https:\/\/secure.gravatar.com\/avatar\/def4da036efb5d32c74d49c351f6dccc064dd69ad9f3aadc295c5a9a5391ca01?s=96&d=mm&r=g\",\"contentUrl\":\"https:\/\/secure.gravatar.com\/avatar\/def4da036efb5d32c74d49c351f6dccc064dd69ad9f3aadc295c5a9a5391ca01?s=96&d=mm&r=g\",\"caption\":\"Jos\u00e9 Carlos Marrero Gonz\u00e1lez\"},\"sameAs\":[\"https:\/\/elcotarro.com\"],\"url\":\"https:\/\/elcotarro.com\/?author=2\"}]}<\/script>\n<!-- \/ Yoast SEO plugin. -->","yoast_head_json":{"title":"FOTO 10.- EN TODO MOMENTO VIENDO COMO VIVIMOS - El Cotarro","robots":{"index":"index","follow":"follow","max-snippet":"max-snippet:-1","max-image-preview":"max-image-preview:large","max-video-preview":"max-video-preview:-1"},"canonical":"https:\/\/elcotarro.com\/?p=9050","og_locale":"es_ES","og_type":"article","og_title":"FOTO 10.- EN TODO MOMENTO VIENDO COMO VIVIMOS - El Cotarro","og_description":"Termino casi con la misma foto con la que comenc\u00e9 esta serie. Pero, en este caso, acercando el objetivo de la c\u00e1mara para que puedan ver mejor alguna de esas miles y miles de antenas parab\u00f3licas por donde ellos reciben las im\u00e1genes que ven en sus humildes televisores, conectados a una precaria red de electricidad ... Read more","og_url":"https:\/\/elcotarro.com\/?p=9050","og_site_name":"El Cotarro","article_publisher":"https:\/\/www.facebook.com\/ElCotarro.Tenerife","article_published_time":"2020-11-01T07:49:46+00:00","og_image":[{"url":"https:\/\/elcotarro.com\/wp-content\/uploads\/2020\/10\/FOTO-12.-ANTENAS-DE-TV.jpg","type":"","width":"","height":""}],"author":"Jos\u00e9 Carlos Marrero Gonz\u00e1lez","twitter_misc":{"Escrito por":"Jos\u00e9 Carlos Marrero Gonz\u00e1lez","Tiempo de lectura":"1 minuto"},"schema":{"@context":"https:\/\/schema.org","@graph":[{"@type":"Article","@id":"https:\/\/elcotarro.com\/?p=9050#article","isPartOf":{"@id":"https:\/\/elcotarro.com\/?p=9050"},"author":{"name":"Jos\u00e9 Carlos Marrero Gonz\u00e1lez","@id":"https:\/\/elcotarro.com\/#\/schema\/person\/af537ee7d60d15984c7e0affcd8a918b"},"headline":"FOTO 10.- EN TODO MOMENTO VIENDO COMO VIVIMOS","datePublished":"2020-11-01T07:49:46+00:00","mainEntityOfPage":{"@id":"https:\/\/elcotarro.com\/?p=9050"},"wordCount":268,"commentCount":0,"publisher":{"@id":"https:\/\/elcotarro.com\/#organization"},"image":{"@id":"https:\/\/elcotarro.com\/?p=9050#primaryimage"},"thumbnailUrl":"https:\/\/elcotarro.com\/wp-content\/uploads\/2020\/10\/FOTO-12.-ANTENAS-DE-TV.jpg","inLanguage":"es","potentialAction":[{"@type":"CommentAction","name":"Comment","target":["https:\/\/elcotarro.com\/?p=9050#respond"]}]},{"@type":"WebPage","@id":"https:\/\/elcotarro.com\/?p=9050","url":"https:\/\/elcotarro.com\/?p=9050","name":"FOTO 10.- EN TODO MOMENTO VIENDO COMO VIVIMOS - El Cotarro","isPartOf":{"@id":"https:\/\/elcotarro.com\/#website"},"primaryImageOfPage":{"@id":"https:\/\/elcotarro.com\/?p=9050#primaryimage"},"image":{"@id":"https:\/\/elcotarro.com\/?p=9050#primaryimage"},"thumbnailUrl":"https:\/\/elcotarro.com\/wp-content\/uploads\/2020\/10\/FOTO-12.-ANTENAS-DE-TV.jpg","datePublished":"2020-11-01T07:49:46+00:00","breadcrumb":{"@id":"https:\/\/elcotarro.com\/?p=9050#breadcrumb"},"inLanguage":"es","potentialAction":[{"@type":"ReadAction","target":["https:\/\/elcotarro.com\/?p=9050"]}]},{"@type":"ImageObject","inLanguage":"es","@id":"https:\/\/elcotarro.com\/?p=9050#primaryimage","url":"https:\/\/elcotarro.com\/wp-content\/uploads\/2020\/10\/FOTO-12.-ANTENAS-DE-TV.jpg","contentUrl":"https:\/\/elcotarro.com\/wp-content\/uploads\/2020\/10\/FOTO-12.-ANTENAS-DE-TV.jpg","width":2304,"height":1728},{"@type":"BreadcrumbList","@id":"https:\/\/elcotarro.com\/?p=9050#breadcrumb","itemListElement":[{"@type":"ListItem","position":1,"name":"Portada","item":"https:\/\/elcotarro.com\/"},{"@type":"ListItem","position":2,"name":"FOTO 10.- EN TODO MOMENTO VIENDO COMO VIVIMOS"}]},{"@type":"WebSite","@id":"https:\/\/elcotarro.com\/#website","url":"https:\/\/elcotarro.com\/","name":"El Cotarro","description":"Peri\u00f3dico Digital Independiente dirigido por Jos\u00e9 Carlos Marrero","publisher":{"@id":"https:\/\/elcotarro.com\/#organization"},"potentialAction":[{"@type":"SearchAction","target":{"@type":"EntryPoint","urlTemplate":"https:\/\/elcotarro.com\/?s={search_term_string}"},"query-input":{"@type":"PropertyValueSpecification","valueRequired":true,"valueName":"search_term_string"}}],"inLanguage":"es"},{"@type":"Organization","@id":"https:\/\/elcotarro.com\/#organization","name":"El Cotarro","url":"https:\/\/elcotarro.com\/","logo":{"@type":"ImageObject","inLanguage":"es","@id":"https:\/\/elcotarro.com\/#\/schema\/logo\/image\/","url":"https:\/\/elcotarro.com\/wp-content\/uploads\/2014\/09\/Cabecera_El_Cotarro_v2.jpg","contentUrl":"https:\/\/elcotarro.com\/wp-content\/uploads\/2014\/09\/Cabecera_El_Cotarro_v2.jpg","width":3540,"height":441,"caption":"El Cotarro"},"image":{"@id":"https:\/\/elcotarro.com\/#\/schema\/logo\/image\/"},"sameAs":["https:\/\/www.facebook.com\/ElCotarro.Tenerife"]},{"@type":"Person","@id":"https:\/\/elcotarro.com\/#\/schema\/person\/af537ee7d60d15984c7e0affcd8a918b","name":"Jos\u00e9 Carlos Marrero Gonz\u00e1lez","image":{"@type":"ImageObject","inLanguage":"es","@id":"https:\/\/elcotarro.com\/#\/schema\/person\/image\/","url":"https:\/\/secure.gravatar.com\/avatar\/def4da036efb5d32c74d49c351f6dccc064dd69ad9f3aadc295c5a9a5391ca01?s=96&d=mm&r=g","contentUrl":"https:\/\/secure.gravatar.com\/avatar\/def4da036efb5d32c74d49c351f6dccc064dd69ad9f3aadc295c5a9a5391ca01?s=96&d=mm&r=g","caption":"Jos\u00e9 Carlos Marrero Gonz\u00e1lez"},"sameAs":["https:\/\/elcotarro.com"],"url":"https:\/\/elcotarro.com\/?author=2"}]}},"jetpack_featured_media_url":"","jetpack_sharing_enabled":true,"_links":{"self":[{"href":"https:\/\/elcotarro.com\/index.php?rest_route=\/wp\/v2\/posts\/9050","targetHints":{"allow":["GET"]}}],"collection":[{"href":"https:\/\/elcotarro.com\/index.php?rest_route=\/wp\/v2\/posts"}],"about":[{"href":"https:\/\/elcotarro.com\/index.php?rest_route=\/wp\/v2\/types\/post"}],"author":[{"embeddable":true,"href":"https:\/\/elcotarro.com\/index.php?rest_route=\/wp\/v2\/users\/2"}],"replies":[{"embeddable":true,"href":"https:\/\/elcotarro.com\/index.php?rest_route=%2Fwp%2Fv2%2Fcomments&post=9050"}],"version-history":[{"count":1,"href":"https:\/\/elcotarro.com\/index.php?rest_route=\/wp\/v2\/posts\/9050\/revisions"}],"predecessor-version":[{"id":9052,"href":"https:\/\/elcotarro.com\/index.php?rest_route=\/wp\/v2\/posts\/9050\/revisions\/9052"}],"wp:attachment":[{"href":"https:\/\/elcotarro.com\/index.php?rest_route=%2Fwp%2Fv2%2Fmedia&parent=9050"}],"wp:term":[{"taxonomy":"category","embeddable":true,"href":"https:\/\/elcotarro.com\/index.php?rest_route=%2Fwp%2Fv2%2Fcategories&post=9050"},{"taxonomy":"post_tag","embeddable":true,"href":"https:\/\/elcotarro.com\/index.php?rest_route=%2Fwp%2Fv2%2Ftags&post=9050"}],"curies":[{"name":"wp","href":"https:\/\/api.w.org\/{rel}","templated":true}]}}