{"id":9058,"date":"2020-11-08T07:59:13","date_gmt":"2020-11-08T07:59:13","guid":{"rendered":"https:\/\/elcotarro.com\/?p=9058"},"modified":"2020-11-07T19:33:28","modified_gmt":"2020-11-07T19:33:28","slug":"utilizacion-de-la-justicia-para-fines-politicos","status":"publish","type":"post","link":"https:\/\/elcotarro.com\/?p=9058","title":{"rendered":"UTILIZACI\u00d3N DE LA JUSTICIA PARA FINES POL\u00cdTICOS"},"content":{"rendered":"<p>Este nuevo escenario, en el que parece que el que fue denunciante, o sea, <strong>Santiago P\u00e9rez<\/strong>, acabar\u00e1 siendo denunciado, y no es m\u00e1s que otro cap\u00edtulo m\u00e1s del llamado \u201cCaso Reparos\u201d, cuyo comienzo, por las denuncias de <strong>Santiago,\u00a0<\/strong>iba dirigido a la mism\u00edsima l\u00ednea de flotaci\u00f3n pol\u00edtica de los exalcaldes laguneros <strong>Fernando Clavijo Batlle\u00a0<\/strong>(expresidente de Canarias y hoy senador por nuestra comunidad aut\u00f3noma) y <strong>Jos\u00e9 Alberto D\u00edaz Dom\u00ednguez\u00a0<\/strong>(hoy l\u00edder de la oposici\u00f3n en la corporaci\u00f3n lagunera y de Coalici\u00f3n Canaria en La Laguna). He tenido acceso al v\u00eddeo que recoge \u00edntegramente la contundente declaraci\u00f3n de <strong>Javier Abreu\u00a0<\/strong>en sede judicial y \u201cacongoja\u201d cuando habla de una posible conspiraci\u00f3n de <strong>Santiago P\u00e9rez\u00a0<\/strong>con el por aquel entonces interventor del ayuntamiento lagunero, para ir contra <strong>Fernando Clavijo\u00a0<\/strong>y no s\u00e9 si tambi\u00e9n, de rebote, contra <strong>Jos\u00e9 Alberto D\u00edaz\u00a0<\/strong>y todo al que huela o suene a Coalici\u00f3n.<\/p>\n<p style=\"text-align: center\"><a href=\"https:\/\/elcotarro.com\/wp-content\/uploads\/2020\/11\/FOTO-2.-SANTIAGO-EN-JUZGADO.jpg\"><img loading=\"lazy\" decoding=\"async\" class=\"aligncenter size-full wp-image-9059\" src=\"https:\/\/elcotarro.com\/wp-content\/uploads\/2020\/11\/FOTO-2.-SANTIAGO-EN-JUZGADO.jpg\" alt=\"\" width=\"624\" height=\"385\" srcset=\"https:\/\/elcotarro.com\/wp-content\/uploads\/2020\/11\/FOTO-2.-SANTIAGO-EN-JUZGADO.jpg 624w, https:\/\/elcotarro.com\/wp-content\/uploads\/2020\/11\/FOTO-2.-SANTIAGO-EN-JUZGADO-300x185.jpg 300w\" sizes=\"auto, (max-width: 624px) 100vw, 624px\" \/><\/a><\/p>\n<p style=\"text-align: center\"><em>Santiago P\u00e9rez saliendo de los juzgados, a los que seguramente tendr\u00e1 que volver<\/em><\/p>\n","protected":false},"excerpt":{"rendered":"<p>Este nuevo escenario, en el que parece que el que fue denunciante, o sea, Santiago P\u00e9rez, acabar\u00e1 siendo denunciado, y no es m\u00e1s que otro cap\u00edtulo m\u00e1s del llamado \u201cCaso Reparos\u201d, cuyo comienzo, por las denuncias de Santiago,\u00a0iba dirigido a la mism\u00edsima l\u00ednea de flotaci\u00f3n pol\u00edtica de los exalcaldes laguneros Fernando Clavijo Batlle\u00a0(expresidente de Canarias &#8230; <a class=\"read-more\" href=\"https:\/\/elcotarro.com\/?p=9058\">Read more<\/a><\/p>\n","protected":false},"author":2,"featured_media":0,"comment_status":"open","ping_status":"open","sticky":false,"template":"","format":"standard","meta":{"_jetpack_memberships_contains_paid_content":false,"footnotes":""},"categories":[1],"tags":[],"class_list":["post-9058","post","type-post","status-publish","format-standard","hentry","category-sin-categoria"],"yoast_head":"<!-- This site is optimized with the Yoast SEO plugin v27.0 - https:\/\/yoast.com\/product\/yoast-seo-wordpress\/ -->\n<title>UTILIZACI\u00d3N DE LA JUSTICIA PARA FINES POL\u00cdTICOS - El Cotarro<\/title>\n<meta name=\"robots\" content=\"index, follow, max-snippet:-1, max-image-preview:large, max-video-preview:-1\" \/>\n<link rel=\"canonical\" href=\"https:\/\/elcotarro.com\/?p=9058\" \/>\n<meta property=\"og:locale\" content=\"es_ES\" \/>\n<meta property=\"og:type\" content=\"article\" \/>\n<meta property=\"og:title\" content=\"UTILIZACI\u00d3N DE LA JUSTICIA PARA FINES POL\u00cdTICOS - El Cotarro\" \/>\n<meta property=\"og:description\" content=\"Este nuevo escenario, en el que parece que el que fue denunciante, o sea, Santiago P\u00e9rez, acabar\u00e1 siendo denunciado, y no es m\u00e1s que otro cap\u00edtulo m\u00e1s del llamado \u201cCaso Reparos\u201d, cuyo comienzo, por las denuncias de Santiago,\u00a0iba dirigido a la mism\u00edsima l\u00ednea de flotaci\u00f3n pol\u00edtica de los exalcaldes laguneros Fernando Clavijo Batlle\u00a0(expresidente de Canarias ... Read more\" \/>\n<meta property=\"og:url\" content=\"https:\/\/elcotarro.com\/?p=9058\" \/>\n<meta property=\"og:site_name\" content=\"El Cotarro\" \/>\n<meta property=\"article:publisher\" content=\"https:\/\/www.facebook.com\/ElCotarro.Tenerife\" \/>\n<meta property=\"article:published_time\" content=\"2020-11-08T07:59:13+00:00\" \/>\n<meta property=\"og:image\" content=\"https:\/\/elcotarro.com\/wp-content\/uploads\/2020\/11\/FOTO-2.-SANTIAGO-EN-JUZGADO.jpg\" \/>\n<meta name=\"author\" content=\"Jos\u00e9 Carlos Marrero Gonz\u00e1lez\" \/>\n<meta name=\"twitter:label1\" content=\"Escrito por\" \/>\n\t<meta name=\"twitter:data1\" content=\"Jos\u00e9 Carlos Marrero Gonz\u00e1lez\" \/>\n\t<meta name=\"twitter:label2\" content=\"Tiempo de lectura\" \/>\n\t<meta name=\"twitter:data2\" content=\"1 minuto\" \/>\n<script type=\"application\/ld+json\" class=\"yoast-schema-graph\">{\"@context\":\"https:\/\/schema.org\",\"@graph\":[{\"@type\":\"Article\",\"@id\":\"https:\/\/elcotarro.com\/?p=9058#article\",\"isPartOf\":{\"@id\":\"https:\/\/elcotarro.com\/?p=9058\"},\"author\":{\"name\":\"Jos\u00e9 Carlos Marrero Gonz\u00e1lez\",\"@id\":\"https:\/\/elcotarro.com\/#\/schema\/person\/af537ee7d60d15984c7e0affcd8a918b\"},\"headline\":\"UTILIZACI\u00d3N DE LA JUSTICIA PARA FINES POL\u00cdTICOS\",\"datePublished\":\"2020-11-08T07:59:13+00:00\",\"mainEntityOfPage\":{\"@id\":\"https:\/\/elcotarro.com\/?p=9058\"},\"wordCount\":192,\"commentCount\":0,\"publisher\":{\"@id\":\"https:\/\/elcotarro.com\/#organization\"},\"image\":{\"@id\":\"https:\/\/elcotarro.com\/?p=9058#primaryimage\"},\"thumbnailUrl\":\"https:\/\/elcotarro.com\/wp-content\/uploads\/2020\/11\/FOTO-2.-SANTIAGO-EN-JUZGADO.jpg\",\"inLanguage\":\"es\",\"potentialAction\":[{\"@type\":\"CommentAction\",\"name\":\"Comment\",\"target\":[\"https:\/\/elcotarro.com\/?p=9058#respond\"]}]},{\"@type\":\"WebPage\",\"@id\":\"https:\/\/elcotarro.com\/?p=9058\",\"url\":\"https:\/\/elcotarro.com\/?p=9058\",\"name\":\"UTILIZACI\u00d3N DE LA JUSTICIA PARA FINES POL\u00cdTICOS - El Cotarro\",\"isPartOf\":{\"@id\":\"https:\/\/elcotarro.com\/#website\"},\"primaryImageOfPage\":{\"@id\":\"https:\/\/elcotarro.com\/?p=9058#primaryimage\"},\"image\":{\"@id\":\"https:\/\/elcotarro.com\/?p=9058#primaryimage\"},\"thumbnailUrl\":\"https:\/\/elcotarro.com\/wp-content\/uploads\/2020\/11\/FOTO-2.-SANTIAGO-EN-JUZGADO.jpg\",\"datePublished\":\"2020-11-08T07:59:13+00:00\",\"breadcrumb\":{\"@id\":\"https:\/\/elcotarro.com\/?p=9058#breadcrumb\"},\"inLanguage\":\"es\",\"potentialAction\":[{\"@type\":\"ReadAction\",\"target\":[\"https:\/\/elcotarro.com\/?p=9058\"]}]},{\"@type\":\"ImageObject\",\"inLanguage\":\"es\",\"@id\":\"https:\/\/elcotarro.com\/?p=9058#primaryimage\",\"url\":\"https:\/\/elcotarro.com\/wp-content\/uploads\/2020\/11\/FOTO-2.-SANTIAGO-EN-JUZGADO.jpg\",\"contentUrl\":\"https:\/\/elcotarro.com\/wp-content\/uploads\/2020\/11\/FOTO-2.-SANTIAGO-EN-JUZGADO.jpg\",\"width\":624,\"height\":385},{\"@type\":\"BreadcrumbList\",\"@id\":\"https:\/\/elcotarro.com\/?p=9058#breadcrumb\",\"itemListElement\":[{\"@type\":\"ListItem\",\"position\":1,\"name\":\"Portada\",\"item\":\"https:\/\/elcotarro.com\/\"},{\"@type\":\"ListItem\",\"position\":2,\"name\":\"UTILIZACI\u00d3N DE LA JUSTICIA PARA FINES POL\u00cdTICOS\"}]},{\"@type\":\"WebSite\",\"@id\":\"https:\/\/elcotarro.com\/#website\",\"url\":\"https:\/\/elcotarro.com\/\",\"name\":\"El Cotarro\",\"description\":\"Peri\u00f3dico Digital Independiente dirigido por Jos\u00e9 Carlos Marrero\",\"publisher\":{\"@id\":\"https:\/\/elcotarro.com\/#organization\"},\"potentialAction\":[{\"@type\":\"SearchAction\",\"target\":{\"@type\":\"EntryPoint\",\"urlTemplate\":\"https:\/\/elcotarro.com\/?s={search_term_string}\"},\"query-input\":{\"@type\":\"PropertyValueSpecification\",\"valueRequired\":true,\"valueName\":\"search_term_string\"}}],\"inLanguage\":\"es\"},{\"@type\":\"Organization\",\"@id\":\"https:\/\/elcotarro.com\/#organization\",\"name\":\"El Cotarro\",\"url\":\"https:\/\/elcotarro.com\/\",\"logo\":{\"@type\":\"ImageObject\",\"inLanguage\":\"es\",\"@id\":\"https:\/\/elcotarro.com\/#\/schema\/logo\/image\/\",\"url\":\"https:\/\/elcotarro.com\/wp-content\/uploads\/2014\/09\/Cabecera_El_Cotarro_v2.jpg\",\"contentUrl\":\"https:\/\/elcotarro.com\/wp-content\/uploads\/2014\/09\/Cabecera_El_Cotarro_v2.jpg\",\"width\":3540,\"height\":441,\"caption\":\"El Cotarro\"},\"image\":{\"@id\":\"https:\/\/elcotarro.com\/#\/schema\/logo\/image\/\"},\"sameAs\":[\"https:\/\/www.facebook.com\/ElCotarro.Tenerife\"]},{\"@type\":\"Person\",\"@id\":\"https:\/\/elcotarro.com\/#\/schema\/person\/af537ee7d60d15984c7e0affcd8a918b\",\"name\":\"Jos\u00e9 Carlos Marrero Gonz\u00e1lez\",\"image\":{\"@type\":\"ImageObject\",\"inLanguage\":\"es\",\"@id\":\"https:\/\/elcotarro.com\/#\/schema\/person\/image\/\",\"url\":\"https:\/\/secure.gravatar.com\/avatar\/def4da036efb5d32c74d49c351f6dccc064dd69ad9f3aadc295c5a9a5391ca01?s=96&d=mm&r=g\",\"contentUrl\":\"https:\/\/secure.gravatar.com\/avatar\/def4da036efb5d32c74d49c351f6dccc064dd69ad9f3aadc295c5a9a5391ca01?s=96&d=mm&r=g\",\"caption\":\"Jos\u00e9 Carlos Marrero Gonz\u00e1lez\"},\"sameAs\":[\"https:\/\/elcotarro.com\"],\"url\":\"https:\/\/elcotarro.com\/?author=2\"}]}<\/script>\n<!-- \/ Yoast SEO plugin. -->","yoast_head_json":{"title":"UTILIZACI\u00d3N DE LA JUSTICIA PARA FINES POL\u00cdTICOS - El Cotarro","robots":{"index":"index","follow":"follow","max-snippet":"max-snippet:-1","max-image-preview":"max-image-preview:large","max-video-preview":"max-video-preview:-1"},"canonical":"https:\/\/elcotarro.com\/?p=9058","og_locale":"es_ES","og_type":"article","og_title":"UTILIZACI\u00d3N DE LA JUSTICIA PARA FINES POL\u00cdTICOS - El Cotarro","og_description":"Este nuevo escenario, en el que parece que el que fue denunciante, o sea, Santiago P\u00e9rez, acabar\u00e1 siendo denunciado, y no es m\u00e1s que otro cap\u00edtulo m\u00e1s del llamado \u201cCaso Reparos\u201d, cuyo comienzo, por las denuncias de Santiago,\u00a0iba dirigido a la mism\u00edsima l\u00ednea de flotaci\u00f3n pol\u00edtica de los exalcaldes laguneros Fernando Clavijo Batlle\u00a0(expresidente de Canarias ... Read more","og_url":"https:\/\/elcotarro.com\/?p=9058","og_site_name":"El Cotarro","article_publisher":"https:\/\/www.facebook.com\/ElCotarro.Tenerife","article_published_time":"2020-11-08T07:59:13+00:00","og_image":[{"url":"https:\/\/elcotarro.com\/wp-content\/uploads\/2020\/11\/FOTO-2.-SANTIAGO-EN-JUZGADO.jpg","type":"","width":"","height":""}],"author":"Jos\u00e9 Carlos Marrero Gonz\u00e1lez","twitter_misc":{"Escrito por":"Jos\u00e9 Carlos Marrero Gonz\u00e1lez","Tiempo de lectura":"1 minuto"},"schema":{"@context":"https:\/\/schema.org","@graph":[{"@type":"Article","@id":"https:\/\/elcotarro.com\/?p=9058#article","isPartOf":{"@id":"https:\/\/elcotarro.com\/?p=9058"},"author":{"name":"Jos\u00e9 Carlos Marrero Gonz\u00e1lez","@id":"https:\/\/elcotarro.com\/#\/schema\/person\/af537ee7d60d15984c7e0affcd8a918b"},"headline":"UTILIZACI\u00d3N DE LA JUSTICIA PARA FINES POL\u00cdTICOS","datePublished":"2020-11-08T07:59:13+00:00","mainEntityOfPage":{"@id":"https:\/\/elcotarro.com\/?p=9058"},"wordCount":192,"commentCount":0,"publisher":{"@id":"https:\/\/elcotarro.com\/#organization"},"image":{"@id":"https:\/\/elcotarro.com\/?p=9058#primaryimage"},"thumbnailUrl":"https:\/\/elcotarro.com\/wp-content\/uploads\/2020\/11\/FOTO-2.-SANTIAGO-EN-JUZGADO.jpg","inLanguage":"es","potentialAction":[{"@type":"CommentAction","name":"Comment","target":["https:\/\/elcotarro.com\/?p=9058#respond"]}]},{"@type":"WebPage","@id":"https:\/\/elcotarro.com\/?p=9058","url":"https:\/\/elcotarro.com\/?p=9058","name":"UTILIZACI\u00d3N DE LA JUSTICIA PARA FINES POL\u00cdTICOS - El Cotarro","isPartOf":{"@id":"https:\/\/elcotarro.com\/#website"},"primaryImageOfPage":{"@id":"https:\/\/elcotarro.com\/?p=9058#primaryimage"},"image":{"@id":"https:\/\/elcotarro.com\/?p=9058#primaryimage"},"thumbnailUrl":"https:\/\/elcotarro.com\/wp-content\/uploads\/2020\/11\/FOTO-2.-SANTIAGO-EN-JUZGADO.jpg","datePublished":"2020-11-08T07:59:13+00:00","breadcrumb":{"@id":"https:\/\/elcotarro.com\/?p=9058#breadcrumb"},"inLanguage":"es","potentialAction":[{"@type":"ReadAction","target":["https:\/\/elcotarro.com\/?p=9058"]}]},{"@type":"ImageObject","inLanguage":"es","@id":"https:\/\/elcotarro.com\/?p=9058#primaryimage","url":"https:\/\/elcotarro.com\/wp-content\/uploads\/2020\/11\/FOTO-2.-SANTIAGO-EN-JUZGADO.jpg","contentUrl":"https:\/\/elcotarro.com\/wp-content\/uploads\/2020\/11\/FOTO-2.-SANTIAGO-EN-JUZGADO.jpg","width":624,"height":385},{"@type":"BreadcrumbList","@id":"https:\/\/elcotarro.com\/?p=9058#breadcrumb","itemListElement":[{"@type":"ListItem","position":1,"name":"Portada","item":"https:\/\/elcotarro.com\/"},{"@type":"ListItem","position":2,"name":"UTILIZACI\u00d3N DE LA JUSTICIA PARA FINES POL\u00cdTICOS"}]},{"@type":"WebSite","@id":"https:\/\/elcotarro.com\/#website","url":"https:\/\/elcotarro.com\/","name":"El Cotarro","description":"Peri\u00f3dico Digital Independiente dirigido por Jos\u00e9 Carlos Marrero","publisher":{"@id":"https:\/\/elcotarro.com\/#organization"},"potentialAction":[{"@type":"SearchAction","target":{"@type":"EntryPoint","urlTemplate":"https:\/\/elcotarro.com\/?s={search_term_string}"},"query-input":{"@type":"PropertyValueSpecification","valueRequired":true,"valueName":"search_term_string"}}],"inLanguage":"es"},{"@type":"Organization","@id":"https:\/\/elcotarro.com\/#organization","name":"El Cotarro","url":"https:\/\/elcotarro.com\/","logo":{"@type":"ImageObject","inLanguage":"es","@id":"https:\/\/elcotarro.com\/#\/schema\/logo\/image\/","url":"https:\/\/elcotarro.com\/wp-content\/uploads\/2014\/09\/Cabecera_El_Cotarro_v2.jpg","contentUrl":"https:\/\/elcotarro.com\/wp-content\/uploads\/2014\/09\/Cabecera_El_Cotarro_v2.jpg","width":3540,"height":441,"caption":"El Cotarro"},"image":{"@id":"https:\/\/elcotarro.com\/#\/schema\/logo\/image\/"},"sameAs":["https:\/\/www.facebook.com\/ElCotarro.Tenerife"]},{"@type":"Person","@id":"https:\/\/elcotarro.com\/#\/schema\/person\/af537ee7d60d15984c7e0affcd8a918b","name":"Jos\u00e9 Carlos Marrero Gonz\u00e1lez","image":{"@type":"ImageObject","inLanguage":"es","@id":"https:\/\/elcotarro.com\/#\/schema\/person\/image\/","url":"https:\/\/secure.gravatar.com\/avatar\/def4da036efb5d32c74d49c351f6dccc064dd69ad9f3aadc295c5a9a5391ca01?s=96&d=mm&r=g","contentUrl":"https:\/\/secure.gravatar.com\/avatar\/def4da036efb5d32c74d49c351f6dccc064dd69ad9f3aadc295c5a9a5391ca01?s=96&d=mm&r=g","caption":"Jos\u00e9 Carlos Marrero Gonz\u00e1lez"},"sameAs":["https:\/\/elcotarro.com"],"url":"https:\/\/elcotarro.com\/?author=2"}]}},"jetpack_featured_media_url":"","jetpack_sharing_enabled":true,"_links":{"self":[{"href":"https:\/\/elcotarro.com\/index.php?rest_route=\/wp\/v2\/posts\/9058","targetHints":{"allow":["GET"]}}],"collection":[{"href":"https:\/\/elcotarro.com\/index.php?rest_route=\/wp\/v2\/posts"}],"about":[{"href":"https:\/\/elcotarro.com\/index.php?rest_route=\/wp\/v2\/types\/post"}],"author":[{"embeddable":true,"href":"https:\/\/elcotarro.com\/index.php?rest_route=\/wp\/v2\/users\/2"}],"replies":[{"embeddable":true,"href":"https:\/\/elcotarro.com\/index.php?rest_route=%2Fwp%2Fv2%2Fcomments&post=9058"}],"version-history":[{"count":1,"href":"https:\/\/elcotarro.com\/index.php?rest_route=\/wp\/v2\/posts\/9058\/revisions"}],"predecessor-version":[{"id":9060,"href":"https:\/\/elcotarro.com\/index.php?rest_route=\/wp\/v2\/posts\/9058\/revisions\/9060"}],"wp:attachment":[{"href":"https:\/\/elcotarro.com\/index.php?rest_route=%2Fwp%2Fv2%2Fmedia&parent=9058"}],"wp:term":[{"taxonomy":"category","embeddable":true,"href":"https:\/\/elcotarro.com\/index.php?rest_route=%2Fwp%2Fv2%2Fcategories&post=9058"},{"taxonomy":"post_tag","embeddable":true,"href":"https:\/\/elcotarro.com\/index.php?rest_route=%2Fwp%2Fv2%2Ftags&post=9058"}],"curies":[{"name":"wp","href":"https:\/\/api.w.org\/{rel}","templated":true}]}}