{"id":9088,"date":"2020-11-15T07:57:07","date_gmt":"2020-11-15T07:57:07","guid":{"rendered":"https:\/\/elcotarro.com\/?p=9088"},"modified":"2020-11-14T20:01:50","modified_gmt":"2020-11-14T20:01:50","slug":"angel-blas-julio-conrado-pedro-elias","status":"publish","type":"post","link":"https:\/\/elcotarro.com\/?p=9088","title":{"rendered":"\u00c1NGEL, BLAS, JULIO, CONRADO, PEDRO, EL\u00cdAS\u2026"},"content":{"rendered":"<p>Lo cort\u00e9s no quita lo caliente y, porque es de justicia, hay que reconocer que la coordinaci\u00f3n entre pol\u00edticos, por encima y m\u00e1s all\u00e1 de ideolog\u00edas y partidos, es fundamental y clave para vencer a la pandemia. <strong>\u00c1ngel V\u00edctor Torres\u00a0<\/strong>(presidente de Canarias) ha asumido que la situaci\u00f3n cr\u00edtica que en un momento vivi\u00f3 Gran Canaria, ahora la est\u00e1 viviendo Tenerife. Por ello ha hablado con <strong>Pedro Mart\u00edn\u00a0<\/strong>(presidente del Cabildo de Tenerife) quien ha facilitado que lo que haya que hacer se haga pronto. A partir de ah\u00ed, <strong>Julio P\u00e9rez\u00a0<\/strong>(consejero de Administraciones P\u00fablicas, Justicia y Seguridad) y <strong>Blas Trujillo\u00a0<\/strong>(consejero de Sanidad) con su puntal, <strong>Conrado Dom\u00ednguez\u00a0<\/strong>(director del Servicio Canario de la Salud &#8211; SCS) junto con <strong>El\u00edas Castro Feliciano\u00a0<\/strong>(gerente de la empresa p\u00fablica Gesti\u00f3n de Servicios para la Salud y Seguridad en Canarias \u2013 GSC) han contactado con <strong>Carmen Luz Baso\u00a0<\/strong>(consejera Insular del \u00c1rea de Empleo, Desarrollo socioecon\u00f3mico del Cabildo tinerfe\u00f1o) y <strong>Ermitas Moreira\u00a0<\/strong>(directora insular de Desarrollo Econ\u00f3mico) de quienes depende la Instituci\u00f3n Ferial de Tenerife &#8211; IFTSA). Todos juntos, por fin, parece que est\u00e1n remando en la misma direcci\u00f3n para solventar la problem\u00e1tica lo antes posible y de la mejor manera.<\/p>\n<p style=\"text-align: center\"><a href=\"https:\/\/elcotarro.com\/wp-content\/uploads\/2020\/11\/FOTO-4.-ERMITAS-Y-CARMEN-LUZ.jpg\"><img loading=\"lazy\" decoding=\"async\" class=\"aligncenter size-full wp-image-9089\" src=\"https:\/\/elcotarro.com\/wp-content\/uploads\/2020\/11\/FOTO-4.-ERMITAS-Y-CARMEN-LUZ.jpg\" alt=\"\" width=\"478\" height=\"497\" srcset=\"https:\/\/elcotarro.com\/wp-content\/uploads\/2020\/11\/FOTO-4.-ERMITAS-Y-CARMEN-LUZ.jpg 478w, https:\/\/elcotarro.com\/wp-content\/uploads\/2020\/11\/FOTO-4.-ERMITAS-Y-CARMEN-LUZ-289x300.jpg 289w\" sizes=\"auto, (max-width: 478px) 100vw, 478px\" \/><\/a><\/p>\n<p style=\"text-align: center\">Ermitas Moreira (i) y Carmen Luz Baso, responsables pol\u00edticas de la Instituci\u00f3n Ferial.<\/p>\n","protected":false},"excerpt":{"rendered":"<p>Lo cort\u00e9s no quita lo caliente y, porque es de justicia, hay que reconocer que la coordinaci\u00f3n entre pol\u00edticos, por encima y m\u00e1s all\u00e1 de ideolog\u00edas y partidos, es fundamental y clave para vencer a la pandemia. \u00c1ngel V\u00edctor Torres\u00a0(presidente de Canarias) ha asumido que la situaci\u00f3n cr\u00edtica que en un momento vivi\u00f3 Gran Canaria, &#8230; <a class=\"read-more\" href=\"https:\/\/elcotarro.com\/?p=9088\">Read more<\/a><\/p>\n","protected":false},"author":2,"featured_media":0,"comment_status":"open","ping_status":"open","sticky":false,"template":"","format":"standard","meta":{"_jetpack_newsletter_access":"","_jetpack_dont_email_post_to_subs":false,"_jetpack_newsletter_tier_id":0,"_jetpack_memberships_contains_paywalled_content":false,"_jetpack_feature_clip_id":0,"_jetpack_memberships_contains_paid_content":false,"footnotes":"","jetpack_post_was_ever_published":false},"categories":[1],"tags":[],"class_list":["post-9088","post","type-post","status-publish","format-standard","hentry","category-sin-categoria"],"yoast_head":"<!-- This site is optimized with the Yoast SEO plugin v28.4 - https:\/\/yoast.com\/product\/yoast-seo-wordpress\/ -->\n<title>\u00c1NGEL, BLAS, JULIO, CONRADO, PEDRO, EL\u00cdAS\u2026 - El Cotarro<\/title>\n<meta name=\"robots\" content=\"index, follow, max-snippet:-1, max-image-preview:large, max-video-preview:-1\" \/>\n<link rel=\"canonical\" href=\"https:\/\/elcotarro.com\/?p=9088\" \/>\n<meta property=\"og:locale\" content=\"es_ES\" \/>\n<meta property=\"og:type\" content=\"article\" \/>\n<meta property=\"og:title\" content=\"\u00c1NGEL, BLAS, JULIO, CONRADO, PEDRO, EL\u00cdAS\u2026 - El Cotarro\" \/>\n<meta property=\"og:description\" content=\"Lo cort\u00e9s no quita lo caliente y, porque es de justicia, hay que reconocer que la coordinaci\u00f3n entre pol\u00edticos, por encima y m\u00e1s all\u00e1 de ideolog\u00edas y partidos, es fundamental y clave para vencer a la pandemia. \u00c1ngel V\u00edctor Torres\u00a0(presidente de Canarias) ha asumido que la situaci\u00f3n cr\u00edtica que en un momento vivi\u00f3 Gran Canaria, ... Read more\" \/>\n<meta property=\"og:url\" content=\"https:\/\/elcotarro.com\/?p=9088\" \/>\n<meta property=\"og:site_name\" content=\"El Cotarro\" \/>\n<meta property=\"article:publisher\" content=\"https:\/\/www.facebook.com\/ElCotarro.Tenerife\" \/>\n<meta property=\"article:published_time\" content=\"2020-11-15T07:57:07+00:00\" \/>\n<meta property=\"og:image\" content=\"https:\/\/elcotarro.com\/wp-content\/uploads\/2020\/11\/FOTO-4.-ERMITAS-Y-CARMEN-LUZ.jpg\" \/>\n<meta name=\"author\" content=\"Jos\u00e9 Carlos Marrero Gonz\u00e1lez\" \/>\n<meta name=\"twitter:label1\" content=\"Escrito por\" \/>\n\t<meta name=\"twitter:data1\" content=\"Jos\u00e9 Carlos Marrero Gonz\u00e1lez\" \/>\n\t<meta name=\"twitter:label2\" content=\"Tiempo de lectura\" \/>\n\t<meta name=\"twitter:data2\" content=\"1 minuto\" \/>\n<script type=\"application\/ld+json\" class=\"yoast-schema-graph\">{\"@context\":\"https:\\\/\\\/schema.org\",\"@graph\":[{\"@type\":\"Article\",\"@id\":\"https:\\\/\\\/elcotarro.com\\\/?p=9088#article\",\"isPartOf\":{\"@id\":\"https:\\\/\\\/elcotarro.com\\\/?p=9088\"},\"author\":{\"name\":\"Jos\u00e9 Carlos Marrero Gonz\u00e1lez\",\"@id\":\"https:\\\/\\\/elcotarro.com\\\/#\\\/schema\\\/person\\\/815e711862c1fc43ed644940c5864baa\"},\"headline\":\"\u00c1NGEL, BLAS, JULIO, CONRADO, PEDRO, EL\u00cdAS\u2026\",\"datePublished\":\"2020-11-15T07:57:07+00:00\",\"mainEntityOfPage\":{\"@id\":\"https:\\\/\\\/elcotarro.com\\\/?p=9088\"},\"wordCount\":242,\"commentCount\":1,\"publisher\":{\"@id\":\"https:\\\/\\\/elcotarro.com\\\/#organization\"},\"image\":{\"@id\":\"https:\\\/\\\/elcotarro.com\\\/?p=9088#primaryimage\"},\"thumbnailUrl\":\"https:\\\/\\\/elcotarro.com\\\/wp-content\\\/uploads\\\/2020\\\/11\\\/FOTO-4.-ERMITAS-Y-CARMEN-LUZ.jpg\",\"inLanguage\":\"es\",\"potentialAction\":[{\"@type\":\"CommentAction\",\"name\":\"Comment\",\"target\":[\"https:\\\/\\\/elcotarro.com\\\/?p=9088#respond\"]}]},{\"@type\":\"WebPage\",\"@id\":\"https:\\\/\\\/elcotarro.com\\\/?p=9088\",\"url\":\"https:\\\/\\\/elcotarro.com\\\/?p=9088\",\"name\":\"\u00c1NGEL, BLAS, JULIO, CONRADO, PEDRO, EL\u00cdAS\u2026 - El Cotarro\",\"isPartOf\":{\"@id\":\"https:\\\/\\\/elcotarro.com\\\/#website\"},\"primaryImageOfPage\":{\"@id\":\"https:\\\/\\\/elcotarro.com\\\/?p=9088#primaryimage\"},\"image\":{\"@id\":\"https:\\\/\\\/elcotarro.com\\\/?p=9088#primaryimage\"},\"thumbnailUrl\":\"https:\\\/\\\/elcotarro.com\\\/wp-content\\\/uploads\\\/2020\\\/11\\\/FOTO-4.-ERMITAS-Y-CARMEN-LUZ.jpg\",\"datePublished\":\"2020-11-15T07:57:07+00:00\",\"breadcrumb\":{\"@id\":\"https:\\\/\\\/elcotarro.com\\\/?p=9088#breadcrumb\"},\"inLanguage\":\"es\",\"potentialAction\":[{\"@type\":\"ReadAction\",\"target\":[\"https:\\\/\\\/elcotarro.com\\\/?p=9088\"]}]},{\"@type\":\"ImageObject\",\"inLanguage\":\"es\",\"@id\":\"https:\\\/\\\/elcotarro.com\\\/?p=9088#primaryimage\",\"url\":\"https:\\\/\\\/elcotarro.com\\\/wp-content\\\/uploads\\\/2020\\\/11\\\/FOTO-4.-ERMITAS-Y-CARMEN-LUZ.jpg\",\"contentUrl\":\"https:\\\/\\\/elcotarro.com\\\/wp-content\\\/uploads\\\/2020\\\/11\\\/FOTO-4.-ERMITAS-Y-CARMEN-LUZ.jpg\",\"width\":478,\"height\":497},{\"@type\":\"BreadcrumbList\",\"@id\":\"https:\\\/\\\/elcotarro.com\\\/?p=9088#breadcrumb\",\"itemListElement\":[{\"@type\":\"ListItem\",\"position\":1,\"name\":\"Portada\",\"item\":\"https:\\\/\\\/elcotarro.com\\\/\"},{\"@type\":\"ListItem\",\"position\":2,\"name\":\"\u00c1NGEL, BLAS, JULIO, CONRADO, PEDRO, EL\u00cdAS\u2026\"}]},{\"@type\":\"WebSite\",\"@id\":\"https:\\\/\\\/elcotarro.com\\\/#website\",\"url\":\"https:\\\/\\\/elcotarro.com\\\/\",\"name\":\"El Cotarro\",\"description\":\"Peri\u00f3dico Digital Independiente dirigido por Jos\u00e9 Carlos Marrero\",\"publisher\":{\"@id\":\"https:\\\/\\\/elcotarro.com\\\/#organization\"},\"potentialAction\":[{\"@type\":\"SearchAction\",\"target\":{\"@type\":\"EntryPoint\",\"urlTemplate\":\"https:\\\/\\\/elcotarro.com\\\/?s={search_term_string}\"},\"query-input\":{\"@type\":\"PropertyValueSpecification\",\"valueRequired\":true,\"valueName\":\"search_term_string\"}}],\"inLanguage\":\"es\"},{\"@type\":\"Organization\",\"@id\":\"https:\\\/\\\/elcotarro.com\\\/#organization\",\"name\":\"El Cotarro\",\"url\":\"https:\\\/\\\/elcotarro.com\\\/\",\"logo\":{\"@type\":\"ImageObject\",\"inLanguage\":\"es\",\"@id\":\"https:\\\/\\\/elcotarro.com\\\/#\\\/schema\\\/logo\\\/image\\\/\",\"url\":\"https:\\\/\\\/elcotarro.com\\\/wp-content\\\/uploads\\\/2014\\\/09\\\/Cabecera_El_Cotarro_v2.jpg\",\"contentUrl\":\"https:\\\/\\\/elcotarro.com\\\/wp-content\\\/uploads\\\/2014\\\/09\\\/Cabecera_El_Cotarro_v2.jpg\",\"width\":3540,\"height\":441,\"caption\":\"El Cotarro\"},\"image\":{\"@id\":\"https:\\\/\\\/elcotarro.com\\\/#\\\/schema\\\/logo\\\/image\\\/\"},\"sameAs\":[\"https:\\\/\\\/www.facebook.com\\\/ElCotarro.Tenerife\"]},{\"@type\":\"Person\",\"@id\":\"https:\\\/\\\/elcotarro.com\\\/#\\\/schema\\\/person\\\/815e711862c1fc43ed644940c5864baa\",\"name\":\"Jos\u00e9 Carlos Marrero Gonz\u00e1lez\",\"image\":{\"@type\":\"ImageObject\",\"inLanguage\":\"es\",\"@id\":\"https:\\\/\\\/secure.gravatar.com\\\/avatar\\\/def4da036efb5d32c74d49c351f6dccc064dd69ad9f3aadc295c5a9a5391ca01?s=96&d=mm&r=g\",\"url\":\"https:\\\/\\\/secure.gravatar.com\\\/avatar\\\/def4da036efb5d32c74d49c351f6dccc064dd69ad9f3aadc295c5a9a5391ca01?s=96&d=mm&r=g\",\"contentUrl\":\"https:\\\/\\\/secure.gravatar.com\\\/avatar\\\/def4da036efb5d32c74d49c351f6dccc064dd69ad9f3aadc295c5a9a5391ca01?s=96&d=mm&r=g\",\"caption\":\"Jos\u00e9 Carlos Marrero Gonz\u00e1lez\"},\"sameAs\":[\"https:\\\/\\\/elcotarro.com\"],\"url\":\"https:\\\/\\\/elcotarro.com\\\/?author=2\"}]}<\/script>\n<!-- \/ Yoast SEO plugin. -->","yoast_head_json":{"title":"\u00c1NGEL, BLAS, JULIO, CONRADO, PEDRO, EL\u00cdAS\u2026 - El Cotarro","robots":{"index":"index","follow":"follow","max-snippet":"max-snippet:-1","max-image-preview":"max-image-preview:large","max-video-preview":"max-video-preview:-1"},"canonical":"https:\/\/elcotarro.com\/?p=9088","og_locale":"es_ES","og_type":"article","og_title":"\u00c1NGEL, BLAS, JULIO, CONRADO, PEDRO, EL\u00cdAS\u2026 - El Cotarro","og_description":"Lo cort\u00e9s no quita lo caliente y, porque es de justicia, hay que reconocer que la coordinaci\u00f3n entre pol\u00edticos, por encima y m\u00e1s all\u00e1 de ideolog\u00edas y partidos, es fundamental y clave para vencer a la pandemia. \u00c1ngel V\u00edctor Torres\u00a0(presidente de Canarias) ha asumido que la situaci\u00f3n cr\u00edtica que en un momento vivi\u00f3 Gran Canaria, ... Read more","og_url":"https:\/\/elcotarro.com\/?p=9088","og_site_name":"El Cotarro","article_publisher":"https:\/\/www.facebook.com\/ElCotarro.Tenerife","article_published_time":"2020-11-15T07:57:07+00:00","og_image":[{"url":"https:\/\/elcotarro.com\/wp-content\/uploads\/2020\/11\/FOTO-4.-ERMITAS-Y-CARMEN-LUZ.jpg","type":"","width":"","height":""}],"author":"Jos\u00e9 Carlos Marrero Gonz\u00e1lez","twitter_misc":{"Escrito por":"Jos\u00e9 Carlos Marrero Gonz\u00e1lez","Tiempo de lectura":"1 minuto"},"schema":{"@context":"https:\/\/schema.org","@graph":[{"@type":"Article","@id":"https:\/\/elcotarro.com\/?p=9088#article","isPartOf":{"@id":"https:\/\/elcotarro.com\/?p=9088"},"author":{"name":"Jos\u00e9 Carlos Marrero Gonz\u00e1lez","@id":"https:\/\/elcotarro.com\/#\/schema\/person\/815e711862c1fc43ed644940c5864baa"},"headline":"\u00c1NGEL, BLAS, JULIO, CONRADO, PEDRO, EL\u00cdAS\u2026","datePublished":"2020-11-15T07:57:07+00:00","mainEntityOfPage":{"@id":"https:\/\/elcotarro.com\/?p=9088"},"wordCount":242,"commentCount":1,"publisher":{"@id":"https:\/\/elcotarro.com\/#organization"},"image":{"@id":"https:\/\/elcotarro.com\/?p=9088#primaryimage"},"thumbnailUrl":"https:\/\/elcotarro.com\/wp-content\/uploads\/2020\/11\/FOTO-4.-ERMITAS-Y-CARMEN-LUZ.jpg","inLanguage":"es","potentialAction":[{"@type":"CommentAction","name":"Comment","target":["https:\/\/elcotarro.com\/?p=9088#respond"]}]},{"@type":"WebPage","@id":"https:\/\/elcotarro.com\/?p=9088","url":"https:\/\/elcotarro.com\/?p=9088","name":"\u00c1NGEL, BLAS, JULIO, CONRADO, PEDRO, EL\u00cdAS\u2026 - El Cotarro","isPartOf":{"@id":"https:\/\/elcotarro.com\/#website"},"primaryImageOfPage":{"@id":"https:\/\/elcotarro.com\/?p=9088#primaryimage"},"image":{"@id":"https:\/\/elcotarro.com\/?p=9088#primaryimage"},"thumbnailUrl":"https:\/\/elcotarro.com\/wp-content\/uploads\/2020\/11\/FOTO-4.-ERMITAS-Y-CARMEN-LUZ.jpg","datePublished":"2020-11-15T07:57:07+00:00","breadcrumb":{"@id":"https:\/\/elcotarro.com\/?p=9088#breadcrumb"},"inLanguage":"es","potentialAction":[{"@type":"ReadAction","target":["https:\/\/elcotarro.com\/?p=9088"]}]},{"@type":"ImageObject","inLanguage":"es","@id":"https:\/\/elcotarro.com\/?p=9088#primaryimage","url":"https:\/\/elcotarro.com\/wp-content\/uploads\/2020\/11\/FOTO-4.-ERMITAS-Y-CARMEN-LUZ.jpg","contentUrl":"https:\/\/elcotarro.com\/wp-content\/uploads\/2020\/11\/FOTO-4.-ERMITAS-Y-CARMEN-LUZ.jpg","width":478,"height":497},{"@type":"BreadcrumbList","@id":"https:\/\/elcotarro.com\/?p=9088#breadcrumb","itemListElement":[{"@type":"ListItem","position":1,"name":"Portada","item":"https:\/\/elcotarro.com\/"},{"@type":"ListItem","position":2,"name":"\u00c1NGEL, BLAS, JULIO, CONRADO, PEDRO, EL\u00cdAS\u2026"}]},{"@type":"WebSite","@id":"https:\/\/elcotarro.com\/#website","url":"https:\/\/elcotarro.com\/","name":"El Cotarro","description":"Peri\u00f3dico Digital Independiente dirigido por Jos\u00e9 Carlos Marrero","publisher":{"@id":"https:\/\/elcotarro.com\/#organization"},"potentialAction":[{"@type":"SearchAction","target":{"@type":"EntryPoint","urlTemplate":"https:\/\/elcotarro.com\/?s={search_term_string}"},"query-input":{"@type":"PropertyValueSpecification","valueRequired":true,"valueName":"search_term_string"}}],"inLanguage":"es"},{"@type":"Organization","@id":"https:\/\/elcotarro.com\/#organization","name":"El Cotarro","url":"https:\/\/elcotarro.com\/","logo":{"@type":"ImageObject","inLanguage":"es","@id":"https:\/\/elcotarro.com\/#\/schema\/logo\/image\/","url":"https:\/\/elcotarro.com\/wp-content\/uploads\/2014\/09\/Cabecera_El_Cotarro_v2.jpg","contentUrl":"https:\/\/elcotarro.com\/wp-content\/uploads\/2014\/09\/Cabecera_El_Cotarro_v2.jpg","width":3540,"height":441,"caption":"El Cotarro"},"image":{"@id":"https:\/\/elcotarro.com\/#\/schema\/logo\/image\/"},"sameAs":["https:\/\/www.facebook.com\/ElCotarro.Tenerife"]},{"@type":"Person","@id":"https:\/\/elcotarro.com\/#\/schema\/person\/815e711862c1fc43ed644940c5864baa","name":"Jos\u00e9 Carlos Marrero Gonz\u00e1lez","image":{"@type":"ImageObject","inLanguage":"es","@id":"https:\/\/secure.gravatar.com\/avatar\/def4da036efb5d32c74d49c351f6dccc064dd69ad9f3aadc295c5a9a5391ca01?s=96&d=mm&r=g","url":"https:\/\/secure.gravatar.com\/avatar\/def4da036efb5d32c74d49c351f6dccc064dd69ad9f3aadc295c5a9a5391ca01?s=96&d=mm&r=g","contentUrl":"https:\/\/secure.gravatar.com\/avatar\/def4da036efb5d32c74d49c351f6dccc064dd69ad9f3aadc295c5a9a5391ca01?s=96&d=mm&r=g","caption":"Jos\u00e9 Carlos Marrero Gonz\u00e1lez"},"sameAs":["https:\/\/elcotarro.com"],"url":"https:\/\/elcotarro.com\/?author=2"}]}},"jetpack_sharing_enabled":true,"jetpack_featured_media_url":"","_links":{"self":[{"href":"https:\/\/elcotarro.com\/index.php?rest_route=\/wp\/v2\/posts\/9088","targetHints":{"allow":["GET"]}}],"collection":[{"href":"https:\/\/elcotarro.com\/index.php?rest_route=\/wp\/v2\/posts"}],"about":[{"href":"https:\/\/elcotarro.com\/index.php?rest_route=\/wp\/v2\/types\/post"}],"author":[{"embeddable":true,"href":"https:\/\/elcotarro.com\/index.php?rest_route=\/wp\/v2\/users\/2"}],"replies":[{"embeddable":true,"href":"https:\/\/elcotarro.com\/index.php?rest_route=%2Fwp%2Fv2%2Fcomments&post=9088"}],"version-history":[{"count":1,"href":"https:\/\/elcotarro.com\/index.php?rest_route=\/wp\/v2\/posts\/9088\/revisions"}],"predecessor-version":[{"id":9090,"href":"https:\/\/elcotarro.com\/index.php?rest_route=\/wp\/v2\/posts\/9088\/revisions\/9090"}],"wp:attachment":[{"href":"https:\/\/elcotarro.com\/index.php?rest_route=%2Fwp%2Fv2%2Fmedia&parent=9088"}],"wp:term":[{"taxonomy":"category","embeddable":true,"href":"https:\/\/elcotarro.com\/index.php?rest_route=%2Fwp%2Fv2%2Fcategories&post=9088"},{"taxonomy":"post_tag","embeddable":true,"href":"https:\/\/elcotarro.com\/index.php?rest_route=%2Fwp%2Fv2%2Ftags&post=9088"}],"curies":[{"name":"wp","href":"https:\/\/api.w.org\/{rel}","templated":true}]}}