{"id":9101,"date":"2020-11-22T08:00:25","date_gmt":"2020-11-22T08:00:25","guid":{"rendered":"https:\/\/elcotarro.com\/?p=9101"},"modified":"2020-11-21T21:24:44","modified_gmt":"2020-11-21T21:24:44","slug":"esto-no-se-le-hace-a-canarias-y-a-los-canarios","status":"publish","type":"post","link":"https:\/\/elcotarro.com\/?p=9101","title":{"rendered":"ESTO NO SE LE HACE A CANARIAS Y A LOS CANARIOS"},"content":{"rendered":"<p>Abandonaditos, s\u00ed se\u00f1or. De nuevo ayer <strong>Pepe Moreno\u00a0<\/strong>dio en la diana con su art\u00edculo \u201cEl Mon\u00f3logo\u201d en la plataforma Canarias en Positivo (vayan y l\u00e9anlo en <a href=\"http:\/\/www.canariasenpositivo.com\/\">canariasenpositivo.com<\/a>). Lo que ha pasado esta \u00faltima semana en Canarias con el triste y sangrante tema de la inmigraci\u00f3n, es de verg\u00fcenza, no es de recibo y sirve de forma perfecta para explicar a qui\u00e9n proceda (a los ministros <strong>Fernando Grande-Marlaska\u00a0<\/strong>o <strong>Jos\u00e9 Luis Escriv\u00e1<\/strong>, por ejemplo) lo que significa la palabra \u201cgodo\u201d en nuestra tierra. Una explicaci\u00f3n que, ya puestos, se podr\u00eda y deber\u00eda hacer extensiva al se\u00f1or presidente <strong>Pedro S\u00e1nchez\u00a0<\/strong>y su vicepresidente,<strong>Pablo Iglesias\u00a0<\/strong>(a la saz\u00f3n ministro de Derechos Sociales). Lo que est\u00e1n haciendo ellos y su Gobierno de Espa\u00f1a con nuestra Comunidad Aut\u00f3noma \u201cespa\u00f1ola\u201d es dar pan para hoy y hambre para ma\u00f1ana; es sembrar polvos que, m\u00e1s pronto que tarde, se van a volver lodos\u2026 independentistas: es activar el polvor\u00edn dormido, que ahora puede explotar en el peor momento y en forma de partido independentista, que muy pocos deseamos de nuevo por aqu\u00ed.<\/p>\n<p style=\"text-align: center\"><a href=\"https:\/\/elcotarro.com\/wp-content\/uploads\/2020\/11\/FOTO-1.-PEDRO-Y-PABLO.jpeg\"><img loading=\"lazy\" decoding=\"async\" class=\"aligncenter size-full wp-image-9102\" src=\"https:\/\/elcotarro.com\/wp-content\/uploads\/2020\/11\/FOTO-1.-PEDRO-Y-PABLO.jpeg\" alt=\"\" width=\"1250\" height=\"746\" srcset=\"https:\/\/elcotarro.com\/wp-content\/uploads\/2020\/11\/FOTO-1.-PEDRO-Y-PABLO.jpeg 1250w, https:\/\/elcotarro.com\/wp-content\/uploads\/2020\/11\/FOTO-1.-PEDRO-Y-PABLO-300x179.jpeg 300w, https:\/\/elcotarro.com\/wp-content\/uploads\/2020\/11\/FOTO-1.-PEDRO-Y-PABLO-1024x611.jpeg 1024w, https:\/\/elcotarro.com\/wp-content\/uploads\/2020\/11\/FOTO-1.-PEDRO-Y-PABLO-768x458.jpeg 768w\" sizes=\"auto, (max-width: 1250px) 100vw, 1250px\" \/><\/a><\/p>\n<p style=\"text-align: center\"><em>Pedro S\u00e1nchez y Pablo Iglesias se burlan y pasan de Canarias. O al menos, lo parece.<\/em><\/p>\n<p>&nbsp;<\/p>\n","protected":false},"excerpt":{"rendered":"<p>Abandonaditos, s\u00ed se\u00f1or. De nuevo ayer Pepe Moreno\u00a0dio en la diana con su art\u00edculo \u201cEl Mon\u00f3logo\u201d en la plataforma Canarias en Positivo (vayan y l\u00e9anlo en canariasenpositivo.com). Lo que ha pasado esta \u00faltima semana en Canarias con el triste y sangrante tema de la inmigraci\u00f3n, es de verg\u00fcenza, no es de recibo y sirve de &#8230; <a class=\"read-more\" href=\"https:\/\/elcotarro.com\/?p=9101\">Read more<\/a><\/p>\n","protected":false},"author":2,"featured_media":0,"comment_status":"open","ping_status":"open","sticky":false,"template":"","format":"standard","meta":{"_jetpack_memberships_contains_paid_content":false,"footnotes":""},"categories":[1],"tags":[],"class_list":["post-9101","post","type-post","status-publish","format-standard","hentry","category-sin-categoria"],"yoast_head":"<!-- This site is optimized with the Yoast SEO plugin v27.0 - https:\/\/yoast.com\/product\/yoast-seo-wordpress\/ -->\n<title>ESTO NO SE LE HACE A CANARIAS Y A LOS CANARIOS - El Cotarro<\/title>\n<meta name=\"robots\" content=\"index, follow, max-snippet:-1, max-image-preview:large, max-video-preview:-1\" \/>\n<link rel=\"canonical\" href=\"https:\/\/elcotarro.com\/?p=9101\" \/>\n<meta property=\"og:locale\" content=\"es_ES\" \/>\n<meta property=\"og:type\" content=\"article\" \/>\n<meta property=\"og:title\" content=\"ESTO NO SE LE HACE A CANARIAS Y A LOS CANARIOS - El Cotarro\" \/>\n<meta property=\"og:description\" content=\"Abandonaditos, s\u00ed se\u00f1or. De nuevo ayer Pepe Moreno\u00a0dio en la diana con su art\u00edculo \u201cEl Mon\u00f3logo\u201d en la plataforma Canarias en Positivo (vayan y l\u00e9anlo en canariasenpositivo.com). Lo que ha pasado esta \u00faltima semana en Canarias con el triste y sangrante tema de la inmigraci\u00f3n, es de verg\u00fcenza, no es de recibo y sirve de ... Read more\" \/>\n<meta property=\"og:url\" content=\"https:\/\/elcotarro.com\/?p=9101\" \/>\n<meta property=\"og:site_name\" content=\"El Cotarro\" \/>\n<meta property=\"article:publisher\" content=\"https:\/\/www.facebook.com\/ElCotarro.Tenerife\" \/>\n<meta property=\"article:published_time\" content=\"2020-11-22T08:00:25+00:00\" \/>\n<meta property=\"og:image\" content=\"https:\/\/elcotarro.com\/wp-content\/uploads\/2020\/11\/FOTO-1.-PEDRO-Y-PABLO.jpeg\" \/>\n<meta name=\"author\" content=\"Jos\u00e9 Carlos Marrero Gonz\u00e1lez\" \/>\n<meta name=\"twitter:label1\" content=\"Escrito por\" \/>\n\t<meta name=\"twitter:data1\" content=\"Jos\u00e9 Carlos Marrero Gonz\u00e1lez\" \/>\n\t<meta name=\"twitter:label2\" content=\"Tiempo de lectura\" \/>\n\t<meta name=\"twitter:data2\" content=\"1 minuto\" \/>\n<script type=\"application\/ld+json\" class=\"yoast-schema-graph\">{\"@context\":\"https:\/\/schema.org\",\"@graph\":[{\"@type\":\"Article\",\"@id\":\"https:\/\/elcotarro.com\/?p=9101#article\",\"isPartOf\":{\"@id\":\"https:\/\/elcotarro.com\/?p=9101\"},\"author\":{\"name\":\"Jos\u00e9 Carlos Marrero Gonz\u00e1lez\",\"@id\":\"https:\/\/elcotarro.com\/#\/schema\/person\/af537ee7d60d15984c7e0affcd8a918b\"},\"headline\":\"ESTO NO SE LE HACE A CANARIAS Y A LOS CANARIOS\",\"datePublished\":\"2020-11-22T08:00:25+00:00\",\"mainEntityOfPage\":{\"@id\":\"https:\/\/elcotarro.com\/?p=9101\"},\"wordCount\":226,\"commentCount\":0,\"publisher\":{\"@id\":\"https:\/\/elcotarro.com\/#organization\"},\"image\":{\"@id\":\"https:\/\/elcotarro.com\/?p=9101#primaryimage\"},\"thumbnailUrl\":\"https:\/\/elcotarro.com\/wp-content\/uploads\/2020\/11\/FOTO-1.-PEDRO-Y-PABLO.jpeg\",\"inLanguage\":\"es\",\"potentialAction\":[{\"@type\":\"CommentAction\",\"name\":\"Comment\",\"target\":[\"https:\/\/elcotarro.com\/?p=9101#respond\"]}]},{\"@type\":\"WebPage\",\"@id\":\"https:\/\/elcotarro.com\/?p=9101\",\"url\":\"https:\/\/elcotarro.com\/?p=9101\",\"name\":\"ESTO NO SE LE HACE A CANARIAS Y A LOS CANARIOS - El Cotarro\",\"isPartOf\":{\"@id\":\"https:\/\/elcotarro.com\/#website\"},\"primaryImageOfPage\":{\"@id\":\"https:\/\/elcotarro.com\/?p=9101#primaryimage\"},\"image\":{\"@id\":\"https:\/\/elcotarro.com\/?p=9101#primaryimage\"},\"thumbnailUrl\":\"https:\/\/elcotarro.com\/wp-content\/uploads\/2020\/11\/FOTO-1.-PEDRO-Y-PABLO.jpeg\",\"datePublished\":\"2020-11-22T08:00:25+00:00\",\"breadcrumb\":{\"@id\":\"https:\/\/elcotarro.com\/?p=9101#breadcrumb\"},\"inLanguage\":\"es\",\"potentialAction\":[{\"@type\":\"ReadAction\",\"target\":[\"https:\/\/elcotarro.com\/?p=9101\"]}]},{\"@type\":\"ImageObject\",\"inLanguage\":\"es\",\"@id\":\"https:\/\/elcotarro.com\/?p=9101#primaryimage\",\"url\":\"https:\/\/elcotarro.com\/wp-content\/uploads\/2020\/11\/FOTO-1.-PEDRO-Y-PABLO.jpeg\",\"contentUrl\":\"https:\/\/elcotarro.com\/wp-content\/uploads\/2020\/11\/FOTO-1.-PEDRO-Y-PABLO.jpeg\",\"width\":1250,\"height\":746},{\"@type\":\"BreadcrumbList\",\"@id\":\"https:\/\/elcotarro.com\/?p=9101#breadcrumb\",\"itemListElement\":[{\"@type\":\"ListItem\",\"position\":1,\"name\":\"Portada\",\"item\":\"https:\/\/elcotarro.com\/\"},{\"@type\":\"ListItem\",\"position\":2,\"name\":\"ESTO NO SE LE HACE A CANARIAS Y A LOS CANARIOS\"}]},{\"@type\":\"WebSite\",\"@id\":\"https:\/\/elcotarro.com\/#website\",\"url\":\"https:\/\/elcotarro.com\/\",\"name\":\"El Cotarro\",\"description\":\"Peri\u00f3dico Digital Independiente dirigido por Jos\u00e9 Carlos Marrero\",\"publisher\":{\"@id\":\"https:\/\/elcotarro.com\/#organization\"},\"potentialAction\":[{\"@type\":\"SearchAction\",\"target\":{\"@type\":\"EntryPoint\",\"urlTemplate\":\"https:\/\/elcotarro.com\/?s={search_term_string}\"},\"query-input\":{\"@type\":\"PropertyValueSpecification\",\"valueRequired\":true,\"valueName\":\"search_term_string\"}}],\"inLanguage\":\"es\"},{\"@type\":\"Organization\",\"@id\":\"https:\/\/elcotarro.com\/#organization\",\"name\":\"El Cotarro\",\"url\":\"https:\/\/elcotarro.com\/\",\"logo\":{\"@type\":\"ImageObject\",\"inLanguage\":\"es\",\"@id\":\"https:\/\/elcotarro.com\/#\/schema\/logo\/image\/\",\"url\":\"https:\/\/elcotarro.com\/wp-content\/uploads\/2014\/09\/Cabecera_El_Cotarro_v2.jpg\",\"contentUrl\":\"https:\/\/elcotarro.com\/wp-content\/uploads\/2014\/09\/Cabecera_El_Cotarro_v2.jpg\",\"width\":3540,\"height\":441,\"caption\":\"El Cotarro\"},\"image\":{\"@id\":\"https:\/\/elcotarro.com\/#\/schema\/logo\/image\/\"},\"sameAs\":[\"https:\/\/www.facebook.com\/ElCotarro.Tenerife\"]},{\"@type\":\"Person\",\"@id\":\"https:\/\/elcotarro.com\/#\/schema\/person\/af537ee7d60d15984c7e0affcd8a918b\",\"name\":\"Jos\u00e9 Carlos Marrero Gonz\u00e1lez\",\"image\":{\"@type\":\"ImageObject\",\"inLanguage\":\"es\",\"@id\":\"https:\/\/elcotarro.com\/#\/schema\/person\/image\/\",\"url\":\"https:\/\/secure.gravatar.com\/avatar\/def4da036efb5d32c74d49c351f6dccc064dd69ad9f3aadc295c5a9a5391ca01?s=96&d=mm&r=g\",\"contentUrl\":\"https:\/\/secure.gravatar.com\/avatar\/def4da036efb5d32c74d49c351f6dccc064dd69ad9f3aadc295c5a9a5391ca01?s=96&d=mm&r=g\",\"caption\":\"Jos\u00e9 Carlos Marrero Gonz\u00e1lez\"},\"sameAs\":[\"https:\/\/elcotarro.com\"],\"url\":\"https:\/\/elcotarro.com\/?author=2\"}]}<\/script>\n<!-- \/ Yoast SEO plugin. -->","yoast_head_json":{"title":"ESTO NO SE LE HACE A CANARIAS Y A LOS CANARIOS - El Cotarro","robots":{"index":"index","follow":"follow","max-snippet":"max-snippet:-1","max-image-preview":"max-image-preview:large","max-video-preview":"max-video-preview:-1"},"canonical":"https:\/\/elcotarro.com\/?p=9101","og_locale":"es_ES","og_type":"article","og_title":"ESTO NO SE LE HACE A CANARIAS Y A LOS CANARIOS - El Cotarro","og_description":"Abandonaditos, s\u00ed se\u00f1or. De nuevo ayer Pepe Moreno\u00a0dio en la diana con su art\u00edculo \u201cEl Mon\u00f3logo\u201d en la plataforma Canarias en Positivo (vayan y l\u00e9anlo en canariasenpositivo.com). Lo que ha pasado esta \u00faltima semana en Canarias con el triste y sangrante tema de la inmigraci\u00f3n, es de verg\u00fcenza, no es de recibo y sirve de ... Read more","og_url":"https:\/\/elcotarro.com\/?p=9101","og_site_name":"El Cotarro","article_publisher":"https:\/\/www.facebook.com\/ElCotarro.Tenerife","article_published_time":"2020-11-22T08:00:25+00:00","og_image":[{"url":"https:\/\/elcotarro.com\/wp-content\/uploads\/2020\/11\/FOTO-1.-PEDRO-Y-PABLO.jpeg","type":"","width":"","height":""}],"author":"Jos\u00e9 Carlos Marrero Gonz\u00e1lez","twitter_misc":{"Escrito por":"Jos\u00e9 Carlos Marrero Gonz\u00e1lez","Tiempo de lectura":"1 minuto"},"schema":{"@context":"https:\/\/schema.org","@graph":[{"@type":"Article","@id":"https:\/\/elcotarro.com\/?p=9101#article","isPartOf":{"@id":"https:\/\/elcotarro.com\/?p=9101"},"author":{"name":"Jos\u00e9 Carlos Marrero Gonz\u00e1lez","@id":"https:\/\/elcotarro.com\/#\/schema\/person\/af537ee7d60d15984c7e0affcd8a918b"},"headline":"ESTO NO SE LE HACE A CANARIAS Y A LOS CANARIOS","datePublished":"2020-11-22T08:00:25+00:00","mainEntityOfPage":{"@id":"https:\/\/elcotarro.com\/?p=9101"},"wordCount":226,"commentCount":0,"publisher":{"@id":"https:\/\/elcotarro.com\/#organization"},"image":{"@id":"https:\/\/elcotarro.com\/?p=9101#primaryimage"},"thumbnailUrl":"https:\/\/elcotarro.com\/wp-content\/uploads\/2020\/11\/FOTO-1.-PEDRO-Y-PABLO.jpeg","inLanguage":"es","potentialAction":[{"@type":"CommentAction","name":"Comment","target":["https:\/\/elcotarro.com\/?p=9101#respond"]}]},{"@type":"WebPage","@id":"https:\/\/elcotarro.com\/?p=9101","url":"https:\/\/elcotarro.com\/?p=9101","name":"ESTO NO SE LE HACE A CANARIAS Y A LOS CANARIOS - El Cotarro","isPartOf":{"@id":"https:\/\/elcotarro.com\/#website"},"primaryImageOfPage":{"@id":"https:\/\/elcotarro.com\/?p=9101#primaryimage"},"image":{"@id":"https:\/\/elcotarro.com\/?p=9101#primaryimage"},"thumbnailUrl":"https:\/\/elcotarro.com\/wp-content\/uploads\/2020\/11\/FOTO-1.-PEDRO-Y-PABLO.jpeg","datePublished":"2020-11-22T08:00:25+00:00","breadcrumb":{"@id":"https:\/\/elcotarro.com\/?p=9101#breadcrumb"},"inLanguage":"es","potentialAction":[{"@type":"ReadAction","target":["https:\/\/elcotarro.com\/?p=9101"]}]},{"@type":"ImageObject","inLanguage":"es","@id":"https:\/\/elcotarro.com\/?p=9101#primaryimage","url":"https:\/\/elcotarro.com\/wp-content\/uploads\/2020\/11\/FOTO-1.-PEDRO-Y-PABLO.jpeg","contentUrl":"https:\/\/elcotarro.com\/wp-content\/uploads\/2020\/11\/FOTO-1.-PEDRO-Y-PABLO.jpeg","width":1250,"height":746},{"@type":"BreadcrumbList","@id":"https:\/\/elcotarro.com\/?p=9101#breadcrumb","itemListElement":[{"@type":"ListItem","position":1,"name":"Portada","item":"https:\/\/elcotarro.com\/"},{"@type":"ListItem","position":2,"name":"ESTO NO SE LE HACE A CANARIAS Y A LOS CANARIOS"}]},{"@type":"WebSite","@id":"https:\/\/elcotarro.com\/#website","url":"https:\/\/elcotarro.com\/","name":"El Cotarro","description":"Peri\u00f3dico Digital Independiente dirigido por Jos\u00e9 Carlos Marrero","publisher":{"@id":"https:\/\/elcotarro.com\/#organization"},"potentialAction":[{"@type":"SearchAction","target":{"@type":"EntryPoint","urlTemplate":"https:\/\/elcotarro.com\/?s={search_term_string}"},"query-input":{"@type":"PropertyValueSpecification","valueRequired":true,"valueName":"search_term_string"}}],"inLanguage":"es"},{"@type":"Organization","@id":"https:\/\/elcotarro.com\/#organization","name":"El Cotarro","url":"https:\/\/elcotarro.com\/","logo":{"@type":"ImageObject","inLanguage":"es","@id":"https:\/\/elcotarro.com\/#\/schema\/logo\/image\/","url":"https:\/\/elcotarro.com\/wp-content\/uploads\/2014\/09\/Cabecera_El_Cotarro_v2.jpg","contentUrl":"https:\/\/elcotarro.com\/wp-content\/uploads\/2014\/09\/Cabecera_El_Cotarro_v2.jpg","width":3540,"height":441,"caption":"El Cotarro"},"image":{"@id":"https:\/\/elcotarro.com\/#\/schema\/logo\/image\/"},"sameAs":["https:\/\/www.facebook.com\/ElCotarro.Tenerife"]},{"@type":"Person","@id":"https:\/\/elcotarro.com\/#\/schema\/person\/af537ee7d60d15984c7e0affcd8a918b","name":"Jos\u00e9 Carlos Marrero Gonz\u00e1lez","image":{"@type":"ImageObject","inLanguage":"es","@id":"https:\/\/elcotarro.com\/#\/schema\/person\/image\/","url":"https:\/\/secure.gravatar.com\/avatar\/def4da036efb5d32c74d49c351f6dccc064dd69ad9f3aadc295c5a9a5391ca01?s=96&d=mm&r=g","contentUrl":"https:\/\/secure.gravatar.com\/avatar\/def4da036efb5d32c74d49c351f6dccc064dd69ad9f3aadc295c5a9a5391ca01?s=96&d=mm&r=g","caption":"Jos\u00e9 Carlos Marrero Gonz\u00e1lez"},"sameAs":["https:\/\/elcotarro.com"],"url":"https:\/\/elcotarro.com\/?author=2"}]}},"jetpack_featured_media_url":"","jetpack_sharing_enabled":true,"_links":{"self":[{"href":"https:\/\/elcotarro.com\/index.php?rest_route=\/wp\/v2\/posts\/9101","targetHints":{"allow":["GET"]}}],"collection":[{"href":"https:\/\/elcotarro.com\/index.php?rest_route=\/wp\/v2\/posts"}],"about":[{"href":"https:\/\/elcotarro.com\/index.php?rest_route=\/wp\/v2\/types\/post"}],"author":[{"embeddable":true,"href":"https:\/\/elcotarro.com\/index.php?rest_route=\/wp\/v2\/users\/2"}],"replies":[{"embeddable":true,"href":"https:\/\/elcotarro.com\/index.php?rest_route=%2Fwp%2Fv2%2Fcomments&post=9101"}],"version-history":[{"count":1,"href":"https:\/\/elcotarro.com\/index.php?rest_route=\/wp\/v2\/posts\/9101\/revisions"}],"predecessor-version":[{"id":9103,"href":"https:\/\/elcotarro.com\/index.php?rest_route=\/wp\/v2\/posts\/9101\/revisions\/9103"}],"wp:attachment":[{"href":"https:\/\/elcotarro.com\/index.php?rest_route=%2Fwp%2Fv2%2Fmedia&parent=9101"}],"wp:term":[{"taxonomy":"category","embeddable":true,"href":"https:\/\/elcotarro.com\/index.php?rest_route=%2Fwp%2Fv2%2Fcategories&post=9101"},{"taxonomy":"post_tag","embeddable":true,"href":"https:\/\/elcotarro.com\/index.php?rest_route=%2Fwp%2Fv2%2Ftags&post=9101"}],"curies":[{"name":"wp","href":"https:\/\/api.w.org\/{rel}","templated":true}]}}