{"id":9145,"date":"2020-11-29T07:55:44","date_gmt":"2020-11-29T07:55:44","guid":{"rendered":"https:\/\/elcotarro.com\/?p=9145"},"modified":"2020-11-29T00:09:40","modified_gmt":"2020-11-29T00:09:40","slug":"nominada-en-el-prestigioso-festival-fibabc-2020","status":"publish","type":"post","link":"https:\/\/elcotarro.com\/?p=9145","title":{"rendered":"NOMINADA EN EL PRESTIGIOSO FESTIVAL FIBABC 2020"},"content":{"rendered":"<p>Hay que recordar que, en la realidad, la orca <b>Morgan<\/b> lleg\u00f3 a Tenerife atendiendo al ruego de las autoridades del Gobierno de Holanda, que solicitaron a <b>Wolfgang Kiessling<\/b> que fuera acogida y cuidada en Loro Parque porque, de ser devuelta al mar, morir\u00eda con toda seguridad. As\u00ed fue acogida y hoy sigue viviendo feliz. Puedo decirles que, al final del cortometraje, unos cr\u00e9ditos recuerdan textualmente que <i>\u201cen julio de 2017 y despu\u00e9s de varios an\u00e1lisis realizados por cient\u00edficos, concluyeron que <\/i><b><i>Morgan<\/i><\/b><i> era sorda. Gracias al lenguaje de signos creado por sus cuidadores en Loro Parque, <\/i><b><i>Morgan<\/i><\/b><i>, aun siendo sorda, puede participar en todas las actividades de Orca Ocean, donde ha tenido una segunda oportunidad en su vida\u201d.<\/i> Y termina recordando que <i>\u201cen septiembre de 2018, <\/i><b><i>Morgan<\/i><\/b><i> fue madre por primera vez\u201d.<\/i>\u00a0 Es importante, justo y necesario, decirles que la pel\u00edcula <i>\u201c<\/i><b><i>Morgan<\/i><\/b><i>, la orca valiente\u201d<\/i> ha sido seleccionada y nominada para los premios del importante y prestigioso Festival Iberoamericano de Cortometrajes ABC (FIBABC) en su edici\u00f3n 2020, cuya fase de votaciones populares ya ha concluido. Esperemos que haya suerte, que sea premiada, y que, ojal\u00e1, muy pronto, se convierta en un largometraje de \u00e9xito.<\/p>\n<p><a href=\"https:\/\/elcotarro.com\/wp-content\/uploads\/2020\/11\/FOTO-6.-MORGAN-EN-LORO.png\"><img loading=\"lazy\" decoding=\"async\" class=\"aligncenter size-full wp-image-9139\" src=\"https:\/\/elcotarro.com\/wp-content\/uploads\/2020\/11\/FOTO-6.-MORGAN-EN-LORO.png\" alt=\"\" width=\"1018\" height=\"532\" srcset=\"https:\/\/elcotarro.com\/wp-content\/uploads\/2020\/11\/FOTO-6.-MORGAN-EN-LORO.png 1018w, https:\/\/elcotarro.com\/wp-content\/uploads\/2020\/11\/FOTO-6.-MORGAN-EN-LORO-300x157.png 300w, https:\/\/elcotarro.com\/wp-content\/uploads\/2020\/11\/FOTO-6.-MORGAN-EN-LORO-768x401.png 768w\" sizes=\"auto, (max-width: 1018px) 100vw, 1018px\" \/><\/a><\/p>\n<p style=\"text-align: center\"><em>Morgan ya viviendo feliz en Loro Parque, al lado de una de sus cuidadoras.<\/em><\/p>\n","protected":false},"excerpt":{"rendered":"<p>Hay que recordar que, en la realidad, la orca Morgan lleg\u00f3 a Tenerife atendiendo al ruego de las autoridades del Gobierno de Holanda, que solicitaron a Wolfgang Kiessling que fuera acogida y cuidada en Loro Parque porque, de ser devuelta al mar, morir\u00eda con toda seguridad. As\u00ed fue acogida y hoy sigue viviendo feliz. Puedo &#8230; <a class=\"read-more\" href=\"https:\/\/elcotarro.com\/?p=9145\">Read more<\/a><\/p>\n","protected":false},"author":2,"featured_media":0,"comment_status":"open","ping_status":"open","sticky":false,"template":"","format":"standard","meta":{"_jetpack_memberships_contains_paid_content":false,"footnotes":""},"categories":[1],"tags":[],"class_list":["post-9145","post","type-post","status-publish","format-standard","hentry","category-sin-categoria"],"yoast_head":"<!-- This site is optimized with the Yoast SEO plugin v27.0 - https:\/\/yoast.com\/product\/yoast-seo-wordpress\/ -->\n<title>NOMINADA EN EL PRESTIGIOSO FESTIVAL FIBABC 2020 - El Cotarro<\/title>\n<meta name=\"robots\" content=\"index, follow, max-snippet:-1, max-image-preview:large, max-video-preview:-1\" \/>\n<link rel=\"canonical\" href=\"https:\/\/elcotarro.com\/?p=9145\" \/>\n<meta property=\"og:locale\" content=\"es_ES\" \/>\n<meta property=\"og:type\" content=\"article\" \/>\n<meta property=\"og:title\" content=\"NOMINADA EN EL PRESTIGIOSO FESTIVAL FIBABC 2020 - El Cotarro\" \/>\n<meta property=\"og:description\" content=\"Hay que recordar que, en la realidad, la orca Morgan lleg\u00f3 a Tenerife atendiendo al ruego de las autoridades del Gobierno de Holanda, que solicitaron a Wolfgang Kiessling que fuera acogida y cuidada en Loro Parque porque, de ser devuelta al mar, morir\u00eda con toda seguridad. As\u00ed fue acogida y hoy sigue viviendo feliz. Puedo ... Read more\" \/>\n<meta property=\"og:url\" content=\"https:\/\/elcotarro.com\/?p=9145\" \/>\n<meta property=\"og:site_name\" content=\"El Cotarro\" \/>\n<meta property=\"article:publisher\" content=\"https:\/\/www.facebook.com\/ElCotarro.Tenerife\" \/>\n<meta property=\"article:published_time\" content=\"2020-11-29T07:55:44+00:00\" \/>\n<meta property=\"og:image\" content=\"https:\/\/elcotarro.com\/wp-content\/uploads\/2020\/11\/FOTO-6.-MORGAN-EN-LORO.png\" \/>\n<meta name=\"author\" content=\"Jos\u00e9 Carlos Marrero Gonz\u00e1lez\" \/>\n<meta name=\"twitter:label1\" content=\"Escrito por\" \/>\n\t<meta name=\"twitter:data1\" content=\"Jos\u00e9 Carlos Marrero Gonz\u00e1lez\" \/>\n\t<meta name=\"twitter:label2\" content=\"Tiempo de lectura\" \/>\n\t<meta name=\"twitter:data2\" content=\"1 minuto\" \/>\n<script type=\"application\/ld+json\" class=\"yoast-schema-graph\">{\"@context\":\"https:\/\/schema.org\",\"@graph\":[{\"@type\":\"Article\",\"@id\":\"https:\/\/elcotarro.com\/?p=9145#article\",\"isPartOf\":{\"@id\":\"https:\/\/elcotarro.com\/?p=9145\"},\"author\":{\"name\":\"Jos\u00e9 Carlos Marrero Gonz\u00e1lez\",\"@id\":\"https:\/\/elcotarro.com\/#\/schema\/person\/af537ee7d60d15984c7e0affcd8a918b\"},\"headline\":\"NOMINADA EN EL PRESTIGIOSO FESTIVAL FIBABC 2020\",\"datePublished\":\"2020-11-29T07:55:44+00:00\",\"mainEntityOfPage\":{\"@id\":\"https:\/\/elcotarro.com\/?p=9145\"},\"wordCount\":217,\"commentCount\":0,\"publisher\":{\"@id\":\"https:\/\/elcotarro.com\/#organization\"},\"image\":{\"@id\":\"https:\/\/elcotarro.com\/?p=9145#primaryimage\"},\"thumbnailUrl\":\"https:\/\/elcotarro.com\/wp-content\/uploads\/2020\/11\/FOTO-6.-MORGAN-EN-LORO.png\",\"inLanguage\":\"es\",\"potentialAction\":[{\"@type\":\"CommentAction\",\"name\":\"Comment\",\"target\":[\"https:\/\/elcotarro.com\/?p=9145#respond\"]}]},{\"@type\":\"WebPage\",\"@id\":\"https:\/\/elcotarro.com\/?p=9145\",\"url\":\"https:\/\/elcotarro.com\/?p=9145\",\"name\":\"NOMINADA EN EL PRESTIGIOSO FESTIVAL FIBABC 2020 - El Cotarro\",\"isPartOf\":{\"@id\":\"https:\/\/elcotarro.com\/#website\"},\"primaryImageOfPage\":{\"@id\":\"https:\/\/elcotarro.com\/?p=9145#primaryimage\"},\"image\":{\"@id\":\"https:\/\/elcotarro.com\/?p=9145#primaryimage\"},\"thumbnailUrl\":\"https:\/\/elcotarro.com\/wp-content\/uploads\/2020\/11\/FOTO-6.-MORGAN-EN-LORO.png\",\"datePublished\":\"2020-11-29T07:55:44+00:00\",\"breadcrumb\":{\"@id\":\"https:\/\/elcotarro.com\/?p=9145#breadcrumb\"},\"inLanguage\":\"es\",\"potentialAction\":[{\"@type\":\"ReadAction\",\"target\":[\"https:\/\/elcotarro.com\/?p=9145\"]}]},{\"@type\":\"ImageObject\",\"inLanguage\":\"es\",\"@id\":\"https:\/\/elcotarro.com\/?p=9145#primaryimage\",\"url\":\"https:\/\/elcotarro.com\/wp-content\/uploads\/2020\/11\/FOTO-6.-MORGAN-EN-LORO.png\",\"contentUrl\":\"https:\/\/elcotarro.com\/wp-content\/uploads\/2020\/11\/FOTO-6.-MORGAN-EN-LORO.png\",\"width\":1018,\"height\":532},{\"@type\":\"BreadcrumbList\",\"@id\":\"https:\/\/elcotarro.com\/?p=9145#breadcrumb\",\"itemListElement\":[{\"@type\":\"ListItem\",\"position\":1,\"name\":\"Portada\",\"item\":\"https:\/\/elcotarro.com\/\"},{\"@type\":\"ListItem\",\"position\":2,\"name\":\"NOMINADA EN EL PRESTIGIOSO FESTIVAL FIBABC 2020\"}]},{\"@type\":\"WebSite\",\"@id\":\"https:\/\/elcotarro.com\/#website\",\"url\":\"https:\/\/elcotarro.com\/\",\"name\":\"El Cotarro\",\"description\":\"Peri\u00f3dico Digital Independiente dirigido por Jos\u00e9 Carlos Marrero\",\"publisher\":{\"@id\":\"https:\/\/elcotarro.com\/#organization\"},\"potentialAction\":[{\"@type\":\"SearchAction\",\"target\":{\"@type\":\"EntryPoint\",\"urlTemplate\":\"https:\/\/elcotarro.com\/?s={search_term_string}\"},\"query-input\":{\"@type\":\"PropertyValueSpecification\",\"valueRequired\":true,\"valueName\":\"search_term_string\"}}],\"inLanguage\":\"es\"},{\"@type\":\"Organization\",\"@id\":\"https:\/\/elcotarro.com\/#organization\",\"name\":\"El Cotarro\",\"url\":\"https:\/\/elcotarro.com\/\",\"logo\":{\"@type\":\"ImageObject\",\"inLanguage\":\"es\",\"@id\":\"https:\/\/elcotarro.com\/#\/schema\/logo\/image\/\",\"url\":\"https:\/\/elcotarro.com\/wp-content\/uploads\/2014\/09\/Cabecera_El_Cotarro_v2.jpg\",\"contentUrl\":\"https:\/\/elcotarro.com\/wp-content\/uploads\/2014\/09\/Cabecera_El_Cotarro_v2.jpg\",\"width\":3540,\"height\":441,\"caption\":\"El Cotarro\"},\"image\":{\"@id\":\"https:\/\/elcotarro.com\/#\/schema\/logo\/image\/\"},\"sameAs\":[\"https:\/\/www.facebook.com\/ElCotarro.Tenerife\"]},{\"@type\":\"Person\",\"@id\":\"https:\/\/elcotarro.com\/#\/schema\/person\/af537ee7d60d15984c7e0affcd8a918b\",\"name\":\"Jos\u00e9 Carlos Marrero Gonz\u00e1lez\",\"image\":{\"@type\":\"ImageObject\",\"inLanguage\":\"es\",\"@id\":\"https:\/\/elcotarro.com\/#\/schema\/person\/image\/\",\"url\":\"https:\/\/secure.gravatar.com\/avatar\/def4da036efb5d32c74d49c351f6dccc064dd69ad9f3aadc295c5a9a5391ca01?s=96&d=mm&r=g\",\"contentUrl\":\"https:\/\/secure.gravatar.com\/avatar\/def4da036efb5d32c74d49c351f6dccc064dd69ad9f3aadc295c5a9a5391ca01?s=96&d=mm&r=g\",\"caption\":\"Jos\u00e9 Carlos Marrero Gonz\u00e1lez\"},\"sameAs\":[\"https:\/\/elcotarro.com\"],\"url\":\"https:\/\/elcotarro.com\/?author=2\"}]}<\/script>\n<!-- \/ Yoast SEO plugin. -->","yoast_head_json":{"title":"NOMINADA EN EL PRESTIGIOSO FESTIVAL FIBABC 2020 - El Cotarro","robots":{"index":"index","follow":"follow","max-snippet":"max-snippet:-1","max-image-preview":"max-image-preview:large","max-video-preview":"max-video-preview:-1"},"canonical":"https:\/\/elcotarro.com\/?p=9145","og_locale":"es_ES","og_type":"article","og_title":"NOMINADA EN EL PRESTIGIOSO FESTIVAL FIBABC 2020 - El Cotarro","og_description":"Hay que recordar que, en la realidad, la orca Morgan lleg\u00f3 a Tenerife atendiendo al ruego de las autoridades del Gobierno de Holanda, que solicitaron a Wolfgang Kiessling que fuera acogida y cuidada en Loro Parque porque, de ser devuelta al mar, morir\u00eda con toda seguridad. As\u00ed fue acogida y hoy sigue viviendo feliz. Puedo ... Read more","og_url":"https:\/\/elcotarro.com\/?p=9145","og_site_name":"El Cotarro","article_publisher":"https:\/\/www.facebook.com\/ElCotarro.Tenerife","article_published_time":"2020-11-29T07:55:44+00:00","og_image":[{"url":"https:\/\/elcotarro.com\/wp-content\/uploads\/2020\/11\/FOTO-6.-MORGAN-EN-LORO.png","type":"","width":"","height":""}],"author":"Jos\u00e9 Carlos Marrero Gonz\u00e1lez","twitter_misc":{"Escrito por":"Jos\u00e9 Carlos Marrero Gonz\u00e1lez","Tiempo de lectura":"1 minuto"},"schema":{"@context":"https:\/\/schema.org","@graph":[{"@type":"Article","@id":"https:\/\/elcotarro.com\/?p=9145#article","isPartOf":{"@id":"https:\/\/elcotarro.com\/?p=9145"},"author":{"name":"Jos\u00e9 Carlos Marrero Gonz\u00e1lez","@id":"https:\/\/elcotarro.com\/#\/schema\/person\/af537ee7d60d15984c7e0affcd8a918b"},"headline":"NOMINADA EN EL PRESTIGIOSO FESTIVAL FIBABC 2020","datePublished":"2020-11-29T07:55:44+00:00","mainEntityOfPage":{"@id":"https:\/\/elcotarro.com\/?p=9145"},"wordCount":217,"commentCount":0,"publisher":{"@id":"https:\/\/elcotarro.com\/#organization"},"image":{"@id":"https:\/\/elcotarro.com\/?p=9145#primaryimage"},"thumbnailUrl":"https:\/\/elcotarro.com\/wp-content\/uploads\/2020\/11\/FOTO-6.-MORGAN-EN-LORO.png","inLanguage":"es","potentialAction":[{"@type":"CommentAction","name":"Comment","target":["https:\/\/elcotarro.com\/?p=9145#respond"]}]},{"@type":"WebPage","@id":"https:\/\/elcotarro.com\/?p=9145","url":"https:\/\/elcotarro.com\/?p=9145","name":"NOMINADA EN EL PRESTIGIOSO FESTIVAL FIBABC 2020 - El Cotarro","isPartOf":{"@id":"https:\/\/elcotarro.com\/#website"},"primaryImageOfPage":{"@id":"https:\/\/elcotarro.com\/?p=9145#primaryimage"},"image":{"@id":"https:\/\/elcotarro.com\/?p=9145#primaryimage"},"thumbnailUrl":"https:\/\/elcotarro.com\/wp-content\/uploads\/2020\/11\/FOTO-6.-MORGAN-EN-LORO.png","datePublished":"2020-11-29T07:55:44+00:00","breadcrumb":{"@id":"https:\/\/elcotarro.com\/?p=9145#breadcrumb"},"inLanguage":"es","potentialAction":[{"@type":"ReadAction","target":["https:\/\/elcotarro.com\/?p=9145"]}]},{"@type":"ImageObject","inLanguage":"es","@id":"https:\/\/elcotarro.com\/?p=9145#primaryimage","url":"https:\/\/elcotarro.com\/wp-content\/uploads\/2020\/11\/FOTO-6.-MORGAN-EN-LORO.png","contentUrl":"https:\/\/elcotarro.com\/wp-content\/uploads\/2020\/11\/FOTO-6.-MORGAN-EN-LORO.png","width":1018,"height":532},{"@type":"BreadcrumbList","@id":"https:\/\/elcotarro.com\/?p=9145#breadcrumb","itemListElement":[{"@type":"ListItem","position":1,"name":"Portada","item":"https:\/\/elcotarro.com\/"},{"@type":"ListItem","position":2,"name":"NOMINADA EN EL PRESTIGIOSO FESTIVAL FIBABC 2020"}]},{"@type":"WebSite","@id":"https:\/\/elcotarro.com\/#website","url":"https:\/\/elcotarro.com\/","name":"El Cotarro","description":"Peri\u00f3dico Digital Independiente dirigido por Jos\u00e9 Carlos Marrero","publisher":{"@id":"https:\/\/elcotarro.com\/#organization"},"potentialAction":[{"@type":"SearchAction","target":{"@type":"EntryPoint","urlTemplate":"https:\/\/elcotarro.com\/?s={search_term_string}"},"query-input":{"@type":"PropertyValueSpecification","valueRequired":true,"valueName":"search_term_string"}}],"inLanguage":"es"},{"@type":"Organization","@id":"https:\/\/elcotarro.com\/#organization","name":"El Cotarro","url":"https:\/\/elcotarro.com\/","logo":{"@type":"ImageObject","inLanguage":"es","@id":"https:\/\/elcotarro.com\/#\/schema\/logo\/image\/","url":"https:\/\/elcotarro.com\/wp-content\/uploads\/2014\/09\/Cabecera_El_Cotarro_v2.jpg","contentUrl":"https:\/\/elcotarro.com\/wp-content\/uploads\/2014\/09\/Cabecera_El_Cotarro_v2.jpg","width":3540,"height":441,"caption":"El Cotarro"},"image":{"@id":"https:\/\/elcotarro.com\/#\/schema\/logo\/image\/"},"sameAs":["https:\/\/www.facebook.com\/ElCotarro.Tenerife"]},{"@type":"Person","@id":"https:\/\/elcotarro.com\/#\/schema\/person\/af537ee7d60d15984c7e0affcd8a918b","name":"Jos\u00e9 Carlos Marrero Gonz\u00e1lez","image":{"@type":"ImageObject","inLanguage":"es","@id":"https:\/\/elcotarro.com\/#\/schema\/person\/image\/","url":"https:\/\/secure.gravatar.com\/avatar\/def4da036efb5d32c74d49c351f6dccc064dd69ad9f3aadc295c5a9a5391ca01?s=96&d=mm&r=g","contentUrl":"https:\/\/secure.gravatar.com\/avatar\/def4da036efb5d32c74d49c351f6dccc064dd69ad9f3aadc295c5a9a5391ca01?s=96&d=mm&r=g","caption":"Jos\u00e9 Carlos Marrero Gonz\u00e1lez"},"sameAs":["https:\/\/elcotarro.com"],"url":"https:\/\/elcotarro.com\/?author=2"}]}},"jetpack_featured_media_url":"","jetpack_sharing_enabled":true,"_links":{"self":[{"href":"https:\/\/elcotarro.com\/index.php?rest_route=\/wp\/v2\/posts\/9145","targetHints":{"allow":["GET"]}}],"collection":[{"href":"https:\/\/elcotarro.com\/index.php?rest_route=\/wp\/v2\/posts"}],"about":[{"href":"https:\/\/elcotarro.com\/index.php?rest_route=\/wp\/v2\/types\/post"}],"author":[{"embeddable":true,"href":"https:\/\/elcotarro.com\/index.php?rest_route=\/wp\/v2\/users\/2"}],"replies":[{"embeddable":true,"href":"https:\/\/elcotarro.com\/index.php?rest_route=%2Fwp%2Fv2%2Fcomments&post=9145"}],"version-history":[{"count":1,"href":"https:\/\/elcotarro.com\/index.php?rest_route=\/wp\/v2\/posts\/9145\/revisions"}],"predecessor-version":[{"id":9146,"href":"https:\/\/elcotarro.com\/index.php?rest_route=\/wp\/v2\/posts\/9145\/revisions\/9146"}],"wp:attachment":[{"href":"https:\/\/elcotarro.com\/index.php?rest_route=%2Fwp%2Fv2%2Fmedia&parent=9145"}],"wp:term":[{"taxonomy":"category","embeddable":true,"href":"https:\/\/elcotarro.com\/index.php?rest_route=%2Fwp%2Fv2%2Fcategories&post=9145"},{"taxonomy":"post_tag","embeddable":true,"href":"https:\/\/elcotarro.com\/index.php?rest_route=%2Fwp%2Fv2%2Ftags&post=9145"}],"curies":[{"name":"wp","href":"https:\/\/api.w.org\/{rel}","templated":true}]}}