{"id":9147,"date":"2020-11-29T07:56:45","date_gmt":"2020-11-29T07:56:45","guid":{"rendered":"https:\/\/elcotarro.com\/?p=9147"},"modified":"2020-11-29T00:11:03","modified_gmt":"2020-11-29T00:11:03","slug":"la-orca-morgan-ya-es-una-estrella-de-cine","status":"publish","type":"post","link":"https:\/\/elcotarro.com\/?p=9147","title":{"rendered":"LA ORCA \u201cMORGAN\u201d YA ES UNA ESTRELLA DE CINE"},"content":{"rendered":"<p>Y hablando de Loro Parque, hay que decir que <b>Ebu<\/b>, all\u00e1 donde est\u00e9, al igual que <b>Wolfgang Kiessling<\/b> y toda la gran familia de Loro Parque, estar\u00e1n encantados de que nuestra ya popular y querida orca <b>Morgan<\/b>, se ha convertido en una flamante \u201cestrella de cine\u201d. Lo digo, porque <b>Morgan<\/b> es la protagonista de una divertida y formativa pel\u00edcula de animaci\u00f3n que, con el t\u00edtulo de <i>\u201c<\/i><b><i>Morgan<\/i><\/b><i>, la orca valiente\u201d<\/i> ya es una producci\u00f3n espa\u00f1ola dirigida por <b>Marcos Mart\u00edn Mu\u00f1oz<\/b>, que ha hecho realidad la productora independiente Capcup. La pel\u00edcula cuenta con guion de <b>Maxi Valero<\/b>, siendo la banda sonora de <b>Gonzalo D\u00edaz Yerro<\/b>. El film cont\u00f3 como consultor con el doctor <b>Javier Almunia<\/b>, director de Loro Parque Fundaci\u00f3n y es un cortometraje que, en su sinopsis, narra <i>\u201cla historia de <\/i><b><i>Morgan<\/i><\/b><i>, una valiente orca que, tras sufrir un accidente, pierde a su familia en la inmensidad del oc\u00e9ano. En su viaje lleno de desaf\u00edos y de aventuras, conoce a nuevos amigos que le ayudan a encontrar una nueva familia y un nuevo hogar<\/i>&#8230; Ah\u00ed lo dejo, para no cometer \u201cspoiler\u201d, pero no sin antes decirles, porque es de justicia, que <b>Wolfgang Kiessling<\/b> y Loro Parque Fundaci\u00f3n han colaborado con el director <b>Marcos Mart\u00edn Mu\u00f1oz <\/b>y la productora independiente Capcub, para que pudiera hacerse realidad esta pel\u00edcula de animaci\u00f3n.<\/p>\n<p><a href=\"https:\/\/elcotarro.com\/wp-content\/uploads\/2020\/11\/foto-5.-MORGAN-Y-BARCO.png\"><img loading=\"lazy\" decoding=\"async\" class=\"aligncenter size-full wp-image-9138\" src=\"https:\/\/elcotarro.com\/wp-content\/uploads\/2020\/11\/foto-5.-MORGAN-Y-BARCO.png\" alt=\"\" width=\"1018\" height=\"535\" srcset=\"https:\/\/elcotarro.com\/wp-content\/uploads\/2020\/11\/foto-5.-MORGAN-Y-BARCO.png 1018w, https:\/\/elcotarro.com\/wp-content\/uploads\/2020\/11\/foto-5.-MORGAN-Y-BARCO-300x158.png 300w, https:\/\/elcotarro.com\/wp-content\/uploads\/2020\/11\/foto-5.-MORGAN-Y-BARCO-768x404.png 768w\" sizes=\"auto, (max-width: 1018px) 100vw, 1018px\" \/><\/a><\/p>\n<p style=\"text-align: center\"><em>Morgan en la pel\u00edcula, antes de tener el accidente y perder a su familia.<\/em><\/p>\n","protected":false},"excerpt":{"rendered":"<p>Y hablando de Loro Parque, hay que decir que Ebu, all\u00e1 donde est\u00e9, al igual que Wolfgang Kiessling y toda la gran familia de Loro Parque, estar\u00e1n encantados de que nuestra ya popular y querida orca Morgan, se ha convertido en una flamante \u201cestrella de cine\u201d. Lo digo, porque Morgan es la protagonista de una &#8230; <a class=\"read-more\" href=\"https:\/\/elcotarro.com\/?p=9147\">Read more<\/a><\/p>\n","protected":false},"author":2,"featured_media":0,"comment_status":"open","ping_status":"open","sticky":false,"template":"","format":"standard","meta":{"_jetpack_memberships_contains_paid_content":false,"footnotes":""},"categories":[1],"tags":[],"class_list":["post-9147","post","type-post","status-publish","format-standard","hentry","category-sin-categoria"],"yoast_head":"<!-- This site is optimized with the Yoast SEO plugin v27.0 - https:\/\/yoast.com\/product\/yoast-seo-wordpress\/ -->\n<title>LA ORCA \u201cMORGAN\u201d YA ES UNA ESTRELLA DE CINE - El Cotarro<\/title>\n<meta name=\"robots\" content=\"index, follow, max-snippet:-1, max-image-preview:large, max-video-preview:-1\" \/>\n<link rel=\"canonical\" href=\"https:\/\/elcotarro.com\/?p=9147\" \/>\n<meta property=\"og:locale\" content=\"es_ES\" \/>\n<meta property=\"og:type\" content=\"article\" \/>\n<meta property=\"og:title\" content=\"LA ORCA \u201cMORGAN\u201d YA ES UNA ESTRELLA DE CINE - El Cotarro\" \/>\n<meta property=\"og:description\" content=\"Y hablando de Loro Parque, hay que decir que Ebu, all\u00e1 donde est\u00e9, al igual que Wolfgang Kiessling y toda la gran familia de Loro Parque, estar\u00e1n encantados de que nuestra ya popular y querida orca Morgan, se ha convertido en una flamante \u201cestrella de cine\u201d. Lo digo, porque Morgan es la protagonista de una ... Read more\" \/>\n<meta property=\"og:url\" content=\"https:\/\/elcotarro.com\/?p=9147\" \/>\n<meta property=\"og:site_name\" content=\"El Cotarro\" \/>\n<meta property=\"article:publisher\" content=\"https:\/\/www.facebook.com\/ElCotarro.Tenerife\" \/>\n<meta property=\"article:published_time\" content=\"2020-11-29T07:56:45+00:00\" \/>\n<meta property=\"og:image\" content=\"https:\/\/elcotarro.com\/wp-content\/uploads\/2020\/11\/foto-5.-MORGAN-Y-BARCO.png\" \/>\n<meta name=\"author\" content=\"Jos\u00e9 Carlos Marrero Gonz\u00e1lez\" \/>\n<meta name=\"twitter:label1\" content=\"Escrito por\" \/>\n\t<meta name=\"twitter:data1\" content=\"Jos\u00e9 Carlos Marrero Gonz\u00e1lez\" \/>\n\t<meta name=\"twitter:label2\" content=\"Tiempo de lectura\" \/>\n\t<meta name=\"twitter:data2\" content=\"1 minuto\" \/>\n<script type=\"application\/ld+json\" class=\"yoast-schema-graph\">{\"@context\":\"https:\/\/schema.org\",\"@graph\":[{\"@type\":\"Article\",\"@id\":\"https:\/\/elcotarro.com\/?p=9147#article\",\"isPartOf\":{\"@id\":\"https:\/\/elcotarro.com\/?p=9147\"},\"author\":{\"name\":\"Jos\u00e9 Carlos Marrero Gonz\u00e1lez\",\"@id\":\"https:\/\/elcotarro.com\/#\/schema\/person\/af537ee7d60d15984c7e0affcd8a918b\"},\"headline\":\"LA ORCA \u201cMORGAN\u201d YA ES UNA ESTRELLA DE CINE\",\"datePublished\":\"2020-11-29T07:56:45+00:00\",\"mainEntityOfPage\":{\"@id\":\"https:\/\/elcotarro.com\/?p=9147\"},\"wordCount\":261,\"commentCount\":0,\"publisher\":{\"@id\":\"https:\/\/elcotarro.com\/#organization\"},\"image\":{\"@id\":\"https:\/\/elcotarro.com\/?p=9147#primaryimage\"},\"thumbnailUrl\":\"https:\/\/elcotarro.com\/wp-content\/uploads\/2020\/11\/foto-5.-MORGAN-Y-BARCO.png\",\"inLanguage\":\"es\",\"potentialAction\":[{\"@type\":\"CommentAction\",\"name\":\"Comment\",\"target\":[\"https:\/\/elcotarro.com\/?p=9147#respond\"]}]},{\"@type\":\"WebPage\",\"@id\":\"https:\/\/elcotarro.com\/?p=9147\",\"url\":\"https:\/\/elcotarro.com\/?p=9147\",\"name\":\"LA ORCA \u201cMORGAN\u201d YA ES UNA ESTRELLA DE CINE - El Cotarro\",\"isPartOf\":{\"@id\":\"https:\/\/elcotarro.com\/#website\"},\"primaryImageOfPage\":{\"@id\":\"https:\/\/elcotarro.com\/?p=9147#primaryimage\"},\"image\":{\"@id\":\"https:\/\/elcotarro.com\/?p=9147#primaryimage\"},\"thumbnailUrl\":\"https:\/\/elcotarro.com\/wp-content\/uploads\/2020\/11\/foto-5.-MORGAN-Y-BARCO.png\",\"datePublished\":\"2020-11-29T07:56:45+00:00\",\"breadcrumb\":{\"@id\":\"https:\/\/elcotarro.com\/?p=9147#breadcrumb\"},\"inLanguage\":\"es\",\"potentialAction\":[{\"@type\":\"ReadAction\",\"target\":[\"https:\/\/elcotarro.com\/?p=9147\"]}]},{\"@type\":\"ImageObject\",\"inLanguage\":\"es\",\"@id\":\"https:\/\/elcotarro.com\/?p=9147#primaryimage\",\"url\":\"https:\/\/elcotarro.com\/wp-content\/uploads\/2020\/11\/foto-5.-MORGAN-Y-BARCO.png\",\"contentUrl\":\"https:\/\/elcotarro.com\/wp-content\/uploads\/2020\/11\/foto-5.-MORGAN-Y-BARCO.png\",\"width\":1018,\"height\":535},{\"@type\":\"BreadcrumbList\",\"@id\":\"https:\/\/elcotarro.com\/?p=9147#breadcrumb\",\"itemListElement\":[{\"@type\":\"ListItem\",\"position\":1,\"name\":\"Portada\",\"item\":\"https:\/\/elcotarro.com\/\"},{\"@type\":\"ListItem\",\"position\":2,\"name\":\"LA ORCA \u201cMORGAN\u201d YA ES UNA ESTRELLA DE CINE\"}]},{\"@type\":\"WebSite\",\"@id\":\"https:\/\/elcotarro.com\/#website\",\"url\":\"https:\/\/elcotarro.com\/\",\"name\":\"El Cotarro\",\"description\":\"Peri\u00f3dico Digital Independiente dirigido por Jos\u00e9 Carlos Marrero\",\"publisher\":{\"@id\":\"https:\/\/elcotarro.com\/#organization\"},\"potentialAction\":[{\"@type\":\"SearchAction\",\"target\":{\"@type\":\"EntryPoint\",\"urlTemplate\":\"https:\/\/elcotarro.com\/?s={search_term_string}\"},\"query-input\":{\"@type\":\"PropertyValueSpecification\",\"valueRequired\":true,\"valueName\":\"search_term_string\"}}],\"inLanguage\":\"es\"},{\"@type\":\"Organization\",\"@id\":\"https:\/\/elcotarro.com\/#organization\",\"name\":\"El Cotarro\",\"url\":\"https:\/\/elcotarro.com\/\",\"logo\":{\"@type\":\"ImageObject\",\"inLanguage\":\"es\",\"@id\":\"https:\/\/elcotarro.com\/#\/schema\/logo\/image\/\",\"url\":\"https:\/\/elcotarro.com\/wp-content\/uploads\/2014\/09\/Cabecera_El_Cotarro_v2.jpg\",\"contentUrl\":\"https:\/\/elcotarro.com\/wp-content\/uploads\/2014\/09\/Cabecera_El_Cotarro_v2.jpg\",\"width\":3540,\"height\":441,\"caption\":\"El Cotarro\"},\"image\":{\"@id\":\"https:\/\/elcotarro.com\/#\/schema\/logo\/image\/\"},\"sameAs\":[\"https:\/\/www.facebook.com\/ElCotarro.Tenerife\"]},{\"@type\":\"Person\",\"@id\":\"https:\/\/elcotarro.com\/#\/schema\/person\/af537ee7d60d15984c7e0affcd8a918b\",\"name\":\"Jos\u00e9 Carlos Marrero Gonz\u00e1lez\",\"image\":{\"@type\":\"ImageObject\",\"inLanguage\":\"es\",\"@id\":\"https:\/\/elcotarro.com\/#\/schema\/person\/image\/\",\"url\":\"https:\/\/secure.gravatar.com\/avatar\/def4da036efb5d32c74d49c351f6dccc064dd69ad9f3aadc295c5a9a5391ca01?s=96&d=mm&r=g\",\"contentUrl\":\"https:\/\/secure.gravatar.com\/avatar\/def4da036efb5d32c74d49c351f6dccc064dd69ad9f3aadc295c5a9a5391ca01?s=96&d=mm&r=g\",\"caption\":\"Jos\u00e9 Carlos Marrero Gonz\u00e1lez\"},\"sameAs\":[\"https:\/\/elcotarro.com\"],\"url\":\"https:\/\/elcotarro.com\/?author=2\"}]}<\/script>\n<!-- \/ Yoast SEO plugin. -->","yoast_head_json":{"title":"LA ORCA \u201cMORGAN\u201d YA ES UNA ESTRELLA DE CINE - El Cotarro","robots":{"index":"index","follow":"follow","max-snippet":"max-snippet:-1","max-image-preview":"max-image-preview:large","max-video-preview":"max-video-preview:-1"},"canonical":"https:\/\/elcotarro.com\/?p=9147","og_locale":"es_ES","og_type":"article","og_title":"LA ORCA \u201cMORGAN\u201d YA ES UNA ESTRELLA DE CINE - El Cotarro","og_description":"Y hablando de Loro Parque, hay que decir que Ebu, all\u00e1 donde est\u00e9, al igual que Wolfgang Kiessling y toda la gran familia de Loro Parque, estar\u00e1n encantados de que nuestra ya popular y querida orca Morgan, se ha convertido en una flamante \u201cestrella de cine\u201d. Lo digo, porque Morgan es la protagonista de una ... Read more","og_url":"https:\/\/elcotarro.com\/?p=9147","og_site_name":"El Cotarro","article_publisher":"https:\/\/www.facebook.com\/ElCotarro.Tenerife","article_published_time":"2020-11-29T07:56:45+00:00","og_image":[{"url":"https:\/\/elcotarro.com\/wp-content\/uploads\/2020\/11\/foto-5.-MORGAN-Y-BARCO.png","type":"","width":"","height":""}],"author":"Jos\u00e9 Carlos Marrero Gonz\u00e1lez","twitter_misc":{"Escrito por":"Jos\u00e9 Carlos Marrero Gonz\u00e1lez","Tiempo de lectura":"1 minuto"},"schema":{"@context":"https:\/\/schema.org","@graph":[{"@type":"Article","@id":"https:\/\/elcotarro.com\/?p=9147#article","isPartOf":{"@id":"https:\/\/elcotarro.com\/?p=9147"},"author":{"name":"Jos\u00e9 Carlos Marrero Gonz\u00e1lez","@id":"https:\/\/elcotarro.com\/#\/schema\/person\/af537ee7d60d15984c7e0affcd8a918b"},"headline":"LA ORCA \u201cMORGAN\u201d YA ES UNA ESTRELLA DE CINE","datePublished":"2020-11-29T07:56:45+00:00","mainEntityOfPage":{"@id":"https:\/\/elcotarro.com\/?p=9147"},"wordCount":261,"commentCount":0,"publisher":{"@id":"https:\/\/elcotarro.com\/#organization"},"image":{"@id":"https:\/\/elcotarro.com\/?p=9147#primaryimage"},"thumbnailUrl":"https:\/\/elcotarro.com\/wp-content\/uploads\/2020\/11\/foto-5.-MORGAN-Y-BARCO.png","inLanguage":"es","potentialAction":[{"@type":"CommentAction","name":"Comment","target":["https:\/\/elcotarro.com\/?p=9147#respond"]}]},{"@type":"WebPage","@id":"https:\/\/elcotarro.com\/?p=9147","url":"https:\/\/elcotarro.com\/?p=9147","name":"LA ORCA \u201cMORGAN\u201d YA ES UNA ESTRELLA DE CINE - El Cotarro","isPartOf":{"@id":"https:\/\/elcotarro.com\/#website"},"primaryImageOfPage":{"@id":"https:\/\/elcotarro.com\/?p=9147#primaryimage"},"image":{"@id":"https:\/\/elcotarro.com\/?p=9147#primaryimage"},"thumbnailUrl":"https:\/\/elcotarro.com\/wp-content\/uploads\/2020\/11\/foto-5.-MORGAN-Y-BARCO.png","datePublished":"2020-11-29T07:56:45+00:00","breadcrumb":{"@id":"https:\/\/elcotarro.com\/?p=9147#breadcrumb"},"inLanguage":"es","potentialAction":[{"@type":"ReadAction","target":["https:\/\/elcotarro.com\/?p=9147"]}]},{"@type":"ImageObject","inLanguage":"es","@id":"https:\/\/elcotarro.com\/?p=9147#primaryimage","url":"https:\/\/elcotarro.com\/wp-content\/uploads\/2020\/11\/foto-5.-MORGAN-Y-BARCO.png","contentUrl":"https:\/\/elcotarro.com\/wp-content\/uploads\/2020\/11\/foto-5.-MORGAN-Y-BARCO.png","width":1018,"height":535},{"@type":"BreadcrumbList","@id":"https:\/\/elcotarro.com\/?p=9147#breadcrumb","itemListElement":[{"@type":"ListItem","position":1,"name":"Portada","item":"https:\/\/elcotarro.com\/"},{"@type":"ListItem","position":2,"name":"LA ORCA \u201cMORGAN\u201d YA ES UNA ESTRELLA DE CINE"}]},{"@type":"WebSite","@id":"https:\/\/elcotarro.com\/#website","url":"https:\/\/elcotarro.com\/","name":"El Cotarro","description":"Peri\u00f3dico Digital Independiente dirigido por Jos\u00e9 Carlos Marrero","publisher":{"@id":"https:\/\/elcotarro.com\/#organization"},"potentialAction":[{"@type":"SearchAction","target":{"@type":"EntryPoint","urlTemplate":"https:\/\/elcotarro.com\/?s={search_term_string}"},"query-input":{"@type":"PropertyValueSpecification","valueRequired":true,"valueName":"search_term_string"}}],"inLanguage":"es"},{"@type":"Organization","@id":"https:\/\/elcotarro.com\/#organization","name":"El Cotarro","url":"https:\/\/elcotarro.com\/","logo":{"@type":"ImageObject","inLanguage":"es","@id":"https:\/\/elcotarro.com\/#\/schema\/logo\/image\/","url":"https:\/\/elcotarro.com\/wp-content\/uploads\/2014\/09\/Cabecera_El_Cotarro_v2.jpg","contentUrl":"https:\/\/elcotarro.com\/wp-content\/uploads\/2014\/09\/Cabecera_El_Cotarro_v2.jpg","width":3540,"height":441,"caption":"El Cotarro"},"image":{"@id":"https:\/\/elcotarro.com\/#\/schema\/logo\/image\/"},"sameAs":["https:\/\/www.facebook.com\/ElCotarro.Tenerife"]},{"@type":"Person","@id":"https:\/\/elcotarro.com\/#\/schema\/person\/af537ee7d60d15984c7e0affcd8a918b","name":"Jos\u00e9 Carlos Marrero Gonz\u00e1lez","image":{"@type":"ImageObject","inLanguage":"es","@id":"https:\/\/elcotarro.com\/#\/schema\/person\/image\/","url":"https:\/\/secure.gravatar.com\/avatar\/def4da036efb5d32c74d49c351f6dccc064dd69ad9f3aadc295c5a9a5391ca01?s=96&d=mm&r=g","contentUrl":"https:\/\/secure.gravatar.com\/avatar\/def4da036efb5d32c74d49c351f6dccc064dd69ad9f3aadc295c5a9a5391ca01?s=96&d=mm&r=g","caption":"Jos\u00e9 Carlos Marrero Gonz\u00e1lez"},"sameAs":["https:\/\/elcotarro.com"],"url":"https:\/\/elcotarro.com\/?author=2"}]}},"jetpack_featured_media_url":"","jetpack_sharing_enabled":true,"_links":{"self":[{"href":"https:\/\/elcotarro.com\/index.php?rest_route=\/wp\/v2\/posts\/9147","targetHints":{"allow":["GET"]}}],"collection":[{"href":"https:\/\/elcotarro.com\/index.php?rest_route=\/wp\/v2\/posts"}],"about":[{"href":"https:\/\/elcotarro.com\/index.php?rest_route=\/wp\/v2\/types\/post"}],"author":[{"embeddable":true,"href":"https:\/\/elcotarro.com\/index.php?rest_route=\/wp\/v2\/users\/2"}],"replies":[{"embeddable":true,"href":"https:\/\/elcotarro.com\/index.php?rest_route=%2Fwp%2Fv2%2Fcomments&post=9147"}],"version-history":[{"count":1,"href":"https:\/\/elcotarro.com\/index.php?rest_route=\/wp\/v2\/posts\/9147\/revisions"}],"predecessor-version":[{"id":9148,"href":"https:\/\/elcotarro.com\/index.php?rest_route=\/wp\/v2\/posts\/9147\/revisions\/9148"}],"wp:attachment":[{"href":"https:\/\/elcotarro.com\/index.php?rest_route=%2Fwp%2Fv2%2Fmedia&parent=9147"}],"wp:term":[{"taxonomy":"category","embeddable":true,"href":"https:\/\/elcotarro.com\/index.php?rest_route=%2Fwp%2Fv2%2Fcategories&post=9147"},{"taxonomy":"post_tag","embeddable":true,"href":"https:\/\/elcotarro.com\/index.php?rest_route=%2Fwp%2Fv2%2Ftags&post=9147"}],"curies":[{"name":"wp","href":"https:\/\/api.w.org\/{rel}","templated":true}]}}