{"id":9290,"date":"2021-01-03T07:57:06","date_gmt":"2021-01-03T07:57:06","guid":{"rendered":"https:\/\/elcotarro.com\/?p=9290"},"modified":"2021-01-02T21:07:21","modified_gmt":"2021-01-02T21:07:21","slug":"premio-a-la-primera-foto-que-lo-demuestre","status":"publish","type":"post","link":"https:\/\/elcotarro.com\/?p=9290","title":{"rendered":"PREMIO A LA PRIMERA FOTO QUE LO DEMUESTRE"},"content":{"rendered":"<p>El siempre curioso y <em>desinquieto\u00a0<\/em><strong>Juan Canario\u00a0<\/strong>me propone ahora que hagamos un concurso p\u00fablico con dos premios. Vamos a premiar a la primera fotograf\u00eda que nos llegue, y otro premio para la mejor y m\u00e1s bonita que nos llegue, pero en las que se demuestre, clara y fehacientemente, que el mirlo blanco realmente existe y que est\u00e1 viviendo y volando por el parque <strong>Garc\u00eda\u00a0Sanabria\u00a0<\/strong>o sus alrededores cercanos. Las personas que deseen participar, amantes a la fotograf\u00eda o simplemente curiosos, solo tienen que enviar sus fotos en archivos en formato JPG, v\u00eda correo electr\u00f3nico, a: <a href=\"mailto:info@elcotarro.com\">info@elcotarro.com<\/a>. El \u00fanico requisito que se precisa es que en la foto quede claro que se trata de Santa Cruz de Tenerife, del parque o sus alrededores, y que, de alguna manera, se acredite que es una foto actual. No sabemos (a d\u00eda de hoy) cu\u00e1l ser\u00e1 el premio para la primera foto que llegue, ni cu\u00e1l para la mejor de las que nos lleguen, pero premio habr\u00e1. Seguro. An\u00edmense, busquen al mirlo blanco (que encima les dar\u00e1 suerte) y env\u00edennos su foto antes del d\u00eda 30 de enero. <strong>Juan Canario<\/strong>y yo les diremos el resultado y lo que proceda en la edici\u00f3n de <strong><em>El Cotarro\u00a0<\/em><\/strong>del d\u00eda 31.<\/p>\n<p style=\"text-align: center\"><a href=\"https:\/\/elcotarro.com\/wp-content\/uploads\/2021\/01\/FOTO-4.-MIRLO-BLANCO.jpg\"><img loading=\"lazy\" decoding=\"async\" class=\"aligncenter size-full wp-image-9291\" src=\"https:\/\/elcotarro.com\/wp-content\/uploads\/2021\/01\/FOTO-4.-MIRLO-BLANCO.jpg\" alt=\"\" width=\"512\" height=\"399\" srcset=\"https:\/\/elcotarro.com\/wp-content\/uploads\/2021\/01\/FOTO-4.-MIRLO-BLANCO.jpg 512w, https:\/\/elcotarro.com\/wp-content\/uploads\/2021\/01\/FOTO-4.-MIRLO-BLANCO-300x234.jpg 300w\" sizes=\"auto, (max-width: 512px) 100vw, 512px\" \/><\/a><\/p>\n<p style=\"text-align: center\"><em>Fotograf\u00eda de un mirlo blanco, aunque el del parque puede tener alguna manchita.<\/em><\/p>\n","protected":false},"excerpt":{"rendered":"<p>El siempre curioso y desinquieto\u00a0Juan Canario\u00a0me propone ahora que hagamos un concurso p\u00fablico con dos premios. Vamos a premiar a la primera fotograf\u00eda que nos llegue, y otro premio para la mejor y m\u00e1s bonita que nos llegue, pero en las que se demuestre, clara y fehacientemente, que el mirlo blanco realmente existe y que &#8230; <a class=\"read-more\" href=\"https:\/\/elcotarro.com\/?p=9290\">Read more<\/a><\/p>\n","protected":false},"author":2,"featured_media":0,"comment_status":"open","ping_status":"open","sticky":false,"template":"","format":"standard","meta":{"_jetpack_memberships_contains_paid_content":false,"footnotes":""},"categories":[1],"tags":[],"class_list":["post-9290","post","type-post","status-publish","format-standard","hentry","category-sin-categoria"],"yoast_head":"<!-- This site is optimized with the Yoast SEO plugin v27.0 - https:\/\/yoast.com\/product\/yoast-seo-wordpress\/ -->\n<title>PREMIO A LA PRIMERA FOTO QUE LO DEMUESTRE - El Cotarro<\/title>\n<meta name=\"robots\" content=\"index, follow, max-snippet:-1, max-image-preview:large, max-video-preview:-1\" \/>\n<link rel=\"canonical\" href=\"https:\/\/elcotarro.com\/?p=9290\" \/>\n<meta property=\"og:locale\" content=\"es_ES\" \/>\n<meta property=\"og:type\" content=\"article\" \/>\n<meta property=\"og:title\" content=\"PREMIO A LA PRIMERA FOTO QUE LO DEMUESTRE - El Cotarro\" \/>\n<meta property=\"og:description\" content=\"El siempre curioso y desinquieto\u00a0Juan Canario\u00a0me propone ahora que hagamos un concurso p\u00fablico con dos premios. Vamos a premiar a la primera fotograf\u00eda que nos llegue, y otro premio para la mejor y m\u00e1s bonita que nos llegue, pero en las que se demuestre, clara y fehacientemente, que el mirlo blanco realmente existe y que ... Read more\" \/>\n<meta property=\"og:url\" content=\"https:\/\/elcotarro.com\/?p=9290\" \/>\n<meta property=\"og:site_name\" content=\"El Cotarro\" \/>\n<meta property=\"article:publisher\" content=\"https:\/\/www.facebook.com\/ElCotarro.Tenerife\" \/>\n<meta property=\"article:published_time\" content=\"2021-01-03T07:57:06+00:00\" \/>\n<meta property=\"og:image\" content=\"https:\/\/elcotarro.com\/wp-content\/uploads\/2021\/01\/FOTO-4.-MIRLO-BLANCO.jpg\" \/>\n<meta name=\"author\" content=\"Jos\u00e9 Carlos Marrero Gonz\u00e1lez\" \/>\n<meta name=\"twitter:label1\" content=\"Escrito por\" \/>\n\t<meta name=\"twitter:data1\" content=\"Jos\u00e9 Carlos Marrero Gonz\u00e1lez\" \/>\n\t<meta name=\"twitter:label2\" content=\"Tiempo de lectura\" \/>\n\t<meta name=\"twitter:data2\" content=\"1 minuto\" \/>\n<script type=\"application\/ld+json\" class=\"yoast-schema-graph\">{\"@context\":\"https:\/\/schema.org\",\"@graph\":[{\"@type\":\"Article\",\"@id\":\"https:\/\/elcotarro.com\/?p=9290#article\",\"isPartOf\":{\"@id\":\"https:\/\/elcotarro.com\/?p=9290\"},\"author\":{\"name\":\"Jos\u00e9 Carlos Marrero Gonz\u00e1lez\",\"@id\":\"https:\/\/elcotarro.com\/#\/schema\/person\/af537ee7d60d15984c7e0affcd8a918b\"},\"headline\":\"PREMIO A LA PRIMERA FOTO QUE LO DEMUESTRE\",\"datePublished\":\"2021-01-03T07:57:06+00:00\",\"mainEntityOfPage\":{\"@id\":\"https:\/\/elcotarro.com\/?p=9290\"},\"wordCount\":243,\"commentCount\":0,\"publisher\":{\"@id\":\"https:\/\/elcotarro.com\/#organization\"},\"image\":{\"@id\":\"https:\/\/elcotarro.com\/?p=9290#primaryimage\"},\"thumbnailUrl\":\"https:\/\/elcotarro.com\/wp-content\/uploads\/2021\/01\/FOTO-4.-MIRLO-BLANCO.jpg\",\"inLanguage\":\"es\",\"potentialAction\":[{\"@type\":\"CommentAction\",\"name\":\"Comment\",\"target\":[\"https:\/\/elcotarro.com\/?p=9290#respond\"]}]},{\"@type\":\"WebPage\",\"@id\":\"https:\/\/elcotarro.com\/?p=9290\",\"url\":\"https:\/\/elcotarro.com\/?p=9290\",\"name\":\"PREMIO A LA PRIMERA FOTO QUE LO DEMUESTRE - El Cotarro\",\"isPartOf\":{\"@id\":\"https:\/\/elcotarro.com\/#website\"},\"primaryImageOfPage\":{\"@id\":\"https:\/\/elcotarro.com\/?p=9290#primaryimage\"},\"image\":{\"@id\":\"https:\/\/elcotarro.com\/?p=9290#primaryimage\"},\"thumbnailUrl\":\"https:\/\/elcotarro.com\/wp-content\/uploads\/2021\/01\/FOTO-4.-MIRLO-BLANCO.jpg\",\"datePublished\":\"2021-01-03T07:57:06+00:00\",\"breadcrumb\":{\"@id\":\"https:\/\/elcotarro.com\/?p=9290#breadcrumb\"},\"inLanguage\":\"es\",\"potentialAction\":[{\"@type\":\"ReadAction\",\"target\":[\"https:\/\/elcotarro.com\/?p=9290\"]}]},{\"@type\":\"ImageObject\",\"inLanguage\":\"es\",\"@id\":\"https:\/\/elcotarro.com\/?p=9290#primaryimage\",\"url\":\"https:\/\/elcotarro.com\/wp-content\/uploads\/2021\/01\/FOTO-4.-MIRLO-BLANCO.jpg\",\"contentUrl\":\"https:\/\/elcotarro.com\/wp-content\/uploads\/2021\/01\/FOTO-4.-MIRLO-BLANCO.jpg\",\"width\":512,\"height\":399},{\"@type\":\"BreadcrumbList\",\"@id\":\"https:\/\/elcotarro.com\/?p=9290#breadcrumb\",\"itemListElement\":[{\"@type\":\"ListItem\",\"position\":1,\"name\":\"Portada\",\"item\":\"https:\/\/elcotarro.com\/\"},{\"@type\":\"ListItem\",\"position\":2,\"name\":\"PREMIO A LA PRIMERA FOTO QUE LO DEMUESTRE\"}]},{\"@type\":\"WebSite\",\"@id\":\"https:\/\/elcotarro.com\/#website\",\"url\":\"https:\/\/elcotarro.com\/\",\"name\":\"El Cotarro\",\"description\":\"Peri\u00f3dico Digital Independiente dirigido por Jos\u00e9 Carlos Marrero\",\"publisher\":{\"@id\":\"https:\/\/elcotarro.com\/#organization\"},\"potentialAction\":[{\"@type\":\"SearchAction\",\"target\":{\"@type\":\"EntryPoint\",\"urlTemplate\":\"https:\/\/elcotarro.com\/?s={search_term_string}\"},\"query-input\":{\"@type\":\"PropertyValueSpecification\",\"valueRequired\":true,\"valueName\":\"search_term_string\"}}],\"inLanguage\":\"es\"},{\"@type\":\"Organization\",\"@id\":\"https:\/\/elcotarro.com\/#organization\",\"name\":\"El Cotarro\",\"url\":\"https:\/\/elcotarro.com\/\",\"logo\":{\"@type\":\"ImageObject\",\"inLanguage\":\"es\",\"@id\":\"https:\/\/elcotarro.com\/#\/schema\/logo\/image\/\",\"url\":\"https:\/\/elcotarro.com\/wp-content\/uploads\/2014\/09\/Cabecera_El_Cotarro_v2.jpg\",\"contentUrl\":\"https:\/\/elcotarro.com\/wp-content\/uploads\/2014\/09\/Cabecera_El_Cotarro_v2.jpg\",\"width\":3540,\"height\":441,\"caption\":\"El Cotarro\"},\"image\":{\"@id\":\"https:\/\/elcotarro.com\/#\/schema\/logo\/image\/\"},\"sameAs\":[\"https:\/\/www.facebook.com\/ElCotarro.Tenerife\"]},{\"@type\":\"Person\",\"@id\":\"https:\/\/elcotarro.com\/#\/schema\/person\/af537ee7d60d15984c7e0affcd8a918b\",\"name\":\"Jos\u00e9 Carlos Marrero Gonz\u00e1lez\",\"image\":{\"@type\":\"ImageObject\",\"inLanguage\":\"es\",\"@id\":\"https:\/\/elcotarro.com\/#\/schema\/person\/image\/\",\"url\":\"https:\/\/secure.gravatar.com\/avatar\/def4da036efb5d32c74d49c351f6dccc064dd69ad9f3aadc295c5a9a5391ca01?s=96&d=mm&r=g\",\"contentUrl\":\"https:\/\/secure.gravatar.com\/avatar\/def4da036efb5d32c74d49c351f6dccc064dd69ad9f3aadc295c5a9a5391ca01?s=96&d=mm&r=g\",\"caption\":\"Jos\u00e9 Carlos Marrero Gonz\u00e1lez\"},\"sameAs\":[\"https:\/\/elcotarro.com\"],\"url\":\"https:\/\/elcotarro.com\/?author=2\"}]}<\/script>\n<!-- \/ Yoast SEO plugin. -->","yoast_head_json":{"title":"PREMIO A LA PRIMERA FOTO QUE LO DEMUESTRE - El Cotarro","robots":{"index":"index","follow":"follow","max-snippet":"max-snippet:-1","max-image-preview":"max-image-preview:large","max-video-preview":"max-video-preview:-1"},"canonical":"https:\/\/elcotarro.com\/?p=9290","og_locale":"es_ES","og_type":"article","og_title":"PREMIO A LA PRIMERA FOTO QUE LO DEMUESTRE - El Cotarro","og_description":"El siempre curioso y desinquieto\u00a0Juan Canario\u00a0me propone ahora que hagamos un concurso p\u00fablico con dos premios. Vamos a premiar a la primera fotograf\u00eda que nos llegue, y otro premio para la mejor y m\u00e1s bonita que nos llegue, pero en las que se demuestre, clara y fehacientemente, que el mirlo blanco realmente existe y que ... Read more","og_url":"https:\/\/elcotarro.com\/?p=9290","og_site_name":"El Cotarro","article_publisher":"https:\/\/www.facebook.com\/ElCotarro.Tenerife","article_published_time":"2021-01-03T07:57:06+00:00","og_image":[{"url":"https:\/\/elcotarro.com\/wp-content\/uploads\/2021\/01\/FOTO-4.-MIRLO-BLANCO.jpg","type":"","width":"","height":""}],"author":"Jos\u00e9 Carlos Marrero Gonz\u00e1lez","twitter_misc":{"Escrito por":"Jos\u00e9 Carlos Marrero Gonz\u00e1lez","Tiempo de lectura":"1 minuto"},"schema":{"@context":"https:\/\/schema.org","@graph":[{"@type":"Article","@id":"https:\/\/elcotarro.com\/?p=9290#article","isPartOf":{"@id":"https:\/\/elcotarro.com\/?p=9290"},"author":{"name":"Jos\u00e9 Carlos Marrero Gonz\u00e1lez","@id":"https:\/\/elcotarro.com\/#\/schema\/person\/af537ee7d60d15984c7e0affcd8a918b"},"headline":"PREMIO A LA PRIMERA FOTO QUE LO DEMUESTRE","datePublished":"2021-01-03T07:57:06+00:00","mainEntityOfPage":{"@id":"https:\/\/elcotarro.com\/?p=9290"},"wordCount":243,"commentCount":0,"publisher":{"@id":"https:\/\/elcotarro.com\/#organization"},"image":{"@id":"https:\/\/elcotarro.com\/?p=9290#primaryimage"},"thumbnailUrl":"https:\/\/elcotarro.com\/wp-content\/uploads\/2021\/01\/FOTO-4.-MIRLO-BLANCO.jpg","inLanguage":"es","potentialAction":[{"@type":"CommentAction","name":"Comment","target":["https:\/\/elcotarro.com\/?p=9290#respond"]}]},{"@type":"WebPage","@id":"https:\/\/elcotarro.com\/?p=9290","url":"https:\/\/elcotarro.com\/?p=9290","name":"PREMIO A LA PRIMERA FOTO QUE LO DEMUESTRE - El Cotarro","isPartOf":{"@id":"https:\/\/elcotarro.com\/#website"},"primaryImageOfPage":{"@id":"https:\/\/elcotarro.com\/?p=9290#primaryimage"},"image":{"@id":"https:\/\/elcotarro.com\/?p=9290#primaryimage"},"thumbnailUrl":"https:\/\/elcotarro.com\/wp-content\/uploads\/2021\/01\/FOTO-4.-MIRLO-BLANCO.jpg","datePublished":"2021-01-03T07:57:06+00:00","breadcrumb":{"@id":"https:\/\/elcotarro.com\/?p=9290#breadcrumb"},"inLanguage":"es","potentialAction":[{"@type":"ReadAction","target":["https:\/\/elcotarro.com\/?p=9290"]}]},{"@type":"ImageObject","inLanguage":"es","@id":"https:\/\/elcotarro.com\/?p=9290#primaryimage","url":"https:\/\/elcotarro.com\/wp-content\/uploads\/2021\/01\/FOTO-4.-MIRLO-BLANCO.jpg","contentUrl":"https:\/\/elcotarro.com\/wp-content\/uploads\/2021\/01\/FOTO-4.-MIRLO-BLANCO.jpg","width":512,"height":399},{"@type":"BreadcrumbList","@id":"https:\/\/elcotarro.com\/?p=9290#breadcrumb","itemListElement":[{"@type":"ListItem","position":1,"name":"Portada","item":"https:\/\/elcotarro.com\/"},{"@type":"ListItem","position":2,"name":"PREMIO A LA PRIMERA FOTO QUE LO DEMUESTRE"}]},{"@type":"WebSite","@id":"https:\/\/elcotarro.com\/#website","url":"https:\/\/elcotarro.com\/","name":"El Cotarro","description":"Peri\u00f3dico Digital Independiente dirigido por Jos\u00e9 Carlos Marrero","publisher":{"@id":"https:\/\/elcotarro.com\/#organization"},"potentialAction":[{"@type":"SearchAction","target":{"@type":"EntryPoint","urlTemplate":"https:\/\/elcotarro.com\/?s={search_term_string}"},"query-input":{"@type":"PropertyValueSpecification","valueRequired":true,"valueName":"search_term_string"}}],"inLanguage":"es"},{"@type":"Organization","@id":"https:\/\/elcotarro.com\/#organization","name":"El Cotarro","url":"https:\/\/elcotarro.com\/","logo":{"@type":"ImageObject","inLanguage":"es","@id":"https:\/\/elcotarro.com\/#\/schema\/logo\/image\/","url":"https:\/\/elcotarro.com\/wp-content\/uploads\/2014\/09\/Cabecera_El_Cotarro_v2.jpg","contentUrl":"https:\/\/elcotarro.com\/wp-content\/uploads\/2014\/09\/Cabecera_El_Cotarro_v2.jpg","width":3540,"height":441,"caption":"El Cotarro"},"image":{"@id":"https:\/\/elcotarro.com\/#\/schema\/logo\/image\/"},"sameAs":["https:\/\/www.facebook.com\/ElCotarro.Tenerife"]},{"@type":"Person","@id":"https:\/\/elcotarro.com\/#\/schema\/person\/af537ee7d60d15984c7e0affcd8a918b","name":"Jos\u00e9 Carlos Marrero Gonz\u00e1lez","image":{"@type":"ImageObject","inLanguage":"es","@id":"https:\/\/elcotarro.com\/#\/schema\/person\/image\/","url":"https:\/\/secure.gravatar.com\/avatar\/def4da036efb5d32c74d49c351f6dccc064dd69ad9f3aadc295c5a9a5391ca01?s=96&d=mm&r=g","contentUrl":"https:\/\/secure.gravatar.com\/avatar\/def4da036efb5d32c74d49c351f6dccc064dd69ad9f3aadc295c5a9a5391ca01?s=96&d=mm&r=g","caption":"Jos\u00e9 Carlos Marrero Gonz\u00e1lez"},"sameAs":["https:\/\/elcotarro.com"],"url":"https:\/\/elcotarro.com\/?author=2"}]}},"jetpack_featured_media_url":"","jetpack_sharing_enabled":true,"_links":{"self":[{"href":"https:\/\/elcotarro.com\/index.php?rest_route=\/wp\/v2\/posts\/9290","targetHints":{"allow":["GET"]}}],"collection":[{"href":"https:\/\/elcotarro.com\/index.php?rest_route=\/wp\/v2\/posts"}],"about":[{"href":"https:\/\/elcotarro.com\/index.php?rest_route=\/wp\/v2\/types\/post"}],"author":[{"embeddable":true,"href":"https:\/\/elcotarro.com\/index.php?rest_route=\/wp\/v2\/users\/2"}],"replies":[{"embeddable":true,"href":"https:\/\/elcotarro.com\/index.php?rest_route=%2Fwp%2Fv2%2Fcomments&post=9290"}],"version-history":[{"count":1,"href":"https:\/\/elcotarro.com\/index.php?rest_route=\/wp\/v2\/posts\/9290\/revisions"}],"predecessor-version":[{"id":9292,"href":"https:\/\/elcotarro.com\/index.php?rest_route=\/wp\/v2\/posts\/9290\/revisions\/9292"}],"wp:attachment":[{"href":"https:\/\/elcotarro.com\/index.php?rest_route=%2Fwp%2Fv2%2Fmedia&parent=9290"}],"wp:term":[{"taxonomy":"category","embeddable":true,"href":"https:\/\/elcotarro.com\/index.php?rest_route=%2Fwp%2Fv2%2Fcategories&post=9290"},{"taxonomy":"post_tag","embeddable":true,"href":"https:\/\/elcotarro.com\/index.php?rest_route=%2Fwp%2Fv2%2Ftags&post=9290"}],"curies":[{"name":"wp","href":"https:\/\/api.w.org\/{rel}","templated":true}]}}