{"id":9305,"date":"2021-01-03T07:52:15","date_gmt":"2021-01-03T07:52:15","guid":{"rendered":"https:\/\/elcotarro.com\/?p=9305"},"modified":"2021-01-02T21:16:02","modified_gmt":"2021-01-02T21:16:02","slug":"reyes-en-el-hierro-y-las-nieves-en-la-palma","status":"publish","type":"post","link":"https:\/\/elcotarro.com\/?p=9305","title":{"rendered":"REYES EN EL HIERRO, Y LAS NIEVES EN LA PALMA"},"content":{"rendered":"<p>Si bien la herre\u00f1a Bajada de la Virgen de Los Reyes toca exactamente este a\u00f1o 2021 de forma ordinaria, tenemos tambi\u00e9n pendiente la celebraci\u00f3n, de forma extraordinaria, de la Bajada de la Virgen de Las Nieves, en la isla de La Palma, cuya celebraci\u00f3n tuvo que ser suspendida por la pandemia y se espera que se pueda celebrar tambi\u00e9n el pr\u00f3ximo mes de julio. No obstante, las buenas intenciones son una cosa y lo que suceda finalmente (por culpa del coronavirus) es otra. Por ello, hay que recordar que, tal como ya se indic\u00f3 en el comunicado conjunto emitido el pasado 1 de diciembre de 2020, <em>\u201cdebido a las circunstancias acaecidas por la crisis sanitaria COVID-19, de forma consensuada y con gran pesar, La LXX Bajada de La Virgen de Los Reyes finalmente se celebrar\u00e1 el pr\u00f3ximo 3 de julio de 2021, de forma no habitual, para cumplir con \u201cEl Voto\u201d que los herre\u00f1os establecieron en 1741\u201d<\/em>. \u00a0Ser\u00e1 siempre con las debidas garant\u00edas, en una manera in\u00e9dita y sin concentraci\u00f3n de personas. As\u00ed se cumplir\u00eda lo esencial del Voto cuatrienal, aunque con los \u201cleg\u00edtimos impedimentos\u201d de este duro momento para la isla.\u201d<\/p>\n<p style=\"text-align: center\"><a href=\"https:\/\/elcotarro.com\/wp-content\/uploads\/2021\/01\/FOTO-9.-IZADO-EN-AYUNTAMIENTO.jpg\"><img loading=\"lazy\" decoding=\"async\" class=\"aligncenter size-full wp-image-9306\" src=\"https:\/\/elcotarro.com\/wp-content\/uploads\/2021\/01\/FOTO-9.-IZADO-EN-AYUNTAMIENTO.jpg\" alt=\"\" width=\"880\" height=\"495\" srcset=\"https:\/\/elcotarro.com\/wp-content\/uploads\/2021\/01\/FOTO-9.-IZADO-EN-AYUNTAMIENTO.jpg 880w, https:\/\/elcotarro.com\/wp-content\/uploads\/2021\/01\/FOTO-9.-IZADO-EN-AYUNTAMIENTO-300x169.jpg 300w, https:\/\/elcotarro.com\/wp-content\/uploads\/2021\/01\/FOTO-9.-IZADO-EN-AYUNTAMIENTO-768x432.jpg 768w\" sizes=\"auto, (max-width: 880px) 100vw, 880px\" \/><\/a><\/p>\n<p style=\"text-align: center\"><em>La \u201cBandera de la Virgen\u201d fue izada tambi\u00e9n en el balc\u00f3n del Ayuntamiento de Valverde de El Hierro<\/em><\/p>\n","protected":false},"excerpt":{"rendered":"<p>Si bien la herre\u00f1a Bajada de la Virgen de Los Reyes toca exactamente este a\u00f1o 2021 de forma ordinaria, tenemos tambi\u00e9n pendiente la celebraci\u00f3n, de forma extraordinaria, de la Bajada de la Virgen de Las Nieves, en la isla de La Palma, cuya celebraci\u00f3n tuvo que ser suspendida por la pandemia y se espera que &#8230; <a class=\"read-more\" href=\"https:\/\/elcotarro.com\/?p=9305\">Read more<\/a><\/p>\n","protected":false},"author":2,"featured_media":0,"comment_status":"open","ping_status":"open","sticky":false,"template":"","format":"standard","meta":{"_jetpack_memberships_contains_paid_content":false,"footnotes":""},"categories":[1],"tags":[],"class_list":["post-9305","post","type-post","status-publish","format-standard","hentry","category-sin-categoria"],"yoast_head":"<!-- This site is optimized with the Yoast SEO plugin v27.0 - https:\/\/yoast.com\/product\/yoast-seo-wordpress\/ -->\n<title>REYES EN EL HIERRO, Y LAS NIEVES EN LA PALMA - El Cotarro<\/title>\n<meta name=\"robots\" content=\"index, follow, max-snippet:-1, max-image-preview:large, max-video-preview:-1\" \/>\n<link rel=\"canonical\" href=\"https:\/\/elcotarro.com\/?p=9305\" \/>\n<meta property=\"og:locale\" content=\"es_ES\" \/>\n<meta property=\"og:type\" content=\"article\" \/>\n<meta property=\"og:title\" content=\"REYES EN EL HIERRO, Y LAS NIEVES EN LA PALMA - El Cotarro\" \/>\n<meta property=\"og:description\" content=\"Si bien la herre\u00f1a Bajada de la Virgen de Los Reyes toca exactamente este a\u00f1o 2021 de forma ordinaria, tenemos tambi\u00e9n pendiente la celebraci\u00f3n, de forma extraordinaria, de la Bajada de la Virgen de Las Nieves, en la isla de La Palma, cuya celebraci\u00f3n tuvo que ser suspendida por la pandemia y se espera que ... Read more\" \/>\n<meta property=\"og:url\" content=\"https:\/\/elcotarro.com\/?p=9305\" \/>\n<meta property=\"og:site_name\" content=\"El Cotarro\" \/>\n<meta property=\"article:publisher\" content=\"https:\/\/www.facebook.com\/ElCotarro.Tenerife\" \/>\n<meta property=\"article:published_time\" content=\"2021-01-03T07:52:15+00:00\" \/>\n<meta property=\"og:image\" content=\"https:\/\/elcotarro.com\/wp-content\/uploads\/2021\/01\/FOTO-9.-IZADO-EN-AYUNTAMIENTO.jpg\" \/>\n<meta name=\"author\" content=\"Jos\u00e9 Carlos Marrero Gonz\u00e1lez\" \/>\n<meta name=\"twitter:label1\" content=\"Escrito por\" \/>\n\t<meta name=\"twitter:data1\" content=\"Jos\u00e9 Carlos Marrero Gonz\u00e1lez\" \/>\n\t<meta name=\"twitter:label2\" content=\"Tiempo de lectura\" \/>\n\t<meta name=\"twitter:data2\" content=\"1 minuto\" \/>\n<script type=\"application\/ld+json\" class=\"yoast-schema-graph\">{\"@context\":\"https:\/\/schema.org\",\"@graph\":[{\"@type\":\"Article\",\"@id\":\"https:\/\/elcotarro.com\/?p=9305#article\",\"isPartOf\":{\"@id\":\"https:\/\/elcotarro.com\/?p=9305\"},\"author\":{\"name\":\"Jos\u00e9 Carlos Marrero Gonz\u00e1lez\",\"@id\":\"https:\/\/elcotarro.com\/#\/schema\/person\/af537ee7d60d15984c7e0affcd8a918b\"},\"headline\":\"REYES EN EL HIERRO, Y LAS NIEVES EN LA PALMA\",\"datePublished\":\"2021-01-03T07:52:15+00:00\",\"mainEntityOfPage\":{\"@id\":\"https:\/\/elcotarro.com\/?p=9305\"},\"wordCount\":230,\"commentCount\":0,\"publisher\":{\"@id\":\"https:\/\/elcotarro.com\/#organization\"},\"image\":{\"@id\":\"https:\/\/elcotarro.com\/?p=9305#primaryimage\"},\"thumbnailUrl\":\"https:\/\/elcotarro.com\/wp-content\/uploads\/2021\/01\/FOTO-9.-IZADO-EN-AYUNTAMIENTO.jpg\",\"inLanguage\":\"es\",\"potentialAction\":[{\"@type\":\"CommentAction\",\"name\":\"Comment\",\"target\":[\"https:\/\/elcotarro.com\/?p=9305#respond\"]}]},{\"@type\":\"WebPage\",\"@id\":\"https:\/\/elcotarro.com\/?p=9305\",\"url\":\"https:\/\/elcotarro.com\/?p=9305\",\"name\":\"REYES EN EL HIERRO, Y LAS NIEVES EN LA PALMA - El Cotarro\",\"isPartOf\":{\"@id\":\"https:\/\/elcotarro.com\/#website\"},\"primaryImageOfPage\":{\"@id\":\"https:\/\/elcotarro.com\/?p=9305#primaryimage\"},\"image\":{\"@id\":\"https:\/\/elcotarro.com\/?p=9305#primaryimage\"},\"thumbnailUrl\":\"https:\/\/elcotarro.com\/wp-content\/uploads\/2021\/01\/FOTO-9.-IZADO-EN-AYUNTAMIENTO.jpg\",\"datePublished\":\"2021-01-03T07:52:15+00:00\",\"breadcrumb\":{\"@id\":\"https:\/\/elcotarro.com\/?p=9305#breadcrumb\"},\"inLanguage\":\"es\",\"potentialAction\":[{\"@type\":\"ReadAction\",\"target\":[\"https:\/\/elcotarro.com\/?p=9305\"]}]},{\"@type\":\"ImageObject\",\"inLanguage\":\"es\",\"@id\":\"https:\/\/elcotarro.com\/?p=9305#primaryimage\",\"url\":\"https:\/\/elcotarro.com\/wp-content\/uploads\/2021\/01\/FOTO-9.-IZADO-EN-AYUNTAMIENTO.jpg\",\"contentUrl\":\"https:\/\/elcotarro.com\/wp-content\/uploads\/2021\/01\/FOTO-9.-IZADO-EN-AYUNTAMIENTO.jpg\",\"width\":880,\"height\":495},{\"@type\":\"BreadcrumbList\",\"@id\":\"https:\/\/elcotarro.com\/?p=9305#breadcrumb\",\"itemListElement\":[{\"@type\":\"ListItem\",\"position\":1,\"name\":\"Portada\",\"item\":\"https:\/\/elcotarro.com\/\"},{\"@type\":\"ListItem\",\"position\":2,\"name\":\"REYES EN EL HIERRO, Y LAS NIEVES EN LA PALMA\"}]},{\"@type\":\"WebSite\",\"@id\":\"https:\/\/elcotarro.com\/#website\",\"url\":\"https:\/\/elcotarro.com\/\",\"name\":\"El Cotarro\",\"description\":\"Peri\u00f3dico Digital Independiente dirigido por Jos\u00e9 Carlos Marrero\",\"publisher\":{\"@id\":\"https:\/\/elcotarro.com\/#organization\"},\"potentialAction\":[{\"@type\":\"SearchAction\",\"target\":{\"@type\":\"EntryPoint\",\"urlTemplate\":\"https:\/\/elcotarro.com\/?s={search_term_string}\"},\"query-input\":{\"@type\":\"PropertyValueSpecification\",\"valueRequired\":true,\"valueName\":\"search_term_string\"}}],\"inLanguage\":\"es\"},{\"@type\":\"Organization\",\"@id\":\"https:\/\/elcotarro.com\/#organization\",\"name\":\"El Cotarro\",\"url\":\"https:\/\/elcotarro.com\/\",\"logo\":{\"@type\":\"ImageObject\",\"inLanguage\":\"es\",\"@id\":\"https:\/\/elcotarro.com\/#\/schema\/logo\/image\/\",\"url\":\"https:\/\/elcotarro.com\/wp-content\/uploads\/2014\/09\/Cabecera_El_Cotarro_v2.jpg\",\"contentUrl\":\"https:\/\/elcotarro.com\/wp-content\/uploads\/2014\/09\/Cabecera_El_Cotarro_v2.jpg\",\"width\":3540,\"height\":441,\"caption\":\"El Cotarro\"},\"image\":{\"@id\":\"https:\/\/elcotarro.com\/#\/schema\/logo\/image\/\"},\"sameAs\":[\"https:\/\/www.facebook.com\/ElCotarro.Tenerife\"]},{\"@type\":\"Person\",\"@id\":\"https:\/\/elcotarro.com\/#\/schema\/person\/af537ee7d60d15984c7e0affcd8a918b\",\"name\":\"Jos\u00e9 Carlos Marrero Gonz\u00e1lez\",\"image\":{\"@type\":\"ImageObject\",\"inLanguage\":\"es\",\"@id\":\"https:\/\/elcotarro.com\/#\/schema\/person\/image\/\",\"url\":\"https:\/\/secure.gravatar.com\/avatar\/def4da036efb5d32c74d49c351f6dccc064dd69ad9f3aadc295c5a9a5391ca01?s=96&d=mm&r=g\",\"contentUrl\":\"https:\/\/secure.gravatar.com\/avatar\/def4da036efb5d32c74d49c351f6dccc064dd69ad9f3aadc295c5a9a5391ca01?s=96&d=mm&r=g\",\"caption\":\"Jos\u00e9 Carlos Marrero Gonz\u00e1lez\"},\"sameAs\":[\"https:\/\/elcotarro.com\"],\"url\":\"https:\/\/elcotarro.com\/?author=2\"}]}<\/script>\n<!-- \/ Yoast SEO plugin. -->","yoast_head_json":{"title":"REYES EN EL HIERRO, Y LAS NIEVES EN LA PALMA - El Cotarro","robots":{"index":"index","follow":"follow","max-snippet":"max-snippet:-1","max-image-preview":"max-image-preview:large","max-video-preview":"max-video-preview:-1"},"canonical":"https:\/\/elcotarro.com\/?p=9305","og_locale":"es_ES","og_type":"article","og_title":"REYES EN EL HIERRO, Y LAS NIEVES EN LA PALMA - El Cotarro","og_description":"Si bien la herre\u00f1a Bajada de la Virgen de Los Reyes toca exactamente este a\u00f1o 2021 de forma ordinaria, tenemos tambi\u00e9n pendiente la celebraci\u00f3n, de forma extraordinaria, de la Bajada de la Virgen de Las Nieves, en la isla de La Palma, cuya celebraci\u00f3n tuvo que ser suspendida por la pandemia y se espera que ... Read more","og_url":"https:\/\/elcotarro.com\/?p=9305","og_site_name":"El Cotarro","article_publisher":"https:\/\/www.facebook.com\/ElCotarro.Tenerife","article_published_time":"2021-01-03T07:52:15+00:00","og_image":[{"url":"https:\/\/elcotarro.com\/wp-content\/uploads\/2021\/01\/FOTO-9.-IZADO-EN-AYUNTAMIENTO.jpg","type":"","width":"","height":""}],"author":"Jos\u00e9 Carlos Marrero Gonz\u00e1lez","twitter_misc":{"Escrito por":"Jos\u00e9 Carlos Marrero Gonz\u00e1lez","Tiempo de lectura":"1 minuto"},"schema":{"@context":"https:\/\/schema.org","@graph":[{"@type":"Article","@id":"https:\/\/elcotarro.com\/?p=9305#article","isPartOf":{"@id":"https:\/\/elcotarro.com\/?p=9305"},"author":{"name":"Jos\u00e9 Carlos Marrero Gonz\u00e1lez","@id":"https:\/\/elcotarro.com\/#\/schema\/person\/af537ee7d60d15984c7e0affcd8a918b"},"headline":"REYES EN EL HIERRO, Y LAS NIEVES EN LA PALMA","datePublished":"2021-01-03T07:52:15+00:00","mainEntityOfPage":{"@id":"https:\/\/elcotarro.com\/?p=9305"},"wordCount":230,"commentCount":0,"publisher":{"@id":"https:\/\/elcotarro.com\/#organization"},"image":{"@id":"https:\/\/elcotarro.com\/?p=9305#primaryimage"},"thumbnailUrl":"https:\/\/elcotarro.com\/wp-content\/uploads\/2021\/01\/FOTO-9.-IZADO-EN-AYUNTAMIENTO.jpg","inLanguage":"es","potentialAction":[{"@type":"CommentAction","name":"Comment","target":["https:\/\/elcotarro.com\/?p=9305#respond"]}]},{"@type":"WebPage","@id":"https:\/\/elcotarro.com\/?p=9305","url":"https:\/\/elcotarro.com\/?p=9305","name":"REYES EN EL HIERRO, Y LAS NIEVES EN LA PALMA - El Cotarro","isPartOf":{"@id":"https:\/\/elcotarro.com\/#website"},"primaryImageOfPage":{"@id":"https:\/\/elcotarro.com\/?p=9305#primaryimage"},"image":{"@id":"https:\/\/elcotarro.com\/?p=9305#primaryimage"},"thumbnailUrl":"https:\/\/elcotarro.com\/wp-content\/uploads\/2021\/01\/FOTO-9.-IZADO-EN-AYUNTAMIENTO.jpg","datePublished":"2021-01-03T07:52:15+00:00","breadcrumb":{"@id":"https:\/\/elcotarro.com\/?p=9305#breadcrumb"},"inLanguage":"es","potentialAction":[{"@type":"ReadAction","target":["https:\/\/elcotarro.com\/?p=9305"]}]},{"@type":"ImageObject","inLanguage":"es","@id":"https:\/\/elcotarro.com\/?p=9305#primaryimage","url":"https:\/\/elcotarro.com\/wp-content\/uploads\/2021\/01\/FOTO-9.-IZADO-EN-AYUNTAMIENTO.jpg","contentUrl":"https:\/\/elcotarro.com\/wp-content\/uploads\/2021\/01\/FOTO-9.-IZADO-EN-AYUNTAMIENTO.jpg","width":880,"height":495},{"@type":"BreadcrumbList","@id":"https:\/\/elcotarro.com\/?p=9305#breadcrumb","itemListElement":[{"@type":"ListItem","position":1,"name":"Portada","item":"https:\/\/elcotarro.com\/"},{"@type":"ListItem","position":2,"name":"REYES EN EL HIERRO, Y LAS NIEVES EN LA PALMA"}]},{"@type":"WebSite","@id":"https:\/\/elcotarro.com\/#website","url":"https:\/\/elcotarro.com\/","name":"El Cotarro","description":"Peri\u00f3dico Digital Independiente dirigido por Jos\u00e9 Carlos Marrero","publisher":{"@id":"https:\/\/elcotarro.com\/#organization"},"potentialAction":[{"@type":"SearchAction","target":{"@type":"EntryPoint","urlTemplate":"https:\/\/elcotarro.com\/?s={search_term_string}"},"query-input":{"@type":"PropertyValueSpecification","valueRequired":true,"valueName":"search_term_string"}}],"inLanguage":"es"},{"@type":"Organization","@id":"https:\/\/elcotarro.com\/#organization","name":"El Cotarro","url":"https:\/\/elcotarro.com\/","logo":{"@type":"ImageObject","inLanguage":"es","@id":"https:\/\/elcotarro.com\/#\/schema\/logo\/image\/","url":"https:\/\/elcotarro.com\/wp-content\/uploads\/2014\/09\/Cabecera_El_Cotarro_v2.jpg","contentUrl":"https:\/\/elcotarro.com\/wp-content\/uploads\/2014\/09\/Cabecera_El_Cotarro_v2.jpg","width":3540,"height":441,"caption":"El Cotarro"},"image":{"@id":"https:\/\/elcotarro.com\/#\/schema\/logo\/image\/"},"sameAs":["https:\/\/www.facebook.com\/ElCotarro.Tenerife"]},{"@type":"Person","@id":"https:\/\/elcotarro.com\/#\/schema\/person\/af537ee7d60d15984c7e0affcd8a918b","name":"Jos\u00e9 Carlos Marrero Gonz\u00e1lez","image":{"@type":"ImageObject","inLanguage":"es","@id":"https:\/\/elcotarro.com\/#\/schema\/person\/image\/","url":"https:\/\/secure.gravatar.com\/avatar\/def4da036efb5d32c74d49c351f6dccc064dd69ad9f3aadc295c5a9a5391ca01?s=96&d=mm&r=g","contentUrl":"https:\/\/secure.gravatar.com\/avatar\/def4da036efb5d32c74d49c351f6dccc064dd69ad9f3aadc295c5a9a5391ca01?s=96&d=mm&r=g","caption":"Jos\u00e9 Carlos Marrero Gonz\u00e1lez"},"sameAs":["https:\/\/elcotarro.com"],"url":"https:\/\/elcotarro.com\/?author=2"}]}},"jetpack_featured_media_url":"","jetpack_sharing_enabled":true,"_links":{"self":[{"href":"https:\/\/elcotarro.com\/index.php?rest_route=\/wp\/v2\/posts\/9305","targetHints":{"allow":["GET"]}}],"collection":[{"href":"https:\/\/elcotarro.com\/index.php?rest_route=\/wp\/v2\/posts"}],"about":[{"href":"https:\/\/elcotarro.com\/index.php?rest_route=\/wp\/v2\/types\/post"}],"author":[{"embeddable":true,"href":"https:\/\/elcotarro.com\/index.php?rest_route=\/wp\/v2\/users\/2"}],"replies":[{"embeddable":true,"href":"https:\/\/elcotarro.com\/index.php?rest_route=%2Fwp%2Fv2%2Fcomments&post=9305"}],"version-history":[{"count":1,"href":"https:\/\/elcotarro.com\/index.php?rest_route=\/wp\/v2\/posts\/9305\/revisions"}],"predecessor-version":[{"id":9307,"href":"https:\/\/elcotarro.com\/index.php?rest_route=\/wp\/v2\/posts\/9305\/revisions\/9307"}],"wp:attachment":[{"href":"https:\/\/elcotarro.com\/index.php?rest_route=%2Fwp%2Fv2%2Fmedia&parent=9305"}],"wp:term":[{"taxonomy":"category","embeddable":true,"href":"https:\/\/elcotarro.com\/index.php?rest_route=%2Fwp%2Fv2%2Fcategories&post=9305"},{"taxonomy":"post_tag","embeddable":true,"href":"https:\/\/elcotarro.com\/index.php?rest_route=%2Fwp%2Fv2%2Ftags&post=9305"}],"curies":[{"name":"wp","href":"https:\/\/api.w.org\/{rel}","templated":true}]}}