{"id":9315,"date":"2021-01-10T08:00:05","date_gmt":"2021-01-10T08:00:05","guid":{"rendered":"https:\/\/elcotarro.com\/?p=9315"},"modified":"2021-01-09T19:31:33","modified_gmt":"2021-01-09T19:31:33","slug":"hipocresia-y-cinismo-en-torno-a-santa-rita","status":"publish","type":"post","link":"https:\/\/elcotarro.com\/?p=9315","title":{"rendered":"HIPOCRES\u00cdA Y CINISMO EN TORNO A SANTA RITA"},"content":{"rendered":"<p>Me resisto a comenzar un nuevo a\u00f1o en negativo, pero no puedo dejar pasar este domingo sin denunciar una serie de hechos que, en gran medida, suponen de nuevo, un ejercicio de hipocres\u00eda y cinismo intolerables. Sobre todo, porque, en gran medida, parten de mucha desinformaci\u00f3n. Me estoy refiriendo a lo que est\u00e1 pasando en el muchas veces ensalzada, y por muchos recurrida residencia para personas mayores Hogar Santa Rita, en el Puerto de la Cruz, la obra ben\u00e9fica promovida y hecha realidad por el muy respetado y siempre recordado sacerdote <strong>Antonio Mar\u00eda Hern\u00e1ndez Hern\u00e1ndez<\/strong>, quien lleg\u00f3 al sacerdocio despu\u00e9s de pasar por varios trabajos, entre ellos los de carpintero, tapicero y hasta boxeador, carrera que abandon\u00f3, seg\u00fan se dec\u00eda, tras la muerte de un contrincante en un combate, para agarrarse a la iglesia cat\u00f3lica. Popularmente como el <strong>Padre Antonio<\/strong>, lleg\u00f3 a ser cura-p\u00e1rroco de la parroquia de Punta Brava, en el Puerto de la Cruz.\u00a0 Indignado y con la sangre hirviendo, hoy <strong><em>El Cotarro<\/em><\/strong> se lo dedico al <strong>Padre Antonio<\/strong> y <strong>Santa Rita<\/strong>, y siempre en positivo<\/p>\n<p style=\"text-align: center\"><a href=\"https:\/\/elcotarro.com\/wp-content\/uploads\/2021\/01\/FOTO-1.-PADRE-ANTONIO.jpg\"><img loading=\"lazy\" decoding=\"async\" class=\"aligncenter size-full wp-image-9316\" src=\"https:\/\/elcotarro.com\/wp-content\/uploads\/2021\/01\/FOTO-1.-PADRE-ANTONIO.jpg\" alt=\"\" width=\"844\" height=\"872\" srcset=\"https:\/\/elcotarro.com\/wp-content\/uploads\/2021\/01\/FOTO-1.-PADRE-ANTONIO.jpg 844w, https:\/\/elcotarro.com\/wp-content\/uploads\/2021\/01\/FOTO-1.-PADRE-ANTONIO-290x300.jpg 290w, https:\/\/elcotarro.com\/wp-content\/uploads\/2021\/01\/FOTO-1.-PADRE-ANTONIO-768x793.jpg 768w\" sizes=\"auto, (max-width: 844px) 100vw, 844px\" \/><\/a><\/p>\n<p style=\"text-align: center\"><em>Antonio Mar\u00eda Hern\u00e1ndez, el recordado \u201cPadre Antonio\u201d, que vendi\u00f3 \u201ctrocitos de cielo\u201d<\/em><\/p>\n","protected":false},"excerpt":{"rendered":"<p>Me resisto a comenzar un nuevo a\u00f1o en negativo, pero no puedo dejar pasar este domingo sin denunciar una serie de hechos que, en gran medida, suponen de nuevo, un ejercicio de hipocres\u00eda y cinismo intolerables. Sobre todo, porque, en gran medida, parten de mucha desinformaci\u00f3n. Me estoy refiriendo a lo que est\u00e1 pasando en &#8230; <a class=\"read-more\" href=\"https:\/\/elcotarro.com\/?p=9315\">Read more<\/a><\/p>\n","protected":false},"author":2,"featured_media":0,"comment_status":"open","ping_status":"open","sticky":false,"template":"","format":"standard","meta":{"_jetpack_memberships_contains_paid_content":false,"footnotes":""},"categories":[1],"tags":[],"class_list":["post-9315","post","type-post","status-publish","format-standard","hentry","category-sin-categoria"],"yoast_head":"<!-- This site is optimized with the Yoast SEO plugin v27.0 - https:\/\/yoast.com\/product\/yoast-seo-wordpress\/ -->\n<title>HIPOCRES\u00cdA Y CINISMO EN TORNO A SANTA RITA - El Cotarro<\/title>\n<meta name=\"robots\" content=\"index, follow, max-snippet:-1, max-image-preview:large, max-video-preview:-1\" \/>\n<link rel=\"canonical\" href=\"https:\/\/elcotarro.com\/?p=9315\" \/>\n<meta property=\"og:locale\" content=\"es_ES\" \/>\n<meta property=\"og:type\" content=\"article\" \/>\n<meta property=\"og:title\" content=\"HIPOCRES\u00cdA Y CINISMO EN TORNO A SANTA RITA - El Cotarro\" \/>\n<meta property=\"og:description\" content=\"Me resisto a comenzar un nuevo a\u00f1o en negativo, pero no puedo dejar pasar este domingo sin denunciar una serie de hechos que, en gran medida, suponen de nuevo, un ejercicio de hipocres\u00eda y cinismo intolerables. Sobre todo, porque, en gran medida, parten de mucha desinformaci\u00f3n. Me estoy refiriendo a lo que est\u00e1 pasando en ... Read more\" \/>\n<meta property=\"og:url\" content=\"https:\/\/elcotarro.com\/?p=9315\" \/>\n<meta property=\"og:site_name\" content=\"El Cotarro\" \/>\n<meta property=\"article:publisher\" content=\"https:\/\/www.facebook.com\/ElCotarro.Tenerife\" \/>\n<meta property=\"article:published_time\" content=\"2021-01-10T08:00:05+00:00\" \/>\n<meta property=\"og:image\" content=\"https:\/\/elcotarro.com\/wp-content\/uploads\/2021\/01\/FOTO-1.-PADRE-ANTONIO.jpg\" \/>\n<meta name=\"author\" content=\"Jos\u00e9 Carlos Marrero Gonz\u00e1lez\" \/>\n<meta name=\"twitter:label1\" content=\"Escrito por\" \/>\n\t<meta name=\"twitter:data1\" content=\"Jos\u00e9 Carlos Marrero Gonz\u00e1lez\" \/>\n\t<meta name=\"twitter:label2\" content=\"Tiempo de lectura\" \/>\n\t<meta name=\"twitter:data2\" content=\"1 minuto\" \/>\n<script type=\"application\/ld+json\" class=\"yoast-schema-graph\">{\"@context\":\"https:\/\/schema.org\",\"@graph\":[{\"@type\":\"Article\",\"@id\":\"https:\/\/elcotarro.com\/?p=9315#article\",\"isPartOf\":{\"@id\":\"https:\/\/elcotarro.com\/?p=9315\"},\"author\":{\"name\":\"Jos\u00e9 Carlos Marrero Gonz\u00e1lez\",\"@id\":\"https:\/\/elcotarro.com\/#\/schema\/person\/af537ee7d60d15984c7e0affcd8a918b\"},\"headline\":\"HIPOCRES\u00cdA Y CINISMO EN TORNO A SANTA RITA\",\"datePublished\":\"2021-01-10T08:00:05+00:00\",\"mainEntityOfPage\":{\"@id\":\"https:\/\/elcotarro.com\/?p=9315\"},\"wordCount\":213,\"commentCount\":0,\"publisher\":{\"@id\":\"https:\/\/elcotarro.com\/#organization\"},\"image\":{\"@id\":\"https:\/\/elcotarro.com\/?p=9315#primaryimage\"},\"thumbnailUrl\":\"https:\/\/elcotarro.com\/wp-content\/uploads\/2021\/01\/FOTO-1.-PADRE-ANTONIO.jpg\",\"inLanguage\":\"es\",\"potentialAction\":[{\"@type\":\"CommentAction\",\"name\":\"Comment\",\"target\":[\"https:\/\/elcotarro.com\/?p=9315#respond\"]}]},{\"@type\":\"WebPage\",\"@id\":\"https:\/\/elcotarro.com\/?p=9315\",\"url\":\"https:\/\/elcotarro.com\/?p=9315\",\"name\":\"HIPOCRES\u00cdA Y CINISMO EN TORNO A SANTA RITA - El Cotarro\",\"isPartOf\":{\"@id\":\"https:\/\/elcotarro.com\/#website\"},\"primaryImageOfPage\":{\"@id\":\"https:\/\/elcotarro.com\/?p=9315#primaryimage\"},\"image\":{\"@id\":\"https:\/\/elcotarro.com\/?p=9315#primaryimage\"},\"thumbnailUrl\":\"https:\/\/elcotarro.com\/wp-content\/uploads\/2021\/01\/FOTO-1.-PADRE-ANTONIO.jpg\",\"datePublished\":\"2021-01-10T08:00:05+00:00\",\"breadcrumb\":{\"@id\":\"https:\/\/elcotarro.com\/?p=9315#breadcrumb\"},\"inLanguage\":\"es\",\"potentialAction\":[{\"@type\":\"ReadAction\",\"target\":[\"https:\/\/elcotarro.com\/?p=9315\"]}]},{\"@type\":\"ImageObject\",\"inLanguage\":\"es\",\"@id\":\"https:\/\/elcotarro.com\/?p=9315#primaryimage\",\"url\":\"https:\/\/elcotarro.com\/wp-content\/uploads\/2021\/01\/FOTO-1.-PADRE-ANTONIO.jpg\",\"contentUrl\":\"https:\/\/elcotarro.com\/wp-content\/uploads\/2021\/01\/FOTO-1.-PADRE-ANTONIO.jpg\",\"width\":844,\"height\":872},{\"@type\":\"BreadcrumbList\",\"@id\":\"https:\/\/elcotarro.com\/?p=9315#breadcrumb\",\"itemListElement\":[{\"@type\":\"ListItem\",\"position\":1,\"name\":\"Portada\",\"item\":\"https:\/\/elcotarro.com\/\"},{\"@type\":\"ListItem\",\"position\":2,\"name\":\"HIPOCRES\u00cdA Y CINISMO EN TORNO A SANTA RITA\"}]},{\"@type\":\"WebSite\",\"@id\":\"https:\/\/elcotarro.com\/#website\",\"url\":\"https:\/\/elcotarro.com\/\",\"name\":\"El Cotarro\",\"description\":\"Peri\u00f3dico Digital Independiente dirigido por Jos\u00e9 Carlos Marrero\",\"publisher\":{\"@id\":\"https:\/\/elcotarro.com\/#organization\"},\"potentialAction\":[{\"@type\":\"SearchAction\",\"target\":{\"@type\":\"EntryPoint\",\"urlTemplate\":\"https:\/\/elcotarro.com\/?s={search_term_string}\"},\"query-input\":{\"@type\":\"PropertyValueSpecification\",\"valueRequired\":true,\"valueName\":\"search_term_string\"}}],\"inLanguage\":\"es\"},{\"@type\":\"Organization\",\"@id\":\"https:\/\/elcotarro.com\/#organization\",\"name\":\"El Cotarro\",\"url\":\"https:\/\/elcotarro.com\/\",\"logo\":{\"@type\":\"ImageObject\",\"inLanguage\":\"es\",\"@id\":\"https:\/\/elcotarro.com\/#\/schema\/logo\/image\/\",\"url\":\"https:\/\/elcotarro.com\/wp-content\/uploads\/2014\/09\/Cabecera_El_Cotarro_v2.jpg\",\"contentUrl\":\"https:\/\/elcotarro.com\/wp-content\/uploads\/2014\/09\/Cabecera_El_Cotarro_v2.jpg\",\"width\":3540,\"height\":441,\"caption\":\"El Cotarro\"},\"image\":{\"@id\":\"https:\/\/elcotarro.com\/#\/schema\/logo\/image\/\"},\"sameAs\":[\"https:\/\/www.facebook.com\/ElCotarro.Tenerife\"]},{\"@type\":\"Person\",\"@id\":\"https:\/\/elcotarro.com\/#\/schema\/person\/af537ee7d60d15984c7e0affcd8a918b\",\"name\":\"Jos\u00e9 Carlos Marrero Gonz\u00e1lez\",\"image\":{\"@type\":\"ImageObject\",\"inLanguage\":\"es\",\"@id\":\"https:\/\/elcotarro.com\/#\/schema\/person\/image\/\",\"url\":\"https:\/\/secure.gravatar.com\/avatar\/def4da036efb5d32c74d49c351f6dccc064dd69ad9f3aadc295c5a9a5391ca01?s=96&d=mm&r=g\",\"contentUrl\":\"https:\/\/secure.gravatar.com\/avatar\/def4da036efb5d32c74d49c351f6dccc064dd69ad9f3aadc295c5a9a5391ca01?s=96&d=mm&r=g\",\"caption\":\"Jos\u00e9 Carlos Marrero Gonz\u00e1lez\"},\"sameAs\":[\"https:\/\/elcotarro.com\"],\"url\":\"https:\/\/elcotarro.com\/?author=2\"}]}<\/script>\n<!-- \/ Yoast SEO plugin. -->","yoast_head_json":{"title":"HIPOCRES\u00cdA Y CINISMO EN TORNO A SANTA RITA - El Cotarro","robots":{"index":"index","follow":"follow","max-snippet":"max-snippet:-1","max-image-preview":"max-image-preview:large","max-video-preview":"max-video-preview:-1"},"canonical":"https:\/\/elcotarro.com\/?p=9315","og_locale":"es_ES","og_type":"article","og_title":"HIPOCRES\u00cdA Y CINISMO EN TORNO A SANTA RITA - El Cotarro","og_description":"Me resisto a comenzar un nuevo a\u00f1o en negativo, pero no puedo dejar pasar este domingo sin denunciar una serie de hechos que, en gran medida, suponen de nuevo, un ejercicio de hipocres\u00eda y cinismo intolerables. Sobre todo, porque, en gran medida, parten de mucha desinformaci\u00f3n. Me estoy refiriendo a lo que est\u00e1 pasando en ... Read more","og_url":"https:\/\/elcotarro.com\/?p=9315","og_site_name":"El Cotarro","article_publisher":"https:\/\/www.facebook.com\/ElCotarro.Tenerife","article_published_time":"2021-01-10T08:00:05+00:00","og_image":[{"url":"https:\/\/elcotarro.com\/wp-content\/uploads\/2021\/01\/FOTO-1.-PADRE-ANTONIO.jpg","type":"","width":"","height":""}],"author":"Jos\u00e9 Carlos Marrero Gonz\u00e1lez","twitter_misc":{"Escrito por":"Jos\u00e9 Carlos Marrero Gonz\u00e1lez","Tiempo de lectura":"1 minuto"},"schema":{"@context":"https:\/\/schema.org","@graph":[{"@type":"Article","@id":"https:\/\/elcotarro.com\/?p=9315#article","isPartOf":{"@id":"https:\/\/elcotarro.com\/?p=9315"},"author":{"name":"Jos\u00e9 Carlos Marrero Gonz\u00e1lez","@id":"https:\/\/elcotarro.com\/#\/schema\/person\/af537ee7d60d15984c7e0affcd8a918b"},"headline":"HIPOCRES\u00cdA Y CINISMO EN TORNO A SANTA RITA","datePublished":"2021-01-10T08:00:05+00:00","mainEntityOfPage":{"@id":"https:\/\/elcotarro.com\/?p=9315"},"wordCount":213,"commentCount":0,"publisher":{"@id":"https:\/\/elcotarro.com\/#organization"},"image":{"@id":"https:\/\/elcotarro.com\/?p=9315#primaryimage"},"thumbnailUrl":"https:\/\/elcotarro.com\/wp-content\/uploads\/2021\/01\/FOTO-1.-PADRE-ANTONIO.jpg","inLanguage":"es","potentialAction":[{"@type":"CommentAction","name":"Comment","target":["https:\/\/elcotarro.com\/?p=9315#respond"]}]},{"@type":"WebPage","@id":"https:\/\/elcotarro.com\/?p=9315","url":"https:\/\/elcotarro.com\/?p=9315","name":"HIPOCRES\u00cdA Y CINISMO EN TORNO A SANTA RITA - El Cotarro","isPartOf":{"@id":"https:\/\/elcotarro.com\/#website"},"primaryImageOfPage":{"@id":"https:\/\/elcotarro.com\/?p=9315#primaryimage"},"image":{"@id":"https:\/\/elcotarro.com\/?p=9315#primaryimage"},"thumbnailUrl":"https:\/\/elcotarro.com\/wp-content\/uploads\/2021\/01\/FOTO-1.-PADRE-ANTONIO.jpg","datePublished":"2021-01-10T08:00:05+00:00","breadcrumb":{"@id":"https:\/\/elcotarro.com\/?p=9315#breadcrumb"},"inLanguage":"es","potentialAction":[{"@type":"ReadAction","target":["https:\/\/elcotarro.com\/?p=9315"]}]},{"@type":"ImageObject","inLanguage":"es","@id":"https:\/\/elcotarro.com\/?p=9315#primaryimage","url":"https:\/\/elcotarro.com\/wp-content\/uploads\/2021\/01\/FOTO-1.-PADRE-ANTONIO.jpg","contentUrl":"https:\/\/elcotarro.com\/wp-content\/uploads\/2021\/01\/FOTO-1.-PADRE-ANTONIO.jpg","width":844,"height":872},{"@type":"BreadcrumbList","@id":"https:\/\/elcotarro.com\/?p=9315#breadcrumb","itemListElement":[{"@type":"ListItem","position":1,"name":"Portada","item":"https:\/\/elcotarro.com\/"},{"@type":"ListItem","position":2,"name":"HIPOCRES\u00cdA Y CINISMO EN TORNO A SANTA RITA"}]},{"@type":"WebSite","@id":"https:\/\/elcotarro.com\/#website","url":"https:\/\/elcotarro.com\/","name":"El Cotarro","description":"Peri\u00f3dico Digital Independiente dirigido por Jos\u00e9 Carlos Marrero","publisher":{"@id":"https:\/\/elcotarro.com\/#organization"},"potentialAction":[{"@type":"SearchAction","target":{"@type":"EntryPoint","urlTemplate":"https:\/\/elcotarro.com\/?s={search_term_string}"},"query-input":{"@type":"PropertyValueSpecification","valueRequired":true,"valueName":"search_term_string"}}],"inLanguage":"es"},{"@type":"Organization","@id":"https:\/\/elcotarro.com\/#organization","name":"El Cotarro","url":"https:\/\/elcotarro.com\/","logo":{"@type":"ImageObject","inLanguage":"es","@id":"https:\/\/elcotarro.com\/#\/schema\/logo\/image\/","url":"https:\/\/elcotarro.com\/wp-content\/uploads\/2014\/09\/Cabecera_El_Cotarro_v2.jpg","contentUrl":"https:\/\/elcotarro.com\/wp-content\/uploads\/2014\/09\/Cabecera_El_Cotarro_v2.jpg","width":3540,"height":441,"caption":"El Cotarro"},"image":{"@id":"https:\/\/elcotarro.com\/#\/schema\/logo\/image\/"},"sameAs":["https:\/\/www.facebook.com\/ElCotarro.Tenerife"]},{"@type":"Person","@id":"https:\/\/elcotarro.com\/#\/schema\/person\/af537ee7d60d15984c7e0affcd8a918b","name":"Jos\u00e9 Carlos Marrero Gonz\u00e1lez","image":{"@type":"ImageObject","inLanguage":"es","@id":"https:\/\/elcotarro.com\/#\/schema\/person\/image\/","url":"https:\/\/secure.gravatar.com\/avatar\/def4da036efb5d32c74d49c351f6dccc064dd69ad9f3aadc295c5a9a5391ca01?s=96&d=mm&r=g","contentUrl":"https:\/\/secure.gravatar.com\/avatar\/def4da036efb5d32c74d49c351f6dccc064dd69ad9f3aadc295c5a9a5391ca01?s=96&d=mm&r=g","caption":"Jos\u00e9 Carlos Marrero Gonz\u00e1lez"},"sameAs":["https:\/\/elcotarro.com"],"url":"https:\/\/elcotarro.com\/?author=2"}]}},"jetpack_featured_media_url":"","jetpack_sharing_enabled":true,"_links":{"self":[{"href":"https:\/\/elcotarro.com\/index.php?rest_route=\/wp\/v2\/posts\/9315","targetHints":{"allow":["GET"]}}],"collection":[{"href":"https:\/\/elcotarro.com\/index.php?rest_route=\/wp\/v2\/posts"}],"about":[{"href":"https:\/\/elcotarro.com\/index.php?rest_route=\/wp\/v2\/types\/post"}],"author":[{"embeddable":true,"href":"https:\/\/elcotarro.com\/index.php?rest_route=\/wp\/v2\/users\/2"}],"replies":[{"embeddable":true,"href":"https:\/\/elcotarro.com\/index.php?rest_route=%2Fwp%2Fv2%2Fcomments&post=9315"}],"version-history":[{"count":1,"href":"https:\/\/elcotarro.com\/index.php?rest_route=\/wp\/v2\/posts\/9315\/revisions"}],"predecessor-version":[{"id":9317,"href":"https:\/\/elcotarro.com\/index.php?rest_route=\/wp\/v2\/posts\/9315\/revisions\/9317"}],"wp:attachment":[{"href":"https:\/\/elcotarro.com\/index.php?rest_route=%2Fwp%2Fv2%2Fmedia&parent=9315"}],"wp:term":[{"taxonomy":"category","embeddable":true,"href":"https:\/\/elcotarro.com\/index.php?rest_route=%2Fwp%2Fv2%2Fcategories&post=9315"},{"taxonomy":"post_tag","embeddable":true,"href":"https:\/\/elcotarro.com\/index.php?rest_route=%2Fwp%2Fv2%2Ftags&post=9315"}],"curies":[{"name":"wp","href":"https:\/\/api.w.org\/{rel}","templated":true}]}}